{"id":109657,"date":"2023-01-23T11:00:00","date_gmt":"2023-01-23T10:00:00","guid":{"rendered":"https:\/\/bonsoleil.es\/?p=109657"},"modified":"2023-01-23T09:09:10","modified_gmt":"2023-01-23T08:09:10","slug":"mon-sant-benet","status":"publish","type":"post","link":"https:\/\/bonsoleil.es\/es\/mon-sant-benet\/","title":{"rendered":"M\u00f3n Sant Benet"},"content":{"rendered":"\n<p>Para completar el tema de Historia: \u201cLa Edad Media en Catalu\u00f1a\u201d, los alumnos\/as de <strong>5\u00e8me<\/strong> realizaron una salida cultural al <strong><em>M\u00f3n Sant Benet<\/em><\/strong> en Sant Fruit\u00f3s de Bages.&nbsp;<\/p>\n\n\n\n<p>Una actividad de lo m\u00e1s singular que les permiti\u00f3 conocer c\u00f3mo era la vida en un monasterio de la Edad Media, y en la que, adem\u00e1s, tuvieron la oportunidad de preparar y degustar varias propuestas culinarias de platos y platillos de la \u00e9poca en un taller de cocina.<\/p>\n\n\n\n<figure class=\"wp-block-gallery has-nested-images columns-default is-cropped wp-block-gallery-1 is-layout-flex wp-block-gallery-is-layout-flex\">\n<figure class=\"wp-block-image size-full\"><a href=\"https:\/\/bonsoleil.es\/web\/wp-content\/uploads\/2023\/01\/02.png\"><img loading=\"lazy\" decoding=\"async\" width=\"1221\" height=\"1221\" data-id=\"109674\" src=\"https:\/\/bonsoleil.es\/web\/wp-content\/uploads\/2023\/01\/02.png\" alt=\"\" class=\"wp-image-109674\" srcset=\"https:\/\/bonsoleil.es\/web\/wp-content\/uploads\/2023\/01\/02.png 1221w, https:\/\/bonsoleil.es\/web\/wp-content\/uploads\/2023\/01\/02-250x250.png 250w, https:\/\/bonsoleil.es\/web\/wp-content\/uploads\/2023\/01\/02-700x700.png 700w, https:\/\/bonsoleil.es\/web\/wp-content\/uploads\/2023\/01\/02-150x150.png 150w, https:\/\/bonsoleil.es\/web\/wp-content\/uploads\/2023\/01\/02-768x768.png 768w, https:\/\/bonsoleil.es\/web\/wp-content\/uploads\/2023\/01\/02-120x120.png 120w\" sizes=\"auto, (max-width: 1221px) 100vw, 1221px\" \/><\/a><\/figure>\n\n\n\n<figure class=\"wp-block-image size-full\"><a href=\"https:\/\/bonsoleil.es\/web\/wp-content\/uploads\/2023\/01\/01.png\"><img loading=\"lazy\" decoding=\"async\" width=\"1531\" height=\"1531\" data-id=\"109670\" src=\"https:\/\/bonsoleil.es\/web\/wp-content\/uploads\/2023\/01\/01.png\" alt=\"\" class=\"wp-image-109670\" srcset=\"https:\/\/bonsoleil.es\/web\/wp-content\/uploads\/2023\/01\/01.png 1531w, https:\/\/bonsoleil.es\/web\/wp-content\/uploads\/2023\/01\/01-250x250.png 250w, https:\/\/bonsoleil.es\/web\/wp-content\/uploads\/2023\/01\/01-700x700.png 700w, https:\/\/bonsoleil.es\/web\/wp-content\/uploads\/2023\/01\/01-150x150.png 150w, https:\/\/bonsoleil.es\/web\/wp-content\/uploads\/2023\/01\/01-768x768.png 768w, https:\/\/bonsoleil.es\/web\/wp-content\/uploads\/2023\/01\/01-120x120.png 120w\" sizes=\"auto, (max-width: 1531px) 100vw, 1531px\" \/><\/a><\/figure>\n\n\n\n<figure class=\"wp-block-image size-full\"><a href=\"https:\/\/bonsoleil.es\/web\/wp-content\/uploads\/2023\/01\/00.png\"><img loading=\"lazy\" decoding=\"async\" width=\"1481\" height=\"1481\" data-id=\"109666\" src=\"https:\/\/bonsoleil.es\/web\/wp-content\/uploads\/2023\/01\/00.png\" alt=\"\" class=\"wp-image-109666\" srcset=\"https:\/\/bonsoleil.es\/web\/wp-content\/uploads\/2023\/01\/00.png 1481w, https:\/\/bonsoleil.es\/web\/wp-content\/uploads\/2023\/01\/00-250x250.png 250w, https:\/\/bonsoleil.es\/web\/wp-content\/uploads\/2023\/01\/00-700x700.png 700w, https:\/\/bonsoleil.es\/web\/wp-content\/uploads\/2023\/01\/00-150x150.png 150w, https:\/\/bonsoleil.es\/web\/wp-content\/uploads\/2023\/01\/00-768x768.png 768w, https:\/\/bonsoleil.es\/web\/wp-content\/uploads\/2023\/01\/00-120x120.png 120w\" sizes=\"auto, (max-width: 1481px) 100vw, 1481px\" \/><\/a><\/figure>\n\n\n\n<figure class=\"wp-block-image size-full\"><a href=\"https:\/\/bonsoleil.es\/web\/wp-content\/uploads\/2023\/01\/04.png\"><img loading=\"lazy\" decoding=\"async\" width=\"1536\" height=\"1536\" data-id=\"109662\" src=\"https:\/\/bonsoleil.es\/web\/wp-content\/uploads\/2023\/01\/04.png\" alt=\"\" class=\"wp-image-109662\" srcset=\"https:\/\/bonsoleil.es\/web\/wp-content\/uploads\/2023\/01\/04.png 1536w, https:\/\/bonsoleil.es\/web\/wp-content\/uploads\/2023\/01\/04-250x250.png 250w, https:\/\/bonsoleil.es\/web\/wp-content\/uploads\/2023\/01\/04-700x700.png 700w, https:\/\/bonsoleil.es\/web\/wp-content\/uploads\/2023\/01\/04-150x150.png 150w, https:\/\/bonsoleil.es\/web\/wp-content\/uploads\/2023\/01\/04-768x768.png 768w, https:\/\/bonsoleil.es\/web\/wp-content\/uploads\/2023\/01\/04-120x120.png 120w\" sizes=\"auto, (max-width: 1536px) 100vw, 1536px\" \/><\/a><\/figure>\n\n\n\n<figure class=\"wp-block-image size-full\"><a href=\"https:\/\/bonsoleil.es\/web\/wp-content\/uploads\/2023\/01\/03.png\"><img loading=\"lazy\" decoding=\"async\" width=\"1288\" height=\"1288\" data-id=\"109658\" src=\"https:\/\/bonsoleil.es\/web\/wp-content\/uploads\/2023\/01\/03.png\" alt=\"\" class=\"wp-image-109658\" srcset=\"https:\/\/bonsoleil.es\/web\/wp-content\/uploads\/2023\/01\/03.png 1288w, https:\/\/bonsoleil.es\/web\/wp-content\/uploads\/2023\/01\/03-250x250.png 250w, https:\/\/bonsoleil.es\/web\/wp-content\/uploads\/2023\/01\/03-700x700.png 700w, https:\/\/bonsoleil.es\/web\/wp-content\/uploads\/2023\/01\/03-150x150.png 150w, https:\/\/bonsoleil.es\/web\/wp-content\/uploads\/2023\/01\/03-768x768.png 768w, https:\/\/bonsoleil.es\/web\/wp-content\/uploads\/2023\/01\/03-120x120.png 120w\" sizes=\"auto, (max-width: 1288px) 100vw, 1288px\" \/><\/a><\/figure>\n<\/figure>\n","protected":false},"excerpt":{"rendered":"Para completar el tema de Historia: \u201cLa Edad Media en Catalu\u00f1a\u201d, los alumnos\/as de 5\u00e8me realizaron una salida cultural al M\u00f3n Sant Benet en&#8230;","protected":false},"author":1,"featured_media":109678,"comment_status":"closed","ping_status":"closed","sticky":false,"template":"","format":"standard","meta":{"_acf_changed":false,"rs_blank_template":"","rs_page_bg_color":"","slide_template_v7":"","footnotes":"","_links_to":"","_links_to_target":""},"categories":[25,9],"tags":[],"class_list":["post-109657","post","type-post","status-publish","format-standard","has-post-thumbnail","hentry","category-5eme","category-secondaire"],"acf":[],"yoast_head":"<!-- This site is optimized with the Yoast SEO plugin v27.4 - https:\/\/yoast.com\/product\/yoast-seo-wordpress\/ -->\n<title>M\u00f3n Sant Benet - Lyc\u00e9e International Barcelona \u00b7 Bon Soleil<\/title>\n<meta name=\"robots\" content=\"index, follow, max-snippet:-1, max-image-preview:large, max-video-preview:-1\" \/>\n<link rel=\"canonical\" href=\"https:\/\/bonsoleil.es\/es\/mon-sant-benet\/\" \/>\n<meta property=\"og:locale\" content=\"es_ES\" \/>\n<meta property=\"og:type\" content=\"article\" \/>\n<meta property=\"og:title\" content=\"M\u00f3n Sant Benet - Lyc\u00e9e International Barcelona \u00b7 Bon Soleil\" \/>\n<meta property=\"og:description\" content=\"Para completar el tema de Historia: \u201cLa Edad Media en Catalu\u00f1a\u201d, los alumnos\/as de 5\u00e8me realizaron una salida cultural al M\u00f3n Sant Benet en...\" \/>\n<meta property=\"og:url\" content=\"https:\/\/bonsoleil.es\/es\/mon-sant-benet\/\" \/>\n<meta property=\"og:site_name\" content=\"Lyc\u00e9e International Barcelona \u00b7 Bon Soleil\" \/>\n<meta property=\"article:publisher\" content=\"https:\/\/www.facebook.com\/libBonSoleil\/\" \/>\n<meta property=\"article:published_time\" content=\"2023-01-23T10:00:00+00:00\" \/>\n<meta property=\"og:image\" content=\"https:\/\/bonsoleil.es\/web\/wp-content\/uploads\/2023\/01\/desta-700x465.png\" \/>\n\t<meta property=\"og:image:width\" content=\"700\" \/>\n\t<meta property=\"og:image:height\" content=\"465\" \/>\n\t<meta property=\"og:image:type\" content=\"image\/png\" \/>\n<meta name=\"author\" content=\"libbs\" \/>\n<meta name=\"twitter:card\" content=\"summary_large_image\" \/>\n<meta name=\"twitter:creator\" content=\"@lib_bonsoleil\" \/>\n<meta name=\"twitter:site\" content=\"@lib_bonsoleil\" \/>\n<meta name=\"twitter:label1\" content=\"Escrito por\" \/>\n\t<meta name=\"twitter:data1\" content=\"libbs\" \/>\n\t<meta name=\"twitter:label2\" content=\"Tiempo de lectura\" \/>\n\t<meta name=\"twitter:data2\" content=\"2 minutos\" \/>\n<script type=\"application\/ld+json\" class=\"yoast-schema-graph\">{\"@context\":\"https:\\\/\\\/schema.org\",\"@graph\":[{\"@type\":\"Article\",\"@id\":\"https:\\\/\\\/bonsoleil.es\\\/es\\\/mon-sant-benet\\\/#article\",\"isPartOf\":{\"@id\":\"https:\\\/\\\/bonsoleil.es\\\/es\\\/mon-sant-benet\\\/\"},\"author\":{\"name\":\"libbs\",\"@id\":\"https:\\\/\\\/bonsoleil.es\\\/es\\\/#\\\/schema\\\/person\\\/f90f9175af4fad9c626fd2873bc546ec\"},\"headline\":\"M\u00f3n Sant Benet\",\"datePublished\":\"2023-01-23T10:00:00+00:00\",\"mainEntityOfPage\":{\"@id\":\"https:\\\/\\\/bonsoleil.es\\\/es\\\/mon-sant-benet\\\/\"},\"wordCount\":88,\"image\":{\"@id\":\"https:\\\/\\\/bonsoleil.es\\\/es\\\/mon-sant-benet\\\/#primaryimage\"},\"thumbnailUrl\":\"https:\\\/\\\/bonsoleil.es\\\/web\\\/wp-content\\\/uploads\\\/2023\\\/01\\\/desta.png\",\"articleSection\":[\"5\u00e8me\",\"Secondaire\"],\"inLanguage\":\"es\"},{\"@type\":\"WebPage\",\"@id\":\"https:\\\/\\\/bonsoleil.es\\\/es\\\/mon-sant-benet\\\/\",\"url\":\"https:\\\/\\\/bonsoleil.es\\\/es\\\/mon-sant-benet\\\/\",\"name\":\"M\u00f3n Sant Benet - Lyc\u00e9e International Barcelona \u00b7 Bon Soleil\",\"isPartOf\":{\"@id\":\"https:\\\/\\\/bonsoleil.es\\\/es\\\/#website\"},\"primaryImageOfPage\":{\"@id\":\"https:\\\/\\\/bonsoleil.es\\\/es\\\/mon-sant-benet\\\/#primaryimage\"},\"image\":{\"@id\":\"https:\\\/\\\/bonsoleil.es\\\/es\\\/mon-sant-benet\\\/#primaryimage\"},\"thumbnailUrl\":\"https:\\\/\\\/bonsoleil.es\\\/web\\\/wp-content\\\/uploads\\\/2023\\\/01\\\/desta.png\",\"datePublished\":\"2023-01-23T10:00:00+00:00\",\"author\":{\"@id\":\"https:\\\/\\\/bonsoleil.es\\\/es\\\/#\\\/schema\\\/person\\\/f90f9175af4fad9c626fd2873bc546ec\"},\"breadcrumb\":{\"@id\":\"https:\\\/\\\/bonsoleil.es\\\/es\\\/mon-sant-benet\\\/#breadcrumb\"},\"inLanguage\":\"es\",\"potentialAction\":[{\"@type\":\"ReadAction\",\"target\":[\"https:\\\/\\\/bonsoleil.es\\\/es\\\/mon-sant-benet\\\/\"]}]},{\"@type\":\"ImageObject\",\"inLanguage\":\"es\",\"@id\":\"https:\\\/\\\/bonsoleil.es\\\/es\\\/mon-sant-benet\\\/#primaryimage\",\"url\":\"https:\\\/\\\/bonsoleil.es\\\/web\\\/wp-content\\\/uploads\\\/2023\\\/01\\\/desta.png\",\"contentUrl\":\"https:\\\/\\\/bonsoleil.es\\\/web\\\/wp-content\\\/uploads\\\/2023\\\/01\\\/desta.png\",\"width\":1480,\"height\":984},{\"@type\":\"BreadcrumbList\",\"@id\":\"https:\\\/\\\/bonsoleil.es\\\/es\\\/mon-sant-benet\\\/#breadcrumb\",\"itemListElement\":[{\"@type\":\"ListItem\",\"position\":1,\"name\":\"Portada\",\"item\":\"https:\\\/\\\/bonsoleil.es\\\/es\\\/\"},{\"@type\":\"ListItem\",\"position\":2,\"name\":\"M\u00f3n Sant Benet\"}]},{\"@type\":\"WebSite\",\"@id\":\"https:\\\/\\\/bonsoleil.es\\\/es\\\/#website\",\"url\":\"https:\\\/\\\/bonsoleil.es\\\/es\\\/\",\"name\":\"Lyc\u00e9e International Barcelona \u00b7 Bon Soleil\",\"description\":\"Lyc\u00e9e International Barcelona\",\"potentialAction\":[{\"@type\":\"SearchAction\",\"target\":{\"@type\":\"EntryPoint\",\"urlTemplate\":\"https:\\\/\\\/bonsoleil.es\\\/es\\\/?s={search_term_string}\"},\"query-input\":{\"@type\":\"PropertyValueSpecification\",\"valueRequired\":true,\"valueName\":\"search_term_string\"}}],\"inLanguage\":\"es\"},{\"@type\":\"Person\",\"@id\":\"https:\\\/\\\/bonsoleil.es\\\/es\\\/#\\\/schema\\\/person\\\/f90f9175af4fad9c626fd2873bc546ec\",\"name\":\"libbs\",\"image\":{\"@type\":\"ImageObject\",\"inLanguage\":\"es\",\"@id\":\"https:\\\/\\\/bonsoleil.es\\\/web\\\/wp-content\\\/litespeed\\\/avatar\\\/6719caedb5831fa7538835120a8121f8.jpg?ver=1777037754\",\"url\":\"https:\\\/\\\/bonsoleil.es\\\/web\\\/wp-content\\\/litespeed\\\/avatar\\\/6719caedb5831fa7538835120a8121f8.jpg?ver=1777037754\",\"contentUrl\":\"https:\\\/\\\/bonsoleil.es\\\/web\\\/wp-content\\\/litespeed\\\/avatar\\\/6719caedb5831fa7538835120a8121f8.jpg?ver=1777037754\",\"caption\":\"libbs\"},\"sameAs\":[\"http:\\\/\\\/localhost\\\/bonsoleil\\\/new_web\"],\"url\":\"https:\\\/\\\/bonsoleil.es\\\/es\\\/author\\\/libbs\\\/\"}]}<\/script>\n<!-- \/ Yoast SEO plugin. -->","yoast_head_json":{"title":"M\u00f3n Sant Benet - Lyc\u00e9e International Barcelona \u00b7 Bon Soleil","robots":{"index":"index","follow":"follow","max-snippet":"max-snippet:-1","max-image-preview":"max-image-preview:large","max-video-preview":"max-video-preview:-1"},"canonical":"https:\/\/bonsoleil.es\/es\/mon-sant-benet\/","og_locale":"es_ES","og_type":"article","og_title":"M\u00f3n Sant Benet - Lyc\u00e9e International Barcelona \u00b7 Bon Soleil","og_description":"Para completar el tema de Historia: \u201cLa Edad Media en Catalu\u00f1a\u201d, los alumnos\/as de 5\u00e8me realizaron una salida cultural al M\u00f3n Sant Benet en...","og_url":"https:\/\/bonsoleil.es\/es\/mon-sant-benet\/","og_site_name":"Lyc\u00e9e International Barcelona \u00b7 Bon Soleil","article_publisher":"https:\/\/www.facebook.com\/libBonSoleil\/","article_published_time":"2023-01-23T10:00:00+00:00","og_image":[{"width":700,"height":465,"url":"https:\/\/bonsoleil.es\/web\/wp-content\/uploads\/2023\/01\/desta-700x465.png","type":"image\/png"}],"author":"libbs","twitter_card":"summary_large_image","twitter_creator":"@lib_bonsoleil","twitter_site":"@lib_bonsoleil","twitter_misc":{"Escrito por":"libbs","Tiempo de lectura":"2 minutos"},"schema":{"@context":"https:\/\/schema.org","@graph":[{"@type":"Article","@id":"https:\/\/bonsoleil.es\/es\/mon-sant-benet\/#article","isPartOf":{"@id":"https:\/\/bonsoleil.es\/es\/mon-sant-benet\/"},"author":{"name":"libbs","@id":"https:\/\/bonsoleil.es\/es\/#\/schema\/person\/f90f9175af4fad9c626fd2873bc546ec"},"headline":"M\u00f3n Sant Benet","datePublished":"2023-01-23T10:00:00+00:00","mainEntityOfPage":{"@id":"https:\/\/bonsoleil.es\/es\/mon-sant-benet\/"},"wordCount":88,"image":{"@id":"https:\/\/bonsoleil.es\/es\/mon-sant-benet\/#primaryimage"},"thumbnailUrl":"https:\/\/bonsoleil.es\/web\/wp-content\/uploads\/2023\/01\/desta.png","articleSection":["5\u00e8me","Secondaire"],"inLanguage":"es"},{"@type":"WebPage","@id":"https:\/\/bonsoleil.es\/es\/mon-sant-benet\/","url":"https:\/\/bonsoleil.es\/es\/mon-sant-benet\/","name":"M\u00f3n Sant Benet - Lyc\u00e9e International Barcelona \u00b7 Bon Soleil","isPartOf":{"@id":"https:\/\/bonsoleil.es\/es\/#website"},"primaryImageOfPage":{"@id":"https:\/\/bonsoleil.es\/es\/mon-sant-benet\/#primaryimage"},"image":{"@id":"https:\/\/bonsoleil.es\/es\/mon-sant-benet\/#primaryimage"},"thumbnailUrl":"https:\/\/bonsoleil.es\/web\/wp-content\/uploads\/2023\/01\/desta.png","datePublished":"2023-01-23T10:00:00+00:00","author":{"@id":"https:\/\/bonsoleil.es\/es\/#\/schema\/person\/f90f9175af4fad9c626fd2873bc546ec"},"breadcrumb":{"@id":"https:\/\/bonsoleil.es\/es\/mon-sant-benet\/#breadcrumb"},"inLanguage":"es","potentialAction":[{"@type":"ReadAction","target":["https:\/\/bonsoleil.es\/es\/mon-sant-benet\/"]}]},{"@type":"ImageObject","inLanguage":"es","@id":"https:\/\/bonsoleil.es\/es\/mon-sant-benet\/#primaryimage","url":"https:\/\/bonsoleil.es\/web\/wp-content\/uploads\/2023\/01\/desta.png","contentUrl":"https:\/\/bonsoleil.es\/web\/wp-content\/uploads\/2023\/01\/desta.png","width":1480,"height":984},{"@type":"BreadcrumbList","@id":"https:\/\/bonsoleil.es\/es\/mon-sant-benet\/#breadcrumb","itemListElement":[{"@type":"ListItem","position":1,"name":"Portada","item":"https:\/\/bonsoleil.es\/es\/"},{"@type":"ListItem","position":2,"name":"M\u00f3n Sant Benet"}]},{"@type":"WebSite","@id":"https:\/\/bonsoleil.es\/es\/#website","url":"https:\/\/bonsoleil.es\/es\/","name":"Lyc\u00e9e International Barcelona \u00b7 Bon Soleil","description":"Lyc\u00e9e International Barcelona","potentialAction":[{"@type":"SearchAction","target":{"@type":"EntryPoint","urlTemplate":"https:\/\/bonsoleil.es\/es\/?s={search_term_string}"},"query-input":{"@type":"PropertyValueSpecification","valueRequired":true,"valueName":"search_term_string"}}],"inLanguage":"es"},{"@type":"Person","@id":"https:\/\/bonsoleil.es\/es\/#\/schema\/person\/f90f9175af4fad9c626fd2873bc546ec","name":"libbs","image":{"@type":"ImageObject","inLanguage":"es","@id":"https:\/\/bonsoleil.es\/web\/wp-content\/litespeed\/avatar\/6719caedb5831fa7538835120a8121f8.jpg?ver=1777037754","url":"https:\/\/bonsoleil.es\/web\/wp-content\/litespeed\/avatar\/6719caedb5831fa7538835120a8121f8.jpg?ver=1777037754","contentUrl":"https:\/\/bonsoleil.es\/web\/wp-content\/litespeed\/avatar\/6719caedb5831fa7538835120a8121f8.jpg?ver=1777037754","caption":"libbs"},"sameAs":["http:\/\/localhost\/bonsoleil\/new_web"],"url":"https:\/\/bonsoleil.es\/es\/author\/libbs\/"}]}},"_links":{"self":[{"href":"https:\/\/bonsoleil.es\/es\/wp-json\/wp\/v2\/posts\/109657","targetHints":{"allow":["GET"]}}],"collection":[{"href":"https:\/\/bonsoleil.es\/es\/wp-json\/wp\/v2\/posts"}],"about":[{"href":"https:\/\/bonsoleil.es\/es\/wp-json\/wp\/v2\/types\/post"}],"author":[{"embeddable":true,"href":"https:\/\/bonsoleil.es\/es\/wp-json\/wp\/v2\/users\/1"}],"replies":[{"embeddable":true,"href":"https:\/\/bonsoleil.es\/es\/wp-json\/wp\/v2\/comments?post=109657"}],"version-history":[{"count":1,"href":"https:\/\/bonsoleil.es\/es\/wp-json\/wp\/v2\/posts\/109657\/revisions"}],"predecessor-version":[{"id":109682,"href":"https:\/\/bonsoleil.es\/es\/wp-json\/wp\/v2\/posts\/109657\/revisions\/109682"}],"wp:featuredmedia":[{"embeddable":true,"href":"https:\/\/bonsoleil.es\/es\/wp-json\/wp\/v2\/media\/109678"}],"wp:attachment":[{"href":"https:\/\/bonsoleil.es\/es\/wp-json\/wp\/v2\/media?parent=109657"}],"wp:term":[{"taxonomy":"category","embeddable":true,"href":"https:\/\/bonsoleil.es\/es\/wp-json\/wp\/v2\/categories?post=109657"},{"taxonomy":"post_tag","embeddable":true,"href":"https:\/\/bonsoleil.es\/es\/wp-json\/wp\/v2\/tags?post=109657"}],"curies":[{"name":"wp","href":"https:\/\/api.w.org\/{rel}","templated":true}]}}