{"id":109955,"date":"2023-01-12T19:00:00","date_gmt":"2023-01-12T18:00:00","guid":{"rendered":"https:\/\/bonsoleil.es\/?p=109955"},"modified":"2023-01-23T10:58:51","modified_gmt":"2023-01-23T09:58:51","slug":"journees-sportives-en-primaire-decembre-2022","status":"publish","type":"post","link":"https:\/\/bonsoleil.es\/es\/journees-sportives-en-primaire-decembre-2022\/","title":{"rendered":"Journ\u00e9es sportives en primaire &#8211; D\u00e9cembre 2022"},"content":{"rendered":"\n<p>Tout au long du mois de d\u00e9cembre, <strong>les \u00e9l\u00e8ves des diff\u00e9rentes classes de CP jusqu\u2019au CM2 ont particip\u00e9 \u00e0 une journ\u00e9e sportive consacr\u00e9e \u00e0 un sport ou un jeu travaill\u00e9 en cours d\u2019\u00e9ducation physique<\/strong> : athl\u00e9tisme, basket ou jeux en \u00e9quipe.<\/p>\n\n\n\n<p>Ce projet nous aide \u00e0 d\u00e9velopper les relations entre les \u00e9l\u00e8ves d\u2019un m\u00eame niveau \u00e0 travers les valeurs v\u00e9hicul\u00e9es par le sport.<\/p>\n\n\n\n<p>L\u2019activit\u00e9 a \u00e9t\u00e9 men\u00e9e par les ma\u00eetres et ma\u00eetresses de chaque classe avec l\u2019aide des professeurs d\u2019\u00e9ducation physique.<\/p>\n\n\n\n<p>&#8212;<\/p>\n\n\n\n<p><strong>Jornadas deportivas de primaria, diciembre 2022<\/strong><\/p>\n\n\n\n<p><strong>A lo largo del mes de diciembre, los alumnos de las clases CP hasta CM2 han participado en una jornada deportiva entre las distintas clases de cada curso.&nbsp;<\/strong><\/p>\n\n\n\n<p>Esta ha sido dedicada a un deporte o juego que han trabajado en clase de educaci\u00f3n f\u00edsica a lo largo del trimestre: atletismo, baloncesto o juegos cooperativos.<\/p>\n\n\n\n<p>Esto nos ayuda a fomentar y trabajar la relaci\u00f3n entre los alumnos del mismo curso a partir de los valores propios del deporte.&nbsp;<\/p>\n\n\n\n<p>La actividad ha sido dirigida por los tutores de cada clase con el apoyo de los profesores de educaci\u00f3n f\u00edsica.<\/p>\n\n\n\n<figure class=\"wp-block-gallery has-nested-images columns-default is-cropped wp-block-gallery-1 is-layout-flex wp-block-gallery-is-layout-flex\">\n<figure class=\"wp-block-image size-full\"><a href=\"https:\/\/bonsoleil.es\/web\/wp-content\/uploads\/2023\/01\/00-1-scaled.jpg\"><img loading=\"lazy\" decoding=\"async\" width=\"2560\" height=\"2560\" data-id=\"109965\" src=\"https:\/\/bonsoleil.es\/web\/wp-content\/uploads\/2023\/01\/00-1-scaled.jpg\" alt=\"\" class=\"wp-image-109965\" srcset=\"https:\/\/bonsoleil.es\/web\/wp-content\/uploads\/2023\/01\/00-1-scaled.jpg 2560w, https:\/\/bonsoleil.es\/web\/wp-content\/uploads\/2023\/01\/00-1-250x250.jpg 250w, https:\/\/bonsoleil.es\/web\/wp-content\/uploads\/2023\/01\/00-1-700x700.jpg 700w, https:\/\/bonsoleil.es\/web\/wp-content\/uploads\/2023\/01\/00-1-150x150.jpg 150w, https:\/\/bonsoleil.es\/web\/wp-content\/uploads\/2023\/01\/00-1-768x768.jpg 768w, https:\/\/bonsoleil.es\/web\/wp-content\/uploads\/2023\/01\/00-1-1536x1536.jpg 1536w, https:\/\/bonsoleil.es\/web\/wp-content\/uploads\/2023\/01\/00-1-2048x2048.jpg 2048w, https:\/\/bonsoleil.es\/web\/wp-content\/uploads\/2023\/01\/00-1-120x120.jpg 120w\" sizes=\"auto, (max-width: 2560px) 100vw, 2560px\" \/><\/a><\/figure>\n\n\n\n<figure class=\"wp-block-image size-full\"><a href=\"https:\/\/bonsoleil.es\/web\/wp-content\/uploads\/2023\/01\/0-6.jpg\"><img loading=\"lazy\" decoding=\"async\" width=\"672\" height=\"671\" data-id=\"109961\" src=\"https:\/\/bonsoleil.es\/web\/wp-content\/uploads\/2023\/01\/0-6.jpg\" alt=\"\" class=\"wp-image-109961\" srcset=\"https:\/\/bonsoleil.es\/web\/wp-content\/uploads\/2023\/01\/0-6.jpg 672w, https:\/\/bonsoleil.es\/web\/wp-content\/uploads\/2023\/01\/0-6-250x250.jpg 250w, https:\/\/bonsoleil.es\/web\/wp-content\/uploads\/2023\/01\/0-6-150x150.jpg 150w, https:\/\/bonsoleil.es\/web\/wp-content\/uploads\/2023\/01\/0-6-120x120.jpg 120w\" sizes=\"auto, (max-width: 672px) 100vw, 672px\" \/><\/a><\/figure>\n\n\n\n<figure class=\"wp-block-image size-full\"><a href=\"https:\/\/bonsoleil.es\/web\/wp-content\/uploads\/2023\/01\/01-1.jpg\"><img loading=\"lazy\" decoding=\"async\" width=\"1536\" height=\"1536\" data-id=\"109956\" src=\"https:\/\/bonsoleil.es\/web\/wp-content\/uploads\/2023\/01\/01-1.jpg\" alt=\"\" class=\"wp-image-109956\" srcset=\"https:\/\/bonsoleil.es\/web\/wp-content\/uploads\/2023\/01\/01-1.jpg 1536w, https:\/\/bonsoleil.es\/web\/wp-content\/uploads\/2023\/01\/01-1-250x250.jpg 250w, https:\/\/bonsoleil.es\/web\/wp-content\/uploads\/2023\/01\/01-1-700x700.jpg 700w, https:\/\/bonsoleil.es\/web\/wp-content\/uploads\/2023\/01\/01-1-150x150.jpg 150w, https:\/\/bonsoleil.es\/web\/wp-content\/uploads\/2023\/01\/01-1-768x768.jpg 768w, https:\/\/bonsoleil.es\/web\/wp-content\/uploads\/2023\/01\/01-1-120x120.jpg 120w\" sizes=\"auto, (max-width: 1536px) 100vw, 1536px\" \/><\/a><\/figure>\n\n\n\n<figure class=\"wp-block-image size-full\"><a href=\"https:\/\/bonsoleil.es\/web\/wp-content\/uploads\/2023\/01\/1-17.jpg\"><img loading=\"lazy\" decoding=\"async\" width=\"548\" height=\"548\" data-id=\"109958\" src=\"https:\/\/bonsoleil.es\/web\/wp-content\/uploads\/2023\/01\/1-17.jpg\" alt=\"\" class=\"wp-image-109958\" srcset=\"https:\/\/bonsoleil.es\/web\/wp-content\/uploads\/2023\/01\/1-17.jpg 548w, https:\/\/bonsoleil.es\/web\/wp-content\/uploads\/2023\/01\/1-17-250x250.jpg 250w, https:\/\/bonsoleil.es\/web\/wp-content\/uploads\/2023\/01\/1-17-150x150.jpg 150w, https:\/\/bonsoleil.es\/web\/wp-content\/uploads\/2023\/01\/1-17-120x120.jpg 120w\" sizes=\"auto, (max-width: 548px) 100vw, 548px\" \/><\/a><\/figure>\n\n\n\n<figure class=\"wp-block-image size-full\"><a href=\"https:\/\/bonsoleil.es\/web\/wp-content\/uploads\/2023\/01\/2-16.jpg\"><img loading=\"lazy\" decoding=\"async\" width=\"1992\" height=\"1993\" data-id=\"109970\" src=\"https:\/\/bonsoleil.es\/web\/wp-content\/uploads\/2023\/01\/2-16.jpg\" alt=\"\" class=\"wp-image-109970\" srcset=\"https:\/\/bonsoleil.es\/web\/wp-content\/uploads\/2023\/01\/2-16.jpg 1992w, https:\/\/bonsoleil.es\/web\/wp-content\/uploads\/2023\/01\/2-16-250x250.jpg 250w, https:\/\/bonsoleil.es\/web\/wp-content\/uploads\/2023\/01\/2-16-700x700.jpg 700w, https:\/\/bonsoleil.es\/web\/wp-content\/uploads\/2023\/01\/2-16-150x150.jpg 150w, https:\/\/bonsoleil.es\/web\/wp-content\/uploads\/2023\/01\/2-16-768x768.jpg 768w, https:\/\/bonsoleil.es\/web\/wp-content\/uploads\/2023\/01\/2-16-1536x1536.jpg 1536w, https:\/\/bonsoleil.es\/web\/wp-content\/uploads\/2023\/01\/2-16-120x120.jpg 120w\" sizes=\"auto, (max-width: 1992px) 100vw, 1992px\" \/><\/a><\/figure>\n\n\n\n<figure class=\"wp-block-image size-full\"><a href=\"https:\/\/bonsoleil.es\/web\/wp-content\/uploads\/2023\/01\/3-14.jpg\"><img loading=\"lazy\" decoding=\"async\" width=\"568\" height=\"568\" data-id=\"109976\" src=\"https:\/\/bonsoleil.es\/web\/wp-content\/uploads\/2023\/01\/3-14.jpg\" alt=\"\" class=\"wp-image-109976\" srcset=\"https:\/\/bonsoleil.es\/web\/wp-content\/uploads\/2023\/01\/3-14.jpg 568w, https:\/\/bonsoleil.es\/web\/wp-content\/uploads\/2023\/01\/3-14-250x250.jpg 250w, https:\/\/bonsoleil.es\/web\/wp-content\/uploads\/2023\/01\/3-14-150x150.jpg 150w, https:\/\/bonsoleil.es\/web\/wp-content\/uploads\/2023\/01\/3-14-120x120.jpg 120w\" sizes=\"auto, (max-width: 568px) 100vw, 568px\" \/><\/a><\/figure>\n\n\n\n<figure class=\"wp-block-image size-full\"><a href=\"https:\/\/bonsoleil.es\/web\/wp-content\/uploads\/2023\/01\/4-11.jpg\"><img loading=\"lazy\" decoding=\"async\" width=\"488\" height=\"488\" data-id=\"109980\" src=\"https:\/\/bonsoleil.es\/web\/wp-content\/uploads\/2023\/01\/4-11.jpg\" alt=\"\" class=\"wp-image-109980\" srcset=\"https:\/\/bonsoleil.es\/web\/wp-content\/uploads\/2023\/01\/4-11.jpg 488w, https:\/\/bonsoleil.es\/web\/wp-content\/uploads\/2023\/01\/4-11-250x250.jpg 250w, https:\/\/bonsoleil.es\/web\/wp-content\/uploads\/2023\/01\/4-11-150x150.jpg 150w, https:\/\/bonsoleil.es\/web\/wp-content\/uploads\/2023\/01\/4-11-120x120.jpg 120w\" sizes=\"auto, (max-width: 488px) 100vw, 488px\" \/><\/a><\/figure>\n<\/figure>\n","protected":false},"excerpt":{"rendered":"Tout au long du mois de d\u00e9cembre, les \u00e9l\u00e8ves des diff\u00e9rentes classes de CP jusqu\u2019au CM2 ont particip\u00e9 \u00e0 une journ\u00e9e sportive consacr\u00e9e \u00e0&#8230;","protected":false},"author":1,"featured_media":109984,"comment_status":"closed","ping_status":"open","sticky":false,"template":"","format":"standard","meta":{"_acf_changed":false,"rs_blank_template":"","rs_page_bg_color":"","slide_template_v7":"","footnotes":"","_links_to":"","_links_to_target":""},"categories":[14],"tags":[],"class_list":["post-109955","post","type-post","status-publish","format-standard","has-post-thumbnail","hentry","category-primaire"],"acf":[],"yoast_head":"<!-- This site is optimized with the Yoast SEO plugin v27.4 - https:\/\/yoast.com\/product\/yoast-seo-wordpress\/ -->\n<title>Journ\u00e9es sportives en primaire - D\u00e9cembre 2022 - Lyc\u00e9e International Barcelona \u00b7 Bon Soleil<\/title>\n<meta name=\"robots\" content=\"index, follow, max-snippet:-1, max-image-preview:large, max-video-preview:-1\" \/>\n<link rel=\"canonical\" href=\"https:\/\/bonsoleil.es\/es\/journees-sportives-en-primaire-decembre-2022\/\" \/>\n<meta property=\"og:locale\" content=\"es_ES\" \/>\n<meta property=\"og:type\" content=\"article\" \/>\n<meta property=\"og:title\" content=\"Journ\u00e9es sportives en primaire - D\u00e9cembre 2022 - Lyc\u00e9e International Barcelona \u00b7 Bon Soleil\" \/>\n<meta property=\"og:description\" content=\"Tout au long du mois de d\u00e9cembre, les \u00e9l\u00e8ves des diff\u00e9rentes classes de CP jusqu\u2019au CM2 ont particip\u00e9 \u00e0 une journ\u00e9e sportive consacr\u00e9e \u00e0...\" \/>\n<meta property=\"og:url\" content=\"https:\/\/bonsoleil.es\/es\/journees-sportives-en-primaire-decembre-2022\/\" \/>\n<meta property=\"og:site_name\" content=\"Lyc\u00e9e International Barcelona \u00b7 Bon Soleil\" \/>\n<meta property=\"article:publisher\" content=\"https:\/\/www.facebook.com\/libBonSoleil\/\" \/>\n<meta property=\"article:published_time\" content=\"2023-01-12T18:00:00+00:00\" \/>\n<meta property=\"article:modified_time\" content=\"2023-01-23T09:58:51+00:00\" \/>\n<meta property=\"og:image\" content=\"https:\/\/bonsoleil.es\/web\/wp-content\/uploads\/2023\/01\/des-4.jpg\" \/>\n\t<meta property=\"og:image:width\" content=\"672\" \/>\n\t<meta property=\"og:image:height\" content=\"411\" \/>\n\t<meta property=\"og:image:type\" content=\"image\/jpeg\" \/>\n<meta name=\"author\" content=\"libbs\" \/>\n<meta name=\"twitter:card\" content=\"summary_large_image\" \/>\n<meta name=\"twitter:creator\" content=\"@lib_bonsoleil\" \/>\n<meta name=\"twitter:site\" content=\"@lib_bonsoleil\" \/>\n<meta name=\"twitter:label1\" content=\"Escrito por\" \/>\n\t<meta name=\"twitter:data1\" content=\"libbs\" \/>\n\t<meta name=\"twitter:label2\" content=\"Tiempo de lectura\" \/>\n\t<meta name=\"twitter:data2\" content=\"3 minutos\" \/>\n<script type=\"application\/ld+json\" class=\"yoast-schema-graph\">{\"@context\":\"https:\\\/\\\/schema.org\",\"@graph\":[{\"@type\":\"Article\",\"@id\":\"https:\\\/\\\/bonsoleil.es\\\/es\\\/journees-sportives-en-primaire-decembre-2022\\\/#article\",\"isPartOf\":{\"@id\":\"https:\\\/\\\/bonsoleil.es\\\/es\\\/journees-sportives-en-primaire-decembre-2022\\\/\"},\"author\":{\"name\":\"libbs\",\"@id\":\"https:\\\/\\\/bonsoleil.es\\\/es\\\/#\\\/schema\\\/person\\\/f90f9175af4fad9c626fd2873bc546ec\"},\"headline\":\"Journ\u00e9es sportives en primaire &#8211; D\u00e9cembre 2022\",\"datePublished\":\"2023-01-12T18:00:00+00:00\",\"dateModified\":\"2023-01-23T09:58:51+00:00\",\"mainEntityOfPage\":{\"@id\":\"https:\\\/\\\/bonsoleil.es\\\/es\\\/journees-sportives-en-primaire-decembre-2022\\\/\"},\"wordCount\":215,\"image\":{\"@id\":\"https:\\\/\\\/bonsoleil.es\\\/es\\\/journees-sportives-en-primaire-decembre-2022\\\/#primaryimage\"},\"thumbnailUrl\":\"https:\\\/\\\/bonsoleil.es\\\/web\\\/wp-content\\\/uploads\\\/2023\\\/01\\\/des-4.jpg\",\"articleSection\":[\"Primaire\"],\"inLanguage\":\"es\"},{\"@type\":\"WebPage\",\"@id\":\"https:\\\/\\\/bonsoleil.es\\\/es\\\/journees-sportives-en-primaire-decembre-2022\\\/\",\"url\":\"https:\\\/\\\/bonsoleil.es\\\/es\\\/journees-sportives-en-primaire-decembre-2022\\\/\",\"name\":\"Journ\u00e9es sportives en primaire - D\u00e9cembre 2022 - Lyc\u00e9e International Barcelona \u00b7 Bon Soleil\",\"isPartOf\":{\"@id\":\"https:\\\/\\\/bonsoleil.es\\\/es\\\/#website\"},\"primaryImageOfPage\":{\"@id\":\"https:\\\/\\\/bonsoleil.es\\\/es\\\/journees-sportives-en-primaire-decembre-2022\\\/#primaryimage\"},\"image\":{\"@id\":\"https:\\\/\\\/bonsoleil.es\\\/es\\\/journees-sportives-en-primaire-decembre-2022\\\/#primaryimage\"},\"thumbnailUrl\":\"https:\\\/\\\/bonsoleil.es\\\/web\\\/wp-content\\\/uploads\\\/2023\\\/01\\\/des-4.jpg\",\"datePublished\":\"2023-01-12T18:00:00+00:00\",\"dateModified\":\"2023-01-23T09:58:51+00:00\",\"author\":{\"@id\":\"https:\\\/\\\/bonsoleil.es\\\/es\\\/#\\\/schema\\\/person\\\/f90f9175af4fad9c626fd2873bc546ec\"},\"breadcrumb\":{\"@id\":\"https:\\\/\\\/bonsoleil.es\\\/es\\\/journees-sportives-en-primaire-decembre-2022\\\/#breadcrumb\"},\"inLanguage\":\"es\",\"potentialAction\":[{\"@type\":\"ReadAction\",\"target\":[\"https:\\\/\\\/bonsoleil.es\\\/es\\\/journees-sportives-en-primaire-decembre-2022\\\/\"]}]},{\"@type\":\"ImageObject\",\"inLanguage\":\"es\",\"@id\":\"https:\\\/\\\/bonsoleil.es\\\/es\\\/journees-sportives-en-primaire-decembre-2022\\\/#primaryimage\",\"url\":\"https:\\\/\\\/bonsoleil.es\\\/web\\\/wp-content\\\/uploads\\\/2023\\\/01\\\/des-4.jpg\",\"contentUrl\":\"https:\\\/\\\/bonsoleil.es\\\/web\\\/wp-content\\\/uploads\\\/2023\\\/01\\\/des-4.jpg\",\"width\":672,\"height\":411},{\"@type\":\"BreadcrumbList\",\"@id\":\"https:\\\/\\\/bonsoleil.es\\\/es\\\/journees-sportives-en-primaire-decembre-2022\\\/#breadcrumb\",\"itemListElement\":[{\"@type\":\"ListItem\",\"position\":1,\"name\":\"Portada\",\"item\":\"https:\\\/\\\/bonsoleil.es\\\/es\\\/\"},{\"@type\":\"ListItem\",\"position\":2,\"name\":\"Journ\u00e9es sportives en primaire &#8211; D\u00e9cembre 2022\"}]},{\"@type\":\"WebSite\",\"@id\":\"https:\\\/\\\/bonsoleil.es\\\/es\\\/#website\",\"url\":\"https:\\\/\\\/bonsoleil.es\\\/es\\\/\",\"name\":\"Lyc\u00e9e International Barcelona \u00b7 Bon Soleil\",\"description\":\"Lyc\u00e9e International Barcelona\",\"potentialAction\":[{\"@type\":\"SearchAction\",\"target\":{\"@type\":\"EntryPoint\",\"urlTemplate\":\"https:\\\/\\\/bonsoleil.es\\\/es\\\/?s={search_term_string}\"},\"query-input\":{\"@type\":\"PropertyValueSpecification\",\"valueRequired\":true,\"valueName\":\"search_term_string\"}}],\"inLanguage\":\"es\"},{\"@type\":\"Person\",\"@id\":\"https:\\\/\\\/bonsoleil.es\\\/es\\\/#\\\/schema\\\/person\\\/f90f9175af4fad9c626fd2873bc546ec\",\"name\":\"libbs\",\"image\":{\"@type\":\"ImageObject\",\"inLanguage\":\"es\",\"@id\":\"https:\\\/\\\/bonsoleil.es\\\/web\\\/wp-content\\\/litespeed\\\/avatar\\\/6719caedb5831fa7538835120a8121f8.jpg?ver=1777037754\",\"url\":\"https:\\\/\\\/bonsoleil.es\\\/web\\\/wp-content\\\/litespeed\\\/avatar\\\/6719caedb5831fa7538835120a8121f8.jpg?ver=1777037754\",\"contentUrl\":\"https:\\\/\\\/bonsoleil.es\\\/web\\\/wp-content\\\/litespeed\\\/avatar\\\/6719caedb5831fa7538835120a8121f8.jpg?ver=1777037754\",\"caption\":\"libbs\"},\"sameAs\":[\"http:\\\/\\\/localhost\\\/bonsoleil\\\/new_web\"],\"url\":\"https:\\\/\\\/bonsoleil.es\\\/es\\\/author\\\/libbs\\\/\"}]}<\/script>\n<!-- \/ Yoast SEO plugin. -->","yoast_head_json":{"title":"Journ\u00e9es sportives en primaire - D\u00e9cembre 2022 - Lyc\u00e9e International Barcelona \u00b7 Bon Soleil","robots":{"index":"index","follow":"follow","max-snippet":"max-snippet:-1","max-image-preview":"max-image-preview:large","max-video-preview":"max-video-preview:-1"},"canonical":"https:\/\/bonsoleil.es\/es\/journees-sportives-en-primaire-decembre-2022\/","og_locale":"es_ES","og_type":"article","og_title":"Journ\u00e9es sportives en primaire - D\u00e9cembre 2022 - Lyc\u00e9e International Barcelona \u00b7 Bon Soleil","og_description":"Tout au long du mois de d\u00e9cembre, les \u00e9l\u00e8ves des diff\u00e9rentes classes de CP jusqu\u2019au CM2 ont particip\u00e9 \u00e0 une journ\u00e9e sportive consacr\u00e9e \u00e0...","og_url":"https:\/\/bonsoleil.es\/es\/journees-sportives-en-primaire-decembre-2022\/","og_site_name":"Lyc\u00e9e International Barcelona \u00b7 Bon Soleil","article_publisher":"https:\/\/www.facebook.com\/libBonSoleil\/","article_published_time":"2023-01-12T18:00:00+00:00","article_modified_time":"2023-01-23T09:58:51+00:00","og_image":[{"width":672,"height":411,"url":"https:\/\/bonsoleil.es\/web\/wp-content\/uploads\/2023\/01\/des-4.jpg","type":"image\/jpeg"}],"author":"libbs","twitter_card":"summary_large_image","twitter_creator":"@lib_bonsoleil","twitter_site":"@lib_bonsoleil","twitter_misc":{"Escrito por":"libbs","Tiempo de lectura":"3 minutos"},"schema":{"@context":"https:\/\/schema.org","@graph":[{"@type":"Article","@id":"https:\/\/bonsoleil.es\/es\/journees-sportives-en-primaire-decembre-2022\/#article","isPartOf":{"@id":"https:\/\/bonsoleil.es\/es\/journees-sportives-en-primaire-decembre-2022\/"},"author":{"name":"libbs","@id":"https:\/\/bonsoleil.es\/es\/#\/schema\/person\/f90f9175af4fad9c626fd2873bc546ec"},"headline":"Journ\u00e9es sportives en primaire &#8211; D\u00e9cembre 2022","datePublished":"2023-01-12T18:00:00+00:00","dateModified":"2023-01-23T09:58:51+00:00","mainEntityOfPage":{"@id":"https:\/\/bonsoleil.es\/es\/journees-sportives-en-primaire-decembre-2022\/"},"wordCount":215,"image":{"@id":"https:\/\/bonsoleil.es\/es\/journees-sportives-en-primaire-decembre-2022\/#primaryimage"},"thumbnailUrl":"https:\/\/bonsoleil.es\/web\/wp-content\/uploads\/2023\/01\/des-4.jpg","articleSection":["Primaire"],"inLanguage":"es"},{"@type":"WebPage","@id":"https:\/\/bonsoleil.es\/es\/journees-sportives-en-primaire-decembre-2022\/","url":"https:\/\/bonsoleil.es\/es\/journees-sportives-en-primaire-decembre-2022\/","name":"Journ\u00e9es sportives en primaire - D\u00e9cembre 2022 - Lyc\u00e9e International Barcelona \u00b7 Bon Soleil","isPartOf":{"@id":"https:\/\/bonsoleil.es\/es\/#website"},"primaryImageOfPage":{"@id":"https:\/\/bonsoleil.es\/es\/journees-sportives-en-primaire-decembre-2022\/#primaryimage"},"image":{"@id":"https:\/\/bonsoleil.es\/es\/journees-sportives-en-primaire-decembre-2022\/#primaryimage"},"thumbnailUrl":"https:\/\/bonsoleil.es\/web\/wp-content\/uploads\/2023\/01\/des-4.jpg","datePublished":"2023-01-12T18:00:00+00:00","dateModified":"2023-01-23T09:58:51+00:00","author":{"@id":"https:\/\/bonsoleil.es\/es\/#\/schema\/person\/f90f9175af4fad9c626fd2873bc546ec"},"breadcrumb":{"@id":"https:\/\/bonsoleil.es\/es\/journees-sportives-en-primaire-decembre-2022\/#breadcrumb"},"inLanguage":"es","potentialAction":[{"@type":"ReadAction","target":["https:\/\/bonsoleil.es\/es\/journees-sportives-en-primaire-decembre-2022\/"]}]},{"@type":"ImageObject","inLanguage":"es","@id":"https:\/\/bonsoleil.es\/es\/journees-sportives-en-primaire-decembre-2022\/#primaryimage","url":"https:\/\/bonsoleil.es\/web\/wp-content\/uploads\/2023\/01\/des-4.jpg","contentUrl":"https:\/\/bonsoleil.es\/web\/wp-content\/uploads\/2023\/01\/des-4.jpg","width":672,"height":411},{"@type":"BreadcrumbList","@id":"https:\/\/bonsoleil.es\/es\/journees-sportives-en-primaire-decembre-2022\/#breadcrumb","itemListElement":[{"@type":"ListItem","position":1,"name":"Portada","item":"https:\/\/bonsoleil.es\/es\/"},{"@type":"ListItem","position":2,"name":"Journ\u00e9es sportives en primaire &#8211; D\u00e9cembre 2022"}]},{"@type":"WebSite","@id":"https:\/\/bonsoleil.es\/es\/#website","url":"https:\/\/bonsoleil.es\/es\/","name":"Lyc\u00e9e International Barcelona \u00b7 Bon Soleil","description":"Lyc\u00e9e International Barcelona","potentialAction":[{"@type":"SearchAction","target":{"@type":"EntryPoint","urlTemplate":"https:\/\/bonsoleil.es\/es\/?s={search_term_string}"},"query-input":{"@type":"PropertyValueSpecification","valueRequired":true,"valueName":"search_term_string"}}],"inLanguage":"es"},{"@type":"Person","@id":"https:\/\/bonsoleil.es\/es\/#\/schema\/person\/f90f9175af4fad9c626fd2873bc546ec","name":"libbs","image":{"@type":"ImageObject","inLanguage":"es","@id":"https:\/\/bonsoleil.es\/web\/wp-content\/litespeed\/avatar\/6719caedb5831fa7538835120a8121f8.jpg?ver=1777037754","url":"https:\/\/bonsoleil.es\/web\/wp-content\/litespeed\/avatar\/6719caedb5831fa7538835120a8121f8.jpg?ver=1777037754","contentUrl":"https:\/\/bonsoleil.es\/web\/wp-content\/litespeed\/avatar\/6719caedb5831fa7538835120a8121f8.jpg?ver=1777037754","caption":"libbs"},"sameAs":["http:\/\/localhost\/bonsoleil\/new_web"],"url":"https:\/\/bonsoleil.es\/es\/author\/libbs\/"}]}},"_links":{"self":[{"href":"https:\/\/bonsoleil.es\/es\/wp-json\/wp\/v2\/posts\/109955","targetHints":{"allow":["GET"]}}],"collection":[{"href":"https:\/\/bonsoleil.es\/es\/wp-json\/wp\/v2\/posts"}],"about":[{"href":"https:\/\/bonsoleil.es\/es\/wp-json\/wp\/v2\/types\/post"}],"author":[{"embeddable":true,"href":"https:\/\/bonsoleil.es\/es\/wp-json\/wp\/v2\/users\/1"}],"replies":[{"embeddable":true,"href":"https:\/\/bonsoleil.es\/es\/wp-json\/wp\/v2\/comments?post=109955"}],"version-history":[{"count":2,"href":"https:\/\/bonsoleil.es\/es\/wp-json\/wp\/v2\/posts\/109955\/revisions"}],"predecessor-version":[{"id":110011,"href":"https:\/\/bonsoleil.es\/es\/wp-json\/wp\/v2\/posts\/109955\/revisions\/110011"}],"wp:featuredmedia":[{"embeddable":true,"href":"https:\/\/bonsoleil.es\/es\/wp-json\/wp\/v2\/media\/109984"}],"wp:attachment":[{"href":"https:\/\/bonsoleil.es\/es\/wp-json\/wp\/v2\/media?parent=109955"}],"wp:term":[{"taxonomy":"category","embeddable":true,"href":"https:\/\/bonsoleil.es\/es\/wp-json\/wp\/v2\/categories?post=109955"},{"taxonomy":"post_tag","embeddable":true,"href":"https:\/\/bonsoleil.es\/es\/wp-json\/wp\/v2\/tags?post=109955"}],"curies":[{"name":"wp","href":"https:\/\/api.w.org\/{rel}","templated":true}]}}