{"id":110021,"date":"2023-01-23T20:00:00","date_gmt":"2023-01-23T19:00:00","guid":{"rendered":"https:\/\/bonsoleil.es\/?p=110021"},"modified":"2023-01-25T09:17:35","modified_gmt":"2023-01-25T08:17:35","slug":"la-galette-des-rois-chez-les-grande-section","status":"publish","type":"post","link":"https:\/\/bonsoleil.es\/es\/la-galette-des-rois-chez-les-grande-section\/","title":{"rendered":"La galette des rois chez les Grande Section"},"content":{"rendered":"\n<p>Lors du retour des vacances, les \u00e9l\u00e8ves de Grande Section ont travaill\u00e9 sur l\u2019<strong>album la<\/strong> <strong>Galette du Roi Loup<\/strong>, <strong>\u00e9crit par Agn\u00e8s Martin-Bertron<\/strong>, et ont d\u00e9couvert la traditionnelle galette des rois. Les enfants ont d\u00e9cor\u00e9 leurs galettes et fabriqu\u00e9 de magnifiques couronnes. Pour choisir le roi de chaque table, une f\u00e8ve \u00e9tait cach\u00e9e dans chaque galette. <\/p>\n\n\n\n<p>Vive les Rois et les Reines de Grande Section !<\/p>\n\n\n\n<figure class=\"wp-block-gallery has-nested-images columns-2 is-cropped wp-block-gallery-1 is-layout-flex wp-block-gallery-is-layout-flex\">\n<figure class=\"wp-block-image size-full\"><a href=\"https:\/\/bonsoleil.es\/web\/wp-content\/uploads\/2023\/01\/01_2-1.jpg\"><img loading=\"lazy\" decoding=\"async\" width=\"1080\" height=\"1080\" data-id=\"110067\" src=\"https:\/\/bonsoleil.es\/web\/wp-content\/uploads\/2023\/01\/01_2-1.jpg\" alt=\"\" class=\"wp-image-110067\" srcset=\"https:\/\/bonsoleil.es\/web\/wp-content\/uploads\/2023\/01\/01_2-1.jpg 1080w, https:\/\/bonsoleil.es\/web\/wp-content\/uploads\/2023\/01\/01_2-1-250x250.jpg 250w, https:\/\/bonsoleil.es\/web\/wp-content\/uploads\/2023\/01\/01_2-1-700x700.jpg 700w, https:\/\/bonsoleil.es\/web\/wp-content\/uploads\/2023\/01\/01_2-1-150x150.jpg 150w, https:\/\/bonsoleil.es\/web\/wp-content\/uploads\/2023\/01\/01_2-1-768x768.jpg 768w, https:\/\/bonsoleil.es\/web\/wp-content\/uploads\/2023\/01\/01_2-1-120x120.jpg 120w\" sizes=\"auto, (max-width: 1080px) 100vw, 1080px\" \/><\/a><\/figure>\n\n\n\n<figure class=\"wp-block-image size-full\"><a href=\"https:\/\/bonsoleil.es\/web\/wp-content\/uploads\/2023\/01\/04-1.png\"><img loading=\"lazy\" decoding=\"async\" width=\"2676\" height=\"2675\" data-id=\"110034\" src=\"https:\/\/bonsoleil.es\/web\/wp-content\/uploads\/2023\/01\/04-1.png\" alt=\"\" class=\"wp-image-110034\" srcset=\"https:\/\/bonsoleil.es\/web\/wp-content\/uploads\/2023\/01\/04-1.png 2676w, https:\/\/bonsoleil.es\/web\/wp-content\/uploads\/2023\/01\/04-1-250x250.png 250w, https:\/\/bonsoleil.es\/web\/wp-content\/uploads\/2023\/01\/04-1-700x700.png 700w, https:\/\/bonsoleil.es\/web\/wp-content\/uploads\/2023\/01\/04-1-150x150.png 150w, https:\/\/bonsoleil.es\/web\/wp-content\/uploads\/2023\/01\/04-1-768x768.png 768w, https:\/\/bonsoleil.es\/web\/wp-content\/uploads\/2023\/01\/04-1-1536x1536.png 1536w, https:\/\/bonsoleil.es\/web\/wp-content\/uploads\/2023\/01\/04-1-2048x2048.png 2048w, https:\/\/bonsoleil.es\/web\/wp-content\/uploads\/2023\/01\/04-1-120x120.png 120w\" sizes=\"auto, (max-width: 2676px) 100vw, 2676px\" \/><\/a><\/figure>\n\n\n\n<figure class=\"wp-block-image size-full\"><a href=\"https:\/\/bonsoleil.es\/web\/wp-content\/uploads\/2023\/01\/02-1.png\"><img loading=\"lazy\" decoding=\"async\" width=\"651\" height=\"651\" data-id=\"110030\" src=\"https:\/\/bonsoleil.es\/web\/wp-content\/uploads\/2023\/01\/02-1.png\" alt=\"\" class=\"wp-image-110030\" srcset=\"https:\/\/bonsoleil.es\/web\/wp-content\/uploads\/2023\/01\/02-1.png 651w, https:\/\/bonsoleil.es\/web\/wp-content\/uploads\/2023\/01\/02-1-250x250.png 250w, https:\/\/bonsoleil.es\/web\/wp-content\/uploads\/2023\/01\/02-1-150x150.png 150w, https:\/\/bonsoleil.es\/web\/wp-content\/uploads\/2023\/01\/02-1-120x120.png 120w\" sizes=\"auto, (max-width: 651px) 100vw, 651px\" \/><\/a><\/figure>\n\n\n\n<figure class=\"wp-block-image size-full\"><a href=\"https:\/\/bonsoleil.es\/web\/wp-content\/uploads\/2023\/01\/03-scaled.jpg\"><img loading=\"lazy\" decoding=\"async\" width=\"2560\" height=\"2560\" data-id=\"110026\" src=\"https:\/\/bonsoleil.es\/web\/wp-content\/uploads\/2023\/01\/03-scaled.jpg\" alt=\"\" class=\"wp-image-110026\" srcset=\"https:\/\/bonsoleil.es\/web\/wp-content\/uploads\/2023\/01\/03-scaled.jpg 2560w, https:\/\/bonsoleil.es\/web\/wp-content\/uploads\/2023\/01\/03-250x250.jpg 250w, https:\/\/bonsoleil.es\/web\/wp-content\/uploads\/2023\/01\/03-700x700.jpg 700w, https:\/\/bonsoleil.es\/web\/wp-content\/uploads\/2023\/01\/03-150x150.jpg 150w, https:\/\/bonsoleil.es\/web\/wp-content\/uploads\/2023\/01\/03-768x768.jpg 768w, https:\/\/bonsoleil.es\/web\/wp-content\/uploads\/2023\/01\/03-1536x1536.jpg 1536w, https:\/\/bonsoleil.es\/web\/wp-content\/uploads\/2023\/01\/03-2048x2048.jpg 2048w, https:\/\/bonsoleil.es\/web\/wp-content\/uploads\/2023\/01\/03-120x120.jpg 120w\" sizes=\"auto, (max-width: 2560px) 100vw, 2560px\" \/><\/a><\/figure>\n<\/figure>\n","protected":false},"excerpt":{"rendered":"Lors du retour des vacances, les \u00e9l\u00e8ves de Grande Section ont travaill\u00e9 sur l\u2019album la Galette du Roi Loup, \u00e9crit par&#8230;","protected":false},"author":1,"featured_media":110071,"comment_status":"closed","ping_status":"closed","sticky":false,"template":"","format":"standard","meta":{"_acf_changed":false,"rs_blank_template":"","rs_page_bg_color":"","slide_template_v7":"","footnotes":"","_links_to":"","_links_to_target":""},"categories":[14],"tags":[],"class_list":["post-110021","post","type-post","status-publish","format-standard","has-post-thumbnail","hentry","category-primaire"],"acf":[],"yoast_head":"<!-- This site is optimized with the Yoast SEO plugin v27.4 - https:\/\/yoast.com\/product\/yoast-seo-wordpress\/ -->\n<title>La galette des rois chez les Grande Section - Lyc\u00e9e International Barcelona \u00b7 Bon Soleil<\/title>\n<meta name=\"robots\" content=\"index, follow, max-snippet:-1, max-image-preview:large, max-video-preview:-1\" \/>\n<link rel=\"canonical\" href=\"https:\/\/bonsoleil.es\/es\/la-galette-des-rois-chez-les-grande-section\/\" \/>\n<meta property=\"og:locale\" content=\"es_ES\" \/>\n<meta property=\"og:type\" content=\"article\" \/>\n<meta property=\"og:title\" content=\"La galette des rois chez les Grande Section - Lyc\u00e9e International Barcelona \u00b7 Bon Soleil\" \/>\n<meta property=\"og:description\" content=\"Lors du retour des vacances, les \u00e9l\u00e8ves de Grande Section ont travaill\u00e9 sur l\u2019album la Galette du Roi Loup, \u00e9crit par...\" \/>\n<meta property=\"og:url\" content=\"https:\/\/bonsoleil.es\/es\/la-galette-des-rois-chez-les-grande-section\/\" \/>\n<meta property=\"og:site_name\" content=\"Lyc\u00e9e International Barcelona \u00b7 Bon Soleil\" \/>\n<meta property=\"article:publisher\" content=\"https:\/\/www.facebook.com\/libBonSoleil\/\" \/>\n<meta property=\"article:published_time\" content=\"2023-01-23T19:00:00+00:00\" \/>\n<meta property=\"article:modified_time\" content=\"2023-01-25T08:17:35+00:00\" \/>\n<meta property=\"og:image\" content=\"https:\/\/bonsoleil.es\/web\/wp-content\/uploads\/2023\/01\/01_2_dest.jpg\" \/>\n\t<meta property=\"og:image:width\" content=\"2556\" \/>\n\t<meta property=\"og:image:height\" content=\"1527\" \/>\n\t<meta property=\"og:image:type\" content=\"image\/jpeg\" \/>\n<meta name=\"author\" content=\"libbs\" \/>\n<meta name=\"twitter:card\" content=\"summary_large_image\" \/>\n<meta name=\"twitter:creator\" content=\"@lib_bonsoleil\" \/>\n<meta name=\"twitter:site\" content=\"@lib_bonsoleil\" \/>\n<meta name=\"twitter:label1\" content=\"Escrito por\" \/>\n\t<meta name=\"twitter:data1\" content=\"libbs\" \/>\n\t<meta name=\"twitter:label2\" content=\"Tiempo de lectura\" \/>\n\t<meta name=\"twitter:data2\" content=\"2 minutos\" \/>\n<script type=\"application\/ld+json\" class=\"yoast-schema-graph\">{\"@context\":\"https:\\\/\\\/schema.org\",\"@graph\":[{\"@type\":\"Article\",\"@id\":\"https:\\\/\\\/bonsoleil.es\\\/es\\\/la-galette-des-rois-chez-les-grande-section\\\/#article\",\"isPartOf\":{\"@id\":\"https:\\\/\\\/bonsoleil.es\\\/es\\\/la-galette-des-rois-chez-les-grande-section\\\/\"},\"author\":{\"name\":\"libbs\",\"@id\":\"https:\\\/\\\/bonsoleil.es\\\/es\\\/#\\\/schema\\\/person\\\/f90f9175af4fad9c626fd2873bc546ec\"},\"headline\":\"La galette des rois chez les Grande Section\",\"datePublished\":\"2023-01-23T19:00:00+00:00\",\"dateModified\":\"2023-01-25T08:17:35+00:00\",\"mainEntityOfPage\":{\"@id\":\"https:\\\/\\\/bonsoleil.es\\\/es\\\/la-galette-des-rois-chez-les-grande-section\\\/\"},\"wordCount\":80,\"image\":{\"@id\":\"https:\\\/\\\/bonsoleil.es\\\/es\\\/la-galette-des-rois-chez-les-grande-section\\\/#primaryimage\"},\"thumbnailUrl\":\"https:\\\/\\\/bonsoleil.es\\\/web\\\/wp-content\\\/uploads\\\/2023\\\/01\\\/01_2_dest.jpg\",\"articleSection\":[\"Primaire\"],\"inLanguage\":\"es\"},{\"@type\":\"WebPage\",\"@id\":\"https:\\\/\\\/bonsoleil.es\\\/es\\\/la-galette-des-rois-chez-les-grande-section\\\/\",\"url\":\"https:\\\/\\\/bonsoleil.es\\\/es\\\/la-galette-des-rois-chez-les-grande-section\\\/\",\"name\":\"La galette des rois chez les Grande Section - Lyc\u00e9e International Barcelona \u00b7 Bon Soleil\",\"isPartOf\":{\"@id\":\"https:\\\/\\\/bonsoleil.es\\\/es\\\/#website\"},\"primaryImageOfPage\":{\"@id\":\"https:\\\/\\\/bonsoleil.es\\\/es\\\/la-galette-des-rois-chez-les-grande-section\\\/#primaryimage\"},\"image\":{\"@id\":\"https:\\\/\\\/bonsoleil.es\\\/es\\\/la-galette-des-rois-chez-les-grande-section\\\/#primaryimage\"},\"thumbnailUrl\":\"https:\\\/\\\/bonsoleil.es\\\/web\\\/wp-content\\\/uploads\\\/2023\\\/01\\\/01_2_dest.jpg\",\"datePublished\":\"2023-01-23T19:00:00+00:00\",\"dateModified\":\"2023-01-25T08:17:35+00:00\",\"author\":{\"@id\":\"https:\\\/\\\/bonsoleil.es\\\/es\\\/#\\\/schema\\\/person\\\/f90f9175af4fad9c626fd2873bc546ec\"},\"breadcrumb\":{\"@id\":\"https:\\\/\\\/bonsoleil.es\\\/es\\\/la-galette-des-rois-chez-les-grande-section\\\/#breadcrumb\"},\"inLanguage\":\"es\",\"potentialAction\":[{\"@type\":\"ReadAction\",\"target\":[\"https:\\\/\\\/bonsoleil.es\\\/es\\\/la-galette-des-rois-chez-les-grande-section\\\/\"]}]},{\"@type\":\"ImageObject\",\"inLanguage\":\"es\",\"@id\":\"https:\\\/\\\/bonsoleil.es\\\/es\\\/la-galette-des-rois-chez-les-grande-section\\\/#primaryimage\",\"url\":\"https:\\\/\\\/bonsoleil.es\\\/web\\\/wp-content\\\/uploads\\\/2023\\\/01\\\/01_2_dest.jpg\",\"contentUrl\":\"https:\\\/\\\/bonsoleil.es\\\/web\\\/wp-content\\\/uploads\\\/2023\\\/01\\\/01_2_dest.jpg\",\"width\":2556,\"height\":1527},{\"@type\":\"BreadcrumbList\",\"@id\":\"https:\\\/\\\/bonsoleil.es\\\/es\\\/la-galette-des-rois-chez-les-grande-section\\\/#breadcrumb\",\"itemListElement\":[{\"@type\":\"ListItem\",\"position\":1,\"name\":\"Portada\",\"item\":\"https:\\\/\\\/bonsoleil.es\\\/es\\\/\"},{\"@type\":\"ListItem\",\"position\":2,\"name\":\"La galette des rois chez les Grande Section\"}]},{\"@type\":\"WebSite\",\"@id\":\"https:\\\/\\\/bonsoleil.es\\\/es\\\/#website\",\"url\":\"https:\\\/\\\/bonsoleil.es\\\/es\\\/\",\"name\":\"Lyc\u00e9e International Barcelona \u00b7 Bon Soleil\",\"description\":\"Lyc\u00e9e International Barcelona\",\"potentialAction\":[{\"@type\":\"SearchAction\",\"target\":{\"@type\":\"EntryPoint\",\"urlTemplate\":\"https:\\\/\\\/bonsoleil.es\\\/es\\\/?s={search_term_string}\"},\"query-input\":{\"@type\":\"PropertyValueSpecification\",\"valueRequired\":true,\"valueName\":\"search_term_string\"}}],\"inLanguage\":\"es\"},{\"@type\":\"Person\",\"@id\":\"https:\\\/\\\/bonsoleil.es\\\/es\\\/#\\\/schema\\\/person\\\/f90f9175af4fad9c626fd2873bc546ec\",\"name\":\"libbs\",\"image\":{\"@type\":\"ImageObject\",\"inLanguage\":\"es\",\"@id\":\"https:\\\/\\\/bonsoleil.es\\\/web\\\/wp-content\\\/litespeed\\\/avatar\\\/6719caedb5831fa7538835120a8121f8.jpg?ver=1777037754\",\"url\":\"https:\\\/\\\/bonsoleil.es\\\/web\\\/wp-content\\\/litespeed\\\/avatar\\\/6719caedb5831fa7538835120a8121f8.jpg?ver=1777037754\",\"contentUrl\":\"https:\\\/\\\/bonsoleil.es\\\/web\\\/wp-content\\\/litespeed\\\/avatar\\\/6719caedb5831fa7538835120a8121f8.jpg?ver=1777037754\",\"caption\":\"libbs\"},\"sameAs\":[\"http:\\\/\\\/localhost\\\/bonsoleil\\\/new_web\"],\"url\":\"https:\\\/\\\/bonsoleil.es\\\/es\\\/author\\\/libbs\\\/\"}]}<\/script>\n<!-- \/ Yoast SEO plugin. -->","yoast_head_json":{"title":"La galette des rois chez les Grande Section - Lyc\u00e9e International Barcelona \u00b7 Bon Soleil","robots":{"index":"index","follow":"follow","max-snippet":"max-snippet:-1","max-image-preview":"max-image-preview:large","max-video-preview":"max-video-preview:-1"},"canonical":"https:\/\/bonsoleil.es\/es\/la-galette-des-rois-chez-les-grande-section\/","og_locale":"es_ES","og_type":"article","og_title":"La galette des rois chez les Grande Section - Lyc\u00e9e International Barcelona \u00b7 Bon Soleil","og_description":"Lors du retour des vacances, les \u00e9l\u00e8ves de Grande Section ont travaill\u00e9 sur l\u2019album la Galette du Roi Loup, \u00e9crit par...","og_url":"https:\/\/bonsoleil.es\/es\/la-galette-des-rois-chez-les-grande-section\/","og_site_name":"Lyc\u00e9e International Barcelona \u00b7 Bon Soleil","article_publisher":"https:\/\/www.facebook.com\/libBonSoleil\/","article_published_time":"2023-01-23T19:00:00+00:00","article_modified_time":"2023-01-25T08:17:35+00:00","og_image":[{"width":2556,"height":1527,"url":"https:\/\/bonsoleil.es\/web\/wp-content\/uploads\/2023\/01\/01_2_dest.jpg","type":"image\/jpeg"}],"author":"libbs","twitter_card":"summary_large_image","twitter_creator":"@lib_bonsoleil","twitter_site":"@lib_bonsoleil","twitter_misc":{"Escrito por":"libbs","Tiempo de lectura":"2 minutos"},"schema":{"@context":"https:\/\/schema.org","@graph":[{"@type":"Article","@id":"https:\/\/bonsoleil.es\/es\/la-galette-des-rois-chez-les-grande-section\/#article","isPartOf":{"@id":"https:\/\/bonsoleil.es\/es\/la-galette-des-rois-chez-les-grande-section\/"},"author":{"name":"libbs","@id":"https:\/\/bonsoleil.es\/es\/#\/schema\/person\/f90f9175af4fad9c626fd2873bc546ec"},"headline":"La galette des rois chez les Grande Section","datePublished":"2023-01-23T19:00:00+00:00","dateModified":"2023-01-25T08:17:35+00:00","mainEntityOfPage":{"@id":"https:\/\/bonsoleil.es\/es\/la-galette-des-rois-chez-les-grande-section\/"},"wordCount":80,"image":{"@id":"https:\/\/bonsoleil.es\/es\/la-galette-des-rois-chez-les-grande-section\/#primaryimage"},"thumbnailUrl":"https:\/\/bonsoleil.es\/web\/wp-content\/uploads\/2023\/01\/01_2_dest.jpg","articleSection":["Primaire"],"inLanguage":"es"},{"@type":"WebPage","@id":"https:\/\/bonsoleil.es\/es\/la-galette-des-rois-chez-les-grande-section\/","url":"https:\/\/bonsoleil.es\/es\/la-galette-des-rois-chez-les-grande-section\/","name":"La galette des rois chez les Grande Section - Lyc\u00e9e International Barcelona \u00b7 Bon Soleil","isPartOf":{"@id":"https:\/\/bonsoleil.es\/es\/#website"},"primaryImageOfPage":{"@id":"https:\/\/bonsoleil.es\/es\/la-galette-des-rois-chez-les-grande-section\/#primaryimage"},"image":{"@id":"https:\/\/bonsoleil.es\/es\/la-galette-des-rois-chez-les-grande-section\/#primaryimage"},"thumbnailUrl":"https:\/\/bonsoleil.es\/web\/wp-content\/uploads\/2023\/01\/01_2_dest.jpg","datePublished":"2023-01-23T19:00:00+00:00","dateModified":"2023-01-25T08:17:35+00:00","author":{"@id":"https:\/\/bonsoleil.es\/es\/#\/schema\/person\/f90f9175af4fad9c626fd2873bc546ec"},"breadcrumb":{"@id":"https:\/\/bonsoleil.es\/es\/la-galette-des-rois-chez-les-grande-section\/#breadcrumb"},"inLanguage":"es","potentialAction":[{"@type":"ReadAction","target":["https:\/\/bonsoleil.es\/es\/la-galette-des-rois-chez-les-grande-section\/"]}]},{"@type":"ImageObject","inLanguage":"es","@id":"https:\/\/bonsoleil.es\/es\/la-galette-des-rois-chez-les-grande-section\/#primaryimage","url":"https:\/\/bonsoleil.es\/web\/wp-content\/uploads\/2023\/01\/01_2_dest.jpg","contentUrl":"https:\/\/bonsoleil.es\/web\/wp-content\/uploads\/2023\/01\/01_2_dest.jpg","width":2556,"height":1527},{"@type":"BreadcrumbList","@id":"https:\/\/bonsoleil.es\/es\/la-galette-des-rois-chez-les-grande-section\/#breadcrumb","itemListElement":[{"@type":"ListItem","position":1,"name":"Portada","item":"https:\/\/bonsoleil.es\/es\/"},{"@type":"ListItem","position":2,"name":"La galette des rois chez les Grande Section"}]},{"@type":"WebSite","@id":"https:\/\/bonsoleil.es\/es\/#website","url":"https:\/\/bonsoleil.es\/es\/","name":"Lyc\u00e9e International Barcelona \u00b7 Bon Soleil","description":"Lyc\u00e9e International Barcelona","potentialAction":[{"@type":"SearchAction","target":{"@type":"EntryPoint","urlTemplate":"https:\/\/bonsoleil.es\/es\/?s={search_term_string}"},"query-input":{"@type":"PropertyValueSpecification","valueRequired":true,"valueName":"search_term_string"}}],"inLanguage":"es"},{"@type":"Person","@id":"https:\/\/bonsoleil.es\/es\/#\/schema\/person\/f90f9175af4fad9c626fd2873bc546ec","name":"libbs","image":{"@type":"ImageObject","inLanguage":"es","@id":"https:\/\/bonsoleil.es\/web\/wp-content\/litespeed\/avatar\/6719caedb5831fa7538835120a8121f8.jpg?ver=1777037754","url":"https:\/\/bonsoleil.es\/web\/wp-content\/litespeed\/avatar\/6719caedb5831fa7538835120a8121f8.jpg?ver=1777037754","contentUrl":"https:\/\/bonsoleil.es\/web\/wp-content\/litespeed\/avatar\/6719caedb5831fa7538835120a8121f8.jpg?ver=1777037754","caption":"libbs"},"sameAs":["http:\/\/localhost\/bonsoleil\/new_web"],"url":"https:\/\/bonsoleil.es\/es\/author\/libbs\/"}]}},"_links":{"self":[{"href":"https:\/\/bonsoleil.es\/es\/wp-json\/wp\/v2\/posts\/110021","targetHints":{"allow":["GET"]}}],"collection":[{"href":"https:\/\/bonsoleil.es\/es\/wp-json\/wp\/v2\/posts"}],"about":[{"href":"https:\/\/bonsoleil.es\/es\/wp-json\/wp\/v2\/types\/post"}],"author":[{"embeddable":true,"href":"https:\/\/bonsoleil.es\/es\/wp-json\/wp\/v2\/users\/1"}],"replies":[{"embeddable":true,"href":"https:\/\/bonsoleil.es\/es\/wp-json\/wp\/v2\/comments?post=110021"}],"version-history":[{"count":4,"href":"https:\/\/bonsoleil.es\/es\/wp-json\/wp\/v2\/posts\/110021\/revisions"}],"predecessor-version":[{"id":110077,"href":"https:\/\/bonsoleil.es\/es\/wp-json\/wp\/v2\/posts\/110021\/revisions\/110077"}],"wp:featuredmedia":[{"embeddable":true,"href":"https:\/\/bonsoleil.es\/es\/wp-json\/wp\/v2\/media\/110071"}],"wp:attachment":[{"href":"https:\/\/bonsoleil.es\/es\/wp-json\/wp\/v2\/media?parent=110021"}],"wp:term":[{"taxonomy":"category","embeddable":true,"href":"https:\/\/bonsoleil.es\/es\/wp-json\/wp\/v2\/categories?post=110021"},{"taxonomy":"post_tag","embeddable":true,"href":"https:\/\/bonsoleil.es\/es\/wp-json\/wp\/v2\/tags?post=110021"}],"curies":[{"name":"wp","href":"https:\/\/api.w.org\/{rel}","templated":true}]}}