{"id":112062,"date":"2023-02-16T08:21:42","date_gmt":"2023-02-16T07:21:42","guid":{"rendered":"https:\/\/bonsoleil.es\/?p=112062"},"modified":"2023-02-16T08:21:43","modified_gmt":"2023-02-16T07:21:43","slug":"concours-affiches-de-carnaval","status":"publish","type":"post","link":"https:\/\/bonsoleil.es\/es\/concours-affiches-de-carnaval\/","title":{"rendered":"Concours affiches de Carnaval"},"content":{"rendered":"\n<p>Le comit\u00e9 \u00e9v\u00e9nementiel a le plaisir de vous pr\u00e9senter <strong>l&#8217;affiche gagnante<\/strong> du concours 2023! Elle a \u00e9t\u00e9  r\u00e9alis\u00e9e par In\u00e9s G. y Laia S. de CE2A<\/p>\n\n\n\n<p><strong>Les 4 finalistes sont:<\/strong><\/p>\n\n\n\n<ul class=\"wp-block-list\">\n<li>CE2D : Paula M., Mar S., Ivette G., Alba B., Olivia G.<\/li>\n\n\n\n<li>CE2 B ; Daniela B., Rafaela R., M\u00eda F., Faustine G., Julia R.<\/li>\n\n\n\n<li>CE2 C : Kenza S., Charline G., Lola N.,&nbsp; Valentina A.<\/li>\n<\/ul>\n\n\n\n<p>Tous les \u00e9l\u00e8ves de CE2 ont particip\u00e9 au concours.&nbsp;<\/p>\n\n\n\n<p>En classe, ils ont tout d&#8217;abord observ\u00e9 plusieurs affiches et ils ont appris les diff\u00e9rents \u00e9l\u00e9ments qui doivent la composer.<\/p>\n\n\n\n<p>Ils se sont ensuite organis\u00e9s par petits groupes pour la confection de leur affiche. Apr\u00e8s quelques s\u00e9ances de collaboration, d&#8217;imagination et&nbsp; de productions artistiques, vous pouvez observer les beaux r\u00e9sultats!<\/p>\n\n\n\n<p>Chaque classe a ensuite vot\u00e9 pour le finaliste de la classe voisine.<\/p>\n\n\n\n<p>Nous voulons f\u00e9liciter tous les participants pour leurs efforts.<\/p>\n\n\n\n<p>Un grand bravo aux finalistes et au grand gagnant.<\/p>\n\n\n\n<figure class=\"wp-block-gallery has-nested-images columns-default is-cropped wp-block-gallery-1 is-layout-flex wp-block-gallery-is-layout-flex\">\n<figure class=\"wp-block-image size-full\"><a href=\"https:\/\/bonsoleil.es\/web\/wp-content\/uploads\/2023\/02\/1-Medium-1.jpg\"><img loading=\"lazy\" decoding=\"async\" width=\"768\" height=\"768\" data-id=\"112067\" src=\"https:\/\/bonsoleil.es\/web\/wp-content\/uploads\/2023\/02\/1-Medium-1.jpg\" alt=\"\" class=\"wp-image-112067\" srcset=\"https:\/\/bonsoleil.es\/web\/wp-content\/uploads\/2023\/02\/1-Medium-1.jpg 768w, https:\/\/bonsoleil.es\/web\/wp-content\/uploads\/2023\/02\/1-Medium-1-250x250.jpg 250w, https:\/\/bonsoleil.es\/web\/wp-content\/uploads\/2023\/02\/1-Medium-1-700x700.jpg 700w, https:\/\/bonsoleil.es\/web\/wp-content\/uploads\/2023\/02\/1-Medium-1-150x150.jpg 150w, https:\/\/bonsoleil.es\/web\/wp-content\/uploads\/2023\/02\/1-Medium-1-120x120.jpg 120w\" sizes=\"auto, (max-width: 768px) 100vw, 768px\" \/><\/a><\/figure>\n\n\n\n<figure class=\"wp-block-image size-full\"><a href=\"https:\/\/bonsoleil.es\/web\/wp-content\/uploads\/2023\/02\/2-Medium.jpg\"><img loading=\"lazy\" decoding=\"async\" width=\"768\" height=\"768\" data-id=\"112075\" src=\"https:\/\/bonsoleil.es\/web\/wp-content\/uploads\/2023\/02\/2-Medium.jpg\" alt=\"\" class=\"wp-image-112075\" srcset=\"https:\/\/bonsoleil.es\/web\/wp-content\/uploads\/2023\/02\/2-Medium.jpg 768w, https:\/\/bonsoleil.es\/web\/wp-content\/uploads\/2023\/02\/2-Medium-250x250.jpg 250w, https:\/\/bonsoleil.es\/web\/wp-content\/uploads\/2023\/02\/2-Medium-700x700.jpg 700w, https:\/\/bonsoleil.es\/web\/wp-content\/uploads\/2023\/02\/2-Medium-150x150.jpg 150w, https:\/\/bonsoleil.es\/web\/wp-content\/uploads\/2023\/02\/2-Medium-120x120.jpg 120w\" sizes=\"auto, (max-width: 768px) 100vw, 768px\" \/><\/a><\/figure>\n\n\n\n<figure class=\"wp-block-image size-full\"><a href=\"https:\/\/bonsoleil.es\/web\/wp-content\/uploads\/2023\/02\/4-Medium.jpg\"><img loading=\"lazy\" decoding=\"async\" width=\"768\" height=\"768\" data-id=\"112079\" src=\"https:\/\/bonsoleil.es\/web\/wp-content\/uploads\/2023\/02\/4-Medium.jpg\" alt=\"\" class=\"wp-image-112079\" srcset=\"https:\/\/bonsoleil.es\/web\/wp-content\/uploads\/2023\/02\/4-Medium.jpg 768w, https:\/\/bonsoleil.es\/web\/wp-content\/uploads\/2023\/02\/4-Medium-250x250.jpg 250w, https:\/\/bonsoleil.es\/web\/wp-content\/uploads\/2023\/02\/4-Medium-700x700.jpg 700w, https:\/\/bonsoleil.es\/web\/wp-content\/uploads\/2023\/02\/4-Medium-150x150.jpg 150w, https:\/\/bonsoleil.es\/web\/wp-content\/uploads\/2023\/02\/4-Medium-120x120.jpg 120w\" sizes=\"auto, (max-width: 768px) 100vw, 768px\" \/><\/a><\/figure>\n\n\n\n<figure class=\"wp-block-image size-full\"><a href=\"https:\/\/bonsoleil.es\/web\/wp-content\/uploads\/2023\/02\/3-Medium-1.jpg\"><img loading=\"lazy\" decoding=\"async\" width=\"768\" height=\"768\" data-id=\"112071\" src=\"https:\/\/bonsoleil.es\/web\/wp-content\/uploads\/2023\/02\/3-Medium-1.jpg\" alt=\"\" class=\"wp-image-112071\" srcset=\"https:\/\/bonsoleil.es\/web\/wp-content\/uploads\/2023\/02\/3-Medium-1.jpg 768w, https:\/\/bonsoleil.es\/web\/wp-content\/uploads\/2023\/02\/3-Medium-1-250x250.jpg 250w, https:\/\/bonsoleil.es\/web\/wp-content\/uploads\/2023\/02\/3-Medium-1-700x700.jpg 700w, https:\/\/bonsoleil.es\/web\/wp-content\/uploads\/2023\/02\/3-Medium-1-150x150.jpg 150w, https:\/\/bonsoleil.es\/web\/wp-content\/uploads\/2023\/02\/3-Medium-1-120x120.jpg 120w\" sizes=\"auto, (max-width: 768px) 100vw, 768px\" \/><\/a><\/figure>\n\n\n\n<figure class=\"wp-block-image size-full\"><a href=\"https:\/\/bonsoleil.es\/web\/wp-content\/uploads\/2023\/02\/5-Medium.jpg\"><img loading=\"lazy\" decoding=\"async\" width=\"768\" height=\"768\" data-id=\"112063\" src=\"https:\/\/bonsoleil.es\/web\/wp-content\/uploads\/2023\/02\/5-Medium.jpg\" alt=\"\" class=\"wp-image-112063\" srcset=\"https:\/\/bonsoleil.es\/web\/wp-content\/uploads\/2023\/02\/5-Medium.jpg 768w, https:\/\/bonsoleil.es\/web\/wp-content\/uploads\/2023\/02\/5-Medium-250x250.jpg 250w, https:\/\/bonsoleil.es\/web\/wp-content\/uploads\/2023\/02\/5-Medium-700x700.jpg 700w, https:\/\/bonsoleil.es\/web\/wp-content\/uploads\/2023\/02\/5-Medium-150x150.jpg 150w, https:\/\/bonsoleil.es\/web\/wp-content\/uploads\/2023\/02\/5-Medium-120x120.jpg 120w\" sizes=\"auto, (max-width: 768px) 100vw, 768px\" \/><\/a><\/figure>\n<\/figure>\n\n\n\n<p><\/p>\n","protected":false},"excerpt":{"rendered":"Le comit\u00e9 \u00e9v\u00e9nementiel a le plaisir de vous pr\u00e9senter l&#8217;affiche gagnante du concours 2023! Elle a \u00e9t\u00e9  r\u00e9alis\u00e9e par In\u00e9s G. y Laia S. de CE2A","protected":false},"author":1,"featured_media":112067,"comment_status":"closed","ping_status":"closed","sticky":false,"template":"","format":"standard","meta":{"_acf_changed":false,"rs_blank_template":"","rs_page_bg_color":"","slide_template_v7":"","footnotes":"","_links_to":"","_links_to_target":""},"categories":[24,14],"tags":[],"class_list":["post-112062","post","type-post","status-publish","format-standard","has-post-thumbnail","hentry","category-ce2","category-primaire"],"acf":[],"yoast_head":"<!-- This site is optimized with the Yoast SEO plugin v27.4 - https:\/\/yoast.com\/product\/yoast-seo-wordpress\/ -->\n<title>Concours affiches de Carnaval - Lyc\u00e9e International Barcelona \u00b7 Bon Soleil<\/title>\n<meta name=\"robots\" content=\"index, follow, max-snippet:-1, max-image-preview:large, max-video-preview:-1\" \/>\n<link rel=\"canonical\" href=\"https:\/\/bonsoleil.es\/es\/concours-affiches-de-carnaval\/\" \/>\n<meta property=\"og:locale\" content=\"es_ES\" \/>\n<meta property=\"og:type\" content=\"article\" \/>\n<meta property=\"og:title\" content=\"Concours affiches de Carnaval - Lyc\u00e9e International Barcelona \u00b7 Bon Soleil\" \/>\n<meta property=\"og:description\" content=\"Le comit\u00e9 \u00e9v\u00e9nementiel a le plaisir de vous pr\u00e9senter l&#039;affiche gagnante du concours 2023! Elle a \u00e9t\u00e9 r\u00e9alis\u00e9e par In\u00e9s G. y Laia S. de CE2A\" \/>\n<meta property=\"og:url\" content=\"https:\/\/bonsoleil.es\/es\/concours-affiches-de-carnaval\/\" \/>\n<meta property=\"og:site_name\" content=\"Lyc\u00e9e International Barcelona \u00b7 Bon Soleil\" \/>\n<meta property=\"article:publisher\" content=\"https:\/\/www.facebook.com\/libBonSoleil\/\" \/>\n<meta property=\"article:published_time\" content=\"2023-02-16T07:21:42+00:00\" \/>\n<meta property=\"article:modified_time\" content=\"2023-02-16T07:21:43+00:00\" \/>\n<meta property=\"og:image\" content=\"https:\/\/bonsoleil.es\/web\/wp-content\/uploads\/2023\/02\/1-Medium-1.jpg\" \/>\n\t<meta property=\"og:image:width\" content=\"768\" \/>\n\t<meta property=\"og:image:height\" content=\"768\" \/>\n\t<meta property=\"og:image:type\" content=\"image\/jpeg\" \/>\n<meta name=\"author\" content=\"libbs\" \/>\n<meta name=\"twitter:card\" content=\"summary_large_image\" \/>\n<meta name=\"twitter:creator\" content=\"@lib_bonsoleil\" \/>\n<meta name=\"twitter:site\" content=\"@lib_bonsoleil\" \/>\n<meta name=\"twitter:label1\" content=\"Escrito por\" \/>\n\t<meta name=\"twitter:data1\" content=\"libbs\" \/>\n\t<meta name=\"twitter:label2\" content=\"Tiempo de lectura\" \/>\n\t<meta name=\"twitter:data2\" content=\"2 minutos\" \/>\n<script type=\"application\/ld+json\" class=\"yoast-schema-graph\">{\"@context\":\"https:\\\/\\\/schema.org\",\"@graph\":[{\"@type\":\"Article\",\"@id\":\"https:\\\/\\\/bonsoleil.es\\\/es\\\/concours-affiches-de-carnaval\\\/#article\",\"isPartOf\":{\"@id\":\"https:\\\/\\\/bonsoleil.es\\\/es\\\/concours-affiches-de-carnaval\\\/\"},\"author\":{\"name\":\"libbs\",\"@id\":\"https:\\\/\\\/bonsoleil.es\\\/es\\\/#\\\/schema\\\/person\\\/f90f9175af4fad9c626fd2873bc546ec\"},\"headline\":\"Concours affiches de Carnaval\",\"datePublished\":\"2023-02-16T07:21:42+00:00\",\"dateModified\":\"2023-02-16T07:21:43+00:00\",\"mainEntityOfPage\":{\"@id\":\"https:\\\/\\\/bonsoleil.es\\\/es\\\/concours-affiches-de-carnaval\\\/\"},\"wordCount\":176,\"image\":{\"@id\":\"https:\\\/\\\/bonsoleil.es\\\/es\\\/concours-affiches-de-carnaval\\\/#primaryimage\"},\"thumbnailUrl\":\"https:\\\/\\\/bonsoleil.es\\\/web\\\/wp-content\\\/uploads\\\/2023\\\/02\\\/1-Medium-1.jpg\",\"articleSection\":[\"CE2\",\"Primaire\"],\"inLanguage\":\"es\"},{\"@type\":\"WebPage\",\"@id\":\"https:\\\/\\\/bonsoleil.es\\\/es\\\/concours-affiches-de-carnaval\\\/\",\"url\":\"https:\\\/\\\/bonsoleil.es\\\/es\\\/concours-affiches-de-carnaval\\\/\",\"name\":\"Concours affiches de Carnaval - Lyc\u00e9e International Barcelona \u00b7 Bon Soleil\",\"isPartOf\":{\"@id\":\"https:\\\/\\\/bonsoleil.es\\\/es\\\/#website\"},\"primaryImageOfPage\":{\"@id\":\"https:\\\/\\\/bonsoleil.es\\\/es\\\/concours-affiches-de-carnaval\\\/#primaryimage\"},\"image\":{\"@id\":\"https:\\\/\\\/bonsoleil.es\\\/es\\\/concours-affiches-de-carnaval\\\/#primaryimage\"},\"thumbnailUrl\":\"https:\\\/\\\/bonsoleil.es\\\/web\\\/wp-content\\\/uploads\\\/2023\\\/02\\\/1-Medium-1.jpg\",\"datePublished\":\"2023-02-16T07:21:42+00:00\",\"dateModified\":\"2023-02-16T07:21:43+00:00\",\"author\":{\"@id\":\"https:\\\/\\\/bonsoleil.es\\\/es\\\/#\\\/schema\\\/person\\\/f90f9175af4fad9c626fd2873bc546ec\"},\"breadcrumb\":{\"@id\":\"https:\\\/\\\/bonsoleil.es\\\/es\\\/concours-affiches-de-carnaval\\\/#breadcrumb\"},\"inLanguage\":\"es\",\"potentialAction\":[{\"@type\":\"ReadAction\",\"target\":[\"https:\\\/\\\/bonsoleil.es\\\/es\\\/concours-affiches-de-carnaval\\\/\"]}]},{\"@type\":\"ImageObject\",\"inLanguage\":\"es\",\"@id\":\"https:\\\/\\\/bonsoleil.es\\\/es\\\/concours-affiches-de-carnaval\\\/#primaryimage\",\"url\":\"https:\\\/\\\/bonsoleil.es\\\/web\\\/wp-content\\\/uploads\\\/2023\\\/02\\\/1-Medium-1.jpg\",\"contentUrl\":\"https:\\\/\\\/bonsoleil.es\\\/web\\\/wp-content\\\/uploads\\\/2023\\\/02\\\/1-Medium-1.jpg\",\"width\":768,\"height\":768},{\"@type\":\"BreadcrumbList\",\"@id\":\"https:\\\/\\\/bonsoleil.es\\\/es\\\/concours-affiches-de-carnaval\\\/#breadcrumb\",\"itemListElement\":[{\"@type\":\"ListItem\",\"position\":1,\"name\":\"Portada\",\"item\":\"https:\\\/\\\/bonsoleil.es\\\/es\\\/\"},{\"@type\":\"ListItem\",\"position\":2,\"name\":\"Concours affiches de Carnaval\"}]},{\"@type\":\"WebSite\",\"@id\":\"https:\\\/\\\/bonsoleil.es\\\/es\\\/#website\",\"url\":\"https:\\\/\\\/bonsoleil.es\\\/es\\\/\",\"name\":\"Lyc\u00e9e International Barcelona \u00b7 Bon Soleil\",\"description\":\"Lyc\u00e9e International Barcelona\",\"potentialAction\":[{\"@type\":\"SearchAction\",\"target\":{\"@type\":\"EntryPoint\",\"urlTemplate\":\"https:\\\/\\\/bonsoleil.es\\\/es\\\/?s={search_term_string}\"},\"query-input\":{\"@type\":\"PropertyValueSpecification\",\"valueRequired\":true,\"valueName\":\"search_term_string\"}}],\"inLanguage\":\"es\"},{\"@type\":\"Person\",\"@id\":\"https:\\\/\\\/bonsoleil.es\\\/es\\\/#\\\/schema\\\/person\\\/f90f9175af4fad9c626fd2873bc546ec\",\"name\":\"libbs\",\"image\":{\"@type\":\"ImageObject\",\"inLanguage\":\"es\",\"@id\":\"https:\\\/\\\/bonsoleil.es\\\/web\\\/wp-content\\\/litespeed\\\/avatar\\\/6719caedb5831fa7538835120a8121f8.jpg?ver=1777037754\",\"url\":\"https:\\\/\\\/bonsoleil.es\\\/web\\\/wp-content\\\/litespeed\\\/avatar\\\/6719caedb5831fa7538835120a8121f8.jpg?ver=1777037754\",\"contentUrl\":\"https:\\\/\\\/bonsoleil.es\\\/web\\\/wp-content\\\/litespeed\\\/avatar\\\/6719caedb5831fa7538835120a8121f8.jpg?ver=1777037754\",\"caption\":\"libbs\"},\"sameAs\":[\"http:\\\/\\\/localhost\\\/bonsoleil\\\/new_web\"],\"url\":\"https:\\\/\\\/bonsoleil.es\\\/es\\\/author\\\/libbs\\\/\"}]}<\/script>\n<!-- \/ Yoast SEO plugin. -->","yoast_head_json":{"title":"Concours affiches de Carnaval - Lyc\u00e9e International Barcelona \u00b7 Bon Soleil","robots":{"index":"index","follow":"follow","max-snippet":"max-snippet:-1","max-image-preview":"max-image-preview:large","max-video-preview":"max-video-preview:-1"},"canonical":"https:\/\/bonsoleil.es\/es\/concours-affiches-de-carnaval\/","og_locale":"es_ES","og_type":"article","og_title":"Concours affiches de Carnaval - Lyc\u00e9e International Barcelona \u00b7 Bon Soleil","og_description":"Le comit\u00e9 \u00e9v\u00e9nementiel a le plaisir de vous pr\u00e9senter l'affiche gagnante du concours 2023! Elle a \u00e9t\u00e9 r\u00e9alis\u00e9e par In\u00e9s G. y Laia S. de CE2A","og_url":"https:\/\/bonsoleil.es\/es\/concours-affiches-de-carnaval\/","og_site_name":"Lyc\u00e9e International Barcelona \u00b7 Bon Soleil","article_publisher":"https:\/\/www.facebook.com\/libBonSoleil\/","article_published_time":"2023-02-16T07:21:42+00:00","article_modified_time":"2023-02-16T07:21:43+00:00","og_image":[{"width":768,"height":768,"url":"https:\/\/bonsoleil.es\/web\/wp-content\/uploads\/2023\/02\/1-Medium-1.jpg","type":"image\/jpeg"}],"author":"libbs","twitter_card":"summary_large_image","twitter_creator":"@lib_bonsoleil","twitter_site":"@lib_bonsoleil","twitter_misc":{"Escrito por":"libbs","Tiempo de lectura":"2 minutos"},"schema":{"@context":"https:\/\/schema.org","@graph":[{"@type":"Article","@id":"https:\/\/bonsoleil.es\/es\/concours-affiches-de-carnaval\/#article","isPartOf":{"@id":"https:\/\/bonsoleil.es\/es\/concours-affiches-de-carnaval\/"},"author":{"name":"libbs","@id":"https:\/\/bonsoleil.es\/es\/#\/schema\/person\/f90f9175af4fad9c626fd2873bc546ec"},"headline":"Concours affiches de Carnaval","datePublished":"2023-02-16T07:21:42+00:00","dateModified":"2023-02-16T07:21:43+00:00","mainEntityOfPage":{"@id":"https:\/\/bonsoleil.es\/es\/concours-affiches-de-carnaval\/"},"wordCount":176,"image":{"@id":"https:\/\/bonsoleil.es\/es\/concours-affiches-de-carnaval\/#primaryimage"},"thumbnailUrl":"https:\/\/bonsoleil.es\/web\/wp-content\/uploads\/2023\/02\/1-Medium-1.jpg","articleSection":["CE2","Primaire"],"inLanguage":"es"},{"@type":"WebPage","@id":"https:\/\/bonsoleil.es\/es\/concours-affiches-de-carnaval\/","url":"https:\/\/bonsoleil.es\/es\/concours-affiches-de-carnaval\/","name":"Concours affiches de Carnaval - Lyc\u00e9e International Barcelona \u00b7 Bon Soleil","isPartOf":{"@id":"https:\/\/bonsoleil.es\/es\/#website"},"primaryImageOfPage":{"@id":"https:\/\/bonsoleil.es\/es\/concours-affiches-de-carnaval\/#primaryimage"},"image":{"@id":"https:\/\/bonsoleil.es\/es\/concours-affiches-de-carnaval\/#primaryimage"},"thumbnailUrl":"https:\/\/bonsoleil.es\/web\/wp-content\/uploads\/2023\/02\/1-Medium-1.jpg","datePublished":"2023-02-16T07:21:42+00:00","dateModified":"2023-02-16T07:21:43+00:00","author":{"@id":"https:\/\/bonsoleil.es\/es\/#\/schema\/person\/f90f9175af4fad9c626fd2873bc546ec"},"breadcrumb":{"@id":"https:\/\/bonsoleil.es\/es\/concours-affiches-de-carnaval\/#breadcrumb"},"inLanguage":"es","potentialAction":[{"@type":"ReadAction","target":["https:\/\/bonsoleil.es\/es\/concours-affiches-de-carnaval\/"]}]},{"@type":"ImageObject","inLanguage":"es","@id":"https:\/\/bonsoleil.es\/es\/concours-affiches-de-carnaval\/#primaryimage","url":"https:\/\/bonsoleil.es\/web\/wp-content\/uploads\/2023\/02\/1-Medium-1.jpg","contentUrl":"https:\/\/bonsoleil.es\/web\/wp-content\/uploads\/2023\/02\/1-Medium-1.jpg","width":768,"height":768},{"@type":"BreadcrumbList","@id":"https:\/\/bonsoleil.es\/es\/concours-affiches-de-carnaval\/#breadcrumb","itemListElement":[{"@type":"ListItem","position":1,"name":"Portada","item":"https:\/\/bonsoleil.es\/es\/"},{"@type":"ListItem","position":2,"name":"Concours affiches de Carnaval"}]},{"@type":"WebSite","@id":"https:\/\/bonsoleil.es\/es\/#website","url":"https:\/\/bonsoleil.es\/es\/","name":"Lyc\u00e9e International Barcelona \u00b7 Bon Soleil","description":"Lyc\u00e9e International Barcelona","potentialAction":[{"@type":"SearchAction","target":{"@type":"EntryPoint","urlTemplate":"https:\/\/bonsoleil.es\/es\/?s={search_term_string}"},"query-input":{"@type":"PropertyValueSpecification","valueRequired":true,"valueName":"search_term_string"}}],"inLanguage":"es"},{"@type":"Person","@id":"https:\/\/bonsoleil.es\/es\/#\/schema\/person\/f90f9175af4fad9c626fd2873bc546ec","name":"libbs","image":{"@type":"ImageObject","inLanguage":"es","@id":"https:\/\/bonsoleil.es\/web\/wp-content\/litespeed\/avatar\/6719caedb5831fa7538835120a8121f8.jpg?ver=1777037754","url":"https:\/\/bonsoleil.es\/web\/wp-content\/litespeed\/avatar\/6719caedb5831fa7538835120a8121f8.jpg?ver=1777037754","contentUrl":"https:\/\/bonsoleil.es\/web\/wp-content\/litespeed\/avatar\/6719caedb5831fa7538835120a8121f8.jpg?ver=1777037754","caption":"libbs"},"sameAs":["http:\/\/localhost\/bonsoleil\/new_web"],"url":"https:\/\/bonsoleil.es\/es\/author\/libbs\/"}]}},"_links":{"self":[{"href":"https:\/\/bonsoleil.es\/es\/wp-json\/wp\/v2\/posts\/112062","targetHints":{"allow":["GET"]}}],"collection":[{"href":"https:\/\/bonsoleil.es\/es\/wp-json\/wp\/v2\/posts"}],"about":[{"href":"https:\/\/bonsoleil.es\/es\/wp-json\/wp\/v2\/types\/post"}],"author":[{"embeddable":true,"href":"https:\/\/bonsoleil.es\/es\/wp-json\/wp\/v2\/users\/1"}],"replies":[{"embeddable":true,"href":"https:\/\/bonsoleil.es\/es\/wp-json\/wp\/v2\/comments?post=112062"}],"version-history":[{"count":1,"href":"https:\/\/bonsoleil.es\/es\/wp-json\/wp\/v2\/posts\/112062\/revisions"}],"predecessor-version":[{"id":112083,"href":"https:\/\/bonsoleil.es\/es\/wp-json\/wp\/v2\/posts\/112062\/revisions\/112083"}],"wp:featuredmedia":[{"embeddable":true,"href":"https:\/\/bonsoleil.es\/es\/wp-json\/wp\/v2\/media\/112067"}],"wp:attachment":[{"href":"https:\/\/bonsoleil.es\/es\/wp-json\/wp\/v2\/media?parent=112062"}],"wp:term":[{"taxonomy":"category","embeddable":true,"href":"https:\/\/bonsoleil.es\/es\/wp-json\/wp\/v2\/categories?post=112062"},{"taxonomy":"post_tag","embeddable":true,"href":"https:\/\/bonsoleil.es\/es\/wp-json\/wp\/v2\/tags?post=112062"}],"curies":[{"name":"wp","href":"https:\/\/api.w.org\/{rel}","templated":true}]}}