{"id":116767,"date":"2023-10-31T17:08:38","date_gmt":"2023-10-31T16:08:38","guid":{"rendered":"https:\/\/bonsoleil.es\/?p=116767"},"modified":"2023-10-31T17:08:39","modified_gmt":"2023-10-31T16:08:39","slug":"exposes-sur-la-peinture-realiste","status":"publish","type":"post","link":"https:\/\/bonsoleil.es\/es\/exposes-sur-la-peinture-realiste\/","title":{"rendered":"Exposes sur la peinture realiste"},"content":{"rendered":"\n<p>Les \u00e9l\u00e8ves de 4\u00e8me pr\u00e9sentent les r\u00e9sultats de leurs recherches sur la peinture r\u00e9aliste en classe de fran\u00e7ais. Apr\u00e8s avoir suivi une m\u00e9thode d&#8217;analyse d\u2019images, chaque groupe s\u00e9lectionne une \u0153uvre du XIX\u00e8me si\u00e8cle \u00e0 son go\u00fbt ou fait son choix parmi une liste fournie par le professeur. L\u2019objectif : faire le lien entre la litt\u00e9rature r\u00e9aliste, en particulier les nouvelles de Guy de Maupassant \u00e9tudi\u00e9es en classe, et l&#8217;art r\u00e9aliste de la m\u00eame \u00e9poque. Une mani\u00e8re passionnante d&#8217;approfondir leur compr\u00e9hension de ce mouvement artistique et litt\u00e9raire apparu en France en 1850, ainsi que de renforcer l\u2019expression orale en fran\u00e7ais.<br>__<br>\ud835\udde3\ud835\udde5\ud835\uddd8\ud835\udde6\ud835\uddd8\ud835\udde1\ud835\udde7\ud835\uddd4\ud835\uddd6\ud835\udddc\ud835\udde2\ud835\udde1\ud835\uddd8\ud835\udde6 \ud835\udde6\ud835\udde2\ud835\uddd5\ud835\udde5\ud835\uddd8 \ud835\udde3\ud835\udddc\ud835\udde1\ud835\udde7\ud835\udde8\ud835\udde5\ud835\uddd4 \ud835\udde5\ud835\uddd8\ud835\uddd4\ud835\udddf\ud835\udddc\ud835\udde6\ud835\udde7\ud835\uddd4 | Los alumnos de 4\u00e8me presentan en clase de franc\u00e9s los resultados de sus investigaciones sobre la pintura realista. Tras seguir un m\u00e9todo de an\u00e1lisis de im\u00e1genes, cada grupo ha seleccionado una obra del siglo XIX a su gusto o bien la han elegido de una lista proporcionada por el profesor. El objetivo es establecer un v\u00ednculo entre la literatura realista, en particular los cuentos de Guy de Maupassant estudiados en clase, y el arte realista de la misma \u00e9poca. Es una forma apasionante de que los alumnos profundicen en el conocimiento de este movimiento art\u00edstico y literario surgido en Francia en 1850, y de que mejoren su capacidad de expresi\u00f3n oral en franc\u00e9s.<\/p>\n\n\n\n<figure class=\"wp-block-gallery has-nested-images columns-2 is-cropped wp-block-gallery-1 is-layout-flex wp-block-gallery-is-layout-flex\">\n<figure class=\"wp-block-image size-large\"><a href=\"https:\/\/bonsoleil.es\/web\/wp-content\/uploads\/2023\/10\/1-25.jpg\"><img decoding=\"async\" data-id=\"116768\" src=\"https:\/\/bonsoleil.es\/web\/wp-content\/uploads\/2023\/10\/1-25-700x700.jpg\" alt=\"\" class=\"wp-image-116768\"\/><\/a><\/figure>\n\n\n\n<figure class=\"wp-block-image size-large\"><a href=\"https:\/\/bonsoleil.es\/web\/wp-content\/uploads\/2023\/10\/2-24.jpg\"><img loading=\"lazy\" decoding=\"async\" width=\"700\" height=\"700\" data-id=\"116772\" src=\"https:\/\/bonsoleil.es\/web\/wp-content\/uploads\/2023\/10\/2-24-700x700.jpg\" alt=\"\" class=\"wp-image-116772\" srcset=\"https:\/\/bonsoleil.es\/web\/wp-content\/uploads\/2023\/10\/2-24-700x700.jpg 700w, https:\/\/bonsoleil.es\/web\/wp-content\/uploads\/2023\/10\/2-24-250x250.jpg 250w, https:\/\/bonsoleil.es\/web\/wp-content\/uploads\/2023\/10\/2-24-150x150.jpg 150w, https:\/\/bonsoleil.es\/web\/wp-content\/uploads\/2023\/10\/2-24-768x768.jpg 768w, https:\/\/bonsoleil.es\/web\/wp-content\/uploads\/2023\/10\/2-24-120x120.jpg 120w, https:\/\/bonsoleil.es\/web\/wp-content\/uploads\/2023\/10\/2-24.jpg 1080w\" sizes=\"auto, (max-width: 700px) 100vw, 700px\" \/><\/a><\/figure>\n\n\n\n<figure class=\"wp-block-image size-large\"><a href=\"https:\/\/bonsoleil.es\/web\/wp-content\/uploads\/2023\/10\/3-25.jpg\"><img loading=\"lazy\" decoding=\"async\" width=\"700\" height=\"700\" data-id=\"116776\" src=\"https:\/\/bonsoleil.es\/web\/wp-content\/uploads\/2023\/10\/3-25-700x700.jpg\" alt=\"\" class=\"wp-image-116776\" srcset=\"https:\/\/bonsoleil.es\/web\/wp-content\/uploads\/2023\/10\/3-25-700x700.jpg 700w, https:\/\/bonsoleil.es\/web\/wp-content\/uploads\/2023\/10\/3-25-250x250.jpg 250w, https:\/\/bonsoleil.es\/web\/wp-content\/uploads\/2023\/10\/3-25-150x150.jpg 150w, https:\/\/bonsoleil.es\/web\/wp-content\/uploads\/2023\/10\/3-25-768x768.jpg 768w, https:\/\/bonsoleil.es\/web\/wp-content\/uploads\/2023\/10\/3-25-120x120.jpg 120w, https:\/\/bonsoleil.es\/web\/wp-content\/uploads\/2023\/10\/3-25.jpg 1080w\" sizes=\"auto, (max-width: 700px) 100vw, 700px\" \/><\/a><\/figure>\n\n\n\n<figure class=\"wp-block-image size-large\"><a href=\"https:\/\/bonsoleil.es\/web\/wp-content\/uploads\/2023\/10\/4-23.jpg\"><img loading=\"lazy\" decoding=\"async\" width=\"700\" height=\"700\" data-id=\"116780\" src=\"https:\/\/bonsoleil.es\/web\/wp-content\/uploads\/2023\/10\/4-23-700x700.jpg\" alt=\"\" class=\"wp-image-116780\" srcset=\"https:\/\/bonsoleil.es\/web\/wp-content\/uploads\/2023\/10\/4-23-700x700.jpg 700w, https:\/\/bonsoleil.es\/web\/wp-content\/uploads\/2023\/10\/4-23-250x250.jpg 250w, https:\/\/bonsoleil.es\/web\/wp-content\/uploads\/2023\/10\/4-23-150x150.jpg 150w, https:\/\/bonsoleil.es\/web\/wp-content\/uploads\/2023\/10\/4-23-768x768.jpg 768w, https:\/\/bonsoleil.es\/web\/wp-content\/uploads\/2023\/10\/4-23-120x120.jpg 120w, https:\/\/bonsoleil.es\/web\/wp-content\/uploads\/2023\/10\/4-23.jpg 1080w\" sizes=\"auto, (max-width: 700px) 100vw, 700px\" \/><\/a><\/figure>\n<\/figure>\n","protected":false},"excerpt":{"rendered":"Les \u00e9l\u00e8ves de 4\u00e8me pr\u00e9sentent les r\u00e9sultats de leurs recherches sur la peinture r\u00e9aliste en classe de fran\u00e7ais. ","protected":false},"author":1,"featured_media":116768,"comment_status":"closed","ping_status":"open","sticky":false,"template":"","format":"standard","meta":{"_acf_changed":false,"rs_blank_template":"","rs_page_bg_color":"","slide_template_v7":"","footnotes":"","_links_to":"","_links_to_target":""},"categories":[19,9],"tags":[],"class_list":["post-116767","post","type-post","status-publish","format-standard","has-post-thumbnail","hentry","category-4eme","category-secondaire"],"acf":[],"yoast_head":"<!-- This site is optimized with the Yoast SEO plugin v27.4 - https:\/\/yoast.com\/product\/yoast-seo-wordpress\/ -->\n<title>Exposes sur la peinture realiste - Lyc\u00e9e International Barcelona \u00b7 Bon Soleil<\/title>\n<meta name=\"robots\" content=\"index, follow, max-snippet:-1, max-image-preview:large, max-video-preview:-1\" \/>\n<link rel=\"canonical\" href=\"https:\/\/bonsoleil.es\/es\/exposes-sur-la-peinture-realiste\/\" \/>\n<meta property=\"og:locale\" content=\"es_ES\" \/>\n<meta property=\"og:type\" content=\"article\" \/>\n<meta property=\"og:title\" content=\"Exposes sur la peinture realiste - Lyc\u00e9e International Barcelona \u00b7 Bon Soleil\" \/>\n<meta property=\"og:description\" content=\"Les \u00e9l\u00e8ves de 4\u00e8me pr\u00e9sentent les r\u00e9sultats de leurs recherches sur la peinture r\u00e9aliste en classe de fran\u00e7ais.\" \/>\n<meta property=\"og:url\" content=\"https:\/\/bonsoleil.es\/es\/exposes-sur-la-peinture-realiste\/\" \/>\n<meta property=\"og:site_name\" content=\"Lyc\u00e9e International Barcelona \u00b7 Bon Soleil\" \/>\n<meta property=\"article:publisher\" content=\"https:\/\/www.facebook.com\/libBonSoleil\/\" \/>\n<meta property=\"article:published_time\" content=\"2023-10-31T16:08:38+00:00\" \/>\n<meta property=\"article:modified_time\" content=\"2023-10-31T16:08:39+00:00\" \/>\n<meta property=\"og:image\" content=\"https:\/\/bonsoleil.es\/web\/wp-content\/uploads\/2023\/10\/1-25-e1698768512915.jpg\" \/>\n\t<meta property=\"og:image:width\" content=\"1080\" \/>\n\t<meta property=\"og:image:height\" content=\"718\" \/>\n\t<meta property=\"og:image:type\" content=\"image\/jpeg\" \/>\n<meta name=\"author\" content=\"libbs\" \/>\n<meta name=\"twitter:card\" content=\"summary_large_image\" \/>\n<meta name=\"twitter:creator\" content=\"@lib_bonsoleil\" \/>\n<meta name=\"twitter:site\" content=\"@lib_bonsoleil\" \/>\n<meta name=\"twitter:label1\" content=\"Escrito por\" \/>\n\t<meta name=\"twitter:data1\" content=\"libbs\" \/>\n\t<meta name=\"twitter:label2\" content=\"Tiempo de lectura\" \/>\n\t<meta name=\"twitter:data2\" content=\"2 minutos\" \/>\n<script type=\"application\/ld+json\" class=\"yoast-schema-graph\">{\"@context\":\"https:\\\/\\\/schema.org\",\"@graph\":[{\"@type\":\"Article\",\"@id\":\"https:\\\/\\\/bonsoleil.es\\\/es\\\/exposes-sur-la-peinture-realiste\\\/#article\",\"isPartOf\":{\"@id\":\"https:\\\/\\\/bonsoleil.es\\\/es\\\/exposes-sur-la-peinture-realiste\\\/\"},\"author\":{\"name\":\"libbs\",\"@id\":\"https:\\\/\\\/bonsoleil.es\\\/es\\\/#\\\/schema\\\/person\\\/f90f9175af4fad9c626fd2873bc546ec\"},\"headline\":\"Exposes sur la peinture realiste\",\"datePublished\":\"2023-10-31T16:08:38+00:00\",\"dateModified\":\"2023-10-31T16:08:39+00:00\",\"mainEntityOfPage\":{\"@id\":\"https:\\\/\\\/bonsoleil.es\\\/es\\\/exposes-sur-la-peinture-realiste\\\/\"},\"wordCount\":247,\"image\":{\"@id\":\"https:\\\/\\\/bonsoleil.es\\\/es\\\/exposes-sur-la-peinture-realiste\\\/#primaryimage\"},\"thumbnailUrl\":\"https:\\\/\\\/bonsoleil.es\\\/web\\\/wp-content\\\/uploads\\\/2023\\\/10\\\/1-25-e1698768512915.jpg\",\"articleSection\":[\"4\u00e8me\",\"Secondaire\"],\"inLanguage\":\"es\"},{\"@type\":\"WebPage\",\"@id\":\"https:\\\/\\\/bonsoleil.es\\\/es\\\/exposes-sur-la-peinture-realiste\\\/\",\"url\":\"https:\\\/\\\/bonsoleil.es\\\/es\\\/exposes-sur-la-peinture-realiste\\\/\",\"name\":\"Exposes sur la peinture realiste - Lyc\u00e9e International Barcelona \u00b7 Bon Soleil\",\"isPartOf\":{\"@id\":\"https:\\\/\\\/bonsoleil.es\\\/es\\\/#website\"},\"primaryImageOfPage\":{\"@id\":\"https:\\\/\\\/bonsoleil.es\\\/es\\\/exposes-sur-la-peinture-realiste\\\/#primaryimage\"},\"image\":{\"@id\":\"https:\\\/\\\/bonsoleil.es\\\/es\\\/exposes-sur-la-peinture-realiste\\\/#primaryimage\"},\"thumbnailUrl\":\"https:\\\/\\\/bonsoleil.es\\\/web\\\/wp-content\\\/uploads\\\/2023\\\/10\\\/1-25-e1698768512915.jpg\",\"datePublished\":\"2023-10-31T16:08:38+00:00\",\"dateModified\":\"2023-10-31T16:08:39+00:00\",\"author\":{\"@id\":\"https:\\\/\\\/bonsoleil.es\\\/es\\\/#\\\/schema\\\/person\\\/f90f9175af4fad9c626fd2873bc546ec\"},\"breadcrumb\":{\"@id\":\"https:\\\/\\\/bonsoleil.es\\\/es\\\/exposes-sur-la-peinture-realiste\\\/#breadcrumb\"},\"inLanguage\":\"es\",\"potentialAction\":[{\"@type\":\"ReadAction\",\"target\":[\"https:\\\/\\\/bonsoleil.es\\\/es\\\/exposes-sur-la-peinture-realiste\\\/\"]}]},{\"@type\":\"ImageObject\",\"inLanguage\":\"es\",\"@id\":\"https:\\\/\\\/bonsoleil.es\\\/es\\\/exposes-sur-la-peinture-realiste\\\/#primaryimage\",\"url\":\"https:\\\/\\\/bonsoleil.es\\\/web\\\/wp-content\\\/uploads\\\/2023\\\/10\\\/1-25-e1698768512915.jpg\",\"contentUrl\":\"https:\\\/\\\/bonsoleil.es\\\/web\\\/wp-content\\\/uploads\\\/2023\\\/10\\\/1-25-e1698768512915.jpg\",\"width\":1080,\"height\":718},{\"@type\":\"BreadcrumbList\",\"@id\":\"https:\\\/\\\/bonsoleil.es\\\/es\\\/exposes-sur-la-peinture-realiste\\\/#breadcrumb\",\"itemListElement\":[{\"@type\":\"ListItem\",\"position\":1,\"name\":\"Portada\",\"item\":\"https:\\\/\\\/bonsoleil.es\\\/es\\\/\"},{\"@type\":\"ListItem\",\"position\":2,\"name\":\"Exposes sur la peinture realiste\"}]},{\"@type\":\"WebSite\",\"@id\":\"https:\\\/\\\/bonsoleil.es\\\/es\\\/#website\",\"url\":\"https:\\\/\\\/bonsoleil.es\\\/es\\\/\",\"name\":\"Lyc\u00e9e International Barcelona \u00b7 Bon Soleil\",\"description\":\"Lyc\u00e9e International Barcelona\",\"potentialAction\":[{\"@type\":\"SearchAction\",\"target\":{\"@type\":\"EntryPoint\",\"urlTemplate\":\"https:\\\/\\\/bonsoleil.es\\\/es\\\/?s={search_term_string}\"},\"query-input\":{\"@type\":\"PropertyValueSpecification\",\"valueRequired\":true,\"valueName\":\"search_term_string\"}}],\"inLanguage\":\"es\"},{\"@type\":\"Person\",\"@id\":\"https:\\\/\\\/bonsoleil.es\\\/es\\\/#\\\/schema\\\/person\\\/f90f9175af4fad9c626fd2873bc546ec\",\"name\":\"libbs\",\"image\":{\"@type\":\"ImageObject\",\"inLanguage\":\"es\",\"@id\":\"https:\\\/\\\/bonsoleil.es\\\/web\\\/wp-content\\\/litespeed\\\/avatar\\\/6719caedb5831fa7538835120a8121f8.jpg?ver=1777037754\",\"url\":\"https:\\\/\\\/bonsoleil.es\\\/web\\\/wp-content\\\/litespeed\\\/avatar\\\/6719caedb5831fa7538835120a8121f8.jpg?ver=1777037754\",\"contentUrl\":\"https:\\\/\\\/bonsoleil.es\\\/web\\\/wp-content\\\/litespeed\\\/avatar\\\/6719caedb5831fa7538835120a8121f8.jpg?ver=1777037754\",\"caption\":\"libbs\"},\"sameAs\":[\"http:\\\/\\\/localhost\\\/bonsoleil\\\/new_web\"],\"url\":\"https:\\\/\\\/bonsoleil.es\\\/es\\\/author\\\/libbs\\\/\"}]}<\/script>\n<!-- \/ Yoast SEO plugin. -->","yoast_head_json":{"title":"Exposes sur la peinture realiste - Lyc\u00e9e International Barcelona \u00b7 Bon Soleil","robots":{"index":"index","follow":"follow","max-snippet":"max-snippet:-1","max-image-preview":"max-image-preview:large","max-video-preview":"max-video-preview:-1"},"canonical":"https:\/\/bonsoleil.es\/es\/exposes-sur-la-peinture-realiste\/","og_locale":"es_ES","og_type":"article","og_title":"Exposes sur la peinture realiste - Lyc\u00e9e International Barcelona \u00b7 Bon Soleil","og_description":"Les \u00e9l\u00e8ves de 4\u00e8me pr\u00e9sentent les r\u00e9sultats de leurs recherches sur la peinture r\u00e9aliste en classe de fran\u00e7ais.","og_url":"https:\/\/bonsoleil.es\/es\/exposes-sur-la-peinture-realiste\/","og_site_name":"Lyc\u00e9e International Barcelona \u00b7 Bon Soleil","article_publisher":"https:\/\/www.facebook.com\/libBonSoleil\/","article_published_time":"2023-10-31T16:08:38+00:00","article_modified_time":"2023-10-31T16:08:39+00:00","og_image":[{"width":1080,"height":718,"url":"https:\/\/bonsoleil.es\/web\/wp-content\/uploads\/2023\/10\/1-25-e1698768512915.jpg","type":"image\/jpeg"}],"author":"libbs","twitter_card":"summary_large_image","twitter_creator":"@lib_bonsoleil","twitter_site":"@lib_bonsoleil","twitter_misc":{"Escrito por":"libbs","Tiempo de lectura":"2 minutos"},"schema":{"@context":"https:\/\/schema.org","@graph":[{"@type":"Article","@id":"https:\/\/bonsoleil.es\/es\/exposes-sur-la-peinture-realiste\/#article","isPartOf":{"@id":"https:\/\/bonsoleil.es\/es\/exposes-sur-la-peinture-realiste\/"},"author":{"name":"libbs","@id":"https:\/\/bonsoleil.es\/es\/#\/schema\/person\/f90f9175af4fad9c626fd2873bc546ec"},"headline":"Exposes sur la peinture realiste","datePublished":"2023-10-31T16:08:38+00:00","dateModified":"2023-10-31T16:08:39+00:00","mainEntityOfPage":{"@id":"https:\/\/bonsoleil.es\/es\/exposes-sur-la-peinture-realiste\/"},"wordCount":247,"image":{"@id":"https:\/\/bonsoleil.es\/es\/exposes-sur-la-peinture-realiste\/#primaryimage"},"thumbnailUrl":"https:\/\/bonsoleil.es\/web\/wp-content\/uploads\/2023\/10\/1-25-e1698768512915.jpg","articleSection":["4\u00e8me","Secondaire"],"inLanguage":"es"},{"@type":"WebPage","@id":"https:\/\/bonsoleil.es\/es\/exposes-sur-la-peinture-realiste\/","url":"https:\/\/bonsoleil.es\/es\/exposes-sur-la-peinture-realiste\/","name":"Exposes sur la peinture realiste - Lyc\u00e9e International Barcelona \u00b7 Bon Soleil","isPartOf":{"@id":"https:\/\/bonsoleil.es\/es\/#website"},"primaryImageOfPage":{"@id":"https:\/\/bonsoleil.es\/es\/exposes-sur-la-peinture-realiste\/#primaryimage"},"image":{"@id":"https:\/\/bonsoleil.es\/es\/exposes-sur-la-peinture-realiste\/#primaryimage"},"thumbnailUrl":"https:\/\/bonsoleil.es\/web\/wp-content\/uploads\/2023\/10\/1-25-e1698768512915.jpg","datePublished":"2023-10-31T16:08:38+00:00","dateModified":"2023-10-31T16:08:39+00:00","author":{"@id":"https:\/\/bonsoleil.es\/es\/#\/schema\/person\/f90f9175af4fad9c626fd2873bc546ec"},"breadcrumb":{"@id":"https:\/\/bonsoleil.es\/es\/exposes-sur-la-peinture-realiste\/#breadcrumb"},"inLanguage":"es","potentialAction":[{"@type":"ReadAction","target":["https:\/\/bonsoleil.es\/es\/exposes-sur-la-peinture-realiste\/"]}]},{"@type":"ImageObject","inLanguage":"es","@id":"https:\/\/bonsoleil.es\/es\/exposes-sur-la-peinture-realiste\/#primaryimage","url":"https:\/\/bonsoleil.es\/web\/wp-content\/uploads\/2023\/10\/1-25-e1698768512915.jpg","contentUrl":"https:\/\/bonsoleil.es\/web\/wp-content\/uploads\/2023\/10\/1-25-e1698768512915.jpg","width":1080,"height":718},{"@type":"BreadcrumbList","@id":"https:\/\/bonsoleil.es\/es\/exposes-sur-la-peinture-realiste\/#breadcrumb","itemListElement":[{"@type":"ListItem","position":1,"name":"Portada","item":"https:\/\/bonsoleil.es\/es\/"},{"@type":"ListItem","position":2,"name":"Exposes sur la peinture realiste"}]},{"@type":"WebSite","@id":"https:\/\/bonsoleil.es\/es\/#website","url":"https:\/\/bonsoleil.es\/es\/","name":"Lyc\u00e9e International Barcelona \u00b7 Bon Soleil","description":"Lyc\u00e9e International Barcelona","potentialAction":[{"@type":"SearchAction","target":{"@type":"EntryPoint","urlTemplate":"https:\/\/bonsoleil.es\/es\/?s={search_term_string}"},"query-input":{"@type":"PropertyValueSpecification","valueRequired":true,"valueName":"search_term_string"}}],"inLanguage":"es"},{"@type":"Person","@id":"https:\/\/bonsoleil.es\/es\/#\/schema\/person\/f90f9175af4fad9c626fd2873bc546ec","name":"libbs","image":{"@type":"ImageObject","inLanguage":"es","@id":"https:\/\/bonsoleil.es\/web\/wp-content\/litespeed\/avatar\/6719caedb5831fa7538835120a8121f8.jpg?ver=1777037754","url":"https:\/\/bonsoleil.es\/web\/wp-content\/litespeed\/avatar\/6719caedb5831fa7538835120a8121f8.jpg?ver=1777037754","contentUrl":"https:\/\/bonsoleil.es\/web\/wp-content\/litespeed\/avatar\/6719caedb5831fa7538835120a8121f8.jpg?ver=1777037754","caption":"libbs"},"sameAs":["http:\/\/localhost\/bonsoleil\/new_web"],"url":"https:\/\/bonsoleil.es\/es\/author\/libbs\/"}]}},"_links":{"self":[{"href":"https:\/\/bonsoleil.es\/es\/wp-json\/wp\/v2\/posts\/116767","targetHints":{"allow":["GET"]}}],"collection":[{"href":"https:\/\/bonsoleil.es\/es\/wp-json\/wp\/v2\/posts"}],"about":[{"href":"https:\/\/bonsoleil.es\/es\/wp-json\/wp\/v2\/types\/post"}],"author":[{"embeddable":true,"href":"https:\/\/bonsoleil.es\/es\/wp-json\/wp\/v2\/users\/1"}],"replies":[{"embeddable":true,"href":"https:\/\/bonsoleil.es\/es\/wp-json\/wp\/v2\/comments?post=116767"}],"version-history":[{"count":1,"href":"https:\/\/bonsoleil.es\/es\/wp-json\/wp\/v2\/posts\/116767\/revisions"}],"predecessor-version":[{"id":116784,"href":"https:\/\/bonsoleil.es\/es\/wp-json\/wp\/v2\/posts\/116767\/revisions\/116784"}],"wp:featuredmedia":[{"embeddable":true,"href":"https:\/\/bonsoleil.es\/es\/wp-json\/wp\/v2\/media\/116768"}],"wp:attachment":[{"href":"https:\/\/bonsoleil.es\/es\/wp-json\/wp\/v2\/media?parent=116767"}],"wp:term":[{"taxonomy":"category","embeddable":true,"href":"https:\/\/bonsoleil.es\/es\/wp-json\/wp\/v2\/categories?post=116767"},{"taxonomy":"post_tag","embeddable":true,"href":"https:\/\/bonsoleil.es\/es\/wp-json\/wp\/v2\/tags?post=116767"}],"curies":[{"name":"wp","href":"https:\/\/api.w.org\/{rel}","templated":true}]}}