{"id":116785,"date":"2023-10-31T17:14:57","date_gmt":"2023-10-31T16:14:57","guid":{"rendered":"https:\/\/bonsoleil.es\/?p=116785"},"modified":"2023-10-31T17:14:58","modified_gmt":"2023-10-31T16:14:58","slug":"iniciation-aux-competences-numeriques","status":"publish","type":"post","link":"https:\/\/bonsoleil.es\/es\/iniciation-aux-competences-numeriques\/","title":{"rendered":"Iniciation aux comp\u00e9tences num\u00e9riques"},"content":{"rendered":"\n<p>Les \u00e9l\u00e8ves de Sixi\u00e8me ont commenc\u00e9 leur voyage dans l\u2019\u00e8re num\u00e9rique avec un premier parcours PIX la semaine derni\u00e8re. Ils vont apprendre \u00e0 travers de nombreux exercices \u00e0 utiliser et se familiariser avec les outils num\u00e9riques \u00e0 leur disposition sur l\u2019Internet.<\/p>\n\n\n\n<p>__<br>\ud835\udc70\ud835\udc8f\ud835\udc8a\ud835\udc84\ud835\udc8a\ud835\udc82\ud835\udc84\ud835\udc8a\ud835\udc90\u0301\ud835\udc8f \ud835\udc86\ud835\udc8f \ud835\udc8d\ud835\udc82\ud835\udc94 \ud835\udc84\ud835\udc90\ud835\udc8e\ud835\udc91\ud835\udc86\ud835\udc95\ud835\udc86\ud835\udc8f\ud835\udc84\ud835\udc8a\ud835\udc82\ud835\udc94 \ud835\udc85\ud835\udc8a\ud835\udc88\ud835\udc8a\ud835\udc95\ud835\udc82\ud835\udc8d\ud835\udc86\ud835\udc94 | Los Sixi\u00e8mes iniciaron la semana pasada su andadura en la era digital con un curso inicial de PIX. A trav\u00e9s de una serie de ejercicios, aprender\u00e1n a utilizar y familiarizarse con las herramientas digitales disponibles en Internet.<\/p>\n\n\n\n<figure class=\"wp-block-gallery has-nested-images columns-default is-cropped wp-block-gallery-1 is-layout-flex wp-block-gallery-is-layout-flex\">\n<figure class=\"wp-block-image size-large\"><a href=\"https:\/\/bonsoleil.es\/web\/wp-content\/uploads\/2023\/10\/2-26.jpg\"><img loading=\"lazy\" decoding=\"async\" width=\"700\" height=\"700\" data-id=\"116790\" src=\"https:\/\/bonsoleil.es\/web\/wp-content\/uploads\/2023\/10\/2-26-700x700.jpg\" alt=\"\" class=\"wp-image-116790\" srcset=\"https:\/\/bonsoleil.es\/web\/wp-content\/uploads\/2023\/10\/2-26-700x700.jpg 700w, https:\/\/bonsoleil.es\/web\/wp-content\/uploads\/2023\/10\/2-26-250x250.jpg 250w, https:\/\/bonsoleil.es\/web\/wp-content\/uploads\/2023\/10\/2-26-150x150.jpg 150w, https:\/\/bonsoleil.es\/web\/wp-content\/uploads\/2023\/10\/2-26-768x768.jpg 768w, https:\/\/bonsoleil.es\/web\/wp-content\/uploads\/2023\/10\/2-26-120x120.jpg 120w, https:\/\/bonsoleil.es\/web\/wp-content\/uploads\/2023\/10\/2-26.jpg 1080w\" sizes=\"auto, (max-width: 700px) 100vw, 700px\" \/><\/a><\/figure>\n\n\n\n<figure class=\"wp-block-image size-large\"><a href=\"https:\/\/bonsoleil.es\/web\/wp-content\/uploads\/2023\/10\/3-26.jpg\"><img decoding=\"async\" data-id=\"116794\" src=\"https:\/\/bonsoleil.es\/web\/wp-content\/uploads\/2023\/10\/3-26-700x700.jpg\" alt=\"\" class=\"wp-image-116794\"\/><\/a><\/figure>\n<\/figure>\n","protected":false},"excerpt":{"rendered":"Les \u00e9l\u00e8ves de Sixi\u00e8me ont commenc\u00e9 leur voyage dans l\u2019\u00e8re num\u00e9rique avec un premier parcours PIX la semaine derni\u00e8re. Ils vont apprendre \u00e0 traver","protected":false},"author":1,"featured_media":116794,"comment_status":"closed","ping_status":"closed","sticky":false,"template":"","format":"standard","meta":{"_acf_changed":false,"rs_blank_template":"","rs_page_bg_color":"","slide_template_v7":"","footnotes":"","_links_to":"","_links_to_target":""},"categories":[17,9],"tags":[],"class_list":["post-116785","post","type-post","status-publish","format-standard","has-post-thumbnail","hentry","category-6eme","category-secondaire"],"acf":[],"yoast_head":"<!-- This site is optimized with the Yoast SEO plugin v27.5 - https:\/\/yoast.com\/product\/yoast-seo-wordpress\/ -->\n<title>Iniciation aux comp\u00e9tences num\u00e9riques - Lyc\u00e9e International Barcelona \u00b7 Bon Soleil<\/title>\n<meta name=\"robots\" content=\"index, follow, max-snippet:-1, max-image-preview:large, max-video-preview:-1\" \/>\n<link rel=\"canonical\" href=\"https:\/\/bonsoleil.es\/es\/iniciation-aux-competences-numeriques\/\" \/>\n<meta property=\"og:locale\" content=\"es_ES\" \/>\n<meta property=\"og:type\" content=\"article\" \/>\n<meta property=\"og:title\" content=\"Iniciation aux comp\u00e9tences num\u00e9riques - Lyc\u00e9e International Barcelona \u00b7 Bon Soleil\" \/>\n<meta property=\"og:description\" content=\"Les \u00e9l\u00e8ves de Sixi\u00e8me ont commenc\u00e9 leur voyage dans l\u2019\u00e8re num\u00e9rique avec un premier parcours PIX la semaine derni\u00e8re. Ils vont apprendre \u00e0 traver\" \/>\n<meta property=\"og:url\" content=\"https:\/\/bonsoleil.es\/es\/iniciation-aux-competences-numeriques\/\" \/>\n<meta property=\"og:site_name\" content=\"Lyc\u00e9e International Barcelona \u00b7 Bon Soleil\" \/>\n<meta property=\"article:publisher\" content=\"https:\/\/www.facebook.com\/libBonSoleil\/\" \/>\n<meta property=\"article:published_time\" content=\"2023-10-31T16:14:57+00:00\" \/>\n<meta property=\"article:modified_time\" content=\"2023-10-31T16:14:58+00:00\" \/>\n<meta property=\"og:image\" content=\"https:\/\/bonsoleil.es\/web\/wp-content\/uploads\/2023\/10\/3-26-e1698768889965.jpg\" \/>\n\t<meta property=\"og:image:width\" content=\"1080\" \/>\n\t<meta property=\"og:image:height\" content=\"665\" \/>\n\t<meta property=\"og:image:type\" content=\"image\/jpeg\" \/>\n<meta name=\"author\" content=\"libbs\" \/>\n<meta name=\"twitter:card\" content=\"summary_large_image\" \/>\n<meta name=\"twitter:creator\" content=\"@lib_bonsoleil\" \/>\n<meta name=\"twitter:site\" content=\"@lib_bonsoleil\" \/>\n<meta name=\"twitter:label1\" content=\"Escrito por\" \/>\n\t<meta name=\"twitter:data1\" content=\"libbs\" \/>\n\t<meta name=\"twitter:label2\" content=\"Tiempo de lectura\" \/>\n\t<meta name=\"twitter:data2\" content=\"1 minuto\" \/>\n<script type=\"application\/ld+json\" class=\"yoast-schema-graph\">{\"@context\":\"https:\\\/\\\/schema.org\",\"@graph\":[{\"@type\":\"Article\",\"@id\":\"https:\\\/\\\/bonsoleil.es\\\/es\\\/iniciation-aux-competences-numeriques\\\/#article\",\"isPartOf\":{\"@id\":\"https:\\\/\\\/bonsoleil.es\\\/es\\\/iniciation-aux-competences-numeriques\\\/\"},\"author\":{\"name\":\"libbs\",\"@id\":\"https:\\\/\\\/bonsoleil.es\\\/es\\\/#\\\/schema\\\/person\\\/f90f9175af4fad9c626fd2873bc546ec\"},\"headline\":\"Iniciation aux comp\u00e9tences num\u00e9riques\",\"datePublished\":\"2023-10-31T16:14:57+00:00\",\"dateModified\":\"2023-10-31T16:14:58+00:00\",\"mainEntityOfPage\":{\"@id\":\"https:\\\/\\\/bonsoleil.es\\\/es\\\/iniciation-aux-competences-numeriques\\\/\"},\"wordCount\":91,\"image\":{\"@id\":\"https:\\\/\\\/bonsoleil.es\\\/es\\\/iniciation-aux-competences-numeriques\\\/#primaryimage\"},\"thumbnailUrl\":\"https:\\\/\\\/bonsoleil.es\\\/web\\\/wp-content\\\/uploads\\\/2023\\\/10\\\/3-26-e1698768889965.jpg\",\"articleSection\":[\"6\u00e8me\",\"Secondaire\"],\"inLanguage\":\"es\"},{\"@type\":\"WebPage\",\"@id\":\"https:\\\/\\\/bonsoleil.es\\\/es\\\/iniciation-aux-competences-numeriques\\\/\",\"url\":\"https:\\\/\\\/bonsoleil.es\\\/es\\\/iniciation-aux-competences-numeriques\\\/\",\"name\":\"Iniciation aux comp\u00e9tences num\u00e9riques - Lyc\u00e9e International Barcelona \u00b7 Bon Soleil\",\"isPartOf\":{\"@id\":\"https:\\\/\\\/bonsoleil.es\\\/es\\\/#website\"},\"primaryImageOfPage\":{\"@id\":\"https:\\\/\\\/bonsoleil.es\\\/es\\\/iniciation-aux-competences-numeriques\\\/#primaryimage\"},\"image\":{\"@id\":\"https:\\\/\\\/bonsoleil.es\\\/es\\\/iniciation-aux-competences-numeriques\\\/#primaryimage\"},\"thumbnailUrl\":\"https:\\\/\\\/bonsoleil.es\\\/web\\\/wp-content\\\/uploads\\\/2023\\\/10\\\/3-26-e1698768889965.jpg\",\"datePublished\":\"2023-10-31T16:14:57+00:00\",\"dateModified\":\"2023-10-31T16:14:58+00:00\",\"author\":{\"@id\":\"https:\\\/\\\/bonsoleil.es\\\/es\\\/#\\\/schema\\\/person\\\/f90f9175af4fad9c626fd2873bc546ec\"},\"breadcrumb\":{\"@id\":\"https:\\\/\\\/bonsoleil.es\\\/es\\\/iniciation-aux-competences-numeriques\\\/#breadcrumb\"},\"inLanguage\":\"es\",\"potentialAction\":[{\"@type\":\"ReadAction\",\"target\":[\"https:\\\/\\\/bonsoleil.es\\\/es\\\/iniciation-aux-competences-numeriques\\\/\"]}]},{\"@type\":\"ImageObject\",\"inLanguage\":\"es\",\"@id\":\"https:\\\/\\\/bonsoleil.es\\\/es\\\/iniciation-aux-competences-numeriques\\\/#primaryimage\",\"url\":\"https:\\\/\\\/bonsoleil.es\\\/web\\\/wp-content\\\/uploads\\\/2023\\\/10\\\/3-26-e1698768889965.jpg\",\"contentUrl\":\"https:\\\/\\\/bonsoleil.es\\\/web\\\/wp-content\\\/uploads\\\/2023\\\/10\\\/3-26-e1698768889965.jpg\",\"width\":1080,\"height\":665},{\"@type\":\"BreadcrumbList\",\"@id\":\"https:\\\/\\\/bonsoleil.es\\\/es\\\/iniciation-aux-competences-numeriques\\\/#breadcrumb\",\"itemListElement\":[{\"@type\":\"ListItem\",\"position\":1,\"name\":\"Portada\",\"item\":\"https:\\\/\\\/bonsoleil.es\\\/es\\\/\"},{\"@type\":\"ListItem\",\"position\":2,\"name\":\"Iniciation aux comp\u00e9tences num\u00e9riques\"}]},{\"@type\":\"WebSite\",\"@id\":\"https:\\\/\\\/bonsoleil.es\\\/es\\\/#website\",\"url\":\"https:\\\/\\\/bonsoleil.es\\\/es\\\/\",\"name\":\"Lyc\u00e9e International Barcelona \u00b7 Bon Soleil\",\"description\":\"Lyc\u00e9e International Barcelona\",\"potentialAction\":[{\"@type\":\"SearchAction\",\"target\":{\"@type\":\"EntryPoint\",\"urlTemplate\":\"https:\\\/\\\/bonsoleil.es\\\/es\\\/?s={search_term_string}\"},\"query-input\":{\"@type\":\"PropertyValueSpecification\",\"valueRequired\":true,\"valueName\":\"search_term_string\"}}],\"inLanguage\":\"es\"},{\"@type\":\"Person\",\"@id\":\"https:\\\/\\\/bonsoleil.es\\\/es\\\/#\\\/schema\\\/person\\\/f90f9175af4fad9c626fd2873bc546ec\",\"name\":\"libbs\",\"image\":{\"@type\":\"ImageObject\",\"inLanguage\":\"es\",\"@id\":\"https:\\\/\\\/bonsoleil.es\\\/web\\\/wp-content\\\/litespeed\\\/avatar\\\/6719caedb5831fa7538835120a8121f8.jpg?ver=1777037754\",\"url\":\"https:\\\/\\\/bonsoleil.es\\\/web\\\/wp-content\\\/litespeed\\\/avatar\\\/6719caedb5831fa7538835120a8121f8.jpg?ver=1777037754\",\"contentUrl\":\"https:\\\/\\\/bonsoleil.es\\\/web\\\/wp-content\\\/litespeed\\\/avatar\\\/6719caedb5831fa7538835120a8121f8.jpg?ver=1777037754\",\"caption\":\"libbs\"},\"sameAs\":[\"http:\\\/\\\/localhost\\\/bonsoleil\\\/new_web\"],\"url\":\"https:\\\/\\\/bonsoleil.es\\\/es\\\/author\\\/libbs\\\/\"}]}<\/script>\n<!-- \/ Yoast SEO plugin. -->","yoast_head_json":{"title":"Iniciation aux comp\u00e9tences num\u00e9riques - Lyc\u00e9e International Barcelona \u00b7 Bon Soleil","robots":{"index":"index","follow":"follow","max-snippet":"max-snippet:-1","max-image-preview":"max-image-preview:large","max-video-preview":"max-video-preview:-1"},"canonical":"https:\/\/bonsoleil.es\/es\/iniciation-aux-competences-numeriques\/","og_locale":"es_ES","og_type":"article","og_title":"Iniciation aux comp\u00e9tences num\u00e9riques - Lyc\u00e9e International Barcelona \u00b7 Bon Soleil","og_description":"Les \u00e9l\u00e8ves de Sixi\u00e8me ont commenc\u00e9 leur voyage dans l\u2019\u00e8re num\u00e9rique avec un premier parcours PIX la semaine derni\u00e8re. Ils vont apprendre \u00e0 traver","og_url":"https:\/\/bonsoleil.es\/es\/iniciation-aux-competences-numeriques\/","og_site_name":"Lyc\u00e9e International Barcelona \u00b7 Bon Soleil","article_publisher":"https:\/\/www.facebook.com\/libBonSoleil\/","article_published_time":"2023-10-31T16:14:57+00:00","article_modified_time":"2023-10-31T16:14:58+00:00","og_image":[{"width":1080,"height":665,"url":"https:\/\/bonsoleil.es\/web\/wp-content\/uploads\/2023\/10\/3-26-e1698768889965.jpg","type":"image\/jpeg"}],"author":"libbs","twitter_card":"summary_large_image","twitter_creator":"@lib_bonsoleil","twitter_site":"@lib_bonsoleil","twitter_misc":{"Escrito por":"libbs","Tiempo de lectura":"1 minuto"},"schema":{"@context":"https:\/\/schema.org","@graph":[{"@type":"Article","@id":"https:\/\/bonsoleil.es\/es\/iniciation-aux-competences-numeriques\/#article","isPartOf":{"@id":"https:\/\/bonsoleil.es\/es\/iniciation-aux-competences-numeriques\/"},"author":{"name":"libbs","@id":"https:\/\/bonsoleil.es\/es\/#\/schema\/person\/f90f9175af4fad9c626fd2873bc546ec"},"headline":"Iniciation aux comp\u00e9tences num\u00e9riques","datePublished":"2023-10-31T16:14:57+00:00","dateModified":"2023-10-31T16:14:58+00:00","mainEntityOfPage":{"@id":"https:\/\/bonsoleil.es\/es\/iniciation-aux-competences-numeriques\/"},"wordCount":91,"image":{"@id":"https:\/\/bonsoleil.es\/es\/iniciation-aux-competences-numeriques\/#primaryimage"},"thumbnailUrl":"https:\/\/bonsoleil.es\/web\/wp-content\/uploads\/2023\/10\/3-26-e1698768889965.jpg","articleSection":["6\u00e8me","Secondaire"],"inLanguage":"es"},{"@type":"WebPage","@id":"https:\/\/bonsoleil.es\/es\/iniciation-aux-competences-numeriques\/","url":"https:\/\/bonsoleil.es\/es\/iniciation-aux-competences-numeriques\/","name":"Iniciation aux comp\u00e9tences num\u00e9riques - Lyc\u00e9e International Barcelona \u00b7 Bon Soleil","isPartOf":{"@id":"https:\/\/bonsoleil.es\/es\/#website"},"primaryImageOfPage":{"@id":"https:\/\/bonsoleil.es\/es\/iniciation-aux-competences-numeriques\/#primaryimage"},"image":{"@id":"https:\/\/bonsoleil.es\/es\/iniciation-aux-competences-numeriques\/#primaryimage"},"thumbnailUrl":"https:\/\/bonsoleil.es\/web\/wp-content\/uploads\/2023\/10\/3-26-e1698768889965.jpg","datePublished":"2023-10-31T16:14:57+00:00","dateModified":"2023-10-31T16:14:58+00:00","author":{"@id":"https:\/\/bonsoleil.es\/es\/#\/schema\/person\/f90f9175af4fad9c626fd2873bc546ec"},"breadcrumb":{"@id":"https:\/\/bonsoleil.es\/es\/iniciation-aux-competences-numeriques\/#breadcrumb"},"inLanguage":"es","potentialAction":[{"@type":"ReadAction","target":["https:\/\/bonsoleil.es\/es\/iniciation-aux-competences-numeriques\/"]}]},{"@type":"ImageObject","inLanguage":"es","@id":"https:\/\/bonsoleil.es\/es\/iniciation-aux-competences-numeriques\/#primaryimage","url":"https:\/\/bonsoleil.es\/web\/wp-content\/uploads\/2023\/10\/3-26-e1698768889965.jpg","contentUrl":"https:\/\/bonsoleil.es\/web\/wp-content\/uploads\/2023\/10\/3-26-e1698768889965.jpg","width":1080,"height":665},{"@type":"BreadcrumbList","@id":"https:\/\/bonsoleil.es\/es\/iniciation-aux-competences-numeriques\/#breadcrumb","itemListElement":[{"@type":"ListItem","position":1,"name":"Portada","item":"https:\/\/bonsoleil.es\/es\/"},{"@type":"ListItem","position":2,"name":"Iniciation aux comp\u00e9tences num\u00e9riques"}]},{"@type":"WebSite","@id":"https:\/\/bonsoleil.es\/es\/#website","url":"https:\/\/bonsoleil.es\/es\/","name":"Lyc\u00e9e International Barcelona \u00b7 Bon Soleil","description":"Lyc\u00e9e International Barcelona","potentialAction":[{"@type":"SearchAction","target":{"@type":"EntryPoint","urlTemplate":"https:\/\/bonsoleil.es\/es\/?s={search_term_string}"},"query-input":{"@type":"PropertyValueSpecification","valueRequired":true,"valueName":"search_term_string"}}],"inLanguage":"es"},{"@type":"Person","@id":"https:\/\/bonsoleil.es\/es\/#\/schema\/person\/f90f9175af4fad9c626fd2873bc546ec","name":"libbs","image":{"@type":"ImageObject","inLanguage":"es","@id":"https:\/\/bonsoleil.es\/web\/wp-content\/litespeed\/avatar\/6719caedb5831fa7538835120a8121f8.jpg?ver=1777037754","url":"https:\/\/bonsoleil.es\/web\/wp-content\/litespeed\/avatar\/6719caedb5831fa7538835120a8121f8.jpg?ver=1777037754","contentUrl":"https:\/\/bonsoleil.es\/web\/wp-content\/litespeed\/avatar\/6719caedb5831fa7538835120a8121f8.jpg?ver=1777037754","caption":"libbs"},"sameAs":["http:\/\/localhost\/bonsoleil\/new_web"],"url":"https:\/\/bonsoleil.es\/es\/author\/libbs\/"}]}},"_links":{"self":[{"href":"https:\/\/bonsoleil.es\/es\/wp-json\/wp\/v2\/posts\/116785","targetHints":{"allow":["GET"]}}],"collection":[{"href":"https:\/\/bonsoleil.es\/es\/wp-json\/wp\/v2\/posts"}],"about":[{"href":"https:\/\/bonsoleil.es\/es\/wp-json\/wp\/v2\/types\/post"}],"author":[{"embeddable":true,"href":"https:\/\/bonsoleil.es\/es\/wp-json\/wp\/v2\/users\/1"}],"replies":[{"embeddable":true,"href":"https:\/\/bonsoleil.es\/es\/wp-json\/wp\/v2\/comments?post=116785"}],"version-history":[{"count":1,"href":"https:\/\/bonsoleil.es\/es\/wp-json\/wp\/v2\/posts\/116785\/revisions"}],"predecessor-version":[{"id":116798,"href":"https:\/\/bonsoleil.es\/es\/wp-json\/wp\/v2\/posts\/116785\/revisions\/116798"}],"wp:featuredmedia":[{"embeddable":true,"href":"https:\/\/bonsoleil.es\/es\/wp-json\/wp\/v2\/media\/116794"}],"wp:attachment":[{"href":"https:\/\/bonsoleil.es\/es\/wp-json\/wp\/v2\/media?parent=116785"}],"wp:term":[{"taxonomy":"category","embeddable":true,"href":"https:\/\/bonsoleil.es\/es\/wp-json\/wp\/v2\/categories?post=116785"},{"taxonomy":"post_tag","embeddable":true,"href":"https:\/\/bonsoleil.es\/es\/wp-json\/wp\/v2\/tags?post=116785"}],"curies":[{"name":"wp","href":"https:\/\/api.w.org\/{rel}","templated":true}]}}