{"id":116922,"date":"2023-11-01T02:25:03","date_gmt":"2023-11-01T01:25:03","guid":{"rendered":"https:\/\/bonsoleil.es\/?p=116922"},"modified":"2023-11-03T02:29:12","modified_gmt":"2023-11-03T01:29:12","slug":"ja-esta-aqui-la-tardor","status":"publish","type":"post","link":"https:\/\/bonsoleil.es\/es\/ja-esta-aqui-la-tardor\/","title":{"rendered":"Ja est\u00e0 aqu\u00ed la tardor!"},"content":{"rendered":"\n<p>Ja ha arribat la tardor i amb ella donem comen\u00e7ament als racons a CE1. Durant l\u2019\u00faltima sessi\u00f3 compartida de catal\u00e0 i castell\u00e0, els nens i nenes es queden a la classe per treballar en petits grups que tenen assignats un espai i una activitat. Els jocs tenen una duraci\u00f3 de cinc minuts i, un cop acabat aquest temps, els alumnes canvien de rac\u00f3 per tal que tothom pugui gaudir d\u2019ells. En aquesta ocasi\u00f3, la tem\u00e0tica dels tallers \u00e9s la tardor, i hem pogut treballar el vocabulari en els dos idiomes de manera l\u00fadica.<br><br>__<br>Ya ha llegado el oto\u00f1o y con ella damos comienzo a los talleres en CE1. Durante la \u00faltima sesi\u00f3n compartida de catal\u00e1n y castellano, los ni\u00f1os y ni\u00f1as se quedan en la clase para trabajar en peque\u00f1os grupos que tienen asignados un espacio y una actividad. Los juegos tienen una duraci\u00f3n de cinco minutos y, una vez acaba el tiempo, los alumnos cambian de estaci\u00f3n para que todo el mundo pueda disfrutar de ellas. En esta ocasi\u00f3n, la tem\u00e1tica de los talleres es el oto\u00f1o, y hemos podido trabajar el vocabulario en los dos idiomas de manera l\u00fadica.<\/p>\n\n\n\n<figure class=\"wp-block-gallery has-nested-images columns-default is-cropped wp-block-gallery-1 is-layout-flex wp-block-gallery-is-layout-flex\">\n<figure class=\"wp-block-image size-large\"><a href=\"https:\/\/bonsoleil.es\/web\/wp-content\/uploads\/2023\/11\/0.jpg\"><img loading=\"lazy\" decoding=\"async\" width=\"1080\" height=\"1080\" data-id=\"116923\" src=\"https:\/\/bonsoleil.es\/web\/wp-content\/uploads\/2023\/11\/0-700x700.jpg\" alt=\"\" class=\"wp-image-116923\" srcset=\"https:\/\/bonsoleil.es\/web\/wp-content\/uploads\/2023\/11\/0-700x700.jpg 700w, https:\/\/bonsoleil.es\/web\/wp-content\/uploads\/2023\/11\/0-250x250.jpg 250w, https:\/\/bonsoleil.es\/web\/wp-content\/uploads\/2023\/11\/0-150x150.jpg 150w, https:\/\/bonsoleil.es\/web\/wp-content\/uploads\/2023\/11\/0-768x768.jpg 768w, https:\/\/bonsoleil.es\/web\/wp-content\/uploads\/2023\/11\/0-120x120.jpg 120w, https:\/\/bonsoleil.es\/web\/wp-content\/uploads\/2023\/11\/0.jpg 1080w\" sizes=\"auto, (max-width: 1080px) 100vw, 1080px\" \/><\/a><\/figure>\n\n\n\n<figure class=\"wp-block-image size-large\"><a href=\"https:\/\/bonsoleil.es\/web\/wp-content\/uploads\/2023\/11\/1-2.jpg\"><img loading=\"lazy\" decoding=\"async\" width=\"700\" height=\"700\" data-id=\"116927\" src=\"https:\/\/bonsoleil.es\/web\/wp-content\/uploads\/2023\/11\/1-2-700x700.jpg\" alt=\"\" class=\"wp-image-116927\" srcset=\"https:\/\/bonsoleil.es\/web\/wp-content\/uploads\/2023\/11\/1-2-700x700.jpg 700w, https:\/\/bonsoleil.es\/web\/wp-content\/uploads\/2023\/11\/1-2-250x250.jpg 250w, https:\/\/bonsoleil.es\/web\/wp-content\/uploads\/2023\/11\/1-2-150x150.jpg 150w, https:\/\/bonsoleil.es\/web\/wp-content\/uploads\/2023\/11\/1-2-768x768.jpg 768w, https:\/\/bonsoleil.es\/web\/wp-content\/uploads\/2023\/11\/1-2-120x120.jpg 120w, https:\/\/bonsoleil.es\/web\/wp-content\/uploads\/2023\/11\/1-2.jpg 1080w\" sizes=\"auto, (max-width: 700px) 100vw, 700px\" \/><\/a><\/figure>\n\n\n\n<figure class=\"wp-block-image size-large\"><a href=\"https:\/\/bonsoleil.es\/web\/wp-content\/uploads\/2023\/11\/2-2.jpg\"><img loading=\"lazy\" decoding=\"async\" width=\"700\" height=\"700\" data-id=\"116931\" src=\"https:\/\/bonsoleil.es\/web\/wp-content\/uploads\/2023\/11\/2-2-700x700.jpg\" alt=\"\" class=\"wp-image-116931\" srcset=\"https:\/\/bonsoleil.es\/web\/wp-content\/uploads\/2023\/11\/2-2-700x700.jpg 700w, https:\/\/bonsoleil.es\/web\/wp-content\/uploads\/2023\/11\/2-2-250x250.jpg 250w, https:\/\/bonsoleil.es\/web\/wp-content\/uploads\/2023\/11\/2-2-150x150.jpg 150w, https:\/\/bonsoleil.es\/web\/wp-content\/uploads\/2023\/11\/2-2-768x768.jpg 768w, https:\/\/bonsoleil.es\/web\/wp-content\/uploads\/2023\/11\/2-2-120x120.jpg 120w, https:\/\/bonsoleil.es\/web\/wp-content\/uploads\/2023\/11\/2-2.jpg 1080w\" sizes=\"auto, (max-width: 700px) 100vw, 700px\" \/><\/a><\/figure>\n\n\n\n<figure class=\"wp-block-image size-large\"><a href=\"https:\/\/bonsoleil.es\/web\/wp-content\/uploads\/2023\/11\/3-2.jpg\"><img decoding=\"async\" data-id=\"116935\" src=\"https:\/\/bonsoleil.es\/web\/wp-content\/uploads\/2023\/11\/3-2-700x700.jpg\" alt=\"\" class=\"wp-image-116935\"\/><\/a><\/figure>\n\n\n\n<figure class=\"wp-block-image size-large\"><a href=\"https:\/\/bonsoleil.es\/web\/wp-content\/uploads\/2023\/11\/4-2.jpg\"><img loading=\"lazy\" decoding=\"async\" width=\"700\" height=\"700\" data-id=\"116939\" src=\"https:\/\/bonsoleil.es\/web\/wp-content\/uploads\/2023\/11\/4-2-700x700.jpg\" alt=\"\" class=\"wp-image-116939\" srcset=\"https:\/\/bonsoleil.es\/web\/wp-content\/uploads\/2023\/11\/4-2-700x700.jpg 700w, https:\/\/bonsoleil.es\/web\/wp-content\/uploads\/2023\/11\/4-2-250x250.jpg 250w, https:\/\/bonsoleil.es\/web\/wp-content\/uploads\/2023\/11\/4-2-150x150.jpg 150w, https:\/\/bonsoleil.es\/web\/wp-content\/uploads\/2023\/11\/4-2-768x768.jpg 768w, https:\/\/bonsoleil.es\/web\/wp-content\/uploads\/2023\/11\/4-2-120x120.jpg 120w, https:\/\/bonsoleil.es\/web\/wp-content\/uploads\/2023\/11\/4-2.jpg 1080w\" sizes=\"auto, (max-width: 700px) 100vw, 700px\" \/><\/a><\/figure>\n<\/figure>\n","protected":false},"excerpt":{"rendered":"Ja ha arribat la tardor i amb ella donem comen\u00e7ament als racons a CE1. Durant l\u2019\u00faltima sessi\u00f3 compartida de catal\u00e0 i castell\u00e0, els nens i nenes es queden a la classe per treballar en petits grups que tenen assignats un espai i una activitat. Els jocs tenen una duraci\u00f3 de cinc minuts i, un cop acabat aquest temps, els alumnes canvien de rac\u00f3 per tal que tothom pugui gaudir d\u2019ells. En aquesta ocasi\u00f3, la tem\u00e0tica dels tallers \u00e9s la tardor, i hem pogut treballar el vocabulari en els dos idiomes de manera l\u00fadica.","protected":false},"author":1,"featured_media":116935,"comment_status":"closed","ping_status":"closed","sticky":false,"template":"","format":"standard","meta":{"_acf_changed":false,"rs_blank_template":"","rs_page_bg_color":"","slide_template_v7":"","footnotes":"","_links_to":"","_links_to_target":""},"categories":[14],"tags":[],"class_list":["post-116922","post","type-post","status-publish","format-standard","has-post-thumbnail","hentry","category-primaire"],"acf":[],"yoast_head":"<!-- This site is optimized with the Yoast SEO plugin v27.4 - https:\/\/yoast.com\/product\/yoast-seo-wordpress\/ -->\n<title>Ja est\u00e0 aqu\u00ed la tardor! - Lyc\u00e9e International Barcelona \u00b7 Bon Soleil<\/title>\n<meta name=\"robots\" content=\"index, follow, max-snippet:-1, max-image-preview:large, max-video-preview:-1\" \/>\n<link rel=\"canonical\" href=\"https:\/\/bonsoleil.es\/es\/ja-esta-aqui-la-tardor\/\" \/>\n<meta property=\"og:locale\" content=\"es_ES\" \/>\n<meta property=\"og:type\" content=\"article\" \/>\n<meta property=\"og:title\" content=\"Ja est\u00e0 aqu\u00ed la tardor! - Lyc\u00e9e International Barcelona \u00b7 Bon Soleil\" \/>\n<meta property=\"og:description\" content=\"Ja ha arribat la tardor i amb ella donem comen\u00e7ament als racons a CE1. Durant l\u2019\u00faltima sessi\u00f3 compartida de catal\u00e0 i castell\u00e0, els nens i nenes es queden a la classe per treballar en petits grups que tenen assignats un espai i una activitat. Els jocs tenen una duraci\u00f3 de cinc minuts i, un cop acabat aquest temps, els alumnes canvien de rac\u00f3 per tal que tothom pugui gaudir d\u2019ells. En aquesta ocasi\u00f3, la tem\u00e0tica dels tallers \u00e9s la tardor, i hem pogut treballar el vocabulari en els dos idiomes de manera l\u00fadica.\" \/>\n<meta property=\"og:url\" content=\"https:\/\/bonsoleil.es\/es\/ja-esta-aqui-la-tardor\/\" \/>\n<meta property=\"og:site_name\" content=\"Lyc\u00e9e International Barcelona \u00b7 Bon Soleil\" \/>\n<meta property=\"article:publisher\" content=\"https:\/\/www.facebook.com\/libBonSoleil\/\" \/>\n<meta property=\"article:published_time\" content=\"2023-11-01T01:25:03+00:00\" \/>\n<meta property=\"article:modified_time\" content=\"2023-11-03T01:29:12+00:00\" \/>\n<meta property=\"og:image\" content=\"https:\/\/bonsoleil.es\/web\/wp-content\/uploads\/2023\/11\/3-2-e1698974899493.jpg\" \/>\n\t<meta property=\"og:image:width\" content=\"1080\" \/>\n\t<meta property=\"og:image:height\" content=\"797\" \/>\n\t<meta property=\"og:image:type\" content=\"image\/jpeg\" \/>\n<meta name=\"author\" content=\"libbs\" \/>\n<meta name=\"twitter:card\" content=\"summary_large_image\" \/>\n<meta name=\"twitter:creator\" content=\"@lib_bonsoleil\" \/>\n<meta name=\"twitter:site\" content=\"@lib_bonsoleil\" \/>\n<meta name=\"twitter:label1\" content=\"Escrito por\" \/>\n\t<meta name=\"twitter:data1\" content=\"libbs\" \/>\n\t<meta name=\"twitter:label2\" content=\"Tiempo de lectura\" \/>\n\t<meta name=\"twitter:data2\" content=\"2 minutos\" \/>\n<script type=\"application\/ld+json\" class=\"yoast-schema-graph\">{\"@context\":\"https:\\\/\\\/schema.org\",\"@graph\":[{\"@type\":\"Article\",\"@id\":\"https:\\\/\\\/bonsoleil.es\\\/es\\\/ja-esta-aqui-la-tardor\\\/#article\",\"isPartOf\":{\"@id\":\"https:\\\/\\\/bonsoleil.es\\\/es\\\/ja-esta-aqui-la-tardor\\\/\"},\"author\":{\"name\":\"libbs\",\"@id\":\"https:\\\/\\\/bonsoleil.es\\\/es\\\/#\\\/schema\\\/person\\\/f90f9175af4fad9c626fd2873bc546ec\"},\"headline\":\"Ja est\u00e0 aqu\u00ed la tardor!\",\"datePublished\":\"2023-11-01T01:25:03+00:00\",\"dateModified\":\"2023-11-03T01:29:12+00:00\",\"mainEntityOfPage\":{\"@id\":\"https:\\\/\\\/bonsoleil.es\\\/es\\\/ja-esta-aqui-la-tardor\\\/\"},\"wordCount\":213,\"image\":{\"@id\":\"https:\\\/\\\/bonsoleil.es\\\/es\\\/ja-esta-aqui-la-tardor\\\/#primaryimage\"},\"thumbnailUrl\":\"https:\\\/\\\/bonsoleil.es\\\/web\\\/wp-content\\\/uploads\\\/2023\\\/11\\\/3-2-e1698974899493.jpg\",\"articleSection\":[\"Primaire\"],\"inLanguage\":\"es\"},{\"@type\":\"WebPage\",\"@id\":\"https:\\\/\\\/bonsoleil.es\\\/es\\\/ja-esta-aqui-la-tardor\\\/\",\"url\":\"https:\\\/\\\/bonsoleil.es\\\/es\\\/ja-esta-aqui-la-tardor\\\/\",\"name\":\"Ja est\u00e0 aqu\u00ed la tardor! - Lyc\u00e9e International Barcelona \u00b7 Bon Soleil\",\"isPartOf\":{\"@id\":\"https:\\\/\\\/bonsoleil.es\\\/es\\\/#website\"},\"primaryImageOfPage\":{\"@id\":\"https:\\\/\\\/bonsoleil.es\\\/es\\\/ja-esta-aqui-la-tardor\\\/#primaryimage\"},\"image\":{\"@id\":\"https:\\\/\\\/bonsoleil.es\\\/es\\\/ja-esta-aqui-la-tardor\\\/#primaryimage\"},\"thumbnailUrl\":\"https:\\\/\\\/bonsoleil.es\\\/web\\\/wp-content\\\/uploads\\\/2023\\\/11\\\/3-2-e1698974899493.jpg\",\"datePublished\":\"2023-11-01T01:25:03+00:00\",\"dateModified\":\"2023-11-03T01:29:12+00:00\",\"author\":{\"@id\":\"https:\\\/\\\/bonsoleil.es\\\/es\\\/#\\\/schema\\\/person\\\/f90f9175af4fad9c626fd2873bc546ec\"},\"breadcrumb\":{\"@id\":\"https:\\\/\\\/bonsoleil.es\\\/es\\\/ja-esta-aqui-la-tardor\\\/#breadcrumb\"},\"inLanguage\":\"es\",\"potentialAction\":[{\"@type\":\"ReadAction\",\"target\":[\"https:\\\/\\\/bonsoleil.es\\\/es\\\/ja-esta-aqui-la-tardor\\\/\"]}]},{\"@type\":\"ImageObject\",\"inLanguage\":\"es\",\"@id\":\"https:\\\/\\\/bonsoleil.es\\\/es\\\/ja-esta-aqui-la-tardor\\\/#primaryimage\",\"url\":\"https:\\\/\\\/bonsoleil.es\\\/web\\\/wp-content\\\/uploads\\\/2023\\\/11\\\/3-2-e1698974899493.jpg\",\"contentUrl\":\"https:\\\/\\\/bonsoleil.es\\\/web\\\/wp-content\\\/uploads\\\/2023\\\/11\\\/3-2-e1698974899493.jpg\",\"width\":1080,\"height\":797},{\"@type\":\"BreadcrumbList\",\"@id\":\"https:\\\/\\\/bonsoleil.es\\\/es\\\/ja-esta-aqui-la-tardor\\\/#breadcrumb\",\"itemListElement\":[{\"@type\":\"ListItem\",\"position\":1,\"name\":\"Portada\",\"item\":\"https:\\\/\\\/bonsoleil.es\\\/es\\\/\"},{\"@type\":\"ListItem\",\"position\":2,\"name\":\"Ja est\u00e0 aqu\u00ed la tardor!\"}]},{\"@type\":\"WebSite\",\"@id\":\"https:\\\/\\\/bonsoleil.es\\\/es\\\/#website\",\"url\":\"https:\\\/\\\/bonsoleil.es\\\/es\\\/\",\"name\":\"Lyc\u00e9e International Barcelona \u00b7 Bon Soleil\",\"description\":\"Lyc\u00e9e International Barcelona\",\"potentialAction\":[{\"@type\":\"SearchAction\",\"target\":{\"@type\":\"EntryPoint\",\"urlTemplate\":\"https:\\\/\\\/bonsoleil.es\\\/es\\\/?s={search_term_string}\"},\"query-input\":{\"@type\":\"PropertyValueSpecification\",\"valueRequired\":true,\"valueName\":\"search_term_string\"}}],\"inLanguage\":\"es\"},{\"@type\":\"Person\",\"@id\":\"https:\\\/\\\/bonsoleil.es\\\/es\\\/#\\\/schema\\\/person\\\/f90f9175af4fad9c626fd2873bc546ec\",\"name\":\"libbs\",\"image\":{\"@type\":\"ImageObject\",\"inLanguage\":\"es\",\"@id\":\"https:\\\/\\\/bonsoleil.es\\\/web\\\/wp-content\\\/litespeed\\\/avatar\\\/6719caedb5831fa7538835120a8121f8.jpg?ver=1777037754\",\"url\":\"https:\\\/\\\/bonsoleil.es\\\/web\\\/wp-content\\\/litespeed\\\/avatar\\\/6719caedb5831fa7538835120a8121f8.jpg?ver=1777037754\",\"contentUrl\":\"https:\\\/\\\/bonsoleil.es\\\/web\\\/wp-content\\\/litespeed\\\/avatar\\\/6719caedb5831fa7538835120a8121f8.jpg?ver=1777037754\",\"caption\":\"libbs\"},\"sameAs\":[\"http:\\\/\\\/localhost\\\/bonsoleil\\\/new_web\"],\"url\":\"https:\\\/\\\/bonsoleil.es\\\/es\\\/author\\\/libbs\\\/\"}]}<\/script>\n<!-- \/ Yoast SEO plugin. -->","yoast_head_json":{"title":"Ja est\u00e0 aqu\u00ed la tardor! - Lyc\u00e9e International Barcelona \u00b7 Bon Soleil","robots":{"index":"index","follow":"follow","max-snippet":"max-snippet:-1","max-image-preview":"max-image-preview:large","max-video-preview":"max-video-preview:-1"},"canonical":"https:\/\/bonsoleil.es\/es\/ja-esta-aqui-la-tardor\/","og_locale":"es_ES","og_type":"article","og_title":"Ja est\u00e0 aqu\u00ed la tardor! - Lyc\u00e9e International Barcelona \u00b7 Bon Soleil","og_description":"Ja ha arribat la tardor i amb ella donem comen\u00e7ament als racons a CE1. Durant l\u2019\u00faltima sessi\u00f3 compartida de catal\u00e0 i castell\u00e0, els nens i nenes es queden a la classe per treballar en petits grups que tenen assignats un espai i una activitat. Els jocs tenen una duraci\u00f3 de cinc minuts i, un cop acabat aquest temps, els alumnes canvien de rac\u00f3 per tal que tothom pugui gaudir d\u2019ells. En aquesta ocasi\u00f3, la tem\u00e0tica dels tallers \u00e9s la tardor, i hem pogut treballar el vocabulari en els dos idiomes de manera l\u00fadica.","og_url":"https:\/\/bonsoleil.es\/es\/ja-esta-aqui-la-tardor\/","og_site_name":"Lyc\u00e9e International Barcelona \u00b7 Bon Soleil","article_publisher":"https:\/\/www.facebook.com\/libBonSoleil\/","article_published_time":"2023-11-01T01:25:03+00:00","article_modified_time":"2023-11-03T01:29:12+00:00","og_image":[{"width":1080,"height":797,"url":"https:\/\/bonsoleil.es\/web\/wp-content\/uploads\/2023\/11\/3-2-e1698974899493.jpg","type":"image\/jpeg"}],"author":"libbs","twitter_card":"summary_large_image","twitter_creator":"@lib_bonsoleil","twitter_site":"@lib_bonsoleil","twitter_misc":{"Escrito por":"libbs","Tiempo de lectura":"2 minutos"},"schema":{"@context":"https:\/\/schema.org","@graph":[{"@type":"Article","@id":"https:\/\/bonsoleil.es\/es\/ja-esta-aqui-la-tardor\/#article","isPartOf":{"@id":"https:\/\/bonsoleil.es\/es\/ja-esta-aqui-la-tardor\/"},"author":{"name":"libbs","@id":"https:\/\/bonsoleil.es\/es\/#\/schema\/person\/f90f9175af4fad9c626fd2873bc546ec"},"headline":"Ja est\u00e0 aqu\u00ed la tardor!","datePublished":"2023-11-01T01:25:03+00:00","dateModified":"2023-11-03T01:29:12+00:00","mainEntityOfPage":{"@id":"https:\/\/bonsoleil.es\/es\/ja-esta-aqui-la-tardor\/"},"wordCount":213,"image":{"@id":"https:\/\/bonsoleil.es\/es\/ja-esta-aqui-la-tardor\/#primaryimage"},"thumbnailUrl":"https:\/\/bonsoleil.es\/web\/wp-content\/uploads\/2023\/11\/3-2-e1698974899493.jpg","articleSection":["Primaire"],"inLanguage":"es"},{"@type":"WebPage","@id":"https:\/\/bonsoleil.es\/es\/ja-esta-aqui-la-tardor\/","url":"https:\/\/bonsoleil.es\/es\/ja-esta-aqui-la-tardor\/","name":"Ja est\u00e0 aqu\u00ed la tardor! - Lyc\u00e9e International Barcelona \u00b7 Bon Soleil","isPartOf":{"@id":"https:\/\/bonsoleil.es\/es\/#website"},"primaryImageOfPage":{"@id":"https:\/\/bonsoleil.es\/es\/ja-esta-aqui-la-tardor\/#primaryimage"},"image":{"@id":"https:\/\/bonsoleil.es\/es\/ja-esta-aqui-la-tardor\/#primaryimage"},"thumbnailUrl":"https:\/\/bonsoleil.es\/web\/wp-content\/uploads\/2023\/11\/3-2-e1698974899493.jpg","datePublished":"2023-11-01T01:25:03+00:00","dateModified":"2023-11-03T01:29:12+00:00","author":{"@id":"https:\/\/bonsoleil.es\/es\/#\/schema\/person\/f90f9175af4fad9c626fd2873bc546ec"},"breadcrumb":{"@id":"https:\/\/bonsoleil.es\/es\/ja-esta-aqui-la-tardor\/#breadcrumb"},"inLanguage":"es","potentialAction":[{"@type":"ReadAction","target":["https:\/\/bonsoleil.es\/es\/ja-esta-aqui-la-tardor\/"]}]},{"@type":"ImageObject","inLanguage":"es","@id":"https:\/\/bonsoleil.es\/es\/ja-esta-aqui-la-tardor\/#primaryimage","url":"https:\/\/bonsoleil.es\/web\/wp-content\/uploads\/2023\/11\/3-2-e1698974899493.jpg","contentUrl":"https:\/\/bonsoleil.es\/web\/wp-content\/uploads\/2023\/11\/3-2-e1698974899493.jpg","width":1080,"height":797},{"@type":"BreadcrumbList","@id":"https:\/\/bonsoleil.es\/es\/ja-esta-aqui-la-tardor\/#breadcrumb","itemListElement":[{"@type":"ListItem","position":1,"name":"Portada","item":"https:\/\/bonsoleil.es\/es\/"},{"@type":"ListItem","position":2,"name":"Ja est\u00e0 aqu\u00ed la tardor!"}]},{"@type":"WebSite","@id":"https:\/\/bonsoleil.es\/es\/#website","url":"https:\/\/bonsoleil.es\/es\/","name":"Lyc\u00e9e International Barcelona \u00b7 Bon Soleil","description":"Lyc\u00e9e International Barcelona","potentialAction":[{"@type":"SearchAction","target":{"@type":"EntryPoint","urlTemplate":"https:\/\/bonsoleil.es\/es\/?s={search_term_string}"},"query-input":{"@type":"PropertyValueSpecification","valueRequired":true,"valueName":"search_term_string"}}],"inLanguage":"es"},{"@type":"Person","@id":"https:\/\/bonsoleil.es\/es\/#\/schema\/person\/f90f9175af4fad9c626fd2873bc546ec","name":"libbs","image":{"@type":"ImageObject","inLanguage":"es","@id":"https:\/\/bonsoleil.es\/web\/wp-content\/litespeed\/avatar\/6719caedb5831fa7538835120a8121f8.jpg?ver=1777037754","url":"https:\/\/bonsoleil.es\/web\/wp-content\/litespeed\/avatar\/6719caedb5831fa7538835120a8121f8.jpg?ver=1777037754","contentUrl":"https:\/\/bonsoleil.es\/web\/wp-content\/litespeed\/avatar\/6719caedb5831fa7538835120a8121f8.jpg?ver=1777037754","caption":"libbs"},"sameAs":["http:\/\/localhost\/bonsoleil\/new_web"],"url":"https:\/\/bonsoleil.es\/es\/author\/libbs\/"}]}},"_links":{"self":[{"href":"https:\/\/bonsoleil.es\/es\/wp-json\/wp\/v2\/posts\/116922","targetHints":{"allow":["GET"]}}],"collection":[{"href":"https:\/\/bonsoleil.es\/es\/wp-json\/wp\/v2\/posts"}],"about":[{"href":"https:\/\/bonsoleil.es\/es\/wp-json\/wp\/v2\/types\/post"}],"author":[{"embeddable":true,"href":"https:\/\/bonsoleil.es\/es\/wp-json\/wp\/v2\/users\/1"}],"replies":[{"embeddable":true,"href":"https:\/\/bonsoleil.es\/es\/wp-json\/wp\/v2\/comments?post=116922"}],"version-history":[{"count":1,"href":"https:\/\/bonsoleil.es\/es\/wp-json\/wp\/v2\/posts\/116922\/revisions"}],"predecessor-version":[{"id":116943,"href":"https:\/\/bonsoleil.es\/es\/wp-json\/wp\/v2\/posts\/116922\/revisions\/116943"}],"wp:featuredmedia":[{"embeddable":true,"href":"https:\/\/bonsoleil.es\/es\/wp-json\/wp\/v2\/media\/116935"}],"wp:attachment":[{"href":"https:\/\/bonsoleil.es\/es\/wp-json\/wp\/v2\/media?parent=116922"}],"wp:term":[{"taxonomy":"category","embeddable":true,"href":"https:\/\/bonsoleil.es\/es\/wp-json\/wp\/v2\/categories?post=116922"},{"taxonomy":"post_tag","embeddable":true,"href":"https:\/\/bonsoleil.es\/es\/wp-json\/wp\/v2\/tags?post=116922"}],"curies":[{"name":"wp","href":"https:\/\/api.w.org\/{rel}","templated":true}]}}