{"id":117076,"date":"2023-11-08T18:15:00","date_gmt":"2023-11-08T17:15:00","guid":{"rendered":"https:\/\/bonsoleil.es\/?p=117076"},"modified":"2023-11-30T08:21:58","modified_gmt":"2023-11-30T07:21:58","slug":"les-cm1-vont-au-theatre","status":"publish","type":"post","link":"https:\/\/bonsoleil.es\/es\/les-cm1-vont-au-theatre\/","title":{"rendered":"Les CM1 vont au th\u00e9atre !"},"content":{"rendered":"\n<p>Ce vendredi 3 novembre, tous les CM1 ont eu le plaisir d\u2019aller voir une pi\u00e8ce de th\u00e9\u00e2tre \u00e0 Barcelone ! Cela leur a rappel\u00e9 de bons souvenirs sachant que l\u2019an dernier en CE2, c\u2019\u00e9tait eux qui \u00e9taient sur la sc\u00e8ne de Bon Soleil !<\/p>\n\n\n\n<p>Cette fois-ci ils ont pu profiter de la joie d\u2019\u00eatre spectateurs, et appr\u00e9ci\u00e9 le jeu d\u2019acteurs professionnels. Les Trois Mousquetaires leur en ont mis plein les yeux : capes, \u00e9p\u00e9es, costumes d\u2019\u00e9poque, r\u00e9f\u00e9rences historiques et culturelles, l&#8217;\u0153uvre d\u2019Alexandre Dumas plait toujours autant\u2026 aux enfants comme aux grands ! \ud83c\udfad<\/p>\n\n\n\n<p>__<br>Este viernes 3 de noviembre, todos los alumnos de CM1 han tenido el placer de ver una obra de teatro en Barcelona. Esta experiencia les ha tra\u00eddo buenos recuerdos, ya que en CE2, \u00a1fueron ellos los que se subieron al escenario de Bon Soleil!<\/p>\n\n\n\n<p>En esta ocasi\u00f3n, han podido disfrutar de la experiencia de ser espectadores y apreciar la profesionalidad de los actores. Los Tres Mosqueteros ha sido una verdadera revelaci\u00f3n: capas, espadas, trajes de \u00e9poca, referencias hist\u00f3ricas y culturales, la obra de Alexandre Dumas sigue siendo tan popular como siempre&#8230; \u00a1Tanto entre los ni\u00f1os como entre los adultos! \ud83c\udfad<\/p>\n\n\n\n<figure class=\"wp-block-gallery has-nested-images columns-4 is-cropped wp-block-gallery-1 is-layout-flex wp-block-gallery-is-layout-flex\">\n<figure class=\"wp-block-image size-large\"><a href=\"https:\/\/bonsoleil.es\/web\/wp-content\/uploads\/2023\/11\/0-1.jpg\"><img decoding=\"async\" data-id=\"117077\" src=\"https:\/\/bonsoleil.es\/web\/wp-content\/uploads\/2023\/11\/0-1-700x700.jpg\" alt=\"\" class=\"wp-image-117077\"\/><\/a><\/figure>\n\n\n\n<figure class=\"wp-block-image size-large\"><a href=\"https:\/\/bonsoleil.es\/web\/wp-content\/uploads\/2023\/11\/1-7.jpg\"><img loading=\"lazy\" decoding=\"async\" width=\"700\" height=\"700\" data-id=\"117081\" src=\"https:\/\/bonsoleil.es\/web\/wp-content\/uploads\/2023\/11\/1-7-700x700.jpg\" alt=\"\" class=\"wp-image-117081\" srcset=\"https:\/\/bonsoleil.es\/web\/wp-content\/uploads\/2023\/11\/1-7-700x700.jpg 700w, https:\/\/bonsoleil.es\/web\/wp-content\/uploads\/2023\/11\/1-7-250x250.jpg 250w, https:\/\/bonsoleil.es\/web\/wp-content\/uploads\/2023\/11\/1-7-150x150.jpg 150w, https:\/\/bonsoleil.es\/web\/wp-content\/uploads\/2023\/11\/1-7-768x768.jpg 768w, https:\/\/bonsoleil.es\/web\/wp-content\/uploads\/2023\/11\/1-7-120x120.jpg 120w, https:\/\/bonsoleil.es\/web\/wp-content\/uploads\/2023\/11\/1-7.jpg 1080w\" sizes=\"auto, (max-width: 700px) 100vw, 700px\" \/><\/a><\/figure>\n\n\n\n<figure class=\"wp-block-image size-large\"><a href=\"https:\/\/bonsoleil.es\/web\/wp-content\/uploads\/2023\/11\/2-7.jpg\"><img loading=\"lazy\" decoding=\"async\" width=\"700\" height=\"700\" data-id=\"117085\" src=\"https:\/\/bonsoleil.es\/web\/wp-content\/uploads\/2023\/11\/2-7-700x700.jpg\" alt=\"\" class=\"wp-image-117085\" srcset=\"https:\/\/bonsoleil.es\/web\/wp-content\/uploads\/2023\/11\/2-7-700x700.jpg 700w, https:\/\/bonsoleil.es\/web\/wp-content\/uploads\/2023\/11\/2-7-250x250.jpg 250w, https:\/\/bonsoleil.es\/web\/wp-content\/uploads\/2023\/11\/2-7-150x150.jpg 150w, https:\/\/bonsoleil.es\/web\/wp-content\/uploads\/2023\/11\/2-7-768x768.jpg 768w, https:\/\/bonsoleil.es\/web\/wp-content\/uploads\/2023\/11\/2-7-120x120.jpg 120w, https:\/\/bonsoleil.es\/web\/wp-content\/uploads\/2023\/11\/2-7.jpg 1080w\" sizes=\"auto, (max-width: 700px) 100vw, 700px\" \/><\/a><\/figure>\n\n\n\n<figure class=\"wp-block-image size-large\"><a href=\"https:\/\/bonsoleil.es\/web\/wp-content\/uploads\/2023\/11\/3-7.jpg\"><img loading=\"lazy\" decoding=\"async\" width=\"700\" height=\"700\" data-id=\"117089\" src=\"https:\/\/bonsoleil.es\/web\/wp-content\/uploads\/2023\/11\/3-7-700x700.jpg\" alt=\"\" class=\"wp-image-117089\" srcset=\"https:\/\/bonsoleil.es\/web\/wp-content\/uploads\/2023\/11\/3-7-700x700.jpg 700w, https:\/\/bonsoleil.es\/web\/wp-content\/uploads\/2023\/11\/3-7-250x250.jpg 250w, https:\/\/bonsoleil.es\/web\/wp-content\/uploads\/2023\/11\/3-7-150x150.jpg 150w, https:\/\/bonsoleil.es\/web\/wp-content\/uploads\/2023\/11\/3-7-768x768.jpg 768w, https:\/\/bonsoleil.es\/web\/wp-content\/uploads\/2023\/11\/3-7-120x120.jpg 120w, https:\/\/bonsoleil.es\/web\/wp-content\/uploads\/2023\/11\/3-7.jpg 1080w\" sizes=\"auto, (max-width: 700px) 100vw, 700px\" \/><\/a><\/figure>\n<\/figure>\n","protected":false},"excerpt":{"rendered":"Ce vendredi 3 novembre, tous les CM1 ont eu le plaisir d\u2019aller voir une pi\u00e8ce de th\u00e9\u00e2tre \u00e0 Barcelone ! Cela leur a rappel\u00e9 de bons souvenirs sachant que l\u2019an dernier en CE2, c\u2019\u00e9tait eux qui \u00e9taient sur la sc\u00e8ne de Bon Soleil !","protected":false},"author":1,"featured_media":117077,"comment_status":"closed","ping_status":"closed","sticky":false,"template":"","format":"standard","meta":{"_acf_changed":false,"rs_blank_template":"","rs_page_bg_color":"","slide_template_v7":"","footnotes":"","_links_to":"","_links_to_target":""},"categories":[14],"tags":[],"class_list":["post-117076","post","type-post","status-publish","format-standard","has-post-thumbnail","hentry","category-primaire"],"acf":[],"yoast_head":"<!-- This site is optimized with the Yoast SEO plugin v27.4 - https:\/\/yoast.com\/product\/yoast-seo-wordpress\/ -->\n<title>Les CM1 vont au th\u00e9atre ! - Lyc\u00e9e International Barcelona \u00b7 Bon Soleil<\/title>\n<meta name=\"robots\" content=\"index, follow, max-snippet:-1, max-image-preview:large, max-video-preview:-1\" \/>\n<link rel=\"canonical\" href=\"https:\/\/bonsoleil.es\/es\/les-cm1-vont-au-theatre\/\" \/>\n<meta property=\"og:locale\" content=\"es_ES\" \/>\n<meta property=\"og:type\" content=\"article\" \/>\n<meta property=\"og:title\" content=\"Les CM1 vont au th\u00e9atre ! - Lyc\u00e9e International Barcelona \u00b7 Bon Soleil\" \/>\n<meta property=\"og:description\" content=\"Ce vendredi 3 novembre, tous les CM1 ont eu le plaisir d\u2019aller voir une pi\u00e8ce de th\u00e9\u00e2tre \u00e0 Barcelone ! Cela leur a rappel\u00e9 de bons souvenirs sachant que l\u2019an dernier en CE2, c\u2019\u00e9tait eux qui \u00e9taient sur la sc\u00e8ne de Bon Soleil !\" \/>\n<meta property=\"og:url\" content=\"https:\/\/bonsoleil.es\/es\/les-cm1-vont-au-theatre\/\" \/>\n<meta property=\"og:site_name\" content=\"Lyc\u00e9e International Barcelona \u00b7 Bon Soleil\" \/>\n<meta property=\"article:publisher\" content=\"https:\/\/www.facebook.com\/libBonSoleil\/\" \/>\n<meta property=\"article:published_time\" content=\"2023-11-08T17:15:00+00:00\" \/>\n<meta property=\"article:modified_time\" content=\"2023-11-30T07:21:58+00:00\" \/>\n<meta property=\"og:image\" content=\"https:\/\/bonsoleil.es\/web\/wp-content\/uploads\/2023\/11\/0-1-e1699523659163.jpg\" \/>\n\t<meta property=\"og:image:width\" content=\"1080\" \/>\n\t<meta property=\"og:image:height\" content=\"718\" \/>\n\t<meta property=\"og:image:type\" content=\"image\/jpeg\" \/>\n<meta name=\"author\" content=\"libbs\" \/>\n<meta name=\"twitter:card\" content=\"summary_large_image\" \/>\n<meta name=\"twitter:creator\" content=\"@lib_bonsoleil\" \/>\n<meta name=\"twitter:site\" content=\"@lib_bonsoleil\" \/>\n<meta name=\"twitter:label1\" content=\"Escrito por\" \/>\n\t<meta name=\"twitter:data1\" content=\"libbs\" \/>\n\t<meta name=\"twitter:label2\" content=\"Tiempo de lectura\" \/>\n\t<meta name=\"twitter:data2\" content=\"2 minutos\" \/>\n<script type=\"application\/ld+json\" class=\"yoast-schema-graph\">{\"@context\":\"https:\\\/\\\/schema.org\",\"@graph\":[{\"@type\":\"Article\",\"@id\":\"https:\\\/\\\/bonsoleil.es\\\/es\\\/les-cm1-vont-au-theatre\\\/#article\",\"isPartOf\":{\"@id\":\"https:\\\/\\\/bonsoleil.es\\\/es\\\/les-cm1-vont-au-theatre\\\/\"},\"author\":{\"name\":\"libbs\",\"@id\":\"https:\\\/\\\/bonsoleil.es\\\/es\\\/#\\\/schema\\\/person\\\/f90f9175af4fad9c626fd2873bc546ec\"},\"headline\":\"Les CM1 vont au th\u00e9atre !\",\"datePublished\":\"2023-11-08T17:15:00+00:00\",\"dateModified\":\"2023-11-30T07:21:58+00:00\",\"mainEntityOfPage\":{\"@id\":\"https:\\\/\\\/bonsoleil.es\\\/es\\\/les-cm1-vont-au-theatre\\\/\"},\"wordCount\":210,\"image\":{\"@id\":\"https:\\\/\\\/bonsoleil.es\\\/es\\\/les-cm1-vont-au-theatre\\\/#primaryimage\"},\"thumbnailUrl\":\"https:\\\/\\\/bonsoleil.es\\\/web\\\/wp-content\\\/uploads\\\/2023\\\/11\\\/0-1-e1699523659163.jpg\",\"articleSection\":[\"Primaire\"],\"inLanguage\":\"es\"},{\"@type\":\"WebPage\",\"@id\":\"https:\\\/\\\/bonsoleil.es\\\/es\\\/les-cm1-vont-au-theatre\\\/\",\"url\":\"https:\\\/\\\/bonsoleil.es\\\/es\\\/les-cm1-vont-au-theatre\\\/\",\"name\":\"Les CM1 vont au th\u00e9atre ! - Lyc\u00e9e International Barcelona \u00b7 Bon Soleil\",\"isPartOf\":{\"@id\":\"https:\\\/\\\/bonsoleil.es\\\/es\\\/#website\"},\"primaryImageOfPage\":{\"@id\":\"https:\\\/\\\/bonsoleil.es\\\/es\\\/les-cm1-vont-au-theatre\\\/#primaryimage\"},\"image\":{\"@id\":\"https:\\\/\\\/bonsoleil.es\\\/es\\\/les-cm1-vont-au-theatre\\\/#primaryimage\"},\"thumbnailUrl\":\"https:\\\/\\\/bonsoleil.es\\\/web\\\/wp-content\\\/uploads\\\/2023\\\/11\\\/0-1-e1699523659163.jpg\",\"datePublished\":\"2023-11-08T17:15:00+00:00\",\"dateModified\":\"2023-11-30T07:21:58+00:00\",\"author\":{\"@id\":\"https:\\\/\\\/bonsoleil.es\\\/es\\\/#\\\/schema\\\/person\\\/f90f9175af4fad9c626fd2873bc546ec\"},\"breadcrumb\":{\"@id\":\"https:\\\/\\\/bonsoleil.es\\\/es\\\/les-cm1-vont-au-theatre\\\/#breadcrumb\"},\"inLanguage\":\"es\",\"potentialAction\":[{\"@type\":\"ReadAction\",\"target\":[\"https:\\\/\\\/bonsoleil.es\\\/es\\\/les-cm1-vont-au-theatre\\\/\"]}]},{\"@type\":\"ImageObject\",\"inLanguage\":\"es\",\"@id\":\"https:\\\/\\\/bonsoleil.es\\\/es\\\/les-cm1-vont-au-theatre\\\/#primaryimage\",\"url\":\"https:\\\/\\\/bonsoleil.es\\\/web\\\/wp-content\\\/uploads\\\/2023\\\/11\\\/0-1-e1699523659163.jpg\",\"contentUrl\":\"https:\\\/\\\/bonsoleil.es\\\/web\\\/wp-content\\\/uploads\\\/2023\\\/11\\\/0-1-e1699523659163.jpg\",\"width\":1080,\"height\":718},{\"@type\":\"BreadcrumbList\",\"@id\":\"https:\\\/\\\/bonsoleil.es\\\/es\\\/les-cm1-vont-au-theatre\\\/#breadcrumb\",\"itemListElement\":[{\"@type\":\"ListItem\",\"position\":1,\"name\":\"Portada\",\"item\":\"https:\\\/\\\/bonsoleil.es\\\/es\\\/\"},{\"@type\":\"ListItem\",\"position\":2,\"name\":\"Les CM1 vont au th\u00e9atre !\"}]},{\"@type\":\"WebSite\",\"@id\":\"https:\\\/\\\/bonsoleil.es\\\/es\\\/#website\",\"url\":\"https:\\\/\\\/bonsoleil.es\\\/es\\\/\",\"name\":\"Lyc\u00e9e International Barcelona \u00b7 Bon Soleil\",\"description\":\"Lyc\u00e9e International Barcelona\",\"potentialAction\":[{\"@type\":\"SearchAction\",\"target\":{\"@type\":\"EntryPoint\",\"urlTemplate\":\"https:\\\/\\\/bonsoleil.es\\\/es\\\/?s={search_term_string}\"},\"query-input\":{\"@type\":\"PropertyValueSpecification\",\"valueRequired\":true,\"valueName\":\"search_term_string\"}}],\"inLanguage\":\"es\"},{\"@type\":\"Person\",\"@id\":\"https:\\\/\\\/bonsoleil.es\\\/es\\\/#\\\/schema\\\/person\\\/f90f9175af4fad9c626fd2873bc546ec\",\"name\":\"libbs\",\"image\":{\"@type\":\"ImageObject\",\"inLanguage\":\"es\",\"@id\":\"https:\\\/\\\/bonsoleil.es\\\/web\\\/wp-content\\\/litespeed\\\/avatar\\\/6719caedb5831fa7538835120a8121f8.jpg?ver=1777037754\",\"url\":\"https:\\\/\\\/bonsoleil.es\\\/web\\\/wp-content\\\/litespeed\\\/avatar\\\/6719caedb5831fa7538835120a8121f8.jpg?ver=1777037754\",\"contentUrl\":\"https:\\\/\\\/bonsoleil.es\\\/web\\\/wp-content\\\/litespeed\\\/avatar\\\/6719caedb5831fa7538835120a8121f8.jpg?ver=1777037754\",\"caption\":\"libbs\"},\"sameAs\":[\"http:\\\/\\\/localhost\\\/bonsoleil\\\/new_web\"],\"url\":\"https:\\\/\\\/bonsoleil.es\\\/es\\\/author\\\/libbs\\\/\"}]}<\/script>\n<!-- \/ Yoast SEO plugin. -->","yoast_head_json":{"title":"Les CM1 vont au th\u00e9atre ! - Lyc\u00e9e International Barcelona \u00b7 Bon Soleil","robots":{"index":"index","follow":"follow","max-snippet":"max-snippet:-1","max-image-preview":"max-image-preview:large","max-video-preview":"max-video-preview:-1"},"canonical":"https:\/\/bonsoleil.es\/es\/les-cm1-vont-au-theatre\/","og_locale":"es_ES","og_type":"article","og_title":"Les CM1 vont au th\u00e9atre ! - Lyc\u00e9e International Barcelona \u00b7 Bon Soleil","og_description":"Ce vendredi 3 novembre, tous les CM1 ont eu le plaisir d\u2019aller voir une pi\u00e8ce de th\u00e9\u00e2tre \u00e0 Barcelone ! Cela leur a rappel\u00e9 de bons souvenirs sachant que l\u2019an dernier en CE2, c\u2019\u00e9tait eux qui \u00e9taient sur la sc\u00e8ne de Bon Soleil !","og_url":"https:\/\/bonsoleil.es\/es\/les-cm1-vont-au-theatre\/","og_site_name":"Lyc\u00e9e International Barcelona \u00b7 Bon Soleil","article_publisher":"https:\/\/www.facebook.com\/libBonSoleil\/","article_published_time":"2023-11-08T17:15:00+00:00","article_modified_time":"2023-11-30T07:21:58+00:00","og_image":[{"width":1080,"height":718,"url":"https:\/\/bonsoleil.es\/web\/wp-content\/uploads\/2023\/11\/0-1-e1699523659163.jpg","type":"image\/jpeg"}],"author":"libbs","twitter_card":"summary_large_image","twitter_creator":"@lib_bonsoleil","twitter_site":"@lib_bonsoleil","twitter_misc":{"Escrito por":"libbs","Tiempo de lectura":"2 minutos"},"schema":{"@context":"https:\/\/schema.org","@graph":[{"@type":"Article","@id":"https:\/\/bonsoleil.es\/es\/les-cm1-vont-au-theatre\/#article","isPartOf":{"@id":"https:\/\/bonsoleil.es\/es\/les-cm1-vont-au-theatre\/"},"author":{"name":"libbs","@id":"https:\/\/bonsoleil.es\/es\/#\/schema\/person\/f90f9175af4fad9c626fd2873bc546ec"},"headline":"Les CM1 vont au th\u00e9atre !","datePublished":"2023-11-08T17:15:00+00:00","dateModified":"2023-11-30T07:21:58+00:00","mainEntityOfPage":{"@id":"https:\/\/bonsoleil.es\/es\/les-cm1-vont-au-theatre\/"},"wordCount":210,"image":{"@id":"https:\/\/bonsoleil.es\/es\/les-cm1-vont-au-theatre\/#primaryimage"},"thumbnailUrl":"https:\/\/bonsoleil.es\/web\/wp-content\/uploads\/2023\/11\/0-1-e1699523659163.jpg","articleSection":["Primaire"],"inLanguage":"es"},{"@type":"WebPage","@id":"https:\/\/bonsoleil.es\/es\/les-cm1-vont-au-theatre\/","url":"https:\/\/bonsoleil.es\/es\/les-cm1-vont-au-theatre\/","name":"Les CM1 vont au th\u00e9atre ! - Lyc\u00e9e International Barcelona \u00b7 Bon Soleil","isPartOf":{"@id":"https:\/\/bonsoleil.es\/es\/#website"},"primaryImageOfPage":{"@id":"https:\/\/bonsoleil.es\/es\/les-cm1-vont-au-theatre\/#primaryimage"},"image":{"@id":"https:\/\/bonsoleil.es\/es\/les-cm1-vont-au-theatre\/#primaryimage"},"thumbnailUrl":"https:\/\/bonsoleil.es\/web\/wp-content\/uploads\/2023\/11\/0-1-e1699523659163.jpg","datePublished":"2023-11-08T17:15:00+00:00","dateModified":"2023-11-30T07:21:58+00:00","author":{"@id":"https:\/\/bonsoleil.es\/es\/#\/schema\/person\/f90f9175af4fad9c626fd2873bc546ec"},"breadcrumb":{"@id":"https:\/\/bonsoleil.es\/es\/les-cm1-vont-au-theatre\/#breadcrumb"},"inLanguage":"es","potentialAction":[{"@type":"ReadAction","target":["https:\/\/bonsoleil.es\/es\/les-cm1-vont-au-theatre\/"]}]},{"@type":"ImageObject","inLanguage":"es","@id":"https:\/\/bonsoleil.es\/es\/les-cm1-vont-au-theatre\/#primaryimage","url":"https:\/\/bonsoleil.es\/web\/wp-content\/uploads\/2023\/11\/0-1-e1699523659163.jpg","contentUrl":"https:\/\/bonsoleil.es\/web\/wp-content\/uploads\/2023\/11\/0-1-e1699523659163.jpg","width":1080,"height":718},{"@type":"BreadcrumbList","@id":"https:\/\/bonsoleil.es\/es\/les-cm1-vont-au-theatre\/#breadcrumb","itemListElement":[{"@type":"ListItem","position":1,"name":"Portada","item":"https:\/\/bonsoleil.es\/es\/"},{"@type":"ListItem","position":2,"name":"Les CM1 vont au th\u00e9atre !"}]},{"@type":"WebSite","@id":"https:\/\/bonsoleil.es\/es\/#website","url":"https:\/\/bonsoleil.es\/es\/","name":"Lyc\u00e9e International Barcelona \u00b7 Bon Soleil","description":"Lyc\u00e9e International Barcelona","potentialAction":[{"@type":"SearchAction","target":{"@type":"EntryPoint","urlTemplate":"https:\/\/bonsoleil.es\/es\/?s={search_term_string}"},"query-input":{"@type":"PropertyValueSpecification","valueRequired":true,"valueName":"search_term_string"}}],"inLanguage":"es"},{"@type":"Person","@id":"https:\/\/bonsoleil.es\/es\/#\/schema\/person\/f90f9175af4fad9c626fd2873bc546ec","name":"libbs","image":{"@type":"ImageObject","inLanguage":"es","@id":"https:\/\/bonsoleil.es\/web\/wp-content\/litespeed\/avatar\/6719caedb5831fa7538835120a8121f8.jpg?ver=1777037754","url":"https:\/\/bonsoleil.es\/web\/wp-content\/litespeed\/avatar\/6719caedb5831fa7538835120a8121f8.jpg?ver=1777037754","contentUrl":"https:\/\/bonsoleil.es\/web\/wp-content\/litespeed\/avatar\/6719caedb5831fa7538835120a8121f8.jpg?ver=1777037754","caption":"libbs"},"sameAs":["http:\/\/localhost\/bonsoleil\/new_web"],"url":"https:\/\/bonsoleil.es\/es\/author\/libbs\/"}]}},"_links":{"self":[{"href":"https:\/\/bonsoleil.es\/es\/wp-json\/wp\/v2\/posts\/117076","targetHints":{"allow":["GET"]}}],"collection":[{"href":"https:\/\/bonsoleil.es\/es\/wp-json\/wp\/v2\/posts"}],"about":[{"href":"https:\/\/bonsoleil.es\/es\/wp-json\/wp\/v2\/types\/post"}],"author":[{"embeddable":true,"href":"https:\/\/bonsoleil.es\/es\/wp-json\/wp\/v2\/users\/1"}],"replies":[{"embeddable":true,"href":"https:\/\/bonsoleil.es\/es\/wp-json\/wp\/v2\/comments?post=117076"}],"version-history":[{"count":1,"href":"https:\/\/bonsoleil.es\/es\/wp-json\/wp\/v2\/posts\/117076\/revisions"}],"predecessor-version":[{"id":117093,"href":"https:\/\/bonsoleil.es\/es\/wp-json\/wp\/v2\/posts\/117076\/revisions\/117093"}],"wp:featuredmedia":[{"embeddable":true,"href":"https:\/\/bonsoleil.es\/es\/wp-json\/wp\/v2\/media\/117077"}],"wp:attachment":[{"href":"https:\/\/bonsoleil.es\/es\/wp-json\/wp\/v2\/media?parent=117076"}],"wp:term":[{"taxonomy":"category","embeddable":true,"href":"https:\/\/bonsoleil.es\/es\/wp-json\/wp\/v2\/categories?post=117076"},{"taxonomy":"post_tag","embeddable":true,"href":"https:\/\/bonsoleil.es\/es\/wp-json\/wp\/v2\/tags?post=117076"}],"curies":[{"name":"wp","href":"https:\/\/api.w.org\/{rel}","templated":true}]}}