{"id":117104,"date":"2023-11-10T11:36:03","date_gmt":"2023-11-10T10:36:03","guid":{"rendered":"https:\/\/bonsoleil.es\/?p=117104"},"modified":"2023-11-30T08:21:57","modified_gmt":"2023-11-30T07:21:57","slug":"la-mediatheque","status":"publish","type":"post","link":"https:\/\/bonsoleil.es\/es\/la-mediatheque\/","title":{"rendered":"La m\u00e9diath\u00e8que"},"content":{"rendered":"\n<p>Tout au cours de l\u2019ann\u00e9e la m\u00e9diath\u00e8que primaire et maternelle accueille les classes de MS \u00e0 CM2 autour de diff\u00e9rents projets autour du livre, de la lecture, de l\u2019oralit\u00e9. On s\u2019affaire, on r\u00e9fl\u00e9chit, on \u00e9coute, on apprend.<\/p>\n\n\n\n<p>Mais la m\u00e9diath\u00e8que, c\u2019est aussi cet espace privil\u00e9gi\u00e9 o\u00f9 l&#8217;on peut partager un moment de lecture, tout simplement.<\/p>\n\n\n\n<p>Durant la pause m\u00e9ridienne, la m\u00e9diath\u00e8que devient un lieu o\u00f9 les \u00e9l\u00e8ves de primaire peuvent se retrouver. On peut y lire paisiblement, se r\u00e9unir autour de la table interactive, \u00e9couter des histoires et participer aux activit\u00e9s propos\u00e9es.<\/p>\n\n\n\n<p>__<\/p>\n\n\n\n<p>A lo largo del a\u00f1o, la mediateca de primaria y de infantil acoge a las clases de MS a CM2 para que participen en diversos proyectos relacionados con los libros, la lectura y la expresi\u00f3n oral. Trabajamos, pensamos, escuchamos y aprendemos.<\/p>\n\n\n\n<p>Pero la mediateca tambi\u00e9n es un lugar especial donde compartir un momento de lectura, tranquilamente.<\/p>\n\n\n\n<p>Durante la pausa del mediod\u00eda, la mediateca se convierte en un lugar de encuentro para los alumnos de primaria. Pueden leer tranquilamente, reunirse en torno a la mesa interactiva, escuchar cuentos y participar en las actividades propuestas.<\/p>\n\n\n\n<figure class=\"wp-block-gallery has-nested-images columns-4 is-cropped wp-block-gallery-1 is-layout-flex wp-block-gallery-is-layout-flex\">\n<figure class=\"wp-block-image size-large\"><a href=\"https:\/\/bonsoleil.es\/web\/wp-content\/uploads\/2023\/11\/0-2.jpg\"><img loading=\"lazy\" decoding=\"async\" width=\"700\" height=\"700\" data-id=\"117105\" src=\"https:\/\/bonsoleil.es\/web\/wp-content\/uploads\/2023\/11\/0-2-700x700.jpg\" alt=\"\" class=\"wp-image-117105\" srcset=\"https:\/\/bonsoleil.es\/web\/wp-content\/uploads\/2023\/11\/0-2-700x700.jpg 700w, https:\/\/bonsoleil.es\/web\/wp-content\/uploads\/2023\/11\/0-2-250x250.jpg 250w, https:\/\/bonsoleil.es\/web\/wp-content\/uploads\/2023\/11\/0-2-150x150.jpg 150w, https:\/\/bonsoleil.es\/web\/wp-content\/uploads\/2023\/11\/0-2-768x768.jpg 768w, https:\/\/bonsoleil.es\/web\/wp-content\/uploads\/2023\/11\/0-2-120x120.jpg 120w, https:\/\/bonsoleil.es\/web\/wp-content\/uploads\/2023\/11\/0-2.jpg 1080w\" sizes=\"auto, (max-width: 700px) 100vw, 700px\" \/><\/a><\/figure>\n\n\n\n<figure class=\"wp-block-image size-large\"><a href=\"https:\/\/bonsoleil.es\/web\/wp-content\/uploads\/2023\/11\/1-8.jpg\"><img decoding=\"async\" data-id=\"117109\" src=\"https:\/\/bonsoleil.es\/web\/wp-content\/uploads\/2023\/11\/1-8-700x700.jpg\" alt=\"\" class=\"wp-image-117109\"\/><\/a><\/figure>\n\n\n\n<figure class=\"wp-block-image size-large\"><a href=\"https:\/\/bonsoleil.es\/web\/wp-content\/uploads\/2023\/11\/2-8.jpg\"><img loading=\"lazy\" decoding=\"async\" width=\"700\" height=\"700\" data-id=\"117113\" src=\"https:\/\/bonsoleil.es\/web\/wp-content\/uploads\/2023\/11\/2-8-700x700.jpg\" alt=\"\" class=\"wp-image-117113\" srcset=\"https:\/\/bonsoleil.es\/web\/wp-content\/uploads\/2023\/11\/2-8-700x700.jpg 700w, https:\/\/bonsoleil.es\/web\/wp-content\/uploads\/2023\/11\/2-8-250x250.jpg 250w, https:\/\/bonsoleil.es\/web\/wp-content\/uploads\/2023\/11\/2-8-150x150.jpg 150w, https:\/\/bonsoleil.es\/web\/wp-content\/uploads\/2023\/11\/2-8-768x768.jpg 768w, https:\/\/bonsoleil.es\/web\/wp-content\/uploads\/2023\/11\/2-8-120x120.jpg 120w, https:\/\/bonsoleil.es\/web\/wp-content\/uploads\/2023\/11\/2-8.jpg 1080w\" sizes=\"auto, (max-width: 700px) 100vw, 700px\" \/><\/a><\/figure>\n\n\n\n<figure class=\"wp-block-image size-large\"><a href=\"https:\/\/bonsoleil.es\/web\/wp-content\/uploads\/2023\/11\/3-8.jpg\"><img loading=\"lazy\" decoding=\"async\" width=\"700\" height=\"700\" data-id=\"117117\" src=\"https:\/\/bonsoleil.es\/web\/wp-content\/uploads\/2023\/11\/3-8-700x700.jpg\" alt=\"\" class=\"wp-image-117117\" srcset=\"https:\/\/bonsoleil.es\/web\/wp-content\/uploads\/2023\/11\/3-8-700x700.jpg 700w, https:\/\/bonsoleil.es\/web\/wp-content\/uploads\/2023\/11\/3-8-250x250.jpg 250w, https:\/\/bonsoleil.es\/web\/wp-content\/uploads\/2023\/11\/3-8-150x150.jpg 150w, https:\/\/bonsoleil.es\/web\/wp-content\/uploads\/2023\/11\/3-8-768x768.jpg 768w, https:\/\/bonsoleil.es\/web\/wp-content\/uploads\/2023\/11\/3-8-120x120.jpg 120w, https:\/\/bonsoleil.es\/web\/wp-content\/uploads\/2023\/11\/3-8.jpg 1080w\" sizes=\"auto, (max-width: 700px) 100vw, 700px\" \/><\/a><\/figure>\n\n\n\n<figure class=\"wp-block-image size-large\"><a href=\"https:\/\/bonsoleil.es\/web\/wp-content\/uploads\/2023\/11\/4-8.jpg\"><img loading=\"lazy\" decoding=\"async\" width=\"700\" height=\"700\" data-id=\"117121\" src=\"https:\/\/bonsoleil.es\/web\/wp-content\/uploads\/2023\/11\/4-8-700x700.jpg\" alt=\"\" class=\"wp-image-117121\" srcset=\"https:\/\/bonsoleil.es\/web\/wp-content\/uploads\/2023\/11\/4-8-700x700.jpg 700w, https:\/\/bonsoleil.es\/web\/wp-content\/uploads\/2023\/11\/4-8-250x250.jpg 250w, https:\/\/bonsoleil.es\/web\/wp-content\/uploads\/2023\/11\/4-8-150x150.jpg 150w, https:\/\/bonsoleil.es\/web\/wp-content\/uploads\/2023\/11\/4-8-768x768.jpg 768w, https:\/\/bonsoleil.es\/web\/wp-content\/uploads\/2023\/11\/4-8-120x120.jpg 120w, https:\/\/bonsoleil.es\/web\/wp-content\/uploads\/2023\/11\/4-8.jpg 1080w\" sizes=\"auto, (max-width: 700px) 100vw, 700px\" \/><\/a><\/figure>\n\n\n\n<figure class=\"wp-block-image size-large\"><a href=\"https:\/\/bonsoleil.es\/web\/wp-content\/uploads\/2023\/11\/5-5.jpg\"><img loading=\"lazy\" decoding=\"async\" width=\"700\" height=\"700\" data-id=\"117125\" src=\"https:\/\/bonsoleil.es\/web\/wp-content\/uploads\/2023\/11\/5-5-700x700.jpg\" alt=\"\" class=\"wp-image-117125\" srcset=\"https:\/\/bonsoleil.es\/web\/wp-content\/uploads\/2023\/11\/5-5-700x700.jpg 700w, https:\/\/bonsoleil.es\/web\/wp-content\/uploads\/2023\/11\/5-5-250x250.jpg 250w, https:\/\/bonsoleil.es\/web\/wp-content\/uploads\/2023\/11\/5-5-150x150.jpg 150w, https:\/\/bonsoleil.es\/web\/wp-content\/uploads\/2023\/11\/5-5-768x768.jpg 768w, https:\/\/bonsoleil.es\/web\/wp-content\/uploads\/2023\/11\/5-5-120x120.jpg 120w, https:\/\/bonsoleil.es\/web\/wp-content\/uploads\/2023\/11\/5-5.jpg 1080w\" sizes=\"auto, (max-width: 700px) 100vw, 700px\" \/><\/a><\/figure>\n\n\n\n<figure class=\"wp-block-image size-large\"><a href=\"https:\/\/bonsoleil.es\/web\/wp-content\/uploads\/2023\/11\/6-3.jpg\"><img loading=\"lazy\" decoding=\"async\" width=\"700\" height=\"700\" data-id=\"117131\" src=\"https:\/\/bonsoleil.es\/web\/wp-content\/uploads\/2023\/11\/6-3-700x700.jpg\" alt=\"\" class=\"wp-image-117131\" srcset=\"https:\/\/bonsoleil.es\/web\/wp-content\/uploads\/2023\/11\/6-3-700x700.jpg 700w, https:\/\/bonsoleil.es\/web\/wp-content\/uploads\/2023\/11\/6-3-250x250.jpg 250w, https:\/\/bonsoleil.es\/web\/wp-content\/uploads\/2023\/11\/6-3-150x150.jpg 150w, https:\/\/bonsoleil.es\/web\/wp-content\/uploads\/2023\/11\/6-3-768x768.jpg 768w, https:\/\/bonsoleil.es\/web\/wp-content\/uploads\/2023\/11\/6-3-120x120.jpg 120w, https:\/\/bonsoleil.es\/web\/wp-content\/uploads\/2023\/11\/6-3.jpg 1080w\" sizes=\"auto, (max-width: 700px) 100vw, 700px\" \/><\/a><\/figure>\n\n\n\n<figure class=\"wp-block-image size-large\"><a href=\"https:\/\/bonsoleil.es\/web\/wp-content\/uploads\/2023\/11\/7-1.jpg\"><img loading=\"lazy\" decoding=\"async\" width=\"700\" height=\"700\" data-id=\"117135\" src=\"https:\/\/bonsoleil.es\/web\/wp-content\/uploads\/2023\/11\/7-1-700x700.jpg\" alt=\"\" class=\"wp-image-117135\" srcset=\"https:\/\/bonsoleil.es\/web\/wp-content\/uploads\/2023\/11\/7-1-700x700.jpg 700w, https:\/\/bonsoleil.es\/web\/wp-content\/uploads\/2023\/11\/7-1-250x250.jpg 250w, https:\/\/bonsoleil.es\/web\/wp-content\/uploads\/2023\/11\/7-1-150x150.jpg 150w, https:\/\/bonsoleil.es\/web\/wp-content\/uploads\/2023\/11\/7-1-768x768.jpg 768w, https:\/\/bonsoleil.es\/web\/wp-content\/uploads\/2023\/11\/7-1-120x120.jpg 120w, https:\/\/bonsoleil.es\/web\/wp-content\/uploads\/2023\/11\/7-1.jpg 1080w\" sizes=\"auto, (max-width: 700px) 100vw, 700px\" \/><\/a><\/figure>\n<\/figure>\n","protected":false},"excerpt":{"rendered":"Tout au cours de l\u2019ann\u00e9e la m\u00e9diath\u00e8que primaire et maternelle accueille les classes de MS \u00e0 CM2 autour de diff\u00e9rents projets autour du livre, de la lecture, de l\u2019oralit\u00e9. On s\u2019affaire, on r\u00e9fl\u00e9chit, on \u00e9coute, on apprend.","protected":false},"author":1,"featured_media":117109,"comment_status":"closed","ping_status":"closed","sticky":false,"template":"","format":"standard","meta":{"_acf_changed":false,"rs_blank_template":"","rs_page_bg_color":"","slide_template_v7":"","footnotes":"","_links_to":"","_links_to_target":""},"categories":[14],"tags":[],"class_list":["post-117104","post","type-post","status-publish","format-standard","has-post-thumbnail","hentry","category-primaire"],"acf":[],"yoast_head":"<!-- This site is optimized with the Yoast SEO plugin v27.4 - https:\/\/yoast.com\/product\/yoast-seo-wordpress\/ -->\n<title>La m\u00e9diath\u00e8que - Lyc\u00e9e International Barcelona \u00b7 Bon Soleil<\/title>\n<meta name=\"robots\" content=\"index, follow, max-snippet:-1, max-image-preview:large, max-video-preview:-1\" \/>\n<link rel=\"canonical\" href=\"https:\/\/bonsoleil.es\/es\/la-mediatheque\/\" \/>\n<meta property=\"og:locale\" content=\"es_ES\" \/>\n<meta property=\"og:type\" content=\"article\" \/>\n<meta property=\"og:title\" content=\"La m\u00e9diath\u00e8que - Lyc\u00e9e International Barcelona \u00b7 Bon Soleil\" \/>\n<meta property=\"og:description\" content=\"Tout au cours de l\u2019ann\u00e9e la m\u00e9diath\u00e8que primaire et maternelle accueille les classes de MS \u00e0 CM2 autour de diff\u00e9rents projets autour du livre, de la lecture, de l\u2019oralit\u00e9. On s\u2019affaire, on r\u00e9fl\u00e9chit, on \u00e9coute, on apprend.\" \/>\n<meta property=\"og:url\" content=\"https:\/\/bonsoleil.es\/es\/la-mediatheque\/\" \/>\n<meta property=\"og:site_name\" content=\"Lyc\u00e9e International Barcelona \u00b7 Bon Soleil\" \/>\n<meta property=\"article:publisher\" content=\"https:\/\/www.facebook.com\/libBonSoleil\/\" \/>\n<meta property=\"article:published_time\" content=\"2023-11-10T10:36:03+00:00\" \/>\n<meta property=\"article:modified_time\" content=\"2023-11-30T07:21:57+00:00\" \/>\n<meta property=\"og:image\" content=\"https:\/\/bonsoleil.es\/web\/wp-content\/uploads\/2023\/11\/1-8-e1699612557969.jpg\" \/>\n\t<meta property=\"og:image:width\" content=\"1080\" \/>\n\t<meta property=\"og:image:height\" content=\"833\" \/>\n\t<meta property=\"og:image:type\" content=\"image\/jpeg\" \/>\n<meta name=\"author\" content=\"libbs\" \/>\n<meta name=\"twitter:card\" content=\"summary_large_image\" \/>\n<meta name=\"twitter:creator\" content=\"@lib_bonsoleil\" \/>\n<meta name=\"twitter:site\" content=\"@lib_bonsoleil\" \/>\n<meta name=\"twitter:label1\" content=\"Escrito por\" \/>\n\t<meta name=\"twitter:data1\" content=\"libbs\" \/>\n\t<meta name=\"twitter:label2\" content=\"Tiempo de lectura\" \/>\n\t<meta name=\"twitter:data2\" content=\"3 minutos\" \/>\n<script type=\"application\/ld+json\" class=\"yoast-schema-graph\">{\"@context\":\"https:\\\/\\\/schema.org\",\"@graph\":[{\"@type\":\"Article\",\"@id\":\"https:\\\/\\\/bonsoleil.es\\\/es\\\/la-mediatheque\\\/#article\",\"isPartOf\":{\"@id\":\"https:\\\/\\\/bonsoleil.es\\\/es\\\/la-mediatheque\\\/\"},\"author\":{\"name\":\"libbs\",\"@id\":\"https:\\\/\\\/bonsoleil.es\\\/es\\\/#\\\/schema\\\/person\\\/f90f9175af4fad9c626fd2873bc546ec\"},\"headline\":\"La m\u00e9diath\u00e8que\",\"datePublished\":\"2023-11-10T10:36:03+00:00\",\"dateModified\":\"2023-11-30T07:21:57+00:00\",\"mainEntityOfPage\":{\"@id\":\"https:\\\/\\\/bonsoleil.es\\\/es\\\/la-mediatheque\\\/\"},\"wordCount\":213,\"image\":{\"@id\":\"https:\\\/\\\/bonsoleil.es\\\/es\\\/la-mediatheque\\\/#primaryimage\"},\"thumbnailUrl\":\"https:\\\/\\\/bonsoleil.es\\\/web\\\/wp-content\\\/uploads\\\/2023\\\/11\\\/1-8-e1699612557969.jpg\",\"articleSection\":[\"Primaire\"],\"inLanguage\":\"es\"},{\"@type\":\"WebPage\",\"@id\":\"https:\\\/\\\/bonsoleil.es\\\/es\\\/la-mediatheque\\\/\",\"url\":\"https:\\\/\\\/bonsoleil.es\\\/es\\\/la-mediatheque\\\/\",\"name\":\"La m\u00e9diath\u00e8que - Lyc\u00e9e International Barcelona \u00b7 Bon Soleil\",\"isPartOf\":{\"@id\":\"https:\\\/\\\/bonsoleil.es\\\/es\\\/#website\"},\"primaryImageOfPage\":{\"@id\":\"https:\\\/\\\/bonsoleil.es\\\/es\\\/la-mediatheque\\\/#primaryimage\"},\"image\":{\"@id\":\"https:\\\/\\\/bonsoleil.es\\\/es\\\/la-mediatheque\\\/#primaryimage\"},\"thumbnailUrl\":\"https:\\\/\\\/bonsoleil.es\\\/web\\\/wp-content\\\/uploads\\\/2023\\\/11\\\/1-8-e1699612557969.jpg\",\"datePublished\":\"2023-11-10T10:36:03+00:00\",\"dateModified\":\"2023-11-30T07:21:57+00:00\",\"author\":{\"@id\":\"https:\\\/\\\/bonsoleil.es\\\/es\\\/#\\\/schema\\\/person\\\/f90f9175af4fad9c626fd2873bc546ec\"},\"breadcrumb\":{\"@id\":\"https:\\\/\\\/bonsoleil.es\\\/es\\\/la-mediatheque\\\/#breadcrumb\"},\"inLanguage\":\"es\",\"potentialAction\":[{\"@type\":\"ReadAction\",\"target\":[\"https:\\\/\\\/bonsoleil.es\\\/es\\\/la-mediatheque\\\/\"]}]},{\"@type\":\"ImageObject\",\"inLanguage\":\"es\",\"@id\":\"https:\\\/\\\/bonsoleil.es\\\/es\\\/la-mediatheque\\\/#primaryimage\",\"url\":\"https:\\\/\\\/bonsoleil.es\\\/web\\\/wp-content\\\/uploads\\\/2023\\\/11\\\/1-8-e1699612557969.jpg\",\"contentUrl\":\"https:\\\/\\\/bonsoleil.es\\\/web\\\/wp-content\\\/uploads\\\/2023\\\/11\\\/1-8-e1699612557969.jpg\",\"width\":1080,\"height\":833},{\"@type\":\"BreadcrumbList\",\"@id\":\"https:\\\/\\\/bonsoleil.es\\\/es\\\/la-mediatheque\\\/#breadcrumb\",\"itemListElement\":[{\"@type\":\"ListItem\",\"position\":1,\"name\":\"Portada\",\"item\":\"https:\\\/\\\/bonsoleil.es\\\/es\\\/\"},{\"@type\":\"ListItem\",\"position\":2,\"name\":\"La m\u00e9diath\u00e8que\"}]},{\"@type\":\"WebSite\",\"@id\":\"https:\\\/\\\/bonsoleil.es\\\/es\\\/#website\",\"url\":\"https:\\\/\\\/bonsoleil.es\\\/es\\\/\",\"name\":\"Lyc\u00e9e International Barcelona \u00b7 Bon Soleil\",\"description\":\"Lyc\u00e9e International Barcelona\",\"potentialAction\":[{\"@type\":\"SearchAction\",\"target\":{\"@type\":\"EntryPoint\",\"urlTemplate\":\"https:\\\/\\\/bonsoleil.es\\\/es\\\/?s={search_term_string}\"},\"query-input\":{\"@type\":\"PropertyValueSpecification\",\"valueRequired\":true,\"valueName\":\"search_term_string\"}}],\"inLanguage\":\"es\"},{\"@type\":\"Person\",\"@id\":\"https:\\\/\\\/bonsoleil.es\\\/es\\\/#\\\/schema\\\/person\\\/f90f9175af4fad9c626fd2873bc546ec\",\"name\":\"libbs\",\"image\":{\"@type\":\"ImageObject\",\"inLanguage\":\"es\",\"@id\":\"https:\\\/\\\/bonsoleil.es\\\/web\\\/wp-content\\\/litespeed\\\/avatar\\\/6719caedb5831fa7538835120a8121f8.jpg?ver=1777037754\",\"url\":\"https:\\\/\\\/bonsoleil.es\\\/web\\\/wp-content\\\/litespeed\\\/avatar\\\/6719caedb5831fa7538835120a8121f8.jpg?ver=1777037754\",\"contentUrl\":\"https:\\\/\\\/bonsoleil.es\\\/web\\\/wp-content\\\/litespeed\\\/avatar\\\/6719caedb5831fa7538835120a8121f8.jpg?ver=1777037754\",\"caption\":\"libbs\"},\"sameAs\":[\"http:\\\/\\\/localhost\\\/bonsoleil\\\/new_web\"],\"url\":\"https:\\\/\\\/bonsoleil.es\\\/es\\\/author\\\/libbs\\\/\"}]}<\/script>\n<!-- \/ Yoast SEO plugin. -->","yoast_head_json":{"title":"La m\u00e9diath\u00e8que - Lyc\u00e9e International Barcelona \u00b7 Bon Soleil","robots":{"index":"index","follow":"follow","max-snippet":"max-snippet:-1","max-image-preview":"max-image-preview:large","max-video-preview":"max-video-preview:-1"},"canonical":"https:\/\/bonsoleil.es\/es\/la-mediatheque\/","og_locale":"es_ES","og_type":"article","og_title":"La m\u00e9diath\u00e8que - Lyc\u00e9e International Barcelona \u00b7 Bon Soleil","og_description":"Tout au cours de l\u2019ann\u00e9e la m\u00e9diath\u00e8que primaire et maternelle accueille les classes de MS \u00e0 CM2 autour de diff\u00e9rents projets autour du livre, de la lecture, de l\u2019oralit\u00e9. On s\u2019affaire, on r\u00e9fl\u00e9chit, on \u00e9coute, on apprend.","og_url":"https:\/\/bonsoleil.es\/es\/la-mediatheque\/","og_site_name":"Lyc\u00e9e International Barcelona \u00b7 Bon Soleil","article_publisher":"https:\/\/www.facebook.com\/libBonSoleil\/","article_published_time":"2023-11-10T10:36:03+00:00","article_modified_time":"2023-11-30T07:21:57+00:00","og_image":[{"width":1080,"height":833,"url":"https:\/\/bonsoleil.es\/web\/wp-content\/uploads\/2023\/11\/1-8-e1699612557969.jpg","type":"image\/jpeg"}],"author":"libbs","twitter_card":"summary_large_image","twitter_creator":"@lib_bonsoleil","twitter_site":"@lib_bonsoleil","twitter_misc":{"Escrito por":"libbs","Tiempo de lectura":"3 minutos"},"schema":{"@context":"https:\/\/schema.org","@graph":[{"@type":"Article","@id":"https:\/\/bonsoleil.es\/es\/la-mediatheque\/#article","isPartOf":{"@id":"https:\/\/bonsoleil.es\/es\/la-mediatheque\/"},"author":{"name":"libbs","@id":"https:\/\/bonsoleil.es\/es\/#\/schema\/person\/f90f9175af4fad9c626fd2873bc546ec"},"headline":"La m\u00e9diath\u00e8que","datePublished":"2023-11-10T10:36:03+00:00","dateModified":"2023-11-30T07:21:57+00:00","mainEntityOfPage":{"@id":"https:\/\/bonsoleil.es\/es\/la-mediatheque\/"},"wordCount":213,"image":{"@id":"https:\/\/bonsoleil.es\/es\/la-mediatheque\/#primaryimage"},"thumbnailUrl":"https:\/\/bonsoleil.es\/web\/wp-content\/uploads\/2023\/11\/1-8-e1699612557969.jpg","articleSection":["Primaire"],"inLanguage":"es"},{"@type":"WebPage","@id":"https:\/\/bonsoleil.es\/es\/la-mediatheque\/","url":"https:\/\/bonsoleil.es\/es\/la-mediatheque\/","name":"La m\u00e9diath\u00e8que - Lyc\u00e9e International Barcelona \u00b7 Bon Soleil","isPartOf":{"@id":"https:\/\/bonsoleil.es\/es\/#website"},"primaryImageOfPage":{"@id":"https:\/\/bonsoleil.es\/es\/la-mediatheque\/#primaryimage"},"image":{"@id":"https:\/\/bonsoleil.es\/es\/la-mediatheque\/#primaryimage"},"thumbnailUrl":"https:\/\/bonsoleil.es\/web\/wp-content\/uploads\/2023\/11\/1-8-e1699612557969.jpg","datePublished":"2023-11-10T10:36:03+00:00","dateModified":"2023-11-30T07:21:57+00:00","author":{"@id":"https:\/\/bonsoleil.es\/es\/#\/schema\/person\/f90f9175af4fad9c626fd2873bc546ec"},"breadcrumb":{"@id":"https:\/\/bonsoleil.es\/es\/la-mediatheque\/#breadcrumb"},"inLanguage":"es","potentialAction":[{"@type":"ReadAction","target":["https:\/\/bonsoleil.es\/es\/la-mediatheque\/"]}]},{"@type":"ImageObject","inLanguage":"es","@id":"https:\/\/bonsoleil.es\/es\/la-mediatheque\/#primaryimage","url":"https:\/\/bonsoleil.es\/web\/wp-content\/uploads\/2023\/11\/1-8-e1699612557969.jpg","contentUrl":"https:\/\/bonsoleil.es\/web\/wp-content\/uploads\/2023\/11\/1-8-e1699612557969.jpg","width":1080,"height":833},{"@type":"BreadcrumbList","@id":"https:\/\/bonsoleil.es\/es\/la-mediatheque\/#breadcrumb","itemListElement":[{"@type":"ListItem","position":1,"name":"Portada","item":"https:\/\/bonsoleil.es\/es\/"},{"@type":"ListItem","position":2,"name":"La m\u00e9diath\u00e8que"}]},{"@type":"WebSite","@id":"https:\/\/bonsoleil.es\/es\/#website","url":"https:\/\/bonsoleil.es\/es\/","name":"Lyc\u00e9e International Barcelona \u00b7 Bon Soleil","description":"Lyc\u00e9e International Barcelona","potentialAction":[{"@type":"SearchAction","target":{"@type":"EntryPoint","urlTemplate":"https:\/\/bonsoleil.es\/es\/?s={search_term_string}"},"query-input":{"@type":"PropertyValueSpecification","valueRequired":true,"valueName":"search_term_string"}}],"inLanguage":"es"},{"@type":"Person","@id":"https:\/\/bonsoleil.es\/es\/#\/schema\/person\/f90f9175af4fad9c626fd2873bc546ec","name":"libbs","image":{"@type":"ImageObject","inLanguage":"es","@id":"https:\/\/bonsoleil.es\/web\/wp-content\/litespeed\/avatar\/6719caedb5831fa7538835120a8121f8.jpg?ver=1777037754","url":"https:\/\/bonsoleil.es\/web\/wp-content\/litespeed\/avatar\/6719caedb5831fa7538835120a8121f8.jpg?ver=1777037754","contentUrl":"https:\/\/bonsoleil.es\/web\/wp-content\/litespeed\/avatar\/6719caedb5831fa7538835120a8121f8.jpg?ver=1777037754","caption":"libbs"},"sameAs":["http:\/\/localhost\/bonsoleil\/new_web"],"url":"https:\/\/bonsoleil.es\/es\/author\/libbs\/"}]}},"_links":{"self":[{"href":"https:\/\/bonsoleil.es\/es\/wp-json\/wp\/v2\/posts\/117104","targetHints":{"allow":["GET"]}}],"collection":[{"href":"https:\/\/bonsoleil.es\/es\/wp-json\/wp\/v2\/posts"}],"about":[{"href":"https:\/\/bonsoleil.es\/es\/wp-json\/wp\/v2\/types\/post"}],"author":[{"embeddable":true,"href":"https:\/\/bonsoleil.es\/es\/wp-json\/wp\/v2\/users\/1"}],"replies":[{"embeddable":true,"href":"https:\/\/bonsoleil.es\/es\/wp-json\/wp\/v2\/comments?post=117104"}],"version-history":[{"count":1,"href":"https:\/\/bonsoleil.es\/es\/wp-json\/wp\/v2\/posts\/117104\/revisions"}],"predecessor-version":[{"id":117139,"href":"https:\/\/bonsoleil.es\/es\/wp-json\/wp\/v2\/posts\/117104\/revisions\/117139"}],"wp:featuredmedia":[{"embeddable":true,"href":"https:\/\/bonsoleil.es\/es\/wp-json\/wp\/v2\/media\/117109"}],"wp:attachment":[{"href":"https:\/\/bonsoleil.es\/es\/wp-json\/wp\/v2\/media?parent=117104"}],"wp:term":[{"taxonomy":"category","embeddable":true,"href":"https:\/\/bonsoleil.es\/es\/wp-json\/wp\/v2\/categories?post=117104"},{"taxonomy":"post_tag","embeddable":true,"href":"https:\/\/bonsoleil.es\/es\/wp-json\/wp\/v2\/tags?post=117104"}],"curies":[{"name":"wp","href":"https:\/\/api.w.org\/{rel}","templated":true}]}}