{"id":118059,"date":"2023-11-24T09:49:06","date_gmt":"2023-11-24T08:49:06","guid":{"rendered":"https:\/\/bonsoleil.es\/?p=118059"},"modified":"2023-12-04T09:51:45","modified_gmt":"2023-12-04T08:51:45","slug":"nous-avons-un-musee-en-classe","status":"publish","type":"post","link":"https:\/\/bonsoleil.es\/es\/nous-avons-un-musee-en-classe\/","title":{"rendered":"Nous avons un mus\u00e9e en classe !"},"content":{"rendered":"\n<p>En CE2A, nous avons un mus\u00e9e en classe !<\/p>\n\n\n\n<p>Et oui! Et nous avons le droit d\u2019y aller un petit moment dans la semaine pendant notre temps de travail en autonomie !<\/p>\n\n\n\n<p>Je vous explique\u2026&nbsp;<\/p>\n\n\n\n<p>Deux fois par semaine, un camarade pr\u00e9sente un objet. Mais attention ! cet objet, (ce peut \u00eatre aussi un \u00e9crit ou un sport), doit toujours nous apprendre quelque chose ! Nous \u00e9coutons pendant quelques minutes notre camarade faire sa pr\u00e9sentation,&nbsp; parfois m\u00eame \u00e0 l\u2019aide du TBI,&nbsp; s\u2019il a apport\u00e9 une cl\u00e9 USB. Ensuite, c\u2019est \u00e0 nous de lui poser des questions.<\/p>\n\n\n\n<p>Finalement, l\u2019objet est expos\u00e9 en classe, dans notre coin mus\u00e9e pendant toute la p\u00e9riode et ramen\u00e9 \u00e0 la maison afin de laisser place \u00e0 de nouveaux tr\u00e9sors. C\u2019est trop chouette !<\/p>\n\n\n\n<p>Ce petit coin mus\u00e9e, on l\u2019adore ! Il nous permet de nous exprimer en fran\u00e7ais, d\u2019apprendre \u00e0 parler devant les autres (c\u2019est tr\u00e8s difficile) et bien \u00e9videmment de conna\u00eetre des curiosit\u00e9s que nous n\u2019avions jamais vues auparavant (un moulin \u00e0 grain par exemple !) Et maintenant qu\u2019on y pense\u2026chuuuut\u2026 parfois m\u00eame, nous apprenons quelque chose \u00e0 la ma\u00eetresse !<\/p>\n\n\n\n<p>C\u2019est tellement gratifiant de commencer la journ\u00e9e comme \u00e7a ! Nous sommes ainsi bien r\u00e9veill\u00e9s et motiv\u00e9s pour nous lancer dans une nouvelle activit\u00e9 !<\/p>\n\n\n\n<p>__<\/p>\n\n\n\n<p>En CE2A, \u00a1tenemos un museo en clase!<\/p>\n\n\n\n<p>Y s\u00ed, \u00a1se nos permite ir all\u00ed un ratito cada semana durante nuestro tiempo de estudio independiente!<\/p>\n\n\n\n<p>Os explico&#8230;&nbsp;<\/p>\n\n\n\n<p>Dos veces por semana, un compa\u00f1ero de clase presenta un objeto. Este objeto (tambi\u00e9n puede ser un escrito o un deporte) siempre debe ense\u00f1arnos algo. Escuchamos durante unos minutos c\u00f3mo nuestro compa\u00f1ero hace su presentaci\u00f3n, a veces incluso utilizando la TBI si ha tra\u00eddo una llave USB. Luego nos toca hacer preguntas.<\/p>\n\n\n\n<p>Finalmente, el objeto se expone en clase, en nuestro rinc\u00f3n del museo durante todo el periodo y luego se lleva a casa para dejar sitio a nuevos tesoros. \u00a1Es muy divertido!<\/p>\n\n\n\n<p>\u00a1Nos encanta este peque\u00f1o rinc\u00f3n del museo! Nos permite expresarnos en franc\u00e9s, aprender a hablar delante de los dem\u00e1s (es muy dif\u00edcil) y, por supuesto, ver cosas que nunca antes hab\u00edamos visto (\u00a1un molino de grano, por ejemplo!) Y ahora que lo pensamos&#8230; shhh&#8230; \u00a1a veces incluso le ense\u00f1amos algo al profesor!<\/p>\n\n\n\n<p>Es muy gratificante empezar el d\u00eda as\u00ed. Nos despierta y nos motiva para empezar una nueva actividad.<\/p>\n\n\n\n<figure class=\"wp-block-gallery has-nested-images columns-2 is-cropped wp-block-gallery-1 is-layout-flex wp-block-gallery-is-layout-flex\">\n<figure class=\"wp-block-image size-large\"><a href=\"https:\/\/bonsoleil.es\/web\/wp-content\/uploads\/2023\/12\/0.jpg\"><img decoding=\"async\" data-id=\"118060\" src=\"https:\/\/bonsoleil.es\/web\/wp-content\/uploads\/2023\/12\/0-700x700.jpg\" alt=\"\" class=\"wp-image-118060\"\/><\/a><\/figure>\n\n\n\n<figure class=\"wp-block-image size-large\"><a href=\"https:\/\/bonsoleil.es\/web\/wp-content\/uploads\/2023\/12\/1-3.jpg\"><img loading=\"lazy\" decoding=\"async\" width=\"700\" height=\"700\" data-id=\"118064\" src=\"https:\/\/bonsoleil.es\/web\/wp-content\/uploads\/2023\/12\/1-3-700x700.jpg\" alt=\"\" class=\"wp-image-118064\" srcset=\"https:\/\/bonsoleil.es\/web\/wp-content\/uploads\/2023\/12\/1-3-700x700.jpg 700w, https:\/\/bonsoleil.es\/web\/wp-content\/uploads\/2023\/12\/1-3-250x250.jpg 250w, https:\/\/bonsoleil.es\/web\/wp-content\/uploads\/2023\/12\/1-3-150x150.jpg 150w, https:\/\/bonsoleil.es\/web\/wp-content\/uploads\/2023\/12\/1-3-768x768.jpg 768w, https:\/\/bonsoleil.es\/web\/wp-content\/uploads\/2023\/12\/1-3-120x120.jpg 120w, https:\/\/bonsoleil.es\/web\/wp-content\/uploads\/2023\/12\/1-3.jpg 1080w\" sizes=\"auto, (max-width: 700px) 100vw, 700px\" \/><\/a><\/figure>\n\n\n\n<figure class=\"wp-block-image size-large\"><a href=\"https:\/\/bonsoleil.es\/web\/wp-content\/uploads\/2023\/12\/2-3.jpg\"><img loading=\"lazy\" decoding=\"async\" width=\"700\" height=\"700\" data-id=\"118068\" src=\"https:\/\/bonsoleil.es\/web\/wp-content\/uploads\/2023\/12\/2-3-700x700.jpg\" alt=\"\" class=\"wp-image-118068\" srcset=\"https:\/\/bonsoleil.es\/web\/wp-content\/uploads\/2023\/12\/2-3-700x700.jpg 700w, https:\/\/bonsoleil.es\/web\/wp-content\/uploads\/2023\/12\/2-3-250x250.jpg 250w, https:\/\/bonsoleil.es\/web\/wp-content\/uploads\/2023\/12\/2-3-150x150.jpg 150w, https:\/\/bonsoleil.es\/web\/wp-content\/uploads\/2023\/12\/2-3-768x768.jpg 768w, https:\/\/bonsoleil.es\/web\/wp-content\/uploads\/2023\/12\/2-3-120x120.jpg 120w, https:\/\/bonsoleil.es\/web\/wp-content\/uploads\/2023\/12\/2-3.jpg 1080w\" sizes=\"auto, (max-width: 700px) 100vw, 700px\" \/><\/a><\/figure>\n\n\n\n<figure class=\"wp-block-image size-large\"><a href=\"https:\/\/bonsoleil.es\/web\/wp-content\/uploads\/2023\/12\/3-2.jpg\"><img loading=\"lazy\" decoding=\"async\" width=\"700\" height=\"700\" data-id=\"118072\" src=\"https:\/\/bonsoleil.es\/web\/wp-content\/uploads\/2023\/12\/3-2-700x700.jpg\" alt=\"\" class=\"wp-image-118072\" srcset=\"https:\/\/bonsoleil.es\/web\/wp-content\/uploads\/2023\/12\/3-2-700x700.jpg 700w, https:\/\/bonsoleil.es\/web\/wp-content\/uploads\/2023\/12\/3-2-250x250.jpg 250w, https:\/\/bonsoleil.es\/web\/wp-content\/uploads\/2023\/12\/3-2-150x150.jpg 150w, https:\/\/bonsoleil.es\/web\/wp-content\/uploads\/2023\/12\/3-2-768x768.jpg 768w, https:\/\/bonsoleil.es\/web\/wp-content\/uploads\/2023\/12\/3-2-120x120.jpg 120w, https:\/\/bonsoleil.es\/web\/wp-content\/uploads\/2023\/12\/3-2.jpg 1080w\" sizes=\"auto, (max-width: 700px) 100vw, 700px\" \/><\/a><\/figure>\n<\/figure>\n","protected":false},"excerpt":{"rendered":"En CE2A, nous avons un mus\u00e9e en classe !\n\nEt oui! Et nous avons le droit d\u2019y aller un petit moment dans la semaine pendant notre temps de travail en autonomie !","protected":false},"author":1,"featured_media":118060,"comment_status":"closed","ping_status":"closed","sticky":false,"template":"","format":"standard","meta":{"_acf_changed":false,"rs_blank_template":"","rs_page_bg_color":"","slide_template_v7":"","footnotes":"","_links_to":"","_links_to_target":""},"categories":[14],"tags":[],"class_list":["post-118059","post","type-post","status-publish","format-standard","has-post-thumbnail","hentry","category-primaire"],"acf":[],"yoast_head":"<!-- This site is optimized with the Yoast SEO plugin v27.4 - https:\/\/yoast.com\/product\/yoast-seo-wordpress\/ -->\n<title>Nous avons un mus\u00e9e en classe ! - Lyc\u00e9e International Barcelona \u00b7 Bon Soleil<\/title>\n<meta name=\"robots\" content=\"index, follow, max-snippet:-1, max-image-preview:large, max-video-preview:-1\" \/>\n<link rel=\"canonical\" href=\"https:\/\/bonsoleil.es\/es\/nous-avons-un-musee-en-classe\/\" \/>\n<meta property=\"og:locale\" content=\"es_ES\" \/>\n<meta property=\"og:type\" content=\"article\" \/>\n<meta property=\"og:title\" content=\"Nous avons un mus\u00e9e en classe ! - Lyc\u00e9e International Barcelona \u00b7 Bon Soleil\" \/>\n<meta property=\"og:description\" content=\"En CE2A, nous avons un mus\u00e9e en classe ! Et oui! Et nous avons le droit d\u2019y aller un petit moment dans la semaine pendant notre temps de travail en autonomie !\" \/>\n<meta property=\"og:url\" content=\"https:\/\/bonsoleil.es\/es\/nous-avons-un-musee-en-classe\/\" \/>\n<meta property=\"og:site_name\" content=\"Lyc\u00e9e International Barcelona \u00b7 Bon Soleil\" \/>\n<meta property=\"article:publisher\" content=\"https:\/\/www.facebook.com\/libBonSoleil\/\" \/>\n<meta property=\"article:published_time\" content=\"2023-11-24T08:49:06+00:00\" \/>\n<meta property=\"article:modified_time\" content=\"2023-12-04T08:51:45+00:00\" \/>\n<meta property=\"og:image\" content=\"https:\/\/bonsoleil.es\/web\/wp-content\/uploads\/2023\/12\/0-e1701679873626.jpg\" \/>\n\t<meta property=\"og:image:width\" content=\"1080\" \/>\n\t<meta property=\"og:image:height\" content=\"788\" \/>\n\t<meta property=\"og:image:type\" content=\"image\/jpeg\" \/>\n<meta name=\"author\" content=\"libbs\" \/>\n<meta name=\"twitter:card\" content=\"summary_large_image\" \/>\n<meta name=\"twitter:creator\" content=\"@lib_bonsoleil\" \/>\n<meta name=\"twitter:site\" content=\"@lib_bonsoleil\" \/>\n<meta name=\"twitter:label1\" content=\"Escrito por\" \/>\n\t<meta name=\"twitter:data1\" content=\"libbs\" \/>\n\t<meta name=\"twitter:label2\" content=\"Tiempo de lectura\" \/>\n\t<meta name=\"twitter:data2\" content=\"3 minutos\" \/>\n<script type=\"application\/ld+json\" class=\"yoast-schema-graph\">{\"@context\":\"https:\\\/\\\/schema.org\",\"@graph\":[{\"@type\":\"Article\",\"@id\":\"https:\\\/\\\/bonsoleil.es\\\/es\\\/nous-avons-un-musee-en-classe\\\/#article\",\"isPartOf\":{\"@id\":\"https:\\\/\\\/bonsoleil.es\\\/es\\\/nous-avons-un-musee-en-classe\\\/\"},\"author\":{\"name\":\"libbs\",\"@id\":\"https:\\\/\\\/bonsoleil.es\\\/es\\\/#\\\/schema\\\/person\\\/f90f9175af4fad9c626fd2873bc546ec\"},\"headline\":\"Nous avons un mus\u00e9e en classe !\",\"datePublished\":\"2023-11-24T08:49:06+00:00\",\"dateModified\":\"2023-12-04T08:51:45+00:00\",\"mainEntityOfPage\":{\"@id\":\"https:\\\/\\\/bonsoleil.es\\\/es\\\/nous-avons-un-musee-en-classe\\\/\"},\"wordCount\":432,\"image\":{\"@id\":\"https:\\\/\\\/bonsoleil.es\\\/es\\\/nous-avons-un-musee-en-classe\\\/#primaryimage\"},\"thumbnailUrl\":\"https:\\\/\\\/bonsoleil.es\\\/web\\\/wp-content\\\/uploads\\\/2023\\\/12\\\/0-e1701679873626.jpg\",\"articleSection\":[\"Primaire\"],\"inLanguage\":\"es\"},{\"@type\":\"WebPage\",\"@id\":\"https:\\\/\\\/bonsoleil.es\\\/es\\\/nous-avons-un-musee-en-classe\\\/\",\"url\":\"https:\\\/\\\/bonsoleil.es\\\/es\\\/nous-avons-un-musee-en-classe\\\/\",\"name\":\"Nous avons un mus\u00e9e en classe ! - Lyc\u00e9e International Barcelona \u00b7 Bon Soleil\",\"isPartOf\":{\"@id\":\"https:\\\/\\\/bonsoleil.es\\\/es\\\/#website\"},\"primaryImageOfPage\":{\"@id\":\"https:\\\/\\\/bonsoleil.es\\\/es\\\/nous-avons-un-musee-en-classe\\\/#primaryimage\"},\"image\":{\"@id\":\"https:\\\/\\\/bonsoleil.es\\\/es\\\/nous-avons-un-musee-en-classe\\\/#primaryimage\"},\"thumbnailUrl\":\"https:\\\/\\\/bonsoleil.es\\\/web\\\/wp-content\\\/uploads\\\/2023\\\/12\\\/0-e1701679873626.jpg\",\"datePublished\":\"2023-11-24T08:49:06+00:00\",\"dateModified\":\"2023-12-04T08:51:45+00:00\",\"author\":{\"@id\":\"https:\\\/\\\/bonsoleil.es\\\/es\\\/#\\\/schema\\\/person\\\/f90f9175af4fad9c626fd2873bc546ec\"},\"breadcrumb\":{\"@id\":\"https:\\\/\\\/bonsoleil.es\\\/es\\\/nous-avons-un-musee-en-classe\\\/#breadcrumb\"},\"inLanguage\":\"es\",\"potentialAction\":[{\"@type\":\"ReadAction\",\"target\":[\"https:\\\/\\\/bonsoleil.es\\\/es\\\/nous-avons-un-musee-en-classe\\\/\"]}]},{\"@type\":\"ImageObject\",\"inLanguage\":\"es\",\"@id\":\"https:\\\/\\\/bonsoleil.es\\\/es\\\/nous-avons-un-musee-en-classe\\\/#primaryimage\",\"url\":\"https:\\\/\\\/bonsoleil.es\\\/web\\\/wp-content\\\/uploads\\\/2023\\\/12\\\/0-e1701679873626.jpg\",\"contentUrl\":\"https:\\\/\\\/bonsoleil.es\\\/web\\\/wp-content\\\/uploads\\\/2023\\\/12\\\/0-e1701679873626.jpg\",\"width\":1080,\"height\":788},{\"@type\":\"BreadcrumbList\",\"@id\":\"https:\\\/\\\/bonsoleil.es\\\/es\\\/nous-avons-un-musee-en-classe\\\/#breadcrumb\",\"itemListElement\":[{\"@type\":\"ListItem\",\"position\":1,\"name\":\"Portada\",\"item\":\"https:\\\/\\\/bonsoleil.es\\\/es\\\/\"},{\"@type\":\"ListItem\",\"position\":2,\"name\":\"Nous avons un mus\u00e9e en classe !\"}]},{\"@type\":\"WebSite\",\"@id\":\"https:\\\/\\\/bonsoleil.es\\\/es\\\/#website\",\"url\":\"https:\\\/\\\/bonsoleil.es\\\/es\\\/\",\"name\":\"Lyc\u00e9e International Barcelona \u00b7 Bon Soleil\",\"description\":\"Lyc\u00e9e International Barcelona\",\"potentialAction\":[{\"@type\":\"SearchAction\",\"target\":{\"@type\":\"EntryPoint\",\"urlTemplate\":\"https:\\\/\\\/bonsoleil.es\\\/es\\\/?s={search_term_string}\"},\"query-input\":{\"@type\":\"PropertyValueSpecification\",\"valueRequired\":true,\"valueName\":\"search_term_string\"}}],\"inLanguage\":\"es\"},{\"@type\":\"Person\",\"@id\":\"https:\\\/\\\/bonsoleil.es\\\/es\\\/#\\\/schema\\\/person\\\/f90f9175af4fad9c626fd2873bc546ec\",\"name\":\"libbs\",\"image\":{\"@type\":\"ImageObject\",\"inLanguage\":\"es\",\"@id\":\"https:\\\/\\\/bonsoleil.es\\\/web\\\/wp-content\\\/litespeed\\\/avatar\\\/6719caedb5831fa7538835120a8121f8.jpg?ver=1777037754\",\"url\":\"https:\\\/\\\/bonsoleil.es\\\/web\\\/wp-content\\\/litespeed\\\/avatar\\\/6719caedb5831fa7538835120a8121f8.jpg?ver=1777037754\",\"contentUrl\":\"https:\\\/\\\/bonsoleil.es\\\/web\\\/wp-content\\\/litespeed\\\/avatar\\\/6719caedb5831fa7538835120a8121f8.jpg?ver=1777037754\",\"caption\":\"libbs\"},\"sameAs\":[\"http:\\\/\\\/localhost\\\/bonsoleil\\\/new_web\"],\"url\":\"https:\\\/\\\/bonsoleil.es\\\/es\\\/author\\\/libbs\\\/\"}]}<\/script>\n<!-- \/ Yoast SEO plugin. -->","yoast_head_json":{"title":"Nous avons un mus\u00e9e en classe ! - Lyc\u00e9e International Barcelona \u00b7 Bon Soleil","robots":{"index":"index","follow":"follow","max-snippet":"max-snippet:-1","max-image-preview":"max-image-preview:large","max-video-preview":"max-video-preview:-1"},"canonical":"https:\/\/bonsoleil.es\/es\/nous-avons-un-musee-en-classe\/","og_locale":"es_ES","og_type":"article","og_title":"Nous avons un mus\u00e9e en classe ! - Lyc\u00e9e International Barcelona \u00b7 Bon Soleil","og_description":"En CE2A, nous avons un mus\u00e9e en classe ! Et oui! Et nous avons le droit d\u2019y aller un petit moment dans la semaine pendant notre temps de travail en autonomie !","og_url":"https:\/\/bonsoleil.es\/es\/nous-avons-un-musee-en-classe\/","og_site_name":"Lyc\u00e9e International Barcelona \u00b7 Bon Soleil","article_publisher":"https:\/\/www.facebook.com\/libBonSoleil\/","article_published_time":"2023-11-24T08:49:06+00:00","article_modified_time":"2023-12-04T08:51:45+00:00","og_image":[{"width":1080,"height":788,"url":"https:\/\/bonsoleil.es\/web\/wp-content\/uploads\/2023\/12\/0-e1701679873626.jpg","type":"image\/jpeg"}],"author":"libbs","twitter_card":"summary_large_image","twitter_creator":"@lib_bonsoleil","twitter_site":"@lib_bonsoleil","twitter_misc":{"Escrito por":"libbs","Tiempo de lectura":"3 minutos"},"schema":{"@context":"https:\/\/schema.org","@graph":[{"@type":"Article","@id":"https:\/\/bonsoleil.es\/es\/nous-avons-un-musee-en-classe\/#article","isPartOf":{"@id":"https:\/\/bonsoleil.es\/es\/nous-avons-un-musee-en-classe\/"},"author":{"name":"libbs","@id":"https:\/\/bonsoleil.es\/es\/#\/schema\/person\/f90f9175af4fad9c626fd2873bc546ec"},"headline":"Nous avons un mus\u00e9e en classe !","datePublished":"2023-11-24T08:49:06+00:00","dateModified":"2023-12-04T08:51:45+00:00","mainEntityOfPage":{"@id":"https:\/\/bonsoleil.es\/es\/nous-avons-un-musee-en-classe\/"},"wordCount":432,"image":{"@id":"https:\/\/bonsoleil.es\/es\/nous-avons-un-musee-en-classe\/#primaryimage"},"thumbnailUrl":"https:\/\/bonsoleil.es\/web\/wp-content\/uploads\/2023\/12\/0-e1701679873626.jpg","articleSection":["Primaire"],"inLanguage":"es"},{"@type":"WebPage","@id":"https:\/\/bonsoleil.es\/es\/nous-avons-un-musee-en-classe\/","url":"https:\/\/bonsoleil.es\/es\/nous-avons-un-musee-en-classe\/","name":"Nous avons un mus\u00e9e en classe ! - Lyc\u00e9e International Barcelona \u00b7 Bon Soleil","isPartOf":{"@id":"https:\/\/bonsoleil.es\/es\/#website"},"primaryImageOfPage":{"@id":"https:\/\/bonsoleil.es\/es\/nous-avons-un-musee-en-classe\/#primaryimage"},"image":{"@id":"https:\/\/bonsoleil.es\/es\/nous-avons-un-musee-en-classe\/#primaryimage"},"thumbnailUrl":"https:\/\/bonsoleil.es\/web\/wp-content\/uploads\/2023\/12\/0-e1701679873626.jpg","datePublished":"2023-11-24T08:49:06+00:00","dateModified":"2023-12-04T08:51:45+00:00","author":{"@id":"https:\/\/bonsoleil.es\/es\/#\/schema\/person\/f90f9175af4fad9c626fd2873bc546ec"},"breadcrumb":{"@id":"https:\/\/bonsoleil.es\/es\/nous-avons-un-musee-en-classe\/#breadcrumb"},"inLanguage":"es","potentialAction":[{"@type":"ReadAction","target":["https:\/\/bonsoleil.es\/es\/nous-avons-un-musee-en-classe\/"]}]},{"@type":"ImageObject","inLanguage":"es","@id":"https:\/\/bonsoleil.es\/es\/nous-avons-un-musee-en-classe\/#primaryimage","url":"https:\/\/bonsoleil.es\/web\/wp-content\/uploads\/2023\/12\/0-e1701679873626.jpg","contentUrl":"https:\/\/bonsoleil.es\/web\/wp-content\/uploads\/2023\/12\/0-e1701679873626.jpg","width":1080,"height":788},{"@type":"BreadcrumbList","@id":"https:\/\/bonsoleil.es\/es\/nous-avons-un-musee-en-classe\/#breadcrumb","itemListElement":[{"@type":"ListItem","position":1,"name":"Portada","item":"https:\/\/bonsoleil.es\/es\/"},{"@type":"ListItem","position":2,"name":"Nous avons un mus\u00e9e en classe !"}]},{"@type":"WebSite","@id":"https:\/\/bonsoleil.es\/es\/#website","url":"https:\/\/bonsoleil.es\/es\/","name":"Lyc\u00e9e International Barcelona \u00b7 Bon Soleil","description":"Lyc\u00e9e International Barcelona","potentialAction":[{"@type":"SearchAction","target":{"@type":"EntryPoint","urlTemplate":"https:\/\/bonsoleil.es\/es\/?s={search_term_string}"},"query-input":{"@type":"PropertyValueSpecification","valueRequired":true,"valueName":"search_term_string"}}],"inLanguage":"es"},{"@type":"Person","@id":"https:\/\/bonsoleil.es\/es\/#\/schema\/person\/f90f9175af4fad9c626fd2873bc546ec","name":"libbs","image":{"@type":"ImageObject","inLanguage":"es","@id":"https:\/\/bonsoleil.es\/web\/wp-content\/litespeed\/avatar\/6719caedb5831fa7538835120a8121f8.jpg?ver=1777037754","url":"https:\/\/bonsoleil.es\/web\/wp-content\/litespeed\/avatar\/6719caedb5831fa7538835120a8121f8.jpg?ver=1777037754","contentUrl":"https:\/\/bonsoleil.es\/web\/wp-content\/litespeed\/avatar\/6719caedb5831fa7538835120a8121f8.jpg?ver=1777037754","caption":"libbs"},"sameAs":["http:\/\/localhost\/bonsoleil\/new_web"],"url":"https:\/\/bonsoleil.es\/es\/author\/libbs\/"}]}},"_links":{"self":[{"href":"https:\/\/bonsoleil.es\/es\/wp-json\/wp\/v2\/posts\/118059","targetHints":{"allow":["GET"]}}],"collection":[{"href":"https:\/\/bonsoleil.es\/es\/wp-json\/wp\/v2\/posts"}],"about":[{"href":"https:\/\/bonsoleil.es\/es\/wp-json\/wp\/v2\/types\/post"}],"author":[{"embeddable":true,"href":"https:\/\/bonsoleil.es\/es\/wp-json\/wp\/v2\/users\/1"}],"replies":[{"embeddable":true,"href":"https:\/\/bonsoleil.es\/es\/wp-json\/wp\/v2\/comments?post=118059"}],"version-history":[{"count":1,"href":"https:\/\/bonsoleil.es\/es\/wp-json\/wp\/v2\/posts\/118059\/revisions"}],"predecessor-version":[{"id":118076,"href":"https:\/\/bonsoleil.es\/es\/wp-json\/wp\/v2\/posts\/118059\/revisions\/118076"}],"wp:featuredmedia":[{"embeddable":true,"href":"https:\/\/bonsoleil.es\/es\/wp-json\/wp\/v2\/media\/118060"}],"wp:attachment":[{"href":"https:\/\/bonsoleil.es\/es\/wp-json\/wp\/v2\/media?parent=118059"}],"wp:term":[{"taxonomy":"category","embeddable":true,"href":"https:\/\/bonsoleil.es\/es\/wp-json\/wp\/v2\/categories?post=118059"},{"taxonomy":"post_tag","embeddable":true,"href":"https:\/\/bonsoleil.es\/es\/wp-json\/wp\/v2\/tags?post=118059"}],"curies":[{"name":"wp","href":"https:\/\/api.w.org\/{rel}","templated":true}]}}