{"id":118077,"date":"2023-11-29T09:54:46","date_gmt":"2023-11-29T08:54:46","guid":{"rendered":"https:\/\/bonsoleil.es\/?p=118077"},"modified":"2023-12-04T09:57:07","modified_gmt":"2023-12-04T08:57:07","slug":"langue-et-litterature-francaises","status":"publish","type":"post","link":"https:\/\/bonsoleil.es\/es\/langue-et-litterature-francaises\/","title":{"rendered":"Langue et litt\u00e9rature fran\u00e7aises"},"content":{"rendered":"\n<p>En cours de langue et litt\u00e9rature fran\u00e7aises, et dans le cadre du travail autour du roman de Balzac et la Petite Tailleuse chinoise de Dai Sijie, les \u00e9l\u00e8ves de 1\u00baBB ont r\u00e9alis\u00e9 des affiches de propagande afin de promouvoir ou de d\u00e9noncer une cause sociale qui leur tient \u00e0 c\u0153ur. Les sujets choisis par les jeunes \u00e9taient vari\u00e9s et actuels et les r\u00e9alisations originales. Bravo !<\/p>\n\n\n\n<p>__<br>En las clases de lengua y literatura francesas, y como parte de su trabajo sobre la novela de Balzac y la Joven costurera china de Dai Sijie, los alumnos de 1\u00baBB han elaborado carteles de propaganda para promover o denunciar una causa social cercana a sus corazones. Los temas elegidos por los alumnos han sido variados y de actualidad, y sus creaciones muy originales. \u00a1Buen trabajo!<\/p>\n\n\n\n<figure class=\"wp-block-gallery has-nested-images columns-4 is-cropped wp-block-gallery-1 is-layout-flex wp-block-gallery-is-layout-flex\">\n<figure class=\"wp-block-image size-large\"><a href=\"https:\/\/bonsoleil.es\/web\/wp-content\/uploads\/2023\/12\/1-4.jpg\"><img loading=\"lazy\" decoding=\"async\" width=\"700\" height=\"700\" data-id=\"118078\" src=\"https:\/\/bonsoleil.es\/web\/wp-content\/uploads\/2023\/12\/1-4-700x700.jpg\" alt=\"\" class=\"wp-image-118078\" srcset=\"https:\/\/bonsoleil.es\/web\/wp-content\/uploads\/2023\/12\/1-4-700x700.jpg 700w, https:\/\/bonsoleil.es\/web\/wp-content\/uploads\/2023\/12\/1-4-250x250.jpg 250w, https:\/\/bonsoleil.es\/web\/wp-content\/uploads\/2023\/12\/1-4-150x150.jpg 150w, https:\/\/bonsoleil.es\/web\/wp-content\/uploads\/2023\/12\/1-4-768x768.jpg 768w, https:\/\/bonsoleil.es\/web\/wp-content\/uploads\/2023\/12\/1-4-120x120.jpg 120w, https:\/\/bonsoleil.es\/web\/wp-content\/uploads\/2023\/12\/1-4.jpg 1080w\" sizes=\"auto, (max-width: 700px) 100vw, 700px\" \/><\/a><\/figure>\n\n\n\n<figure class=\"wp-block-image size-large\"><a href=\"https:\/\/bonsoleil.es\/web\/wp-content\/uploads\/2023\/12\/2-4.jpg\"><img decoding=\"async\" data-id=\"118082\" src=\"https:\/\/bonsoleil.es\/web\/wp-content\/uploads\/2023\/12\/2-4-700x700.jpg\" alt=\"\" class=\"wp-image-118082\"\/><\/a><\/figure>\n\n\n\n<figure class=\"wp-block-image size-large\"><a href=\"https:\/\/bonsoleil.es\/web\/wp-content\/uploads\/2023\/12\/3-3.jpg\"><img loading=\"lazy\" decoding=\"async\" width=\"700\" height=\"700\" data-id=\"118086\" src=\"https:\/\/bonsoleil.es\/web\/wp-content\/uploads\/2023\/12\/3-3-700x700.jpg\" alt=\"\" class=\"wp-image-118086\" srcset=\"https:\/\/bonsoleil.es\/web\/wp-content\/uploads\/2023\/12\/3-3-700x700.jpg 700w, https:\/\/bonsoleil.es\/web\/wp-content\/uploads\/2023\/12\/3-3-250x250.jpg 250w, https:\/\/bonsoleil.es\/web\/wp-content\/uploads\/2023\/12\/3-3-150x150.jpg 150w, https:\/\/bonsoleil.es\/web\/wp-content\/uploads\/2023\/12\/3-3-768x768.jpg 768w, https:\/\/bonsoleil.es\/web\/wp-content\/uploads\/2023\/12\/3-3-120x120.jpg 120w, https:\/\/bonsoleil.es\/web\/wp-content\/uploads\/2023\/12\/3-3.jpg 1080w\" sizes=\"auto, (max-width: 700px) 100vw, 700px\" \/><\/a><\/figure>\n\n\n\n<figure class=\"wp-block-image size-large\"><a href=\"https:\/\/bonsoleil.es\/web\/wp-content\/uploads\/2023\/12\/4-2.jpg\"><img loading=\"lazy\" decoding=\"async\" width=\"700\" height=\"700\" data-id=\"118090\" src=\"https:\/\/bonsoleil.es\/web\/wp-content\/uploads\/2023\/12\/4-2-700x700.jpg\" alt=\"\" class=\"wp-image-118090\" srcset=\"https:\/\/bonsoleil.es\/web\/wp-content\/uploads\/2023\/12\/4-2-700x700.jpg 700w, https:\/\/bonsoleil.es\/web\/wp-content\/uploads\/2023\/12\/4-2-250x250.jpg 250w, https:\/\/bonsoleil.es\/web\/wp-content\/uploads\/2023\/12\/4-2-150x150.jpg 150w, https:\/\/bonsoleil.es\/web\/wp-content\/uploads\/2023\/12\/4-2-768x768.jpg 768w, https:\/\/bonsoleil.es\/web\/wp-content\/uploads\/2023\/12\/4-2-120x120.jpg 120w, https:\/\/bonsoleil.es\/web\/wp-content\/uploads\/2023\/12\/4-2.jpg 1080w\" sizes=\"auto, (max-width: 700px) 100vw, 700px\" \/><\/a><\/figure>\n\n\n\n<figure class=\"wp-block-image size-large\"><a href=\"https:\/\/bonsoleil.es\/web\/wp-content\/uploads\/2023\/12\/5-2.jpg\"><img loading=\"lazy\" decoding=\"async\" width=\"700\" height=\"700\" data-id=\"118094\" src=\"https:\/\/bonsoleil.es\/web\/wp-content\/uploads\/2023\/12\/5-2-700x700.jpg\" alt=\"\" class=\"wp-image-118094\" srcset=\"https:\/\/bonsoleil.es\/web\/wp-content\/uploads\/2023\/12\/5-2-700x700.jpg 700w, https:\/\/bonsoleil.es\/web\/wp-content\/uploads\/2023\/12\/5-2-250x250.jpg 250w, https:\/\/bonsoleil.es\/web\/wp-content\/uploads\/2023\/12\/5-2-150x150.jpg 150w, https:\/\/bonsoleil.es\/web\/wp-content\/uploads\/2023\/12\/5-2-768x768.jpg 768w, https:\/\/bonsoleil.es\/web\/wp-content\/uploads\/2023\/12\/5-2-120x120.jpg 120w, https:\/\/bonsoleil.es\/web\/wp-content\/uploads\/2023\/12\/5-2.jpg 1080w\" sizes=\"auto, (max-width: 700px) 100vw, 700px\" \/><\/a><\/figure>\n\n\n\n<figure class=\"wp-block-image size-large\"><a href=\"https:\/\/bonsoleil.es\/web\/wp-content\/uploads\/2023\/12\/6-2.jpg\"><img loading=\"lazy\" decoding=\"async\" width=\"700\" height=\"700\" data-id=\"118098\" src=\"https:\/\/bonsoleil.es\/web\/wp-content\/uploads\/2023\/12\/6-2-700x700.jpg\" alt=\"\" class=\"wp-image-118098\" srcset=\"https:\/\/bonsoleil.es\/web\/wp-content\/uploads\/2023\/12\/6-2-700x700.jpg 700w, https:\/\/bonsoleil.es\/web\/wp-content\/uploads\/2023\/12\/6-2-250x250.jpg 250w, https:\/\/bonsoleil.es\/web\/wp-content\/uploads\/2023\/12\/6-2-150x150.jpg 150w, https:\/\/bonsoleil.es\/web\/wp-content\/uploads\/2023\/12\/6-2-768x768.jpg 768w, https:\/\/bonsoleil.es\/web\/wp-content\/uploads\/2023\/12\/6-2-120x120.jpg 120w, https:\/\/bonsoleil.es\/web\/wp-content\/uploads\/2023\/12\/6-2.jpg 1080w\" sizes=\"auto, (max-width: 700px) 100vw, 700px\" \/><\/a><\/figure>\n\n\n\n<figure class=\"wp-block-image size-large\"><a href=\"https:\/\/bonsoleil.es\/web\/wp-content\/uploads\/2023\/12\/7-2.jpg\"><img loading=\"lazy\" decoding=\"async\" width=\"700\" height=\"700\" data-id=\"118102\" src=\"https:\/\/bonsoleil.es\/web\/wp-content\/uploads\/2023\/12\/7-2-700x700.jpg\" alt=\"\" class=\"wp-image-118102\" srcset=\"https:\/\/bonsoleil.es\/web\/wp-content\/uploads\/2023\/12\/7-2-700x700.jpg 700w, https:\/\/bonsoleil.es\/web\/wp-content\/uploads\/2023\/12\/7-2-250x250.jpg 250w, https:\/\/bonsoleil.es\/web\/wp-content\/uploads\/2023\/12\/7-2-150x150.jpg 150w, https:\/\/bonsoleil.es\/web\/wp-content\/uploads\/2023\/12\/7-2-768x768.jpg 768w, https:\/\/bonsoleil.es\/web\/wp-content\/uploads\/2023\/12\/7-2-120x120.jpg 120w, https:\/\/bonsoleil.es\/web\/wp-content\/uploads\/2023\/12\/7-2.jpg 1080w\" sizes=\"auto, (max-width: 700px) 100vw, 700px\" \/><\/a><\/figure>\n<\/figure>\n","protected":false},"excerpt":{"rendered":"En cours de langue et litt\u00e9rature fran\u00e7aises, et dans le cadre du travail autour du roman de Balzac et la Petite Tailleuse chinoise de Dai Sijie,&#8230;","protected":false},"author":1,"featured_media":118082,"comment_status":"closed","ping_status":"closed","sticky":false,"template":"","format":"standard","meta":{"_acf_changed":false,"rs_blank_template":"","rs_page_bg_color":"","slide_template_v7":"","footnotes":"","_links_to":"","_links_to_target":""},"categories":[8,9],"tags":[],"class_list":["post-118077","post","type-post","status-publish","format-standard","has-post-thumbnail","hentry","category-1n-bac","category-secondaire"],"acf":[],"yoast_head":"<!-- This site is optimized with the Yoast SEO plugin v27.5 - https:\/\/yoast.com\/product\/yoast-seo-wordpress\/ -->\n<title>Langue et litt\u00e9rature fran\u00e7aises - Lyc\u00e9e International Barcelona \u00b7 Bon Soleil<\/title>\n<meta name=\"robots\" content=\"index, follow, max-snippet:-1, max-image-preview:large, max-video-preview:-1\" \/>\n<link rel=\"canonical\" href=\"https:\/\/bonsoleil.es\/es\/langue-et-litterature-francaises\/\" \/>\n<meta property=\"og:locale\" content=\"es_ES\" \/>\n<meta property=\"og:type\" content=\"article\" \/>\n<meta property=\"og:title\" content=\"Langue et litt\u00e9rature fran\u00e7aises - Lyc\u00e9e International Barcelona \u00b7 Bon Soleil\" \/>\n<meta property=\"og:description\" content=\"En cours de langue et litt\u00e9rature fran\u00e7aises, et dans le cadre du travail autour du roman de Balzac et la Petite Tailleuse chinoise de Dai Sijie,...\" \/>\n<meta property=\"og:url\" content=\"https:\/\/bonsoleil.es\/es\/langue-et-litterature-francaises\/\" \/>\n<meta property=\"og:site_name\" content=\"Lyc\u00e9e International Barcelona \u00b7 Bon Soleil\" \/>\n<meta property=\"article:publisher\" content=\"https:\/\/www.facebook.com\/libBonSoleil\/\" \/>\n<meta property=\"article:published_time\" content=\"2023-11-29T08:54:46+00:00\" \/>\n<meta property=\"article:modified_time\" content=\"2023-12-04T08:57:07+00:00\" \/>\n<meta property=\"og:image\" content=\"https:\/\/bonsoleil.es\/web\/wp-content\/uploads\/2023\/12\/2-4-e1701680209363.jpg\" \/>\n\t<meta property=\"og:image:width\" content=\"1080\" \/>\n\t<meta property=\"og:image:height\" content=\"710\" \/>\n\t<meta property=\"og:image:type\" content=\"image\/jpeg\" \/>\n<meta name=\"author\" content=\"libbs\" \/>\n<meta name=\"twitter:card\" content=\"summary_large_image\" \/>\n<meta name=\"twitter:creator\" content=\"@lib_bonsoleil\" \/>\n<meta name=\"twitter:site\" content=\"@lib_bonsoleil\" \/>\n<meta name=\"twitter:label1\" content=\"Escrito por\" \/>\n\t<meta name=\"twitter:data1\" content=\"libbs\" \/>\n\t<meta name=\"twitter:label2\" content=\"Tiempo de lectura\" \/>\n\t<meta name=\"twitter:data2\" content=\"3 minutos\" \/>\n<script type=\"application\/ld+json\" class=\"yoast-schema-graph\">{\"@context\":\"https:\\\/\\\/schema.org\",\"@graph\":[{\"@type\":\"Article\",\"@id\":\"https:\\\/\\\/bonsoleil.es\\\/es\\\/langue-et-litterature-francaises\\\/#article\",\"isPartOf\":{\"@id\":\"https:\\\/\\\/bonsoleil.es\\\/es\\\/langue-et-litterature-francaises\\\/\"},\"author\":{\"name\":\"libbs\",\"@id\":\"https:\\\/\\\/bonsoleil.es\\\/es\\\/#\\\/schema\\\/person\\\/f90f9175af4fad9c626fd2873bc546ec\"},\"headline\":\"Langue et litt\u00e9rature fran\u00e7aises\",\"datePublished\":\"2023-11-29T08:54:46+00:00\",\"dateModified\":\"2023-12-04T08:57:07+00:00\",\"mainEntityOfPage\":{\"@id\":\"https:\\\/\\\/bonsoleil.es\\\/es\\\/langue-et-litterature-francaises\\\/\"},\"wordCount\":144,\"image\":{\"@id\":\"https:\\\/\\\/bonsoleil.es\\\/es\\\/langue-et-litterature-francaises\\\/#primaryimage\"},\"thumbnailUrl\":\"https:\\\/\\\/bonsoleil.es\\\/web\\\/wp-content\\\/uploads\\\/2023\\\/12\\\/2-4-e1701680209363.jpg\",\"articleSection\":[\"1n Bachibac\",\"Secondaire\"],\"inLanguage\":\"es\"},{\"@type\":\"WebPage\",\"@id\":\"https:\\\/\\\/bonsoleil.es\\\/es\\\/langue-et-litterature-francaises\\\/\",\"url\":\"https:\\\/\\\/bonsoleil.es\\\/es\\\/langue-et-litterature-francaises\\\/\",\"name\":\"Langue et litt\u00e9rature fran\u00e7aises - Lyc\u00e9e International Barcelona \u00b7 Bon Soleil\",\"isPartOf\":{\"@id\":\"https:\\\/\\\/bonsoleil.es\\\/es\\\/#website\"},\"primaryImageOfPage\":{\"@id\":\"https:\\\/\\\/bonsoleil.es\\\/es\\\/langue-et-litterature-francaises\\\/#primaryimage\"},\"image\":{\"@id\":\"https:\\\/\\\/bonsoleil.es\\\/es\\\/langue-et-litterature-francaises\\\/#primaryimage\"},\"thumbnailUrl\":\"https:\\\/\\\/bonsoleil.es\\\/web\\\/wp-content\\\/uploads\\\/2023\\\/12\\\/2-4-e1701680209363.jpg\",\"datePublished\":\"2023-11-29T08:54:46+00:00\",\"dateModified\":\"2023-12-04T08:57:07+00:00\",\"author\":{\"@id\":\"https:\\\/\\\/bonsoleil.es\\\/es\\\/#\\\/schema\\\/person\\\/f90f9175af4fad9c626fd2873bc546ec\"},\"breadcrumb\":{\"@id\":\"https:\\\/\\\/bonsoleil.es\\\/es\\\/langue-et-litterature-francaises\\\/#breadcrumb\"},\"inLanguage\":\"es\",\"potentialAction\":[{\"@type\":\"ReadAction\",\"target\":[\"https:\\\/\\\/bonsoleil.es\\\/es\\\/langue-et-litterature-francaises\\\/\"]}]},{\"@type\":\"ImageObject\",\"inLanguage\":\"es\",\"@id\":\"https:\\\/\\\/bonsoleil.es\\\/es\\\/langue-et-litterature-francaises\\\/#primaryimage\",\"url\":\"https:\\\/\\\/bonsoleil.es\\\/web\\\/wp-content\\\/uploads\\\/2023\\\/12\\\/2-4-e1701680209363.jpg\",\"contentUrl\":\"https:\\\/\\\/bonsoleil.es\\\/web\\\/wp-content\\\/uploads\\\/2023\\\/12\\\/2-4-e1701680209363.jpg\",\"width\":1080,\"height\":710},{\"@type\":\"BreadcrumbList\",\"@id\":\"https:\\\/\\\/bonsoleil.es\\\/es\\\/langue-et-litterature-francaises\\\/#breadcrumb\",\"itemListElement\":[{\"@type\":\"ListItem\",\"position\":1,\"name\":\"Portada\",\"item\":\"https:\\\/\\\/bonsoleil.es\\\/es\\\/\"},{\"@type\":\"ListItem\",\"position\":2,\"name\":\"Langue et litt\u00e9rature fran\u00e7aises\"}]},{\"@type\":\"WebSite\",\"@id\":\"https:\\\/\\\/bonsoleil.es\\\/es\\\/#website\",\"url\":\"https:\\\/\\\/bonsoleil.es\\\/es\\\/\",\"name\":\"Lyc\u00e9e International Barcelona \u00b7 Bon Soleil\",\"description\":\"Lyc\u00e9e International Barcelona\",\"potentialAction\":[{\"@type\":\"SearchAction\",\"target\":{\"@type\":\"EntryPoint\",\"urlTemplate\":\"https:\\\/\\\/bonsoleil.es\\\/es\\\/?s={search_term_string}\"},\"query-input\":{\"@type\":\"PropertyValueSpecification\",\"valueRequired\":true,\"valueName\":\"search_term_string\"}}],\"inLanguage\":\"es\"},{\"@type\":\"Person\",\"@id\":\"https:\\\/\\\/bonsoleil.es\\\/es\\\/#\\\/schema\\\/person\\\/f90f9175af4fad9c626fd2873bc546ec\",\"name\":\"libbs\",\"image\":{\"@type\":\"ImageObject\",\"inLanguage\":\"es\",\"@id\":\"https:\\\/\\\/bonsoleil.es\\\/web\\\/wp-content\\\/litespeed\\\/avatar\\\/6719caedb5831fa7538835120a8121f8.jpg?ver=1777037754\",\"url\":\"https:\\\/\\\/bonsoleil.es\\\/web\\\/wp-content\\\/litespeed\\\/avatar\\\/6719caedb5831fa7538835120a8121f8.jpg?ver=1777037754\",\"contentUrl\":\"https:\\\/\\\/bonsoleil.es\\\/web\\\/wp-content\\\/litespeed\\\/avatar\\\/6719caedb5831fa7538835120a8121f8.jpg?ver=1777037754\",\"caption\":\"libbs\"},\"sameAs\":[\"http:\\\/\\\/localhost\\\/bonsoleil\\\/new_web\"],\"url\":\"https:\\\/\\\/bonsoleil.es\\\/es\\\/author\\\/libbs\\\/\"}]}<\/script>\n<!-- \/ Yoast SEO plugin. -->","yoast_head_json":{"title":"Langue et litt\u00e9rature fran\u00e7aises - Lyc\u00e9e International Barcelona \u00b7 Bon Soleil","robots":{"index":"index","follow":"follow","max-snippet":"max-snippet:-1","max-image-preview":"max-image-preview:large","max-video-preview":"max-video-preview:-1"},"canonical":"https:\/\/bonsoleil.es\/es\/langue-et-litterature-francaises\/","og_locale":"es_ES","og_type":"article","og_title":"Langue et litt\u00e9rature fran\u00e7aises - Lyc\u00e9e International Barcelona \u00b7 Bon Soleil","og_description":"En cours de langue et litt\u00e9rature fran\u00e7aises, et dans le cadre du travail autour du roman de Balzac et la Petite Tailleuse chinoise de Dai Sijie,...","og_url":"https:\/\/bonsoleil.es\/es\/langue-et-litterature-francaises\/","og_site_name":"Lyc\u00e9e International Barcelona \u00b7 Bon Soleil","article_publisher":"https:\/\/www.facebook.com\/libBonSoleil\/","article_published_time":"2023-11-29T08:54:46+00:00","article_modified_time":"2023-12-04T08:57:07+00:00","og_image":[{"width":1080,"height":710,"url":"https:\/\/bonsoleil.es\/web\/wp-content\/uploads\/2023\/12\/2-4-e1701680209363.jpg","type":"image\/jpeg"}],"author":"libbs","twitter_card":"summary_large_image","twitter_creator":"@lib_bonsoleil","twitter_site":"@lib_bonsoleil","twitter_misc":{"Escrito por":"libbs","Tiempo de lectura":"3 minutos"},"schema":{"@context":"https:\/\/schema.org","@graph":[{"@type":"Article","@id":"https:\/\/bonsoleil.es\/es\/langue-et-litterature-francaises\/#article","isPartOf":{"@id":"https:\/\/bonsoleil.es\/es\/langue-et-litterature-francaises\/"},"author":{"name":"libbs","@id":"https:\/\/bonsoleil.es\/es\/#\/schema\/person\/f90f9175af4fad9c626fd2873bc546ec"},"headline":"Langue et litt\u00e9rature fran\u00e7aises","datePublished":"2023-11-29T08:54:46+00:00","dateModified":"2023-12-04T08:57:07+00:00","mainEntityOfPage":{"@id":"https:\/\/bonsoleil.es\/es\/langue-et-litterature-francaises\/"},"wordCount":144,"image":{"@id":"https:\/\/bonsoleil.es\/es\/langue-et-litterature-francaises\/#primaryimage"},"thumbnailUrl":"https:\/\/bonsoleil.es\/web\/wp-content\/uploads\/2023\/12\/2-4-e1701680209363.jpg","articleSection":["1n Bachibac","Secondaire"],"inLanguage":"es"},{"@type":"WebPage","@id":"https:\/\/bonsoleil.es\/es\/langue-et-litterature-francaises\/","url":"https:\/\/bonsoleil.es\/es\/langue-et-litterature-francaises\/","name":"Langue et litt\u00e9rature fran\u00e7aises - Lyc\u00e9e International Barcelona \u00b7 Bon Soleil","isPartOf":{"@id":"https:\/\/bonsoleil.es\/es\/#website"},"primaryImageOfPage":{"@id":"https:\/\/bonsoleil.es\/es\/langue-et-litterature-francaises\/#primaryimage"},"image":{"@id":"https:\/\/bonsoleil.es\/es\/langue-et-litterature-francaises\/#primaryimage"},"thumbnailUrl":"https:\/\/bonsoleil.es\/web\/wp-content\/uploads\/2023\/12\/2-4-e1701680209363.jpg","datePublished":"2023-11-29T08:54:46+00:00","dateModified":"2023-12-04T08:57:07+00:00","author":{"@id":"https:\/\/bonsoleil.es\/es\/#\/schema\/person\/f90f9175af4fad9c626fd2873bc546ec"},"breadcrumb":{"@id":"https:\/\/bonsoleil.es\/es\/langue-et-litterature-francaises\/#breadcrumb"},"inLanguage":"es","potentialAction":[{"@type":"ReadAction","target":["https:\/\/bonsoleil.es\/es\/langue-et-litterature-francaises\/"]}]},{"@type":"ImageObject","inLanguage":"es","@id":"https:\/\/bonsoleil.es\/es\/langue-et-litterature-francaises\/#primaryimage","url":"https:\/\/bonsoleil.es\/web\/wp-content\/uploads\/2023\/12\/2-4-e1701680209363.jpg","contentUrl":"https:\/\/bonsoleil.es\/web\/wp-content\/uploads\/2023\/12\/2-4-e1701680209363.jpg","width":1080,"height":710},{"@type":"BreadcrumbList","@id":"https:\/\/bonsoleil.es\/es\/langue-et-litterature-francaises\/#breadcrumb","itemListElement":[{"@type":"ListItem","position":1,"name":"Portada","item":"https:\/\/bonsoleil.es\/es\/"},{"@type":"ListItem","position":2,"name":"Langue et litt\u00e9rature fran\u00e7aises"}]},{"@type":"WebSite","@id":"https:\/\/bonsoleil.es\/es\/#website","url":"https:\/\/bonsoleil.es\/es\/","name":"Lyc\u00e9e International Barcelona \u00b7 Bon Soleil","description":"Lyc\u00e9e International Barcelona","potentialAction":[{"@type":"SearchAction","target":{"@type":"EntryPoint","urlTemplate":"https:\/\/bonsoleil.es\/es\/?s={search_term_string}"},"query-input":{"@type":"PropertyValueSpecification","valueRequired":true,"valueName":"search_term_string"}}],"inLanguage":"es"},{"@type":"Person","@id":"https:\/\/bonsoleil.es\/es\/#\/schema\/person\/f90f9175af4fad9c626fd2873bc546ec","name":"libbs","image":{"@type":"ImageObject","inLanguage":"es","@id":"https:\/\/bonsoleil.es\/web\/wp-content\/litespeed\/avatar\/6719caedb5831fa7538835120a8121f8.jpg?ver=1777037754","url":"https:\/\/bonsoleil.es\/web\/wp-content\/litespeed\/avatar\/6719caedb5831fa7538835120a8121f8.jpg?ver=1777037754","contentUrl":"https:\/\/bonsoleil.es\/web\/wp-content\/litespeed\/avatar\/6719caedb5831fa7538835120a8121f8.jpg?ver=1777037754","caption":"libbs"},"sameAs":["http:\/\/localhost\/bonsoleil\/new_web"],"url":"https:\/\/bonsoleil.es\/es\/author\/libbs\/"}]}},"_links":{"self":[{"href":"https:\/\/bonsoleil.es\/es\/wp-json\/wp\/v2\/posts\/118077","targetHints":{"allow":["GET"]}}],"collection":[{"href":"https:\/\/bonsoleil.es\/es\/wp-json\/wp\/v2\/posts"}],"about":[{"href":"https:\/\/bonsoleil.es\/es\/wp-json\/wp\/v2\/types\/post"}],"author":[{"embeddable":true,"href":"https:\/\/bonsoleil.es\/es\/wp-json\/wp\/v2\/users\/1"}],"replies":[{"embeddable":true,"href":"https:\/\/bonsoleil.es\/es\/wp-json\/wp\/v2\/comments?post=118077"}],"version-history":[{"count":1,"href":"https:\/\/bonsoleil.es\/es\/wp-json\/wp\/v2\/posts\/118077\/revisions"}],"predecessor-version":[{"id":118106,"href":"https:\/\/bonsoleil.es\/es\/wp-json\/wp\/v2\/posts\/118077\/revisions\/118106"}],"wp:featuredmedia":[{"embeddable":true,"href":"https:\/\/bonsoleil.es\/es\/wp-json\/wp\/v2\/media\/118082"}],"wp:attachment":[{"href":"https:\/\/bonsoleil.es\/es\/wp-json\/wp\/v2\/media?parent=118077"}],"wp:term":[{"taxonomy":"category","embeddable":true,"href":"https:\/\/bonsoleil.es\/es\/wp-json\/wp\/v2\/categories?post=118077"},{"taxonomy":"post_tag","embeddable":true,"href":"https:\/\/bonsoleil.es\/es\/wp-json\/wp\/v2\/tags?post=118077"}],"curies":[{"name":"wp","href":"https:\/\/api.w.org\/{rel}","templated":true}]}}