{"id":118214,"date":"2023-12-05T09:10:38","date_gmt":"2023-12-05T08:10:38","guid":{"rendered":"https:\/\/bonsoleil.es\/?p=118214"},"modified":"2023-12-05T09:10:40","modified_gmt":"2023-12-05T08:10:40","slug":"todos-tenemos-superpoderes","status":"publish","type":"post","link":"https:\/\/bonsoleil.es\/es\/todos-tenemos-superpoderes\/","title":{"rendered":"Todos tenemos superpoderes"},"content":{"rendered":"\n<p>Durante las clases de castellano y catal\u00e1n hemos trabajado los derechos de los ni\u00f1os.<\/p>\n\n\n\n<p>Hemos reflexionado sobre los superpoderes que tenemos, aquellos que nos hacen especiales y diferentes al resto. Insistiendo en la importancia de pensar en superhero\u00ednas y superh\u00e9roes que cuidan de las personas, como por ejemplo, cuidar de los abuelos, ayudar a poner la mesa, recoger la habitaci\u00f3n.. o cuidar de las plantas del jard\u00edn. Huyendo del estereotipo de superhero\u00edna que vuela o del superh\u00e9roe forzudo o veloz.<\/p>\n\n\n\n<p>Despu\u00e9s de ponerlo en com\u00fan, cada alumno ha elaborado un dibujo de su superpoder y lo ha explicado al resto del grupo.<\/p>\n\n\n\n<p>\u00a1Han quedado preciosos! Todos tenemos superpoderes\u2026\u2026..Y T\u00da, \u00bfQU\u00c9 SUPERPODER TIENES?<\/p>\n\n\n\n<p>Quer\u00edamos agradecer a la Fundaci\u00f3 La Nineta dels Ulls por dar a conocer el retinoblastoma y sus s\u00edntomas para conseguir un diagn\u00f3stico precoz de la enfermedad. Gracias a ellos hemos podido realizar en GS la jornada de los superh\u00e9roes ya que nos han aportado las herramientas necesarias para realizar la actividad en las diferentes clases.<\/p>\n\n\n\n<figure class=\"wp-block-gallery has-nested-images columns-default is-cropped wp-block-gallery-1 is-layout-flex wp-block-gallery-is-layout-flex\">\n<figure class=\"wp-block-image size-large\"><a href=\"https:\/\/bonsoleil.es\/web\/wp-content\/uploads\/2023\/12\/1-10.jpg\"><img loading=\"lazy\" decoding=\"async\" width=\"700\" height=\"700\" data-id=\"118215\" src=\"https:\/\/bonsoleil.es\/web\/wp-content\/uploads\/2023\/12\/1-10-700x700.jpg\" alt=\"\" class=\"wp-image-118215\" srcset=\"https:\/\/bonsoleil.es\/web\/wp-content\/uploads\/2023\/12\/1-10-700x700.jpg 700w, https:\/\/bonsoleil.es\/web\/wp-content\/uploads\/2023\/12\/1-10-250x250.jpg 250w, https:\/\/bonsoleil.es\/web\/wp-content\/uploads\/2023\/12\/1-10-150x150.jpg 150w, https:\/\/bonsoleil.es\/web\/wp-content\/uploads\/2023\/12\/1-10-768x768.jpg 768w, https:\/\/bonsoleil.es\/web\/wp-content\/uploads\/2023\/12\/1-10-120x120.jpg 120w, https:\/\/bonsoleil.es\/web\/wp-content\/uploads\/2023\/12\/1-10.jpg 1080w\" sizes=\"auto, (max-width: 700px) 100vw, 700px\" \/><\/a><\/figure>\n\n\n\n<figure class=\"wp-block-image size-large\"><a href=\"https:\/\/bonsoleil.es\/web\/wp-content\/uploads\/2023\/12\/2-6.jpg\"><img loading=\"lazy\" decoding=\"async\" width=\"700\" height=\"700\" data-id=\"118219\" src=\"https:\/\/bonsoleil.es\/web\/wp-content\/uploads\/2023\/12\/2-6-700x700.jpg\" alt=\"\" class=\"wp-image-118219\" srcset=\"https:\/\/bonsoleil.es\/web\/wp-content\/uploads\/2023\/12\/2-6-700x700.jpg 700w, https:\/\/bonsoleil.es\/web\/wp-content\/uploads\/2023\/12\/2-6-250x250.jpg 250w, https:\/\/bonsoleil.es\/web\/wp-content\/uploads\/2023\/12\/2-6-150x150.jpg 150w, https:\/\/bonsoleil.es\/web\/wp-content\/uploads\/2023\/12\/2-6-768x768.jpg 768w, https:\/\/bonsoleil.es\/web\/wp-content\/uploads\/2023\/12\/2-6-120x120.jpg 120w, https:\/\/bonsoleil.es\/web\/wp-content\/uploads\/2023\/12\/2-6.jpg 1080w\" sizes=\"auto, (max-width: 700px) 100vw, 700px\" \/><\/a><\/figure>\n<\/figure>\n","protected":false},"excerpt":{"rendered":"Durante las clases de castellano y catal\u00e1n hemos trabajado los derechos de los ni\u00f1os.","protected":false},"author":1,"featured_media":118223,"comment_status":"closed","ping_status":"closed","sticky":false,"template":"","format":"standard","meta":{"_acf_changed":false,"rs_blank_template":"","rs_page_bg_color":"","slide_template_v7":"","footnotes":"","_links_to":"","_links_to_target":""},"categories":[14],"tags":[],"class_list":["post-118214","post","type-post","status-publish","format-standard","has-post-thumbnail","hentry","category-primaire"],"acf":[],"yoast_head":"<!-- This site is optimized with the Yoast SEO plugin v27.4 - https:\/\/yoast.com\/product\/yoast-seo-wordpress\/ -->\n<title>Todos tenemos superpoderes - Lyc\u00e9e International Barcelona \u00b7 Bon Soleil<\/title>\n<meta name=\"robots\" content=\"index, follow, max-snippet:-1, max-image-preview:large, max-video-preview:-1\" \/>\n<link rel=\"canonical\" href=\"https:\/\/bonsoleil.es\/es\/todos-tenemos-superpoderes\/\" \/>\n<meta property=\"og:locale\" content=\"es_ES\" \/>\n<meta property=\"og:type\" content=\"article\" \/>\n<meta property=\"og:title\" content=\"Todos tenemos superpoderes - Lyc\u00e9e International Barcelona \u00b7 Bon Soleil\" \/>\n<meta property=\"og:description\" content=\"Durante las clases de castellano y catal\u00e1n hemos trabajado los derechos de los ni\u00f1os.\" \/>\n<meta property=\"og:url\" content=\"https:\/\/bonsoleil.es\/es\/todos-tenemos-superpoderes\/\" \/>\n<meta property=\"og:site_name\" content=\"Lyc\u00e9e International Barcelona \u00b7 Bon Soleil\" \/>\n<meta property=\"article:publisher\" content=\"https:\/\/www.facebook.com\/libBonSoleil\/\" \/>\n<meta property=\"article:published_time\" content=\"2023-12-05T08:10:38+00:00\" \/>\n<meta property=\"article:modified_time\" content=\"2023-12-05T08:10:40+00:00\" \/>\n<meta property=\"og:image\" content=\"https:\/\/bonsoleil.es\/web\/wp-content\/uploads\/2023\/12\/1-11-e1701763828612.jpg\" \/>\n\t<meta property=\"og:image:width\" content=\"1080\" \/>\n\t<meta property=\"og:image:height\" content=\"624\" \/>\n\t<meta property=\"og:image:type\" content=\"image\/jpeg\" \/>\n<meta name=\"author\" content=\"libbs\" \/>\n<meta name=\"twitter:card\" content=\"summary_large_image\" \/>\n<meta name=\"twitter:creator\" content=\"@lib_bonsoleil\" \/>\n<meta name=\"twitter:site\" content=\"@lib_bonsoleil\" \/>\n<meta name=\"twitter:label1\" content=\"Escrito por\" \/>\n\t<meta name=\"twitter:data1\" content=\"libbs\" \/>\n\t<meta name=\"twitter:label2\" content=\"Tiempo de lectura\" \/>\n\t<meta name=\"twitter:data2\" content=\"2 minutos\" \/>\n<script type=\"application\/ld+json\" class=\"yoast-schema-graph\">{\"@context\":\"https:\\\/\\\/schema.org\",\"@graph\":[{\"@type\":\"Article\",\"@id\":\"https:\\\/\\\/bonsoleil.es\\\/es\\\/todos-tenemos-superpoderes\\\/#article\",\"isPartOf\":{\"@id\":\"https:\\\/\\\/bonsoleil.es\\\/es\\\/todos-tenemos-superpoderes\\\/\"},\"author\":{\"name\":\"libbs\",\"@id\":\"https:\\\/\\\/bonsoleil.es\\\/es\\\/#\\\/schema\\\/person\\\/f90f9175af4fad9c626fd2873bc546ec\"},\"headline\":\"Todos tenemos superpoderes\",\"datePublished\":\"2023-12-05T08:10:38+00:00\",\"dateModified\":\"2023-12-05T08:10:40+00:00\",\"mainEntityOfPage\":{\"@id\":\"https:\\\/\\\/bonsoleil.es\\\/es\\\/todos-tenemos-superpoderes\\\/\"},\"wordCount\":185,\"image\":{\"@id\":\"https:\\\/\\\/bonsoleil.es\\\/es\\\/todos-tenemos-superpoderes\\\/#primaryimage\"},\"thumbnailUrl\":\"https:\\\/\\\/bonsoleil.es\\\/web\\\/wp-content\\\/uploads\\\/2023\\\/12\\\/1-11-e1701763828612.jpg\",\"articleSection\":[\"Primaire\"],\"inLanguage\":\"es\"},{\"@type\":\"WebPage\",\"@id\":\"https:\\\/\\\/bonsoleil.es\\\/es\\\/todos-tenemos-superpoderes\\\/\",\"url\":\"https:\\\/\\\/bonsoleil.es\\\/es\\\/todos-tenemos-superpoderes\\\/\",\"name\":\"Todos tenemos superpoderes - Lyc\u00e9e International Barcelona \u00b7 Bon Soleil\",\"isPartOf\":{\"@id\":\"https:\\\/\\\/bonsoleil.es\\\/es\\\/#website\"},\"primaryImageOfPage\":{\"@id\":\"https:\\\/\\\/bonsoleil.es\\\/es\\\/todos-tenemos-superpoderes\\\/#primaryimage\"},\"image\":{\"@id\":\"https:\\\/\\\/bonsoleil.es\\\/es\\\/todos-tenemos-superpoderes\\\/#primaryimage\"},\"thumbnailUrl\":\"https:\\\/\\\/bonsoleil.es\\\/web\\\/wp-content\\\/uploads\\\/2023\\\/12\\\/1-11-e1701763828612.jpg\",\"datePublished\":\"2023-12-05T08:10:38+00:00\",\"dateModified\":\"2023-12-05T08:10:40+00:00\",\"author\":{\"@id\":\"https:\\\/\\\/bonsoleil.es\\\/es\\\/#\\\/schema\\\/person\\\/f90f9175af4fad9c626fd2873bc546ec\"},\"breadcrumb\":{\"@id\":\"https:\\\/\\\/bonsoleil.es\\\/es\\\/todos-tenemos-superpoderes\\\/#breadcrumb\"},\"inLanguage\":\"es\",\"potentialAction\":[{\"@type\":\"ReadAction\",\"target\":[\"https:\\\/\\\/bonsoleil.es\\\/es\\\/todos-tenemos-superpoderes\\\/\"]}]},{\"@type\":\"ImageObject\",\"inLanguage\":\"es\",\"@id\":\"https:\\\/\\\/bonsoleil.es\\\/es\\\/todos-tenemos-superpoderes\\\/#primaryimage\",\"url\":\"https:\\\/\\\/bonsoleil.es\\\/web\\\/wp-content\\\/uploads\\\/2023\\\/12\\\/1-11-e1701763828612.jpg\",\"contentUrl\":\"https:\\\/\\\/bonsoleil.es\\\/web\\\/wp-content\\\/uploads\\\/2023\\\/12\\\/1-11-e1701763828612.jpg\",\"width\":1080,\"height\":624},{\"@type\":\"BreadcrumbList\",\"@id\":\"https:\\\/\\\/bonsoleil.es\\\/es\\\/todos-tenemos-superpoderes\\\/#breadcrumb\",\"itemListElement\":[{\"@type\":\"ListItem\",\"position\":1,\"name\":\"Portada\",\"item\":\"https:\\\/\\\/bonsoleil.es\\\/es\\\/\"},{\"@type\":\"ListItem\",\"position\":2,\"name\":\"Todos tenemos superpoderes\"}]},{\"@type\":\"WebSite\",\"@id\":\"https:\\\/\\\/bonsoleil.es\\\/es\\\/#website\",\"url\":\"https:\\\/\\\/bonsoleil.es\\\/es\\\/\",\"name\":\"Lyc\u00e9e International Barcelona \u00b7 Bon Soleil\",\"description\":\"Lyc\u00e9e International Barcelona\",\"potentialAction\":[{\"@type\":\"SearchAction\",\"target\":{\"@type\":\"EntryPoint\",\"urlTemplate\":\"https:\\\/\\\/bonsoleil.es\\\/es\\\/?s={search_term_string}\"},\"query-input\":{\"@type\":\"PropertyValueSpecification\",\"valueRequired\":true,\"valueName\":\"search_term_string\"}}],\"inLanguage\":\"es\"},{\"@type\":\"Person\",\"@id\":\"https:\\\/\\\/bonsoleil.es\\\/es\\\/#\\\/schema\\\/person\\\/f90f9175af4fad9c626fd2873bc546ec\",\"name\":\"libbs\",\"image\":{\"@type\":\"ImageObject\",\"inLanguage\":\"es\",\"@id\":\"https:\\\/\\\/bonsoleil.es\\\/web\\\/wp-content\\\/litespeed\\\/avatar\\\/6719caedb5831fa7538835120a8121f8.jpg?ver=1777037754\",\"url\":\"https:\\\/\\\/bonsoleil.es\\\/web\\\/wp-content\\\/litespeed\\\/avatar\\\/6719caedb5831fa7538835120a8121f8.jpg?ver=1777037754\",\"contentUrl\":\"https:\\\/\\\/bonsoleil.es\\\/web\\\/wp-content\\\/litespeed\\\/avatar\\\/6719caedb5831fa7538835120a8121f8.jpg?ver=1777037754\",\"caption\":\"libbs\"},\"sameAs\":[\"http:\\\/\\\/localhost\\\/bonsoleil\\\/new_web\"],\"url\":\"https:\\\/\\\/bonsoleil.es\\\/es\\\/author\\\/libbs\\\/\"}]}<\/script>\n<!-- \/ Yoast SEO plugin. -->","yoast_head_json":{"title":"Todos tenemos superpoderes - Lyc\u00e9e International Barcelona \u00b7 Bon Soleil","robots":{"index":"index","follow":"follow","max-snippet":"max-snippet:-1","max-image-preview":"max-image-preview:large","max-video-preview":"max-video-preview:-1"},"canonical":"https:\/\/bonsoleil.es\/es\/todos-tenemos-superpoderes\/","og_locale":"es_ES","og_type":"article","og_title":"Todos tenemos superpoderes - Lyc\u00e9e International Barcelona \u00b7 Bon Soleil","og_description":"Durante las clases de castellano y catal\u00e1n hemos trabajado los derechos de los ni\u00f1os.","og_url":"https:\/\/bonsoleil.es\/es\/todos-tenemos-superpoderes\/","og_site_name":"Lyc\u00e9e International Barcelona \u00b7 Bon Soleil","article_publisher":"https:\/\/www.facebook.com\/libBonSoleil\/","article_published_time":"2023-12-05T08:10:38+00:00","article_modified_time":"2023-12-05T08:10:40+00:00","og_image":[{"width":1080,"height":624,"url":"https:\/\/bonsoleil.es\/web\/wp-content\/uploads\/2023\/12\/1-11-e1701763828612.jpg","type":"image\/jpeg"}],"author":"libbs","twitter_card":"summary_large_image","twitter_creator":"@lib_bonsoleil","twitter_site":"@lib_bonsoleil","twitter_misc":{"Escrito por":"libbs","Tiempo de lectura":"2 minutos"},"schema":{"@context":"https:\/\/schema.org","@graph":[{"@type":"Article","@id":"https:\/\/bonsoleil.es\/es\/todos-tenemos-superpoderes\/#article","isPartOf":{"@id":"https:\/\/bonsoleil.es\/es\/todos-tenemos-superpoderes\/"},"author":{"name":"libbs","@id":"https:\/\/bonsoleil.es\/es\/#\/schema\/person\/f90f9175af4fad9c626fd2873bc546ec"},"headline":"Todos tenemos superpoderes","datePublished":"2023-12-05T08:10:38+00:00","dateModified":"2023-12-05T08:10:40+00:00","mainEntityOfPage":{"@id":"https:\/\/bonsoleil.es\/es\/todos-tenemos-superpoderes\/"},"wordCount":185,"image":{"@id":"https:\/\/bonsoleil.es\/es\/todos-tenemos-superpoderes\/#primaryimage"},"thumbnailUrl":"https:\/\/bonsoleil.es\/web\/wp-content\/uploads\/2023\/12\/1-11-e1701763828612.jpg","articleSection":["Primaire"],"inLanguage":"es"},{"@type":"WebPage","@id":"https:\/\/bonsoleil.es\/es\/todos-tenemos-superpoderes\/","url":"https:\/\/bonsoleil.es\/es\/todos-tenemos-superpoderes\/","name":"Todos tenemos superpoderes - Lyc\u00e9e International Barcelona \u00b7 Bon Soleil","isPartOf":{"@id":"https:\/\/bonsoleil.es\/es\/#website"},"primaryImageOfPage":{"@id":"https:\/\/bonsoleil.es\/es\/todos-tenemos-superpoderes\/#primaryimage"},"image":{"@id":"https:\/\/bonsoleil.es\/es\/todos-tenemos-superpoderes\/#primaryimage"},"thumbnailUrl":"https:\/\/bonsoleil.es\/web\/wp-content\/uploads\/2023\/12\/1-11-e1701763828612.jpg","datePublished":"2023-12-05T08:10:38+00:00","dateModified":"2023-12-05T08:10:40+00:00","author":{"@id":"https:\/\/bonsoleil.es\/es\/#\/schema\/person\/f90f9175af4fad9c626fd2873bc546ec"},"breadcrumb":{"@id":"https:\/\/bonsoleil.es\/es\/todos-tenemos-superpoderes\/#breadcrumb"},"inLanguage":"es","potentialAction":[{"@type":"ReadAction","target":["https:\/\/bonsoleil.es\/es\/todos-tenemos-superpoderes\/"]}]},{"@type":"ImageObject","inLanguage":"es","@id":"https:\/\/bonsoleil.es\/es\/todos-tenemos-superpoderes\/#primaryimage","url":"https:\/\/bonsoleil.es\/web\/wp-content\/uploads\/2023\/12\/1-11-e1701763828612.jpg","contentUrl":"https:\/\/bonsoleil.es\/web\/wp-content\/uploads\/2023\/12\/1-11-e1701763828612.jpg","width":1080,"height":624},{"@type":"BreadcrumbList","@id":"https:\/\/bonsoleil.es\/es\/todos-tenemos-superpoderes\/#breadcrumb","itemListElement":[{"@type":"ListItem","position":1,"name":"Portada","item":"https:\/\/bonsoleil.es\/es\/"},{"@type":"ListItem","position":2,"name":"Todos tenemos superpoderes"}]},{"@type":"WebSite","@id":"https:\/\/bonsoleil.es\/es\/#website","url":"https:\/\/bonsoleil.es\/es\/","name":"Lyc\u00e9e International Barcelona \u00b7 Bon Soleil","description":"Lyc\u00e9e International Barcelona","potentialAction":[{"@type":"SearchAction","target":{"@type":"EntryPoint","urlTemplate":"https:\/\/bonsoleil.es\/es\/?s={search_term_string}"},"query-input":{"@type":"PropertyValueSpecification","valueRequired":true,"valueName":"search_term_string"}}],"inLanguage":"es"},{"@type":"Person","@id":"https:\/\/bonsoleil.es\/es\/#\/schema\/person\/f90f9175af4fad9c626fd2873bc546ec","name":"libbs","image":{"@type":"ImageObject","inLanguage":"es","@id":"https:\/\/bonsoleil.es\/web\/wp-content\/litespeed\/avatar\/6719caedb5831fa7538835120a8121f8.jpg?ver=1777037754","url":"https:\/\/bonsoleil.es\/web\/wp-content\/litespeed\/avatar\/6719caedb5831fa7538835120a8121f8.jpg?ver=1777037754","contentUrl":"https:\/\/bonsoleil.es\/web\/wp-content\/litespeed\/avatar\/6719caedb5831fa7538835120a8121f8.jpg?ver=1777037754","caption":"libbs"},"sameAs":["http:\/\/localhost\/bonsoleil\/new_web"],"url":"https:\/\/bonsoleil.es\/es\/author\/libbs\/"}]}},"_links":{"self":[{"href":"https:\/\/bonsoleil.es\/es\/wp-json\/wp\/v2\/posts\/118214","targetHints":{"allow":["GET"]}}],"collection":[{"href":"https:\/\/bonsoleil.es\/es\/wp-json\/wp\/v2\/posts"}],"about":[{"href":"https:\/\/bonsoleil.es\/es\/wp-json\/wp\/v2\/types\/post"}],"author":[{"embeddable":true,"href":"https:\/\/bonsoleil.es\/es\/wp-json\/wp\/v2\/users\/1"}],"replies":[{"embeddable":true,"href":"https:\/\/bonsoleil.es\/es\/wp-json\/wp\/v2\/comments?post=118214"}],"version-history":[{"count":1,"href":"https:\/\/bonsoleil.es\/es\/wp-json\/wp\/v2\/posts\/118214\/revisions"}],"predecessor-version":[{"id":118227,"href":"https:\/\/bonsoleil.es\/es\/wp-json\/wp\/v2\/posts\/118214\/revisions\/118227"}],"wp:featuredmedia":[{"embeddable":true,"href":"https:\/\/bonsoleil.es\/es\/wp-json\/wp\/v2\/media\/118223"}],"wp:attachment":[{"href":"https:\/\/bonsoleil.es\/es\/wp-json\/wp\/v2\/media?parent=118214"}],"wp:term":[{"taxonomy":"category","embeddable":true,"href":"https:\/\/bonsoleil.es\/es\/wp-json\/wp\/v2\/categories?post=118214"},{"taxonomy":"post_tag","embeddable":true,"href":"https:\/\/bonsoleil.es\/es\/wp-json\/wp\/v2\/tags?post=118214"}],"curies":[{"name":"wp","href":"https:\/\/api.w.org\/{rel}","templated":true}]}}