{"id":118312,"date":"2023-12-11T18:33:00","date_gmt":"2023-12-11T17:33:00","guid":{"rendered":"https:\/\/bonsoleil.es\/?p=118312"},"modified":"2023-12-11T15:42:05","modified_gmt":"2023-12-11T14:42:05","slug":"nos-poesies-partagees-en-ce1-d","status":"publish","type":"post","link":"https:\/\/bonsoleil.es\/es\/nos-poesies-partagees-en-ce1-d\/","title":{"rendered":"Nos po\u00e9sies partag\u00e9es en CE1 D"},"content":{"rendered":"\n<p>Pour prendre plus de plaisir \u00e0 apprendre nos po\u00e9sies, et ne pas toujours r\u00e9citer tout seul devant la classe, nous avons commenc\u00e9 \u00e0 travailler sur des po\u00e9sies en bin\u00f4me.&nbsp;<\/p>\n\n\n\n<p>La ma\u00eetresse Audrey des CE2, nous a partag\u00e9 son id\u00e9e et nous avons essay\u00e9 !<\/p>\n\n\n\n<p>Nous avons d\u2019abord lu la po\u00e9sie \u201c Les mois d\u2019automne \u201c tous ensemble \u00e0 voix haute, puis chacun a pu expliquer les mots nouveaux ou compliqu\u00e9s au reste de la classe. Nous avons cherch\u00e9 les rimes et nous nous sommes amus\u00e9s \u00e0 en trouver des nouvelles.<\/p>\n\n\n\n<p>Deux par deux, les \u00e9l\u00e8ves ont choisi les strophes qu\u2019ils souhaitaient apprendre.&nbsp;<\/p>\n\n\n\n<p>Nous sommes sortis dans la cour pour avoir plus de place et un cadre agr\u00e9able pour apprendre nos strophes en duo.&nbsp;<\/p>\n\n\n\n<p>Chaque jour de la semaine, nous avons b\u00e9n\u00e9fici\u00e9 d\u2019un temps d\u2019entra\u00eenement, puis la semaine suivante nous avons r\u00e9cit\u00e9 devant la classe enti\u00e8re, ou au bureau de la ma\u00eetresse si on est encore un peu timide! Les \u00e9l\u00e8ves d\u00e9veloppent ainsi le sens de l\u2019effort collectif, l\u2019entraide et le plaisir de jouer avec les mots. Il est important qu\u2019ils exp\u00e9rimentent leur apprentissage de mani\u00e8re collective, pour appr\u00e9hender et appr\u00e9cier le Vivre ensemble.<\/p>\n\n\n\n<p>Cette exp\u00e9rience nous a beaucoup plu !<\/p>\n\n\n\n<figure class=\"wp-block-gallery has-nested-images columns-default is-cropped wp-block-gallery-1 is-layout-flex wp-block-gallery-is-layout-flex\">\n<figure class=\"wp-block-image size-large\"><a href=\"https:\/\/bonsoleil.es\/web\/wp-content\/uploads\/2023\/12\/1-14.jpg\"><img loading=\"lazy\" decoding=\"async\" width=\"700\" height=\"700\" data-id=\"118313\" src=\"https:\/\/bonsoleil.es\/web\/wp-content\/uploads\/2023\/12\/1-14-700x700.jpg\" alt=\"\" class=\"wp-image-118313\" srcset=\"https:\/\/bonsoleil.es\/web\/wp-content\/uploads\/2023\/12\/1-14-700x700.jpg 700w, https:\/\/bonsoleil.es\/web\/wp-content\/uploads\/2023\/12\/1-14-250x250.jpg 250w, https:\/\/bonsoleil.es\/web\/wp-content\/uploads\/2023\/12\/1-14-150x150.jpg 150w, https:\/\/bonsoleil.es\/web\/wp-content\/uploads\/2023\/12\/1-14-768x768.jpg 768w, https:\/\/bonsoleil.es\/web\/wp-content\/uploads\/2023\/12\/1-14-120x120.jpg 120w, https:\/\/bonsoleil.es\/web\/wp-content\/uploads\/2023\/12\/1-14.jpg 1080w\" sizes=\"auto, (max-width: 700px) 100vw, 700px\" \/><\/a><\/figure>\n\n\n\n<figure class=\"wp-block-image size-large\"><a href=\"https:\/\/bonsoleil.es\/web\/wp-content\/uploads\/2023\/12\/2-9.jpg\"><img decoding=\"async\" data-id=\"118317\" src=\"https:\/\/bonsoleil.es\/web\/wp-content\/uploads\/2023\/12\/2-9-700x700.jpg\" alt=\"\" class=\"wp-image-118317\"\/><\/a><\/figure>\n\n\n\n<figure class=\"wp-block-image size-large\"><a href=\"https:\/\/bonsoleil.es\/web\/wp-content\/uploads\/2023\/12\/33.jpg\"><img loading=\"lazy\" decoding=\"async\" width=\"700\" height=\"700\" data-id=\"118321\" src=\"https:\/\/bonsoleil.es\/web\/wp-content\/uploads\/2023\/12\/33-700x700.jpg\" alt=\"\" class=\"wp-image-118321\" srcset=\"https:\/\/bonsoleil.es\/web\/wp-content\/uploads\/2023\/12\/33-700x700.jpg 700w, https:\/\/bonsoleil.es\/web\/wp-content\/uploads\/2023\/12\/33-250x250.jpg 250w, https:\/\/bonsoleil.es\/web\/wp-content\/uploads\/2023\/12\/33-150x150.jpg 150w, https:\/\/bonsoleil.es\/web\/wp-content\/uploads\/2023\/12\/33-768x768.jpg 768w, https:\/\/bonsoleil.es\/web\/wp-content\/uploads\/2023\/12\/33-120x120.jpg 120w, https:\/\/bonsoleil.es\/web\/wp-content\/uploads\/2023\/12\/33.jpg 1080w\" sizes=\"auto, (max-width: 700px) 100vw, 700px\" \/><\/a><\/figure>\n<\/figure>\n","protected":false},"excerpt":{"rendered":"Pour prendre plus de plaisir \u00e0 apprendre nos po\u00e9sies, et ne pas toujours r\u00e9citer tout seul devant la classe, nous avons commenc\u00e9 \u00e0 travailler sur des po\u00e9sies en bin\u00f4me.\u00a0","protected":false},"author":1,"featured_media":118317,"comment_status":"closed","ping_status":"closed","sticky":false,"template":"","format":"standard","meta":{"_acf_changed":false,"rs_blank_template":"","rs_page_bg_color":"","slide_template_v7":"","footnotes":"","_links_to":"","_links_to_target":""},"categories":[14],"tags":[],"class_list":["post-118312","post","type-post","status-publish","format-standard","has-post-thumbnail","hentry","category-primaire"],"acf":[],"yoast_head":"<!-- This site is optimized with the Yoast SEO plugin v27.4 - https:\/\/yoast.com\/product\/yoast-seo-wordpress\/ -->\n<title>Nos po\u00e9sies partag\u00e9es en CE1 D - Lyc\u00e9e International Barcelona \u00b7 Bon Soleil<\/title>\n<meta name=\"robots\" content=\"index, follow, max-snippet:-1, max-image-preview:large, max-video-preview:-1\" \/>\n<link rel=\"canonical\" href=\"https:\/\/bonsoleil.es\/es\/nos-poesies-partagees-en-ce1-d\/\" \/>\n<meta property=\"og:locale\" content=\"es_ES\" \/>\n<meta property=\"og:type\" content=\"article\" \/>\n<meta property=\"og:title\" content=\"Nos po\u00e9sies partag\u00e9es en CE1 D - Lyc\u00e9e International Barcelona \u00b7 Bon Soleil\" \/>\n<meta property=\"og:description\" content=\"Pour prendre plus de plaisir \u00e0 apprendre nos po\u00e9sies, et ne pas toujours r\u00e9citer tout seul devant la classe, nous avons commenc\u00e9 \u00e0 travailler sur des po\u00e9sies en bin\u00f4me.\u00a0\" \/>\n<meta property=\"og:url\" content=\"https:\/\/bonsoleil.es\/es\/nos-poesies-partagees-en-ce1-d\/\" \/>\n<meta property=\"og:site_name\" content=\"Lyc\u00e9e International Barcelona \u00b7 Bon Soleil\" \/>\n<meta property=\"article:publisher\" content=\"https:\/\/www.facebook.com\/libBonSoleil\/\" \/>\n<meta property=\"article:published_time\" content=\"2023-12-11T17:33:00+00:00\" \/>\n<meta property=\"og:image\" content=\"https:\/\/bonsoleil.es\/web\/wp-content\/uploads\/2023\/12\/2-9-e1702305637627.jpg\" \/>\n\t<meta property=\"og:image:width\" content=\"1080\" \/>\n\t<meta property=\"og:image:height\" content=\"818\" \/>\n\t<meta property=\"og:image:type\" content=\"image\/jpeg\" \/>\n<meta name=\"author\" content=\"libbs\" \/>\n<meta name=\"twitter:card\" content=\"summary_large_image\" \/>\n<meta name=\"twitter:creator\" content=\"@lib_bonsoleil\" \/>\n<meta name=\"twitter:site\" content=\"@lib_bonsoleil\" \/>\n<meta name=\"twitter:label1\" content=\"Escrito por\" \/>\n\t<meta name=\"twitter:data1\" content=\"libbs\" \/>\n\t<meta name=\"twitter:label2\" content=\"Tiempo de lectura\" \/>\n\t<meta name=\"twitter:data2\" content=\"2 minutos\" \/>\n<script type=\"application\/ld+json\" class=\"yoast-schema-graph\">{\"@context\":\"https:\\\/\\\/schema.org\",\"@graph\":[{\"@type\":\"Article\",\"@id\":\"https:\\\/\\\/bonsoleil.es\\\/es\\\/nos-poesies-partagees-en-ce1-d\\\/#article\",\"isPartOf\":{\"@id\":\"https:\\\/\\\/bonsoleil.es\\\/es\\\/nos-poesies-partagees-en-ce1-d\\\/\"},\"author\":{\"name\":\"libbs\",\"@id\":\"https:\\\/\\\/bonsoleil.es\\\/es\\\/#\\\/schema\\\/person\\\/f90f9175af4fad9c626fd2873bc546ec\"},\"headline\":\"Nos po\u00e9sies partag\u00e9es en CE1 D\",\"datePublished\":\"2023-12-11T17:33:00+00:00\",\"mainEntityOfPage\":{\"@id\":\"https:\\\/\\\/bonsoleil.es\\\/es\\\/nos-poesies-partagees-en-ce1-d\\\/\"},\"wordCount\":235,\"image\":{\"@id\":\"https:\\\/\\\/bonsoleil.es\\\/es\\\/nos-poesies-partagees-en-ce1-d\\\/#primaryimage\"},\"thumbnailUrl\":\"https:\\\/\\\/bonsoleil.es\\\/web\\\/wp-content\\\/uploads\\\/2023\\\/12\\\/2-9-e1702305637627.jpg\",\"articleSection\":[\"Primaire\"],\"inLanguage\":\"es\"},{\"@type\":\"WebPage\",\"@id\":\"https:\\\/\\\/bonsoleil.es\\\/es\\\/nos-poesies-partagees-en-ce1-d\\\/\",\"url\":\"https:\\\/\\\/bonsoleil.es\\\/es\\\/nos-poesies-partagees-en-ce1-d\\\/\",\"name\":\"Nos po\u00e9sies partag\u00e9es en CE1 D - Lyc\u00e9e International Barcelona \u00b7 Bon Soleil\",\"isPartOf\":{\"@id\":\"https:\\\/\\\/bonsoleil.es\\\/es\\\/#website\"},\"primaryImageOfPage\":{\"@id\":\"https:\\\/\\\/bonsoleil.es\\\/es\\\/nos-poesies-partagees-en-ce1-d\\\/#primaryimage\"},\"image\":{\"@id\":\"https:\\\/\\\/bonsoleil.es\\\/es\\\/nos-poesies-partagees-en-ce1-d\\\/#primaryimage\"},\"thumbnailUrl\":\"https:\\\/\\\/bonsoleil.es\\\/web\\\/wp-content\\\/uploads\\\/2023\\\/12\\\/2-9-e1702305637627.jpg\",\"datePublished\":\"2023-12-11T17:33:00+00:00\",\"author\":{\"@id\":\"https:\\\/\\\/bonsoleil.es\\\/es\\\/#\\\/schema\\\/person\\\/f90f9175af4fad9c626fd2873bc546ec\"},\"breadcrumb\":{\"@id\":\"https:\\\/\\\/bonsoleil.es\\\/es\\\/nos-poesies-partagees-en-ce1-d\\\/#breadcrumb\"},\"inLanguage\":\"es\",\"potentialAction\":[{\"@type\":\"ReadAction\",\"target\":[\"https:\\\/\\\/bonsoleil.es\\\/es\\\/nos-poesies-partagees-en-ce1-d\\\/\"]}]},{\"@type\":\"ImageObject\",\"inLanguage\":\"es\",\"@id\":\"https:\\\/\\\/bonsoleil.es\\\/es\\\/nos-poesies-partagees-en-ce1-d\\\/#primaryimage\",\"url\":\"https:\\\/\\\/bonsoleil.es\\\/web\\\/wp-content\\\/uploads\\\/2023\\\/12\\\/2-9-e1702305637627.jpg\",\"contentUrl\":\"https:\\\/\\\/bonsoleil.es\\\/web\\\/wp-content\\\/uploads\\\/2023\\\/12\\\/2-9-e1702305637627.jpg\",\"width\":1080,\"height\":818},{\"@type\":\"BreadcrumbList\",\"@id\":\"https:\\\/\\\/bonsoleil.es\\\/es\\\/nos-poesies-partagees-en-ce1-d\\\/#breadcrumb\",\"itemListElement\":[{\"@type\":\"ListItem\",\"position\":1,\"name\":\"Portada\",\"item\":\"https:\\\/\\\/bonsoleil.es\\\/es\\\/\"},{\"@type\":\"ListItem\",\"position\":2,\"name\":\"Nos po\u00e9sies partag\u00e9es en CE1 D\"}]},{\"@type\":\"WebSite\",\"@id\":\"https:\\\/\\\/bonsoleil.es\\\/es\\\/#website\",\"url\":\"https:\\\/\\\/bonsoleil.es\\\/es\\\/\",\"name\":\"Lyc\u00e9e International Barcelona \u00b7 Bon Soleil\",\"description\":\"Lyc\u00e9e International Barcelona\",\"potentialAction\":[{\"@type\":\"SearchAction\",\"target\":{\"@type\":\"EntryPoint\",\"urlTemplate\":\"https:\\\/\\\/bonsoleil.es\\\/es\\\/?s={search_term_string}\"},\"query-input\":{\"@type\":\"PropertyValueSpecification\",\"valueRequired\":true,\"valueName\":\"search_term_string\"}}],\"inLanguage\":\"es\"},{\"@type\":\"Person\",\"@id\":\"https:\\\/\\\/bonsoleil.es\\\/es\\\/#\\\/schema\\\/person\\\/f90f9175af4fad9c626fd2873bc546ec\",\"name\":\"libbs\",\"image\":{\"@type\":\"ImageObject\",\"inLanguage\":\"es\",\"@id\":\"https:\\\/\\\/bonsoleil.es\\\/web\\\/wp-content\\\/litespeed\\\/avatar\\\/6719caedb5831fa7538835120a8121f8.jpg?ver=1777037754\",\"url\":\"https:\\\/\\\/bonsoleil.es\\\/web\\\/wp-content\\\/litespeed\\\/avatar\\\/6719caedb5831fa7538835120a8121f8.jpg?ver=1777037754\",\"contentUrl\":\"https:\\\/\\\/bonsoleil.es\\\/web\\\/wp-content\\\/litespeed\\\/avatar\\\/6719caedb5831fa7538835120a8121f8.jpg?ver=1777037754\",\"caption\":\"libbs\"},\"sameAs\":[\"http:\\\/\\\/localhost\\\/bonsoleil\\\/new_web\"],\"url\":\"https:\\\/\\\/bonsoleil.es\\\/es\\\/author\\\/libbs\\\/\"}]}<\/script>\n<!-- \/ Yoast SEO plugin. -->","yoast_head_json":{"title":"Nos po\u00e9sies partag\u00e9es en CE1 D - Lyc\u00e9e International Barcelona \u00b7 Bon Soleil","robots":{"index":"index","follow":"follow","max-snippet":"max-snippet:-1","max-image-preview":"max-image-preview:large","max-video-preview":"max-video-preview:-1"},"canonical":"https:\/\/bonsoleil.es\/es\/nos-poesies-partagees-en-ce1-d\/","og_locale":"es_ES","og_type":"article","og_title":"Nos po\u00e9sies partag\u00e9es en CE1 D - Lyc\u00e9e International Barcelona \u00b7 Bon Soleil","og_description":"Pour prendre plus de plaisir \u00e0 apprendre nos po\u00e9sies, et ne pas toujours r\u00e9citer tout seul devant la classe, nous avons commenc\u00e9 \u00e0 travailler sur des po\u00e9sies en bin\u00f4me.\u00a0","og_url":"https:\/\/bonsoleil.es\/es\/nos-poesies-partagees-en-ce1-d\/","og_site_name":"Lyc\u00e9e International Barcelona \u00b7 Bon Soleil","article_publisher":"https:\/\/www.facebook.com\/libBonSoleil\/","article_published_time":"2023-12-11T17:33:00+00:00","og_image":[{"width":1080,"height":818,"url":"https:\/\/bonsoleil.es\/web\/wp-content\/uploads\/2023\/12\/2-9-e1702305637627.jpg","type":"image\/jpeg"}],"author":"libbs","twitter_card":"summary_large_image","twitter_creator":"@lib_bonsoleil","twitter_site":"@lib_bonsoleil","twitter_misc":{"Escrito por":"libbs","Tiempo de lectura":"2 minutos"},"schema":{"@context":"https:\/\/schema.org","@graph":[{"@type":"Article","@id":"https:\/\/bonsoleil.es\/es\/nos-poesies-partagees-en-ce1-d\/#article","isPartOf":{"@id":"https:\/\/bonsoleil.es\/es\/nos-poesies-partagees-en-ce1-d\/"},"author":{"name":"libbs","@id":"https:\/\/bonsoleil.es\/es\/#\/schema\/person\/f90f9175af4fad9c626fd2873bc546ec"},"headline":"Nos po\u00e9sies partag\u00e9es en CE1 D","datePublished":"2023-12-11T17:33:00+00:00","mainEntityOfPage":{"@id":"https:\/\/bonsoleil.es\/es\/nos-poesies-partagees-en-ce1-d\/"},"wordCount":235,"image":{"@id":"https:\/\/bonsoleil.es\/es\/nos-poesies-partagees-en-ce1-d\/#primaryimage"},"thumbnailUrl":"https:\/\/bonsoleil.es\/web\/wp-content\/uploads\/2023\/12\/2-9-e1702305637627.jpg","articleSection":["Primaire"],"inLanguage":"es"},{"@type":"WebPage","@id":"https:\/\/bonsoleil.es\/es\/nos-poesies-partagees-en-ce1-d\/","url":"https:\/\/bonsoleil.es\/es\/nos-poesies-partagees-en-ce1-d\/","name":"Nos po\u00e9sies partag\u00e9es en CE1 D - Lyc\u00e9e International Barcelona \u00b7 Bon Soleil","isPartOf":{"@id":"https:\/\/bonsoleil.es\/es\/#website"},"primaryImageOfPage":{"@id":"https:\/\/bonsoleil.es\/es\/nos-poesies-partagees-en-ce1-d\/#primaryimage"},"image":{"@id":"https:\/\/bonsoleil.es\/es\/nos-poesies-partagees-en-ce1-d\/#primaryimage"},"thumbnailUrl":"https:\/\/bonsoleil.es\/web\/wp-content\/uploads\/2023\/12\/2-9-e1702305637627.jpg","datePublished":"2023-12-11T17:33:00+00:00","author":{"@id":"https:\/\/bonsoleil.es\/es\/#\/schema\/person\/f90f9175af4fad9c626fd2873bc546ec"},"breadcrumb":{"@id":"https:\/\/bonsoleil.es\/es\/nos-poesies-partagees-en-ce1-d\/#breadcrumb"},"inLanguage":"es","potentialAction":[{"@type":"ReadAction","target":["https:\/\/bonsoleil.es\/es\/nos-poesies-partagees-en-ce1-d\/"]}]},{"@type":"ImageObject","inLanguage":"es","@id":"https:\/\/bonsoleil.es\/es\/nos-poesies-partagees-en-ce1-d\/#primaryimage","url":"https:\/\/bonsoleil.es\/web\/wp-content\/uploads\/2023\/12\/2-9-e1702305637627.jpg","contentUrl":"https:\/\/bonsoleil.es\/web\/wp-content\/uploads\/2023\/12\/2-9-e1702305637627.jpg","width":1080,"height":818},{"@type":"BreadcrumbList","@id":"https:\/\/bonsoleil.es\/es\/nos-poesies-partagees-en-ce1-d\/#breadcrumb","itemListElement":[{"@type":"ListItem","position":1,"name":"Portada","item":"https:\/\/bonsoleil.es\/es\/"},{"@type":"ListItem","position":2,"name":"Nos po\u00e9sies partag\u00e9es en CE1 D"}]},{"@type":"WebSite","@id":"https:\/\/bonsoleil.es\/es\/#website","url":"https:\/\/bonsoleil.es\/es\/","name":"Lyc\u00e9e International Barcelona \u00b7 Bon Soleil","description":"Lyc\u00e9e International Barcelona","potentialAction":[{"@type":"SearchAction","target":{"@type":"EntryPoint","urlTemplate":"https:\/\/bonsoleil.es\/es\/?s={search_term_string}"},"query-input":{"@type":"PropertyValueSpecification","valueRequired":true,"valueName":"search_term_string"}}],"inLanguage":"es"},{"@type":"Person","@id":"https:\/\/bonsoleil.es\/es\/#\/schema\/person\/f90f9175af4fad9c626fd2873bc546ec","name":"libbs","image":{"@type":"ImageObject","inLanguage":"es","@id":"https:\/\/bonsoleil.es\/web\/wp-content\/litespeed\/avatar\/6719caedb5831fa7538835120a8121f8.jpg?ver=1777037754","url":"https:\/\/bonsoleil.es\/web\/wp-content\/litespeed\/avatar\/6719caedb5831fa7538835120a8121f8.jpg?ver=1777037754","contentUrl":"https:\/\/bonsoleil.es\/web\/wp-content\/litespeed\/avatar\/6719caedb5831fa7538835120a8121f8.jpg?ver=1777037754","caption":"libbs"},"sameAs":["http:\/\/localhost\/bonsoleil\/new_web"],"url":"https:\/\/bonsoleil.es\/es\/author\/libbs\/"}]}},"_links":{"self":[{"href":"https:\/\/bonsoleil.es\/es\/wp-json\/wp\/v2\/posts\/118312","targetHints":{"allow":["GET"]}}],"collection":[{"href":"https:\/\/bonsoleil.es\/es\/wp-json\/wp\/v2\/posts"}],"about":[{"href":"https:\/\/bonsoleil.es\/es\/wp-json\/wp\/v2\/types\/post"}],"author":[{"embeddable":true,"href":"https:\/\/bonsoleil.es\/es\/wp-json\/wp\/v2\/users\/1"}],"replies":[{"embeddable":true,"href":"https:\/\/bonsoleil.es\/es\/wp-json\/wp\/v2\/comments?post=118312"}],"version-history":[{"count":1,"href":"https:\/\/bonsoleil.es\/es\/wp-json\/wp\/v2\/posts\/118312\/revisions"}],"predecessor-version":[{"id":118325,"href":"https:\/\/bonsoleil.es\/es\/wp-json\/wp\/v2\/posts\/118312\/revisions\/118325"}],"wp:featuredmedia":[{"embeddable":true,"href":"https:\/\/bonsoleil.es\/es\/wp-json\/wp\/v2\/media\/118317"}],"wp:attachment":[{"href":"https:\/\/bonsoleil.es\/es\/wp-json\/wp\/v2\/media?parent=118312"}],"wp:term":[{"taxonomy":"category","embeddable":true,"href":"https:\/\/bonsoleil.es\/es\/wp-json\/wp\/v2\/categories?post=118312"},{"taxonomy":"post_tag","embeddable":true,"href":"https:\/\/bonsoleil.es\/es\/wp-json\/wp\/v2\/tags?post=118312"}],"curies":[{"name":"wp","href":"https:\/\/api.w.org\/{rel}","templated":true}]}}