{"id":122892,"date":"2024-03-20T10:51:50","date_gmt":"2024-03-20T09:51:50","guid":{"rendered":"https:\/\/bonsoleil.es\/?p=122892"},"modified":"2024-03-20T10:52:39","modified_gmt":"2024-03-20T09:52:39","slug":"journee-internationale-de-la-francophonie","status":"publish","type":"post","link":"https:\/\/bonsoleil.es\/es\/journee-internationale-de-la-francophonie\/","title":{"rendered":"Journ\u00e9e internationale de la francophonie"},"content":{"rendered":"\n<p>\u00c0 l&#8217;occasion de la journ\u00e9e internationale de la francophonie c\u00e9l\u00e9br\u00e9e le 20 mars, ainsi que de la journ\u00e9e internationale du bonheur, les 2nde A ont rejoint les 321 millions de francophones dans le monde afin de marquer l\u2019\u00e9v\u00e8nement \u00e0 leur fa\u00e7on ! Repr\u00e9sentant le Japon aux olympiades cette ann\u00e9e, ils se sont appliqu\u00e9s \u00e0 r\u00e9diger des Ha\u00efkus en fran\u00e7ais, afin de diffuser \u00e0 travers cet art japonais des messages de bonheur, de paix, de fraternit\u00e9 et de libert\u00e9 !&nbsp;<\/p>\n\n\n\n<p>_<\/p>\n\n\n\n<p>Para celebrar el D\u00eda Internacional de la Francofon\u00eda el 20 de marzo, as\u00ed como el D\u00eda Internacional de la Felicidad, los alumnos de 2nde A se han unido a los 321 millones de franc\u00f3fonos de todo el mundo para celebrar este d\u00eda a su manera. Representando a Jap\u00f3n en los Juegos Ol\u00edmpicos de este a\u00f1o, han escrito Haikus en franc\u00e9s, utilizando esta forma de arte japon\u00e9s para difundir mensajes de felicidad, paz, fraternidad y libertad.<\/p>\n\n\n\n<figure class=\"wp-block-gallery has-nested-images columns-default is-cropped wp-block-gallery-1 is-layout-flex wp-block-gallery-is-layout-flex\">\n<figure class=\"wp-block-image size-full\"><a href=\"https:\/\/bonsoleil.es\/web\/wp-content\/uploads\/2024\/03\/1-22.jpg\"><img loading=\"lazy\" decoding=\"async\" width=\"1080\" height=\"1080\" data-id=\"122893\" src=\"https:\/\/bonsoleil.es\/web\/wp-content\/uploads\/2024\/03\/1-22.jpg\" alt=\"\" class=\"wp-image-122893\" srcset=\"https:\/\/bonsoleil.es\/web\/wp-content\/uploads\/2024\/03\/1-22.jpg 1080w, https:\/\/bonsoleil.es\/web\/wp-content\/uploads\/2024\/03\/1-22-250x250.jpg 250w, https:\/\/bonsoleil.es\/web\/wp-content\/uploads\/2024\/03\/1-22-700x700.jpg 700w, https:\/\/bonsoleil.es\/web\/wp-content\/uploads\/2024\/03\/1-22-150x150.jpg 150w, https:\/\/bonsoleil.es\/web\/wp-content\/uploads\/2024\/03\/1-22-768x768.jpg 768w, https:\/\/bonsoleil.es\/web\/wp-content\/uploads\/2024\/03\/1-22-120x120.jpg 120w\" sizes=\"auto, (max-width: 1080px) 100vw, 1080px\" \/><\/a><\/figure>\n\n\n\n<figure class=\"wp-block-image size-full\"><a href=\"https:\/\/bonsoleil.es\/web\/wp-content\/uploads\/2024\/03\/4-13.jpg\"><img loading=\"lazy\" decoding=\"async\" width=\"1080\" height=\"1080\" data-id=\"122905\" src=\"https:\/\/bonsoleil.es\/web\/wp-content\/uploads\/2024\/03\/4-13.jpg\" alt=\"\" class=\"wp-image-122905\" srcset=\"https:\/\/bonsoleil.es\/web\/wp-content\/uploads\/2024\/03\/4-13.jpg 1080w, https:\/\/bonsoleil.es\/web\/wp-content\/uploads\/2024\/03\/4-13-250x250.jpg 250w, https:\/\/bonsoleil.es\/web\/wp-content\/uploads\/2024\/03\/4-13-700x700.jpg 700w, https:\/\/bonsoleil.es\/web\/wp-content\/uploads\/2024\/03\/4-13-150x150.jpg 150w, https:\/\/bonsoleil.es\/web\/wp-content\/uploads\/2024\/03\/4-13-768x768.jpg 768w, https:\/\/bonsoleil.es\/web\/wp-content\/uploads\/2024\/03\/4-13-120x120.jpg 120w\" sizes=\"auto, (max-width: 1080px) 100vw, 1080px\" \/><\/a><\/figure>\n\n\n\n<figure class=\"wp-block-image size-full\"><a href=\"https:\/\/bonsoleil.es\/web\/wp-content\/uploads\/2024\/03\/2-20.jpg\"><img loading=\"lazy\" decoding=\"async\" width=\"1080\" height=\"1080\" data-id=\"122897\" src=\"https:\/\/bonsoleil.es\/web\/wp-content\/uploads\/2024\/03\/2-20.jpg\" alt=\"\" class=\"wp-image-122897\" srcset=\"https:\/\/bonsoleil.es\/web\/wp-content\/uploads\/2024\/03\/2-20.jpg 1080w, https:\/\/bonsoleil.es\/web\/wp-content\/uploads\/2024\/03\/2-20-250x250.jpg 250w, https:\/\/bonsoleil.es\/web\/wp-content\/uploads\/2024\/03\/2-20-700x700.jpg 700w, https:\/\/bonsoleil.es\/web\/wp-content\/uploads\/2024\/03\/2-20-150x150.jpg 150w, https:\/\/bonsoleil.es\/web\/wp-content\/uploads\/2024\/03\/2-20-768x768.jpg 768w, https:\/\/bonsoleil.es\/web\/wp-content\/uploads\/2024\/03\/2-20-120x120.jpg 120w\" sizes=\"auto, (max-width: 1080px) 100vw, 1080px\" \/><\/a><\/figure>\n\n\n\n<figure class=\"wp-block-image size-full\"><a href=\"https:\/\/bonsoleil.es\/web\/wp-content\/uploads\/2024\/03\/3-15.jpg\"><img loading=\"lazy\" decoding=\"async\" width=\"1080\" height=\"1080\" data-id=\"122901\" src=\"https:\/\/bonsoleil.es\/web\/wp-content\/uploads\/2024\/03\/3-15.jpg\" alt=\"\" class=\"wp-image-122901\" srcset=\"https:\/\/bonsoleil.es\/web\/wp-content\/uploads\/2024\/03\/3-15.jpg 1080w, https:\/\/bonsoleil.es\/web\/wp-content\/uploads\/2024\/03\/3-15-250x250.jpg 250w, https:\/\/bonsoleil.es\/web\/wp-content\/uploads\/2024\/03\/3-15-700x700.jpg 700w, https:\/\/bonsoleil.es\/web\/wp-content\/uploads\/2024\/03\/3-15-150x150.jpg 150w, https:\/\/bonsoleil.es\/web\/wp-content\/uploads\/2024\/03\/3-15-768x768.jpg 768w, https:\/\/bonsoleil.es\/web\/wp-content\/uploads\/2024\/03\/3-15-120x120.jpg 120w\" sizes=\"auto, (max-width: 1080px) 100vw, 1080px\" \/><\/a><\/figure>\n\n\n\n<figure class=\"wp-block-image size-full\"><a href=\"https:\/\/bonsoleil.es\/web\/wp-content\/uploads\/2024\/03\/5-11.jpg\"><img loading=\"lazy\" decoding=\"async\" width=\"1080\" height=\"1080\" data-id=\"122909\" src=\"https:\/\/bonsoleil.es\/web\/wp-content\/uploads\/2024\/03\/5-11.jpg\" alt=\"\" class=\"wp-image-122909\" srcset=\"https:\/\/bonsoleil.es\/web\/wp-content\/uploads\/2024\/03\/5-11.jpg 1080w, https:\/\/bonsoleil.es\/web\/wp-content\/uploads\/2024\/03\/5-11-250x250.jpg 250w, https:\/\/bonsoleil.es\/web\/wp-content\/uploads\/2024\/03\/5-11-700x700.jpg 700w, https:\/\/bonsoleil.es\/web\/wp-content\/uploads\/2024\/03\/5-11-150x150.jpg 150w, https:\/\/bonsoleil.es\/web\/wp-content\/uploads\/2024\/03\/5-11-768x768.jpg 768w, https:\/\/bonsoleil.es\/web\/wp-content\/uploads\/2024\/03\/5-11-120x120.jpg 120w\" sizes=\"auto, (max-width: 1080px) 100vw, 1080px\" \/><\/a><\/figure>\n\n\n\n<figure class=\"wp-block-image size-full\"><a href=\"https:\/\/bonsoleil.es\/web\/wp-content\/uploads\/2024\/03\/6-8.jpg\"><img loading=\"lazy\" decoding=\"async\" width=\"1080\" height=\"1080\" data-id=\"122913\" src=\"https:\/\/bonsoleil.es\/web\/wp-content\/uploads\/2024\/03\/6-8.jpg\" alt=\"\" class=\"wp-image-122913\" srcset=\"https:\/\/bonsoleil.es\/web\/wp-content\/uploads\/2024\/03\/6-8.jpg 1080w, https:\/\/bonsoleil.es\/web\/wp-content\/uploads\/2024\/03\/6-8-250x250.jpg 250w, https:\/\/bonsoleil.es\/web\/wp-content\/uploads\/2024\/03\/6-8-700x700.jpg 700w, https:\/\/bonsoleil.es\/web\/wp-content\/uploads\/2024\/03\/6-8-150x150.jpg 150w, https:\/\/bonsoleil.es\/web\/wp-content\/uploads\/2024\/03\/6-8-768x768.jpg 768w, https:\/\/bonsoleil.es\/web\/wp-content\/uploads\/2024\/03\/6-8-120x120.jpg 120w\" sizes=\"auto, (max-width: 1080px) 100vw, 1080px\" \/><\/a><\/figure>\n\n\n\n<figure class=\"wp-block-image size-full\"><a href=\"https:\/\/bonsoleil.es\/web\/wp-content\/uploads\/2024\/03\/7-5.jpg\"><img loading=\"lazy\" decoding=\"async\" width=\"1080\" height=\"1080\" data-id=\"122917\" src=\"https:\/\/bonsoleil.es\/web\/wp-content\/uploads\/2024\/03\/7-5.jpg\" alt=\"\" class=\"wp-image-122917\" srcset=\"https:\/\/bonsoleil.es\/web\/wp-content\/uploads\/2024\/03\/7-5.jpg 1080w, https:\/\/bonsoleil.es\/web\/wp-content\/uploads\/2024\/03\/7-5-250x250.jpg 250w, https:\/\/bonsoleil.es\/web\/wp-content\/uploads\/2024\/03\/7-5-700x700.jpg 700w, https:\/\/bonsoleil.es\/web\/wp-content\/uploads\/2024\/03\/7-5-150x150.jpg 150w, https:\/\/bonsoleil.es\/web\/wp-content\/uploads\/2024\/03\/7-5-768x768.jpg 768w, https:\/\/bonsoleil.es\/web\/wp-content\/uploads\/2024\/03\/7-5-120x120.jpg 120w\" sizes=\"auto, (max-width: 1080px) 100vw, 1080px\" \/><\/a><\/figure>\n\n\n\n<figure class=\"wp-block-image size-full\"><a href=\"https:\/\/bonsoleil.es\/web\/wp-content\/uploads\/2024\/03\/8-3.jpg\"><img loading=\"lazy\" decoding=\"async\" width=\"1080\" height=\"1080\" data-id=\"122921\" src=\"https:\/\/bonsoleil.es\/web\/wp-content\/uploads\/2024\/03\/8-3.jpg\" alt=\"\" class=\"wp-image-122921\" srcset=\"https:\/\/bonsoleil.es\/web\/wp-content\/uploads\/2024\/03\/8-3.jpg 1080w, https:\/\/bonsoleil.es\/web\/wp-content\/uploads\/2024\/03\/8-3-250x250.jpg 250w, https:\/\/bonsoleil.es\/web\/wp-content\/uploads\/2024\/03\/8-3-700x700.jpg 700w, https:\/\/bonsoleil.es\/web\/wp-content\/uploads\/2024\/03\/8-3-150x150.jpg 150w, https:\/\/bonsoleil.es\/web\/wp-content\/uploads\/2024\/03\/8-3-768x768.jpg 768w, https:\/\/bonsoleil.es\/web\/wp-content\/uploads\/2024\/03\/8-3-120x120.jpg 120w\" sizes=\"auto, (max-width: 1080px) 100vw, 1080px\" \/><\/a><\/figure>\n\n\n\n<figure class=\"wp-block-image size-full\"><a href=\"https:\/\/bonsoleil.es\/web\/wp-content\/uploads\/2024\/03\/10-1.jpg\"><img loading=\"lazy\" decoding=\"async\" width=\"1080\" height=\"1080\" data-id=\"122925\" src=\"https:\/\/bonsoleil.es\/web\/wp-content\/uploads\/2024\/03\/10-1.jpg\" alt=\"\" class=\"wp-image-122925\" srcset=\"https:\/\/bonsoleil.es\/web\/wp-content\/uploads\/2024\/03\/10-1.jpg 1080w, https:\/\/bonsoleil.es\/web\/wp-content\/uploads\/2024\/03\/10-1-250x250.jpg 250w, https:\/\/bonsoleil.es\/web\/wp-content\/uploads\/2024\/03\/10-1-700x700.jpg 700w, https:\/\/bonsoleil.es\/web\/wp-content\/uploads\/2024\/03\/10-1-150x150.jpg 150w, https:\/\/bonsoleil.es\/web\/wp-content\/uploads\/2024\/03\/10-1-768x768.jpg 768w, https:\/\/bonsoleil.es\/web\/wp-content\/uploads\/2024\/03\/10-1-120x120.jpg 120w\" sizes=\"auto, (max-width: 1080px) 100vw, 1080px\" \/><\/a><\/figure>\n<\/figure>\n","protected":false},"excerpt":{"rendered":"\u00c0 l&#8217;occasion de la journ\u00e9e internationale de la francophonie c\u00e9l\u00e9br\u00e9e le 20 mars, ainsi que de la journ\u00e9e internationale du bonheur, les 2nde A ont rejoint les 321 millions de francophones dans le monde afin de marquer l\u2019\u00e9v\u00e8nement \u00e0 leur fa\u00e7on ! Repr\u00e9sentant le Japon aux olympiades cette ann\u00e9e, ils se sont appliqu\u00e9s \u00e0 r\u00e9diger des Ha\u00efkus en fran\u00e7ais, afin de diffuser \u00e0 travers cet art japonais des messages de bonheur, de paix, de fraternit\u00e9 et de libert\u00e9 !\u00a0","protected":false},"author":1,"featured_media":122893,"comment_status":"closed","ping_status":"closed","sticky":false,"template":"","format":"standard","meta":{"_acf_changed":false,"rs_blank_template":"","rs_page_bg_color":"","slide_template_v7":"","footnotes":"","_links_to":"","_links_to_target":""},"categories":[11,9],"tags":[],"class_list":["post-122892","post","type-post","status-publish","format-standard","has-post-thumbnail","hentry","category-2nde","category-secondaire"],"acf":[],"yoast_head":"<!-- This site is optimized with the Yoast SEO plugin v27.5 - https:\/\/yoast.com\/product\/yoast-seo-wordpress\/ -->\n<title>Journ\u00e9e internationale de la francophonie - Lyc\u00e9e International Barcelona \u00b7 Bon Soleil<\/title>\n<meta name=\"robots\" content=\"index, follow, max-snippet:-1, max-image-preview:large, max-video-preview:-1\" \/>\n<link rel=\"canonical\" href=\"https:\/\/bonsoleil.es\/es\/journee-internationale-de-la-francophonie\/\" \/>\n<meta property=\"og:locale\" content=\"es_ES\" \/>\n<meta property=\"og:type\" content=\"article\" \/>\n<meta property=\"og:title\" content=\"Journ\u00e9e internationale de la francophonie - Lyc\u00e9e International Barcelona \u00b7 Bon Soleil\" \/>\n<meta property=\"og:description\" content=\"\u00c0 l&#039;occasion de la journ\u00e9e internationale de la francophonie c\u00e9l\u00e9br\u00e9e le 20 mars, ainsi que de la journ\u00e9e internationale du bonheur, les 2nde A ont rejoint les 321 millions de francophones dans le monde afin de marquer l\u2019\u00e9v\u00e8nement \u00e0 leur fa\u00e7on ! Repr\u00e9sentant le Japon aux olympiades cette ann\u00e9e, ils se sont appliqu\u00e9s \u00e0 r\u00e9diger des Ha\u00efkus en fran\u00e7ais, afin de diffuser \u00e0 travers cet art japonais des messages de bonheur, de paix, de fraternit\u00e9 et de libert\u00e9 !\u00a0\" \/>\n<meta property=\"og:url\" content=\"https:\/\/bonsoleil.es\/es\/journee-internationale-de-la-francophonie\/\" \/>\n<meta property=\"og:site_name\" content=\"Lyc\u00e9e International Barcelona \u00b7 Bon Soleil\" \/>\n<meta property=\"article:publisher\" content=\"https:\/\/www.facebook.com\/libBonSoleil\/\" \/>\n<meta property=\"article:published_time\" content=\"2024-03-20T09:51:50+00:00\" \/>\n<meta property=\"article:modified_time\" content=\"2024-03-20T09:52:39+00:00\" \/>\n<meta property=\"og:image\" content=\"https:\/\/bonsoleil.es\/web\/wp-content\/uploads\/2024\/03\/1-22.jpg\" \/>\n\t<meta property=\"og:image:width\" content=\"1080\" \/>\n\t<meta property=\"og:image:height\" content=\"1080\" \/>\n\t<meta property=\"og:image:type\" content=\"image\/jpeg\" \/>\n<meta name=\"author\" content=\"libbs\" \/>\n<meta name=\"twitter:card\" content=\"summary_large_image\" \/>\n<meta name=\"twitter:creator\" content=\"@lib_bonsoleil\" \/>\n<meta name=\"twitter:site\" content=\"@lib_bonsoleil\" \/>\n<meta name=\"twitter:label1\" content=\"Escrito por\" \/>\n\t<meta name=\"twitter:data1\" content=\"libbs\" \/>\n\t<meta name=\"twitter:label2\" content=\"Tiempo de lectura\" \/>\n\t<meta name=\"twitter:data2\" content=\"3 minutos\" \/>\n<script type=\"application\/ld+json\" class=\"yoast-schema-graph\">{\"@context\":\"https:\\\/\\\/schema.org\",\"@graph\":[{\"@type\":\"Article\",\"@id\":\"https:\\\/\\\/bonsoleil.es\\\/es\\\/journee-internationale-de-la-francophonie\\\/#article\",\"isPartOf\":{\"@id\":\"https:\\\/\\\/bonsoleil.es\\\/es\\\/journee-internationale-de-la-francophonie\\\/\"},\"author\":{\"name\":\"libbs\",\"@id\":\"https:\\\/\\\/bonsoleil.es\\\/es\\\/#\\\/schema\\\/person\\\/f90f9175af4fad9c626fd2873bc546ec\"},\"headline\":\"Journ\u00e9e internationale de la francophonie\",\"datePublished\":\"2024-03-20T09:51:50+00:00\",\"dateModified\":\"2024-03-20T09:52:39+00:00\",\"mainEntityOfPage\":{\"@id\":\"https:\\\/\\\/bonsoleil.es\\\/es\\\/journee-internationale-de-la-francophonie\\\/\"},\"wordCount\":176,\"image\":{\"@id\":\"https:\\\/\\\/bonsoleil.es\\\/es\\\/journee-internationale-de-la-francophonie\\\/#primaryimage\"},\"thumbnailUrl\":\"https:\\\/\\\/bonsoleil.es\\\/web\\\/wp-content\\\/uploads\\\/2024\\\/03\\\/1-22.jpg\",\"articleSection\":[\"2nde\",\"Secondaire\"],\"inLanguage\":\"es\"},{\"@type\":\"WebPage\",\"@id\":\"https:\\\/\\\/bonsoleil.es\\\/es\\\/journee-internationale-de-la-francophonie\\\/\",\"url\":\"https:\\\/\\\/bonsoleil.es\\\/es\\\/journee-internationale-de-la-francophonie\\\/\",\"name\":\"Journ\u00e9e internationale de la francophonie - Lyc\u00e9e International Barcelona \u00b7 Bon Soleil\",\"isPartOf\":{\"@id\":\"https:\\\/\\\/bonsoleil.es\\\/es\\\/#website\"},\"primaryImageOfPage\":{\"@id\":\"https:\\\/\\\/bonsoleil.es\\\/es\\\/journee-internationale-de-la-francophonie\\\/#primaryimage\"},\"image\":{\"@id\":\"https:\\\/\\\/bonsoleil.es\\\/es\\\/journee-internationale-de-la-francophonie\\\/#primaryimage\"},\"thumbnailUrl\":\"https:\\\/\\\/bonsoleil.es\\\/web\\\/wp-content\\\/uploads\\\/2024\\\/03\\\/1-22.jpg\",\"datePublished\":\"2024-03-20T09:51:50+00:00\",\"dateModified\":\"2024-03-20T09:52:39+00:00\",\"author\":{\"@id\":\"https:\\\/\\\/bonsoleil.es\\\/es\\\/#\\\/schema\\\/person\\\/f90f9175af4fad9c626fd2873bc546ec\"},\"breadcrumb\":{\"@id\":\"https:\\\/\\\/bonsoleil.es\\\/es\\\/journee-internationale-de-la-francophonie\\\/#breadcrumb\"},\"inLanguage\":\"es\",\"potentialAction\":[{\"@type\":\"ReadAction\",\"target\":[\"https:\\\/\\\/bonsoleil.es\\\/es\\\/journee-internationale-de-la-francophonie\\\/\"]}]},{\"@type\":\"ImageObject\",\"inLanguage\":\"es\",\"@id\":\"https:\\\/\\\/bonsoleil.es\\\/es\\\/journee-internationale-de-la-francophonie\\\/#primaryimage\",\"url\":\"https:\\\/\\\/bonsoleil.es\\\/web\\\/wp-content\\\/uploads\\\/2024\\\/03\\\/1-22.jpg\",\"contentUrl\":\"https:\\\/\\\/bonsoleil.es\\\/web\\\/wp-content\\\/uploads\\\/2024\\\/03\\\/1-22.jpg\",\"width\":1080,\"height\":1080},{\"@type\":\"BreadcrumbList\",\"@id\":\"https:\\\/\\\/bonsoleil.es\\\/es\\\/journee-internationale-de-la-francophonie\\\/#breadcrumb\",\"itemListElement\":[{\"@type\":\"ListItem\",\"position\":1,\"name\":\"Portada\",\"item\":\"https:\\\/\\\/bonsoleil.es\\\/es\\\/\"},{\"@type\":\"ListItem\",\"position\":2,\"name\":\"Journ\u00e9e internationale de la francophonie\"}]},{\"@type\":\"WebSite\",\"@id\":\"https:\\\/\\\/bonsoleil.es\\\/es\\\/#website\",\"url\":\"https:\\\/\\\/bonsoleil.es\\\/es\\\/\",\"name\":\"Lyc\u00e9e International Barcelona \u00b7 Bon Soleil\",\"description\":\"Lyc\u00e9e International Barcelona\",\"potentialAction\":[{\"@type\":\"SearchAction\",\"target\":{\"@type\":\"EntryPoint\",\"urlTemplate\":\"https:\\\/\\\/bonsoleil.es\\\/es\\\/?s={search_term_string}\"},\"query-input\":{\"@type\":\"PropertyValueSpecification\",\"valueRequired\":true,\"valueName\":\"search_term_string\"}}],\"inLanguage\":\"es\"},{\"@type\":\"Person\",\"@id\":\"https:\\\/\\\/bonsoleil.es\\\/es\\\/#\\\/schema\\\/person\\\/f90f9175af4fad9c626fd2873bc546ec\",\"name\":\"libbs\",\"image\":{\"@type\":\"ImageObject\",\"inLanguage\":\"es\",\"@id\":\"https:\\\/\\\/bonsoleil.es\\\/web\\\/wp-content\\\/litespeed\\\/avatar\\\/6719caedb5831fa7538835120a8121f8.jpg?ver=1777037754\",\"url\":\"https:\\\/\\\/bonsoleil.es\\\/web\\\/wp-content\\\/litespeed\\\/avatar\\\/6719caedb5831fa7538835120a8121f8.jpg?ver=1777037754\",\"contentUrl\":\"https:\\\/\\\/bonsoleil.es\\\/web\\\/wp-content\\\/litespeed\\\/avatar\\\/6719caedb5831fa7538835120a8121f8.jpg?ver=1777037754\",\"caption\":\"libbs\"},\"sameAs\":[\"http:\\\/\\\/localhost\\\/bonsoleil\\\/new_web\"],\"url\":\"https:\\\/\\\/bonsoleil.es\\\/es\\\/author\\\/libbs\\\/\"}]}<\/script>\n<!-- \/ Yoast SEO plugin. -->","yoast_head_json":{"title":"Journ\u00e9e internationale de la francophonie - Lyc\u00e9e International Barcelona \u00b7 Bon Soleil","robots":{"index":"index","follow":"follow","max-snippet":"max-snippet:-1","max-image-preview":"max-image-preview:large","max-video-preview":"max-video-preview:-1"},"canonical":"https:\/\/bonsoleil.es\/es\/journee-internationale-de-la-francophonie\/","og_locale":"es_ES","og_type":"article","og_title":"Journ\u00e9e internationale de la francophonie - Lyc\u00e9e International Barcelona \u00b7 Bon Soleil","og_description":"\u00c0 l'occasion de la journ\u00e9e internationale de la francophonie c\u00e9l\u00e9br\u00e9e le 20 mars, ainsi que de la journ\u00e9e internationale du bonheur, les 2nde A ont rejoint les 321 millions de francophones dans le monde afin de marquer l\u2019\u00e9v\u00e8nement \u00e0 leur fa\u00e7on ! Repr\u00e9sentant le Japon aux olympiades cette ann\u00e9e, ils se sont appliqu\u00e9s \u00e0 r\u00e9diger des Ha\u00efkus en fran\u00e7ais, afin de diffuser \u00e0 travers cet art japonais des messages de bonheur, de paix, de fraternit\u00e9 et de libert\u00e9 !\u00a0","og_url":"https:\/\/bonsoleil.es\/es\/journee-internationale-de-la-francophonie\/","og_site_name":"Lyc\u00e9e International Barcelona \u00b7 Bon Soleil","article_publisher":"https:\/\/www.facebook.com\/libBonSoleil\/","article_published_time":"2024-03-20T09:51:50+00:00","article_modified_time":"2024-03-20T09:52:39+00:00","og_image":[{"width":1080,"height":1080,"url":"https:\/\/bonsoleil.es\/web\/wp-content\/uploads\/2024\/03\/1-22.jpg","type":"image\/jpeg"}],"author":"libbs","twitter_card":"summary_large_image","twitter_creator":"@lib_bonsoleil","twitter_site":"@lib_bonsoleil","twitter_misc":{"Escrito por":"libbs","Tiempo de lectura":"3 minutos"},"schema":{"@context":"https:\/\/schema.org","@graph":[{"@type":"Article","@id":"https:\/\/bonsoleil.es\/es\/journee-internationale-de-la-francophonie\/#article","isPartOf":{"@id":"https:\/\/bonsoleil.es\/es\/journee-internationale-de-la-francophonie\/"},"author":{"name":"libbs","@id":"https:\/\/bonsoleil.es\/es\/#\/schema\/person\/f90f9175af4fad9c626fd2873bc546ec"},"headline":"Journ\u00e9e internationale de la francophonie","datePublished":"2024-03-20T09:51:50+00:00","dateModified":"2024-03-20T09:52:39+00:00","mainEntityOfPage":{"@id":"https:\/\/bonsoleil.es\/es\/journee-internationale-de-la-francophonie\/"},"wordCount":176,"image":{"@id":"https:\/\/bonsoleil.es\/es\/journee-internationale-de-la-francophonie\/#primaryimage"},"thumbnailUrl":"https:\/\/bonsoleil.es\/web\/wp-content\/uploads\/2024\/03\/1-22.jpg","articleSection":["2nde","Secondaire"],"inLanguage":"es"},{"@type":"WebPage","@id":"https:\/\/bonsoleil.es\/es\/journee-internationale-de-la-francophonie\/","url":"https:\/\/bonsoleil.es\/es\/journee-internationale-de-la-francophonie\/","name":"Journ\u00e9e internationale de la francophonie - Lyc\u00e9e International Barcelona \u00b7 Bon Soleil","isPartOf":{"@id":"https:\/\/bonsoleil.es\/es\/#website"},"primaryImageOfPage":{"@id":"https:\/\/bonsoleil.es\/es\/journee-internationale-de-la-francophonie\/#primaryimage"},"image":{"@id":"https:\/\/bonsoleil.es\/es\/journee-internationale-de-la-francophonie\/#primaryimage"},"thumbnailUrl":"https:\/\/bonsoleil.es\/web\/wp-content\/uploads\/2024\/03\/1-22.jpg","datePublished":"2024-03-20T09:51:50+00:00","dateModified":"2024-03-20T09:52:39+00:00","author":{"@id":"https:\/\/bonsoleil.es\/es\/#\/schema\/person\/f90f9175af4fad9c626fd2873bc546ec"},"breadcrumb":{"@id":"https:\/\/bonsoleil.es\/es\/journee-internationale-de-la-francophonie\/#breadcrumb"},"inLanguage":"es","potentialAction":[{"@type":"ReadAction","target":["https:\/\/bonsoleil.es\/es\/journee-internationale-de-la-francophonie\/"]}]},{"@type":"ImageObject","inLanguage":"es","@id":"https:\/\/bonsoleil.es\/es\/journee-internationale-de-la-francophonie\/#primaryimage","url":"https:\/\/bonsoleil.es\/web\/wp-content\/uploads\/2024\/03\/1-22.jpg","contentUrl":"https:\/\/bonsoleil.es\/web\/wp-content\/uploads\/2024\/03\/1-22.jpg","width":1080,"height":1080},{"@type":"BreadcrumbList","@id":"https:\/\/bonsoleil.es\/es\/journee-internationale-de-la-francophonie\/#breadcrumb","itemListElement":[{"@type":"ListItem","position":1,"name":"Portada","item":"https:\/\/bonsoleil.es\/es\/"},{"@type":"ListItem","position":2,"name":"Journ\u00e9e internationale de la francophonie"}]},{"@type":"WebSite","@id":"https:\/\/bonsoleil.es\/es\/#website","url":"https:\/\/bonsoleil.es\/es\/","name":"Lyc\u00e9e International Barcelona \u00b7 Bon Soleil","description":"Lyc\u00e9e International Barcelona","potentialAction":[{"@type":"SearchAction","target":{"@type":"EntryPoint","urlTemplate":"https:\/\/bonsoleil.es\/es\/?s={search_term_string}"},"query-input":{"@type":"PropertyValueSpecification","valueRequired":true,"valueName":"search_term_string"}}],"inLanguage":"es"},{"@type":"Person","@id":"https:\/\/bonsoleil.es\/es\/#\/schema\/person\/f90f9175af4fad9c626fd2873bc546ec","name":"libbs","image":{"@type":"ImageObject","inLanguage":"es","@id":"https:\/\/bonsoleil.es\/web\/wp-content\/litespeed\/avatar\/6719caedb5831fa7538835120a8121f8.jpg?ver=1777037754","url":"https:\/\/bonsoleil.es\/web\/wp-content\/litespeed\/avatar\/6719caedb5831fa7538835120a8121f8.jpg?ver=1777037754","contentUrl":"https:\/\/bonsoleil.es\/web\/wp-content\/litespeed\/avatar\/6719caedb5831fa7538835120a8121f8.jpg?ver=1777037754","caption":"libbs"},"sameAs":["http:\/\/localhost\/bonsoleil\/new_web"],"url":"https:\/\/bonsoleil.es\/es\/author\/libbs\/"}]}},"_links":{"self":[{"href":"https:\/\/bonsoleil.es\/es\/wp-json\/wp\/v2\/posts\/122892","targetHints":{"allow":["GET"]}}],"collection":[{"href":"https:\/\/bonsoleil.es\/es\/wp-json\/wp\/v2\/posts"}],"about":[{"href":"https:\/\/bonsoleil.es\/es\/wp-json\/wp\/v2\/types\/post"}],"author":[{"embeddable":true,"href":"https:\/\/bonsoleil.es\/es\/wp-json\/wp\/v2\/users\/1"}],"replies":[{"embeddable":true,"href":"https:\/\/bonsoleil.es\/es\/wp-json\/wp\/v2\/comments?post=122892"}],"version-history":[{"count":1,"href":"https:\/\/bonsoleil.es\/es\/wp-json\/wp\/v2\/posts\/122892\/revisions"}],"predecessor-version":[{"id":122929,"href":"https:\/\/bonsoleil.es\/es\/wp-json\/wp\/v2\/posts\/122892\/revisions\/122929"}],"wp:featuredmedia":[{"embeddable":true,"href":"https:\/\/bonsoleil.es\/es\/wp-json\/wp\/v2\/media\/122893"}],"wp:attachment":[{"href":"https:\/\/bonsoleil.es\/es\/wp-json\/wp\/v2\/media?parent=122892"}],"wp:term":[{"taxonomy":"category","embeddable":true,"href":"https:\/\/bonsoleil.es\/es\/wp-json\/wp\/v2\/categories?post=122892"},{"taxonomy":"post_tag","embeddable":true,"href":"https:\/\/bonsoleil.es\/es\/wp-json\/wp\/v2\/tags?post=122892"}],"curies":[{"name":"wp","href":"https:\/\/api.w.org\/{rel}","templated":true}]}}