{"id":123287,"date":"2024-04-05T10:55:37","date_gmt":"2024-04-05T08:55:37","guid":{"rendered":"https:\/\/bonsoleil.es\/?p=123287"},"modified":"2024-04-05T10:55:38","modified_gmt":"2024-04-05T08:55:38","slug":"barcelone-sous-les-bombes","status":"publish","type":"post","link":"https:\/\/bonsoleil.es\/es\/barcelone-sous-les-bombes\/","title":{"rendered":"Barcelone sous les bombes"},"content":{"rendered":"\n<p>Jeudi 14 et vendredi 15 mars, les \u00e9l\u00e8ves de 3\u00e8me se sont rendus sur le site du refuge 307 du quartier Poble Sec de Barcelone.<br>Apr\u00e8s la description des circonstances et des objectifs des bombardements par le guide, les \u00e9l\u00e8ves ont fait la visite du refuge utilis\u00e9 par les habitants pendant la Guerre Civile. Ils ont ainsi pu partager les \u00e9motions v\u00e9cues par les civils pendant ces durs moments<\/p>\n\n\n\n<p>Les \u00e9l\u00e8ves ont \u00e9galement fait la visite des lieux o\u00f9 les batteries anti-a\u00e9riennes tentaient d&#8217;abattre les avions qui cherchaient \u00e0 bombarder la ville.<\/p>\n\n\n\n<p>_<\/p>\n\n\n\n<p><strong>BARCELONA SOTA LES BOMBES. <\/strong>El dijous 14 i el divendres 15 els alumnes de 3\u00e8me van anar al recinte del refugi 307 del barri del Poble Sec de Barcelona.<br>Despr\u00e9s que el guia descrigu\u00e9s les circumst\u00e0ncies i els objectius dels bombardejos, els alumnes van visitar el refugi que utilitzaven els ve\u00efns durant la Guerra Civil. Aix\u00ed van poder compartir les emocions viscudes pels civils durant aquests moments dif\u00edcils.<\/p>\n\n\n\n<p>Els alumnes tamb\u00e9 van visitar els llocs on les bateries antia\u00e8ries van intentar abatre els avions que venien per bombardejar la ciutat.<\/p>\n\n\n\n<figure class=\"wp-block-gallery has-nested-images columns-default is-cropped wp-block-gallery-1 is-layout-flex wp-block-gallery-is-layout-flex\">\n<figure class=\"wp-block-image size-full\"><a href=\"https:\/\/bonsoleil.es\/web\/wp-content\/uploads\/2024\/04\/1-5.jpg\"><img loading=\"lazy\" decoding=\"async\" width=\"1080\" height=\"1080\" data-id=\"123292\" src=\"https:\/\/bonsoleil.es\/web\/wp-content\/uploads\/2024\/04\/1-5.jpg\" alt=\"\" class=\"wp-image-123292\" srcset=\"https:\/\/bonsoleil.es\/web\/wp-content\/uploads\/2024\/04\/1-5.jpg 1080w, https:\/\/bonsoleil.es\/web\/wp-content\/uploads\/2024\/04\/1-5-250x250.jpg 250w, https:\/\/bonsoleil.es\/web\/wp-content\/uploads\/2024\/04\/1-5-700x700.jpg 700w, https:\/\/bonsoleil.es\/web\/wp-content\/uploads\/2024\/04\/1-5-150x150.jpg 150w, https:\/\/bonsoleil.es\/web\/wp-content\/uploads\/2024\/04\/1-5-768x768.jpg 768w, https:\/\/bonsoleil.es\/web\/wp-content\/uploads\/2024\/04\/1-5-120x120.jpg 120w\" sizes=\"auto, (max-width: 1080px) 100vw, 1080px\" \/><\/a><\/figure>\n\n\n\n<figure class=\"wp-block-image size-full\"><a href=\"https:\/\/bonsoleil.es\/web\/wp-content\/uploads\/2024\/04\/3-5.jpg\"><img loading=\"lazy\" decoding=\"async\" width=\"1080\" height=\"1080\" data-id=\"123288\" src=\"https:\/\/bonsoleil.es\/web\/wp-content\/uploads\/2024\/04\/3-5.jpg\" alt=\"\" class=\"wp-image-123288\" srcset=\"https:\/\/bonsoleil.es\/web\/wp-content\/uploads\/2024\/04\/3-5.jpg 1080w, https:\/\/bonsoleil.es\/web\/wp-content\/uploads\/2024\/04\/3-5-250x250.jpg 250w, https:\/\/bonsoleil.es\/web\/wp-content\/uploads\/2024\/04\/3-5-700x700.jpg 700w, https:\/\/bonsoleil.es\/web\/wp-content\/uploads\/2024\/04\/3-5-150x150.jpg 150w, https:\/\/bonsoleil.es\/web\/wp-content\/uploads\/2024\/04\/3-5-768x768.jpg 768w, https:\/\/bonsoleil.es\/web\/wp-content\/uploads\/2024\/04\/3-5-120x120.jpg 120w\" sizes=\"auto, (max-width: 1080px) 100vw, 1080px\" \/><\/a><\/figure>\n\n\n\n<figure class=\"wp-block-image size-full\"><a href=\"https:\/\/bonsoleil.es\/web\/wp-content\/uploads\/2024\/04\/2-5.jpg\"><img loading=\"lazy\" decoding=\"async\" width=\"1080\" height=\"1080\" data-id=\"123296\" src=\"https:\/\/bonsoleil.es\/web\/wp-content\/uploads\/2024\/04\/2-5.jpg\" alt=\"\" class=\"wp-image-123296\" srcset=\"https:\/\/bonsoleil.es\/web\/wp-content\/uploads\/2024\/04\/2-5.jpg 1080w, https:\/\/bonsoleil.es\/web\/wp-content\/uploads\/2024\/04\/2-5-250x250.jpg 250w, https:\/\/bonsoleil.es\/web\/wp-content\/uploads\/2024\/04\/2-5-700x700.jpg 700w, https:\/\/bonsoleil.es\/web\/wp-content\/uploads\/2024\/04\/2-5-150x150.jpg 150w, https:\/\/bonsoleil.es\/web\/wp-content\/uploads\/2024\/04\/2-5-768x768.jpg 768w, https:\/\/bonsoleil.es\/web\/wp-content\/uploads\/2024\/04\/2-5-120x120.jpg 120w\" sizes=\"auto, (max-width: 1080px) 100vw, 1080px\" \/><\/a><\/figure>\n<\/figure>\n","protected":false},"excerpt":{"rendered":"Jeudi 14 et vendredi 15 mars, les \u00e9l\u00e8ves de 3\u00e8me se sont rendus sur le site du refuge 307 du quartier Poble Sec de Barcelone.\n","protected":false},"author":1,"featured_media":123292,"comment_status":"closed","ping_status":"open","sticky":false,"template":"","format":"standard","meta":{"_acf_changed":false,"rs_blank_template":"","rs_page_bg_color":"","slide_template_v7":"","footnotes":"","_links_to":"","_links_to_target":""},"categories":[12,9],"tags":[],"class_list":["post-123287","post","type-post","status-publish","format-standard","has-post-thumbnail","hentry","category-3eme","category-secondaire"],"acf":[],"yoast_head":"<!-- This site is optimized with the Yoast SEO plugin v27.5 - https:\/\/yoast.com\/product\/yoast-seo-wordpress\/ -->\n<title>Barcelone sous les bombes - Lyc\u00e9e International Barcelona \u00b7 Bon Soleil<\/title>\n<meta name=\"robots\" content=\"index, follow, max-snippet:-1, max-image-preview:large, max-video-preview:-1\" \/>\n<link rel=\"canonical\" href=\"https:\/\/bonsoleil.es\/es\/barcelone-sous-les-bombes\/\" \/>\n<meta property=\"og:locale\" content=\"es_ES\" \/>\n<meta property=\"og:type\" content=\"article\" \/>\n<meta property=\"og:title\" content=\"Barcelone sous les bombes - Lyc\u00e9e International Barcelona \u00b7 Bon Soleil\" \/>\n<meta property=\"og:description\" content=\"Jeudi 14 et vendredi 15 mars, les \u00e9l\u00e8ves de 3\u00e8me se sont rendus sur le site du refuge 307 du quartier Poble Sec de Barcelone.\" \/>\n<meta property=\"og:url\" content=\"https:\/\/bonsoleil.es\/es\/barcelone-sous-les-bombes\/\" \/>\n<meta property=\"og:site_name\" content=\"Lyc\u00e9e International Barcelona \u00b7 Bon Soleil\" \/>\n<meta property=\"article:publisher\" content=\"https:\/\/www.facebook.com\/libBonSoleil\/\" \/>\n<meta property=\"article:published_time\" content=\"2024-04-05T08:55:37+00:00\" \/>\n<meta property=\"article:modified_time\" content=\"2024-04-05T08:55:38+00:00\" \/>\n<meta property=\"og:image\" content=\"https:\/\/bonsoleil.es\/web\/wp-content\/uploads\/2024\/04\/1-5.jpg\" \/>\n\t<meta property=\"og:image:width\" content=\"1080\" \/>\n\t<meta property=\"og:image:height\" content=\"1080\" \/>\n\t<meta property=\"og:image:type\" content=\"image\/jpeg\" \/>\n<meta name=\"author\" content=\"libbs\" \/>\n<meta name=\"twitter:card\" content=\"summary_large_image\" \/>\n<meta name=\"twitter:creator\" content=\"@lib_bonsoleil\" \/>\n<meta name=\"twitter:site\" content=\"@lib_bonsoleil\" \/>\n<meta name=\"twitter:label1\" content=\"Escrito por\" \/>\n\t<meta name=\"twitter:data1\" content=\"libbs\" \/>\n\t<meta name=\"twitter:label2\" content=\"Tiempo de lectura\" \/>\n\t<meta name=\"twitter:data2\" content=\"2 minutos\" \/>\n<script type=\"application\/ld+json\" class=\"yoast-schema-graph\">{\"@context\":\"https:\\\/\\\/schema.org\",\"@graph\":[{\"@type\":\"Article\",\"@id\":\"https:\\\/\\\/bonsoleil.es\\\/es\\\/barcelone-sous-les-bombes\\\/#article\",\"isPartOf\":{\"@id\":\"https:\\\/\\\/bonsoleil.es\\\/es\\\/barcelone-sous-les-bombes\\\/\"},\"author\":{\"name\":\"libbs\",\"@id\":\"https:\\\/\\\/bonsoleil.es\\\/es\\\/#\\\/schema\\\/person\\\/f90f9175af4fad9c626fd2873bc546ec\"},\"headline\":\"Barcelone sous les bombes\",\"datePublished\":\"2024-04-05T08:55:37+00:00\",\"dateModified\":\"2024-04-05T08:55:38+00:00\",\"mainEntityOfPage\":{\"@id\":\"https:\\\/\\\/bonsoleil.es\\\/es\\\/barcelone-sous-les-bombes\\\/\"},\"wordCount\":192,\"image\":{\"@id\":\"https:\\\/\\\/bonsoleil.es\\\/es\\\/barcelone-sous-les-bombes\\\/#primaryimage\"},\"thumbnailUrl\":\"https:\\\/\\\/bonsoleil.es\\\/web\\\/wp-content\\\/uploads\\\/2024\\\/04\\\/1-5.jpg\",\"articleSection\":[\"3\u00e8me\",\"Secondaire\"],\"inLanguage\":\"es\"},{\"@type\":\"WebPage\",\"@id\":\"https:\\\/\\\/bonsoleil.es\\\/es\\\/barcelone-sous-les-bombes\\\/\",\"url\":\"https:\\\/\\\/bonsoleil.es\\\/es\\\/barcelone-sous-les-bombes\\\/\",\"name\":\"Barcelone sous les bombes - Lyc\u00e9e International Barcelona \u00b7 Bon Soleil\",\"isPartOf\":{\"@id\":\"https:\\\/\\\/bonsoleil.es\\\/es\\\/#website\"},\"primaryImageOfPage\":{\"@id\":\"https:\\\/\\\/bonsoleil.es\\\/es\\\/barcelone-sous-les-bombes\\\/#primaryimage\"},\"image\":{\"@id\":\"https:\\\/\\\/bonsoleil.es\\\/es\\\/barcelone-sous-les-bombes\\\/#primaryimage\"},\"thumbnailUrl\":\"https:\\\/\\\/bonsoleil.es\\\/web\\\/wp-content\\\/uploads\\\/2024\\\/04\\\/1-5.jpg\",\"datePublished\":\"2024-04-05T08:55:37+00:00\",\"dateModified\":\"2024-04-05T08:55:38+00:00\",\"author\":{\"@id\":\"https:\\\/\\\/bonsoleil.es\\\/es\\\/#\\\/schema\\\/person\\\/f90f9175af4fad9c626fd2873bc546ec\"},\"breadcrumb\":{\"@id\":\"https:\\\/\\\/bonsoleil.es\\\/es\\\/barcelone-sous-les-bombes\\\/#breadcrumb\"},\"inLanguage\":\"es\",\"potentialAction\":[{\"@type\":\"ReadAction\",\"target\":[\"https:\\\/\\\/bonsoleil.es\\\/es\\\/barcelone-sous-les-bombes\\\/\"]}]},{\"@type\":\"ImageObject\",\"inLanguage\":\"es\",\"@id\":\"https:\\\/\\\/bonsoleil.es\\\/es\\\/barcelone-sous-les-bombes\\\/#primaryimage\",\"url\":\"https:\\\/\\\/bonsoleil.es\\\/web\\\/wp-content\\\/uploads\\\/2024\\\/04\\\/1-5.jpg\",\"contentUrl\":\"https:\\\/\\\/bonsoleil.es\\\/web\\\/wp-content\\\/uploads\\\/2024\\\/04\\\/1-5.jpg\",\"width\":1080,\"height\":1080},{\"@type\":\"BreadcrumbList\",\"@id\":\"https:\\\/\\\/bonsoleil.es\\\/es\\\/barcelone-sous-les-bombes\\\/#breadcrumb\",\"itemListElement\":[{\"@type\":\"ListItem\",\"position\":1,\"name\":\"Portada\",\"item\":\"https:\\\/\\\/bonsoleil.es\\\/es\\\/\"},{\"@type\":\"ListItem\",\"position\":2,\"name\":\"Barcelone sous les bombes\"}]},{\"@type\":\"WebSite\",\"@id\":\"https:\\\/\\\/bonsoleil.es\\\/es\\\/#website\",\"url\":\"https:\\\/\\\/bonsoleil.es\\\/es\\\/\",\"name\":\"Lyc\u00e9e International Barcelona \u00b7 Bon Soleil\",\"description\":\"Lyc\u00e9e International Barcelona\",\"potentialAction\":[{\"@type\":\"SearchAction\",\"target\":{\"@type\":\"EntryPoint\",\"urlTemplate\":\"https:\\\/\\\/bonsoleil.es\\\/es\\\/?s={search_term_string}\"},\"query-input\":{\"@type\":\"PropertyValueSpecification\",\"valueRequired\":true,\"valueName\":\"search_term_string\"}}],\"inLanguage\":\"es\"},{\"@type\":\"Person\",\"@id\":\"https:\\\/\\\/bonsoleil.es\\\/es\\\/#\\\/schema\\\/person\\\/f90f9175af4fad9c626fd2873bc546ec\",\"name\":\"libbs\",\"image\":{\"@type\":\"ImageObject\",\"inLanguage\":\"es\",\"@id\":\"https:\\\/\\\/bonsoleil.es\\\/web\\\/wp-content\\\/litespeed\\\/avatar\\\/6719caedb5831fa7538835120a8121f8.jpg?ver=1777037754\",\"url\":\"https:\\\/\\\/bonsoleil.es\\\/web\\\/wp-content\\\/litespeed\\\/avatar\\\/6719caedb5831fa7538835120a8121f8.jpg?ver=1777037754\",\"contentUrl\":\"https:\\\/\\\/bonsoleil.es\\\/web\\\/wp-content\\\/litespeed\\\/avatar\\\/6719caedb5831fa7538835120a8121f8.jpg?ver=1777037754\",\"caption\":\"libbs\"},\"sameAs\":[\"http:\\\/\\\/localhost\\\/bonsoleil\\\/new_web\"],\"url\":\"https:\\\/\\\/bonsoleil.es\\\/es\\\/author\\\/libbs\\\/\"}]}<\/script>\n<!-- \/ Yoast SEO plugin. -->","yoast_head_json":{"title":"Barcelone sous les bombes - Lyc\u00e9e International Barcelona \u00b7 Bon Soleil","robots":{"index":"index","follow":"follow","max-snippet":"max-snippet:-1","max-image-preview":"max-image-preview:large","max-video-preview":"max-video-preview:-1"},"canonical":"https:\/\/bonsoleil.es\/es\/barcelone-sous-les-bombes\/","og_locale":"es_ES","og_type":"article","og_title":"Barcelone sous les bombes - Lyc\u00e9e International Barcelona \u00b7 Bon Soleil","og_description":"Jeudi 14 et vendredi 15 mars, les \u00e9l\u00e8ves de 3\u00e8me se sont rendus sur le site du refuge 307 du quartier Poble Sec de Barcelone.","og_url":"https:\/\/bonsoleil.es\/es\/barcelone-sous-les-bombes\/","og_site_name":"Lyc\u00e9e International Barcelona \u00b7 Bon Soleil","article_publisher":"https:\/\/www.facebook.com\/libBonSoleil\/","article_published_time":"2024-04-05T08:55:37+00:00","article_modified_time":"2024-04-05T08:55:38+00:00","og_image":[{"width":1080,"height":1080,"url":"https:\/\/bonsoleil.es\/web\/wp-content\/uploads\/2024\/04\/1-5.jpg","type":"image\/jpeg"}],"author":"libbs","twitter_card":"summary_large_image","twitter_creator":"@lib_bonsoleil","twitter_site":"@lib_bonsoleil","twitter_misc":{"Escrito por":"libbs","Tiempo de lectura":"2 minutos"},"schema":{"@context":"https:\/\/schema.org","@graph":[{"@type":"Article","@id":"https:\/\/bonsoleil.es\/es\/barcelone-sous-les-bombes\/#article","isPartOf":{"@id":"https:\/\/bonsoleil.es\/es\/barcelone-sous-les-bombes\/"},"author":{"name":"libbs","@id":"https:\/\/bonsoleil.es\/es\/#\/schema\/person\/f90f9175af4fad9c626fd2873bc546ec"},"headline":"Barcelone sous les bombes","datePublished":"2024-04-05T08:55:37+00:00","dateModified":"2024-04-05T08:55:38+00:00","mainEntityOfPage":{"@id":"https:\/\/bonsoleil.es\/es\/barcelone-sous-les-bombes\/"},"wordCount":192,"image":{"@id":"https:\/\/bonsoleil.es\/es\/barcelone-sous-les-bombes\/#primaryimage"},"thumbnailUrl":"https:\/\/bonsoleil.es\/web\/wp-content\/uploads\/2024\/04\/1-5.jpg","articleSection":["3\u00e8me","Secondaire"],"inLanguage":"es"},{"@type":"WebPage","@id":"https:\/\/bonsoleil.es\/es\/barcelone-sous-les-bombes\/","url":"https:\/\/bonsoleil.es\/es\/barcelone-sous-les-bombes\/","name":"Barcelone sous les bombes - Lyc\u00e9e International Barcelona \u00b7 Bon Soleil","isPartOf":{"@id":"https:\/\/bonsoleil.es\/es\/#website"},"primaryImageOfPage":{"@id":"https:\/\/bonsoleil.es\/es\/barcelone-sous-les-bombes\/#primaryimage"},"image":{"@id":"https:\/\/bonsoleil.es\/es\/barcelone-sous-les-bombes\/#primaryimage"},"thumbnailUrl":"https:\/\/bonsoleil.es\/web\/wp-content\/uploads\/2024\/04\/1-5.jpg","datePublished":"2024-04-05T08:55:37+00:00","dateModified":"2024-04-05T08:55:38+00:00","author":{"@id":"https:\/\/bonsoleil.es\/es\/#\/schema\/person\/f90f9175af4fad9c626fd2873bc546ec"},"breadcrumb":{"@id":"https:\/\/bonsoleil.es\/es\/barcelone-sous-les-bombes\/#breadcrumb"},"inLanguage":"es","potentialAction":[{"@type":"ReadAction","target":["https:\/\/bonsoleil.es\/es\/barcelone-sous-les-bombes\/"]}]},{"@type":"ImageObject","inLanguage":"es","@id":"https:\/\/bonsoleil.es\/es\/barcelone-sous-les-bombes\/#primaryimage","url":"https:\/\/bonsoleil.es\/web\/wp-content\/uploads\/2024\/04\/1-5.jpg","contentUrl":"https:\/\/bonsoleil.es\/web\/wp-content\/uploads\/2024\/04\/1-5.jpg","width":1080,"height":1080},{"@type":"BreadcrumbList","@id":"https:\/\/bonsoleil.es\/es\/barcelone-sous-les-bombes\/#breadcrumb","itemListElement":[{"@type":"ListItem","position":1,"name":"Portada","item":"https:\/\/bonsoleil.es\/es\/"},{"@type":"ListItem","position":2,"name":"Barcelone sous les bombes"}]},{"@type":"WebSite","@id":"https:\/\/bonsoleil.es\/es\/#website","url":"https:\/\/bonsoleil.es\/es\/","name":"Lyc\u00e9e International Barcelona \u00b7 Bon Soleil","description":"Lyc\u00e9e International Barcelona","potentialAction":[{"@type":"SearchAction","target":{"@type":"EntryPoint","urlTemplate":"https:\/\/bonsoleil.es\/es\/?s={search_term_string}"},"query-input":{"@type":"PropertyValueSpecification","valueRequired":true,"valueName":"search_term_string"}}],"inLanguage":"es"},{"@type":"Person","@id":"https:\/\/bonsoleil.es\/es\/#\/schema\/person\/f90f9175af4fad9c626fd2873bc546ec","name":"libbs","image":{"@type":"ImageObject","inLanguage":"es","@id":"https:\/\/bonsoleil.es\/web\/wp-content\/litespeed\/avatar\/6719caedb5831fa7538835120a8121f8.jpg?ver=1777037754","url":"https:\/\/bonsoleil.es\/web\/wp-content\/litespeed\/avatar\/6719caedb5831fa7538835120a8121f8.jpg?ver=1777037754","contentUrl":"https:\/\/bonsoleil.es\/web\/wp-content\/litespeed\/avatar\/6719caedb5831fa7538835120a8121f8.jpg?ver=1777037754","caption":"libbs"},"sameAs":["http:\/\/localhost\/bonsoleil\/new_web"],"url":"https:\/\/bonsoleil.es\/es\/author\/libbs\/"}]}},"_links":{"self":[{"href":"https:\/\/bonsoleil.es\/es\/wp-json\/wp\/v2\/posts\/123287","targetHints":{"allow":["GET"]}}],"collection":[{"href":"https:\/\/bonsoleil.es\/es\/wp-json\/wp\/v2\/posts"}],"about":[{"href":"https:\/\/bonsoleil.es\/es\/wp-json\/wp\/v2\/types\/post"}],"author":[{"embeddable":true,"href":"https:\/\/bonsoleil.es\/es\/wp-json\/wp\/v2\/users\/1"}],"replies":[{"embeddable":true,"href":"https:\/\/bonsoleil.es\/es\/wp-json\/wp\/v2\/comments?post=123287"}],"version-history":[{"count":1,"href":"https:\/\/bonsoleil.es\/es\/wp-json\/wp\/v2\/posts\/123287\/revisions"}],"predecessor-version":[{"id":123300,"href":"https:\/\/bonsoleil.es\/es\/wp-json\/wp\/v2\/posts\/123287\/revisions\/123300"}],"wp:featuredmedia":[{"embeddable":true,"href":"https:\/\/bonsoleil.es\/es\/wp-json\/wp\/v2\/media\/123292"}],"wp:attachment":[{"href":"https:\/\/bonsoleil.es\/es\/wp-json\/wp\/v2\/media?parent=123287"}],"wp:term":[{"taxonomy":"category","embeddable":true,"href":"https:\/\/bonsoleil.es\/es\/wp-json\/wp\/v2\/categories?post=123287"},{"taxonomy":"post_tag","embeddable":true,"href":"https:\/\/bonsoleil.es\/es\/wp-json\/wp\/v2\/tags?post=123287"}],"curies":[{"name":"wp","href":"https:\/\/api.w.org\/{rel}","templated":true}]}}