{"id":126015,"date":"2024-05-23T09:29:28","date_gmt":"2024-05-23T07:29:28","guid":{"rendered":"https:\/\/bonsoleil.es\/?p=126015"},"modified":"2024-05-23T09:29:29","modified_gmt":"2024-05-23T07:29:29","slug":"visite-a-la-ferme-de-can-pere","status":"publish","type":"post","link":"https:\/\/bonsoleil.es\/es\/visite-a-la-ferme-de-can-pere\/","title":{"rendered":"Visite \u00e0 la ferme de Can Pere"},"content":{"rendered":"\n<p>D\u2019o\u00f9 vient le miel? Les abeilles sont-elles m\u00e9chantes parce qu&#8217;elles nous piquent? Comment s\u2019organisent-elles? O\u00f9 vivent -elles? Nous avons rev\u00eatu la tenue des apiculteurs pour conna\u00eetre les abeilles dans leur milieu naturel et r\u00e9pondre \u00e0 toutes ces questions. Le soleil \u00e9tait au rendez-vous \u00e0 la ferme de Can Pere et la journ\u00e9e fut bien remplie, entre d\u00e9couverte, jeux et fabrication d\u2019une bougie! \ud83d\udc1d<\/p>\n\n\n\n<p>_<\/p>\n\n\n\n<p>\u00bfDe d\u00f3nde procede la miel? \u00bfSon malas las abejas porque nos pican? \u00bfC\u00f3mo se organizan? \u00bfD\u00f3nde viven? Nos pusimos el traje de apicultores para conocer a las abejas en su entorno natural y responder a todas estas preguntas. El sol brill\u00f3 en la granja de Can Pere y el d\u00eda estuvo lleno de descubrimientos y juegos. \u00a1Hasta elaboramos una vela!<\/p>\n\n\n\n<figure class=\"wp-block-gallery has-nested-images columns-default is-cropped wp-block-gallery-1 is-layout-flex wp-block-gallery-is-layout-flex\">\n<figure class=\"wp-block-image size-full\"><a href=\"https:\/\/bonsoleil.es\/web\/wp-content\/uploads\/2024\/05\/6-5.jpg\"><img loading=\"lazy\" decoding=\"async\" width=\"1080\" height=\"1080\" data-id=\"126016\" src=\"https:\/\/bonsoleil.es\/web\/wp-content\/uploads\/2024\/05\/6-5.jpg\" alt=\"\" class=\"wp-image-126016\" srcset=\"https:\/\/bonsoleil.es\/web\/wp-content\/uploads\/2024\/05\/6-5.jpg 1080w, https:\/\/bonsoleil.es\/web\/wp-content\/uploads\/2024\/05\/6-5-250x250.jpg 250w, https:\/\/bonsoleil.es\/web\/wp-content\/uploads\/2024\/05\/6-5-700x700.jpg 700w, https:\/\/bonsoleil.es\/web\/wp-content\/uploads\/2024\/05\/6-5-150x150.jpg 150w, https:\/\/bonsoleil.es\/web\/wp-content\/uploads\/2024\/05\/6-5-768x768.jpg 768w, https:\/\/bonsoleil.es\/web\/wp-content\/uploads\/2024\/05\/6-5-120x120.jpg 120w\" sizes=\"auto, (max-width: 1080px) 100vw, 1080px\" \/><\/a><\/figure>\n\n\n\n<figure class=\"wp-block-image size-full\"><a href=\"https:\/\/bonsoleil.es\/web\/wp-content\/uploads\/2024\/05\/1-9.jpg\"><img loading=\"lazy\" decoding=\"async\" width=\"1080\" height=\"1080\" data-id=\"126020\" src=\"https:\/\/bonsoleil.es\/web\/wp-content\/uploads\/2024\/05\/1-9.jpg\" alt=\"\" class=\"wp-image-126020\" srcset=\"https:\/\/bonsoleil.es\/web\/wp-content\/uploads\/2024\/05\/1-9.jpg 1080w, https:\/\/bonsoleil.es\/web\/wp-content\/uploads\/2024\/05\/1-9-250x250.jpg 250w, https:\/\/bonsoleil.es\/web\/wp-content\/uploads\/2024\/05\/1-9-700x700.jpg 700w, https:\/\/bonsoleil.es\/web\/wp-content\/uploads\/2024\/05\/1-9-150x150.jpg 150w, https:\/\/bonsoleil.es\/web\/wp-content\/uploads\/2024\/05\/1-9-768x768.jpg 768w, https:\/\/bonsoleil.es\/web\/wp-content\/uploads\/2024\/05\/1-9-120x120.jpg 120w\" sizes=\"auto, (max-width: 1080px) 100vw, 1080px\" \/><\/a><\/figure>\n\n\n\n<figure class=\"wp-block-image size-full\"><a href=\"https:\/\/bonsoleil.es\/web\/wp-content\/uploads\/2024\/05\/2-7.jpg\"><img loading=\"lazy\" decoding=\"async\" width=\"1080\" height=\"1080\" data-id=\"126024\" src=\"https:\/\/bonsoleil.es\/web\/wp-content\/uploads\/2024\/05\/2-7.jpg\" alt=\"\" class=\"wp-image-126024\" srcset=\"https:\/\/bonsoleil.es\/web\/wp-content\/uploads\/2024\/05\/2-7.jpg 1080w, https:\/\/bonsoleil.es\/web\/wp-content\/uploads\/2024\/05\/2-7-250x250.jpg 250w, https:\/\/bonsoleil.es\/web\/wp-content\/uploads\/2024\/05\/2-7-700x700.jpg 700w, https:\/\/bonsoleil.es\/web\/wp-content\/uploads\/2024\/05\/2-7-150x150.jpg 150w, https:\/\/bonsoleil.es\/web\/wp-content\/uploads\/2024\/05\/2-7-768x768.jpg 768w, https:\/\/bonsoleil.es\/web\/wp-content\/uploads\/2024\/05\/2-7-120x120.jpg 120w\" sizes=\"auto, (max-width: 1080px) 100vw, 1080px\" \/><\/a><\/figure>\n\n\n\n<figure class=\"wp-block-image size-full\"><a href=\"https:\/\/bonsoleil.es\/web\/wp-content\/uploads\/2024\/05\/3-6.jpg\"><img loading=\"lazy\" decoding=\"async\" width=\"1080\" height=\"1080\" data-id=\"126028\" src=\"https:\/\/bonsoleil.es\/web\/wp-content\/uploads\/2024\/05\/3-6.jpg\" alt=\"\" class=\"wp-image-126028\" srcset=\"https:\/\/bonsoleil.es\/web\/wp-content\/uploads\/2024\/05\/3-6.jpg 1080w, https:\/\/bonsoleil.es\/web\/wp-content\/uploads\/2024\/05\/3-6-250x250.jpg 250w, https:\/\/bonsoleil.es\/web\/wp-content\/uploads\/2024\/05\/3-6-700x700.jpg 700w, https:\/\/bonsoleil.es\/web\/wp-content\/uploads\/2024\/05\/3-6-150x150.jpg 150w, https:\/\/bonsoleil.es\/web\/wp-content\/uploads\/2024\/05\/3-6-768x768.jpg 768w, https:\/\/bonsoleil.es\/web\/wp-content\/uploads\/2024\/05\/3-6-120x120.jpg 120w\" sizes=\"auto, (max-width: 1080px) 100vw, 1080px\" \/><\/a><\/figure>\n\n\n\n<figure class=\"wp-block-image size-full\"><a href=\"https:\/\/bonsoleil.es\/web\/wp-content\/uploads\/2024\/05\/4-6.jpg\"><img loading=\"lazy\" decoding=\"async\" width=\"1080\" height=\"1080\" data-id=\"126032\" src=\"https:\/\/bonsoleil.es\/web\/wp-content\/uploads\/2024\/05\/4-6.jpg\" alt=\"\" class=\"wp-image-126032\" srcset=\"https:\/\/bonsoleil.es\/web\/wp-content\/uploads\/2024\/05\/4-6.jpg 1080w, https:\/\/bonsoleil.es\/web\/wp-content\/uploads\/2024\/05\/4-6-250x250.jpg 250w, https:\/\/bonsoleil.es\/web\/wp-content\/uploads\/2024\/05\/4-6-700x700.jpg 700w, https:\/\/bonsoleil.es\/web\/wp-content\/uploads\/2024\/05\/4-6-150x150.jpg 150w, https:\/\/bonsoleil.es\/web\/wp-content\/uploads\/2024\/05\/4-6-768x768.jpg 768w, https:\/\/bonsoleil.es\/web\/wp-content\/uploads\/2024\/05\/4-6-120x120.jpg 120w\" sizes=\"auto, (max-width: 1080px) 100vw, 1080px\" \/><\/a><\/figure>\n\n\n\n<figure class=\"wp-block-image size-full\"><a href=\"https:\/\/bonsoleil.es\/web\/wp-content\/uploads\/2024\/05\/5-5.jpg\"><img loading=\"lazy\" decoding=\"async\" width=\"1080\" height=\"1080\" data-id=\"126036\" src=\"https:\/\/bonsoleil.es\/web\/wp-content\/uploads\/2024\/05\/5-5.jpg\" alt=\"\" class=\"wp-image-126036\" srcset=\"https:\/\/bonsoleil.es\/web\/wp-content\/uploads\/2024\/05\/5-5.jpg 1080w, https:\/\/bonsoleil.es\/web\/wp-content\/uploads\/2024\/05\/5-5-250x250.jpg 250w, https:\/\/bonsoleil.es\/web\/wp-content\/uploads\/2024\/05\/5-5-700x700.jpg 700w, https:\/\/bonsoleil.es\/web\/wp-content\/uploads\/2024\/05\/5-5-150x150.jpg 150w, https:\/\/bonsoleil.es\/web\/wp-content\/uploads\/2024\/05\/5-5-768x768.jpg 768w, https:\/\/bonsoleil.es\/web\/wp-content\/uploads\/2024\/05\/5-5-120x120.jpg 120w\" sizes=\"auto, (max-width: 1080px) 100vw, 1080px\" \/><\/a><\/figure>\n<\/figure>\n","protected":false},"excerpt":{"rendered":"D\u2019o\u00f9 vient le miel? Les abeilles sont-elles m\u00e9chantes parce qu&#8217;elles nous piquent? ","protected":false},"author":1,"featured_media":126020,"comment_status":"closed","ping_status":"closed","sticky":false,"template":"","format":"standard","meta":{"_acf_changed":false,"rs_blank_template":"","rs_page_bg_color":"","slide_template_v7":"","footnotes":"","_links_to":"","_links_to_target":""},"categories":[15,14],"tags":[],"class_list":["post-126015","post","type-post","status-publish","format-standard","has-post-thumbnail","hentry","category-ce1","category-primaire"],"acf":[],"yoast_head":"<!-- This site is optimized with the Yoast SEO plugin v27.4 - https:\/\/yoast.com\/product\/yoast-seo-wordpress\/ -->\n<title>Visite \u00e0 la ferme de Can Pere - Lyc\u00e9e International Barcelona \u00b7 Bon Soleil<\/title>\n<meta name=\"robots\" content=\"index, follow, max-snippet:-1, max-image-preview:large, max-video-preview:-1\" \/>\n<link rel=\"canonical\" href=\"https:\/\/bonsoleil.es\/es\/visite-a-la-ferme-de-can-pere\/\" \/>\n<meta property=\"og:locale\" content=\"es_ES\" \/>\n<meta property=\"og:type\" content=\"article\" \/>\n<meta property=\"og:title\" content=\"Visite \u00e0 la ferme de Can Pere - Lyc\u00e9e International Barcelona \u00b7 Bon Soleil\" \/>\n<meta property=\"og:description\" content=\"D\u2019o\u00f9 vient le miel? Les abeilles sont-elles m\u00e9chantes parce qu&#039;elles nous piquent?\" \/>\n<meta property=\"og:url\" content=\"https:\/\/bonsoleil.es\/es\/visite-a-la-ferme-de-can-pere\/\" \/>\n<meta property=\"og:site_name\" content=\"Lyc\u00e9e International Barcelona \u00b7 Bon Soleil\" \/>\n<meta property=\"article:publisher\" content=\"https:\/\/www.facebook.com\/libBonSoleil\/\" \/>\n<meta property=\"article:published_time\" content=\"2024-05-23T07:29:28+00:00\" \/>\n<meta property=\"article:modified_time\" content=\"2024-05-23T07:29:29+00:00\" \/>\n<meta property=\"og:image\" content=\"https:\/\/bonsoleil.es\/web\/wp-content\/uploads\/2024\/05\/1-9.jpg\" \/>\n\t<meta property=\"og:image:width\" content=\"1080\" \/>\n\t<meta property=\"og:image:height\" content=\"1080\" \/>\n\t<meta property=\"og:image:type\" content=\"image\/jpeg\" \/>\n<meta name=\"author\" content=\"libbs\" \/>\n<meta name=\"twitter:card\" content=\"summary_large_image\" \/>\n<meta name=\"twitter:creator\" content=\"@lib_bonsoleil\" \/>\n<meta name=\"twitter:site\" content=\"@lib_bonsoleil\" \/>\n<meta name=\"twitter:label1\" content=\"Escrito por\" \/>\n\t<meta name=\"twitter:data1\" content=\"libbs\" \/>\n\t<meta name=\"twitter:label2\" content=\"Tiempo de lectura\" \/>\n\t<meta name=\"twitter:data2\" content=\"2 minutos\" \/>\n<script type=\"application\/ld+json\" class=\"yoast-schema-graph\">{\"@context\":\"https:\\\/\\\/schema.org\",\"@graph\":[{\"@type\":\"Article\",\"@id\":\"https:\\\/\\\/bonsoleil.es\\\/es\\\/visite-a-la-ferme-de-can-pere\\\/#article\",\"isPartOf\":{\"@id\":\"https:\\\/\\\/bonsoleil.es\\\/es\\\/visite-a-la-ferme-de-can-pere\\\/\"},\"author\":{\"name\":\"libbs\",\"@id\":\"https:\\\/\\\/bonsoleil.es\\\/es\\\/#\\\/schema\\\/person\\\/f90f9175af4fad9c626fd2873bc546ec\"},\"headline\":\"Visite \u00e0 la ferme de Can Pere\",\"datePublished\":\"2024-05-23T07:29:28+00:00\",\"dateModified\":\"2024-05-23T07:29:29+00:00\",\"mainEntityOfPage\":{\"@id\":\"https:\\\/\\\/bonsoleil.es\\\/es\\\/visite-a-la-ferme-de-can-pere\\\/\"},\"wordCount\":140,\"image\":{\"@id\":\"https:\\\/\\\/bonsoleil.es\\\/es\\\/visite-a-la-ferme-de-can-pere\\\/#primaryimage\"},\"thumbnailUrl\":\"https:\\\/\\\/bonsoleil.es\\\/web\\\/wp-content\\\/uploads\\\/2024\\\/05\\\/1-9.jpg\",\"articleSection\":[\"CE1\",\"Primaire\"],\"inLanguage\":\"es\"},{\"@type\":\"WebPage\",\"@id\":\"https:\\\/\\\/bonsoleil.es\\\/es\\\/visite-a-la-ferme-de-can-pere\\\/\",\"url\":\"https:\\\/\\\/bonsoleil.es\\\/es\\\/visite-a-la-ferme-de-can-pere\\\/\",\"name\":\"Visite \u00e0 la ferme de Can Pere - Lyc\u00e9e International Barcelona \u00b7 Bon Soleil\",\"isPartOf\":{\"@id\":\"https:\\\/\\\/bonsoleil.es\\\/es\\\/#website\"},\"primaryImageOfPage\":{\"@id\":\"https:\\\/\\\/bonsoleil.es\\\/es\\\/visite-a-la-ferme-de-can-pere\\\/#primaryimage\"},\"image\":{\"@id\":\"https:\\\/\\\/bonsoleil.es\\\/es\\\/visite-a-la-ferme-de-can-pere\\\/#primaryimage\"},\"thumbnailUrl\":\"https:\\\/\\\/bonsoleil.es\\\/web\\\/wp-content\\\/uploads\\\/2024\\\/05\\\/1-9.jpg\",\"datePublished\":\"2024-05-23T07:29:28+00:00\",\"dateModified\":\"2024-05-23T07:29:29+00:00\",\"author\":{\"@id\":\"https:\\\/\\\/bonsoleil.es\\\/es\\\/#\\\/schema\\\/person\\\/f90f9175af4fad9c626fd2873bc546ec\"},\"breadcrumb\":{\"@id\":\"https:\\\/\\\/bonsoleil.es\\\/es\\\/visite-a-la-ferme-de-can-pere\\\/#breadcrumb\"},\"inLanguage\":\"es\",\"potentialAction\":[{\"@type\":\"ReadAction\",\"target\":[\"https:\\\/\\\/bonsoleil.es\\\/es\\\/visite-a-la-ferme-de-can-pere\\\/\"]}]},{\"@type\":\"ImageObject\",\"inLanguage\":\"es\",\"@id\":\"https:\\\/\\\/bonsoleil.es\\\/es\\\/visite-a-la-ferme-de-can-pere\\\/#primaryimage\",\"url\":\"https:\\\/\\\/bonsoleil.es\\\/web\\\/wp-content\\\/uploads\\\/2024\\\/05\\\/1-9.jpg\",\"contentUrl\":\"https:\\\/\\\/bonsoleil.es\\\/web\\\/wp-content\\\/uploads\\\/2024\\\/05\\\/1-9.jpg\",\"width\":1080,\"height\":1080},{\"@type\":\"BreadcrumbList\",\"@id\":\"https:\\\/\\\/bonsoleil.es\\\/es\\\/visite-a-la-ferme-de-can-pere\\\/#breadcrumb\",\"itemListElement\":[{\"@type\":\"ListItem\",\"position\":1,\"name\":\"Portada\",\"item\":\"https:\\\/\\\/bonsoleil.es\\\/es\\\/\"},{\"@type\":\"ListItem\",\"position\":2,\"name\":\"Visite \u00e0 la ferme de Can Pere\"}]},{\"@type\":\"WebSite\",\"@id\":\"https:\\\/\\\/bonsoleil.es\\\/es\\\/#website\",\"url\":\"https:\\\/\\\/bonsoleil.es\\\/es\\\/\",\"name\":\"Lyc\u00e9e International Barcelona \u00b7 Bon Soleil\",\"description\":\"Lyc\u00e9e International Barcelona\",\"potentialAction\":[{\"@type\":\"SearchAction\",\"target\":{\"@type\":\"EntryPoint\",\"urlTemplate\":\"https:\\\/\\\/bonsoleil.es\\\/es\\\/?s={search_term_string}\"},\"query-input\":{\"@type\":\"PropertyValueSpecification\",\"valueRequired\":true,\"valueName\":\"search_term_string\"}}],\"inLanguage\":\"es\"},{\"@type\":\"Person\",\"@id\":\"https:\\\/\\\/bonsoleil.es\\\/es\\\/#\\\/schema\\\/person\\\/f90f9175af4fad9c626fd2873bc546ec\",\"name\":\"libbs\",\"image\":{\"@type\":\"ImageObject\",\"inLanguage\":\"es\",\"@id\":\"https:\\\/\\\/bonsoleil.es\\\/web\\\/wp-content\\\/litespeed\\\/avatar\\\/6719caedb5831fa7538835120a8121f8.jpg?ver=1777037754\",\"url\":\"https:\\\/\\\/bonsoleil.es\\\/web\\\/wp-content\\\/litespeed\\\/avatar\\\/6719caedb5831fa7538835120a8121f8.jpg?ver=1777037754\",\"contentUrl\":\"https:\\\/\\\/bonsoleil.es\\\/web\\\/wp-content\\\/litespeed\\\/avatar\\\/6719caedb5831fa7538835120a8121f8.jpg?ver=1777037754\",\"caption\":\"libbs\"},\"sameAs\":[\"http:\\\/\\\/localhost\\\/bonsoleil\\\/new_web\"],\"url\":\"https:\\\/\\\/bonsoleil.es\\\/es\\\/author\\\/libbs\\\/\"}]}<\/script>\n<!-- \/ Yoast SEO plugin. -->","yoast_head_json":{"title":"Visite \u00e0 la ferme de Can Pere - Lyc\u00e9e International Barcelona \u00b7 Bon Soleil","robots":{"index":"index","follow":"follow","max-snippet":"max-snippet:-1","max-image-preview":"max-image-preview:large","max-video-preview":"max-video-preview:-1"},"canonical":"https:\/\/bonsoleil.es\/es\/visite-a-la-ferme-de-can-pere\/","og_locale":"es_ES","og_type":"article","og_title":"Visite \u00e0 la ferme de Can Pere - Lyc\u00e9e International Barcelona \u00b7 Bon Soleil","og_description":"D\u2019o\u00f9 vient le miel? Les abeilles sont-elles m\u00e9chantes parce qu'elles nous piquent?","og_url":"https:\/\/bonsoleil.es\/es\/visite-a-la-ferme-de-can-pere\/","og_site_name":"Lyc\u00e9e International Barcelona \u00b7 Bon Soleil","article_publisher":"https:\/\/www.facebook.com\/libBonSoleil\/","article_published_time":"2024-05-23T07:29:28+00:00","article_modified_time":"2024-05-23T07:29:29+00:00","og_image":[{"width":1080,"height":1080,"url":"https:\/\/bonsoleil.es\/web\/wp-content\/uploads\/2024\/05\/1-9.jpg","type":"image\/jpeg"}],"author":"libbs","twitter_card":"summary_large_image","twitter_creator":"@lib_bonsoleil","twitter_site":"@lib_bonsoleil","twitter_misc":{"Escrito por":"libbs","Tiempo de lectura":"2 minutos"},"schema":{"@context":"https:\/\/schema.org","@graph":[{"@type":"Article","@id":"https:\/\/bonsoleil.es\/es\/visite-a-la-ferme-de-can-pere\/#article","isPartOf":{"@id":"https:\/\/bonsoleil.es\/es\/visite-a-la-ferme-de-can-pere\/"},"author":{"name":"libbs","@id":"https:\/\/bonsoleil.es\/es\/#\/schema\/person\/f90f9175af4fad9c626fd2873bc546ec"},"headline":"Visite \u00e0 la ferme de Can Pere","datePublished":"2024-05-23T07:29:28+00:00","dateModified":"2024-05-23T07:29:29+00:00","mainEntityOfPage":{"@id":"https:\/\/bonsoleil.es\/es\/visite-a-la-ferme-de-can-pere\/"},"wordCount":140,"image":{"@id":"https:\/\/bonsoleil.es\/es\/visite-a-la-ferme-de-can-pere\/#primaryimage"},"thumbnailUrl":"https:\/\/bonsoleil.es\/web\/wp-content\/uploads\/2024\/05\/1-9.jpg","articleSection":["CE1","Primaire"],"inLanguage":"es"},{"@type":"WebPage","@id":"https:\/\/bonsoleil.es\/es\/visite-a-la-ferme-de-can-pere\/","url":"https:\/\/bonsoleil.es\/es\/visite-a-la-ferme-de-can-pere\/","name":"Visite \u00e0 la ferme de Can Pere - Lyc\u00e9e International Barcelona \u00b7 Bon Soleil","isPartOf":{"@id":"https:\/\/bonsoleil.es\/es\/#website"},"primaryImageOfPage":{"@id":"https:\/\/bonsoleil.es\/es\/visite-a-la-ferme-de-can-pere\/#primaryimage"},"image":{"@id":"https:\/\/bonsoleil.es\/es\/visite-a-la-ferme-de-can-pere\/#primaryimage"},"thumbnailUrl":"https:\/\/bonsoleil.es\/web\/wp-content\/uploads\/2024\/05\/1-9.jpg","datePublished":"2024-05-23T07:29:28+00:00","dateModified":"2024-05-23T07:29:29+00:00","author":{"@id":"https:\/\/bonsoleil.es\/es\/#\/schema\/person\/f90f9175af4fad9c626fd2873bc546ec"},"breadcrumb":{"@id":"https:\/\/bonsoleil.es\/es\/visite-a-la-ferme-de-can-pere\/#breadcrumb"},"inLanguage":"es","potentialAction":[{"@type":"ReadAction","target":["https:\/\/bonsoleil.es\/es\/visite-a-la-ferme-de-can-pere\/"]}]},{"@type":"ImageObject","inLanguage":"es","@id":"https:\/\/bonsoleil.es\/es\/visite-a-la-ferme-de-can-pere\/#primaryimage","url":"https:\/\/bonsoleil.es\/web\/wp-content\/uploads\/2024\/05\/1-9.jpg","contentUrl":"https:\/\/bonsoleil.es\/web\/wp-content\/uploads\/2024\/05\/1-9.jpg","width":1080,"height":1080},{"@type":"BreadcrumbList","@id":"https:\/\/bonsoleil.es\/es\/visite-a-la-ferme-de-can-pere\/#breadcrumb","itemListElement":[{"@type":"ListItem","position":1,"name":"Portada","item":"https:\/\/bonsoleil.es\/es\/"},{"@type":"ListItem","position":2,"name":"Visite \u00e0 la ferme de Can Pere"}]},{"@type":"WebSite","@id":"https:\/\/bonsoleil.es\/es\/#website","url":"https:\/\/bonsoleil.es\/es\/","name":"Lyc\u00e9e International Barcelona \u00b7 Bon Soleil","description":"Lyc\u00e9e International Barcelona","potentialAction":[{"@type":"SearchAction","target":{"@type":"EntryPoint","urlTemplate":"https:\/\/bonsoleil.es\/es\/?s={search_term_string}"},"query-input":{"@type":"PropertyValueSpecification","valueRequired":true,"valueName":"search_term_string"}}],"inLanguage":"es"},{"@type":"Person","@id":"https:\/\/bonsoleil.es\/es\/#\/schema\/person\/f90f9175af4fad9c626fd2873bc546ec","name":"libbs","image":{"@type":"ImageObject","inLanguage":"es","@id":"https:\/\/bonsoleil.es\/web\/wp-content\/litespeed\/avatar\/6719caedb5831fa7538835120a8121f8.jpg?ver=1777037754","url":"https:\/\/bonsoleil.es\/web\/wp-content\/litespeed\/avatar\/6719caedb5831fa7538835120a8121f8.jpg?ver=1777037754","contentUrl":"https:\/\/bonsoleil.es\/web\/wp-content\/litespeed\/avatar\/6719caedb5831fa7538835120a8121f8.jpg?ver=1777037754","caption":"libbs"},"sameAs":["http:\/\/localhost\/bonsoleil\/new_web"],"url":"https:\/\/bonsoleil.es\/es\/author\/libbs\/"}]}},"_links":{"self":[{"href":"https:\/\/bonsoleil.es\/es\/wp-json\/wp\/v2\/posts\/126015","targetHints":{"allow":["GET"]}}],"collection":[{"href":"https:\/\/bonsoleil.es\/es\/wp-json\/wp\/v2\/posts"}],"about":[{"href":"https:\/\/bonsoleil.es\/es\/wp-json\/wp\/v2\/types\/post"}],"author":[{"embeddable":true,"href":"https:\/\/bonsoleil.es\/es\/wp-json\/wp\/v2\/users\/1"}],"replies":[{"embeddable":true,"href":"https:\/\/bonsoleil.es\/es\/wp-json\/wp\/v2\/comments?post=126015"}],"version-history":[{"count":1,"href":"https:\/\/bonsoleil.es\/es\/wp-json\/wp\/v2\/posts\/126015\/revisions"}],"predecessor-version":[{"id":126040,"href":"https:\/\/bonsoleil.es\/es\/wp-json\/wp\/v2\/posts\/126015\/revisions\/126040"}],"wp:featuredmedia":[{"embeddable":true,"href":"https:\/\/bonsoleil.es\/es\/wp-json\/wp\/v2\/media\/126020"}],"wp:attachment":[{"href":"https:\/\/bonsoleil.es\/es\/wp-json\/wp\/v2\/media?parent=126015"}],"wp:term":[{"taxonomy":"category","embeddable":true,"href":"https:\/\/bonsoleil.es\/es\/wp-json\/wp\/v2\/categories?post=126015"},{"taxonomy":"post_tag","embeddable":true,"href":"https:\/\/bonsoleil.es\/es\/wp-json\/wp\/v2\/tags?post=126015"}],"curies":[{"name":"wp","href":"https:\/\/api.w.org\/{rel}","templated":true}]}}