{"id":127183,"date":"2024-06-12T10:03:19","date_gmt":"2024-06-12T08:03:19","guid":{"rendered":"https:\/\/bonsoleil.es\/?p=127183"},"modified":"2024-06-12T10:03:20","modified_gmt":"2024-06-12T08:03:20","slug":"les-6emes-pratiquent-la-poesie-en-plein-air","status":"publish","type":"post","link":"https:\/\/bonsoleil.es\/es\/les-6emes-pratiquent-la-poesie-en-plein-air\/","title":{"rendered":"Les 6\u00e8mes pratiquent la po\u00e9sie en plein air"},"content":{"rendered":"\n<p>Les \u00e9l\u00e8ves de sixi\u00e8me ont emmen\u00e9 les po\u00e8mes \u00e0 apprendre dans la nature autour de leur \u00e9cole afin de pratiquer. Lire et relire, comprendre, pratiquer les mots difficiles \u00e0 prononcer, m\u00e9moriser les vers et les d\u00e9clamer avec un compagnon, tels sont les d\u00e9fis qu\u2019ils vont relever, tout en respirant l\u2019air marin et en profitant du soleil.<\/p>\n\n\n\n<p>_<\/p>\n\n\n\n<p>Los alumnos de 6\u00e8me practican la poes\u00eda al aire libre<\/p>\n\n\n\n<p>Los alumnos de sixi\u00e8me han llevado sus poemas al aire libre para practicarlos. Leer y releer, comprender, practicar las palabras dif\u00edciles, memorizar los versos y recitarlos en pareja son los retos que han debido enfrentar, a la vez que han disfrutado del aire fresco del mar y del sol.<\/p>\n\n\n\n<figure class=\"wp-block-gallery has-nested-images columns-default is-cropped wp-block-gallery-1 is-layout-flex wp-block-gallery-is-layout-flex\">\n<figure class=\"wp-block-image size-full\"><a href=\"https:\/\/bonsoleil.es\/web\/wp-content\/uploads\/2024\/06\/3-10.jpg\"><img loading=\"lazy\" decoding=\"async\" width=\"1080\" height=\"1080\" data-id=\"127184\" src=\"https:\/\/bonsoleil.es\/web\/wp-content\/uploads\/2024\/06\/3-10.jpg\" alt=\"\" class=\"wp-image-127184\" srcset=\"https:\/\/bonsoleil.es\/web\/wp-content\/uploads\/2024\/06\/3-10.jpg 1080w, https:\/\/bonsoleil.es\/web\/wp-content\/uploads\/2024\/06\/3-10-250x250.jpg 250w, https:\/\/bonsoleil.es\/web\/wp-content\/uploads\/2024\/06\/3-10-700x700.jpg 700w, https:\/\/bonsoleil.es\/web\/wp-content\/uploads\/2024\/06\/3-10-150x150.jpg 150w, https:\/\/bonsoleil.es\/web\/wp-content\/uploads\/2024\/06\/3-10-768x768.jpg 768w, https:\/\/bonsoleil.es\/web\/wp-content\/uploads\/2024\/06\/3-10-120x120.jpg 120w\" sizes=\"auto, (max-width: 1080px) 100vw, 1080px\" \/><\/a><\/figure>\n\n\n\n<figure class=\"wp-block-image size-full\"><a href=\"https:\/\/bonsoleil.es\/web\/wp-content\/uploads\/2024\/06\/1-9.jpg\"><img loading=\"lazy\" decoding=\"async\" width=\"1080\" height=\"1080\" data-id=\"127188\" src=\"https:\/\/bonsoleil.es\/web\/wp-content\/uploads\/2024\/06\/1-9.jpg\" alt=\"\" class=\"wp-image-127188\" srcset=\"https:\/\/bonsoleil.es\/web\/wp-content\/uploads\/2024\/06\/1-9.jpg 1080w, https:\/\/bonsoleil.es\/web\/wp-content\/uploads\/2024\/06\/1-9-250x250.jpg 250w, https:\/\/bonsoleil.es\/web\/wp-content\/uploads\/2024\/06\/1-9-700x700.jpg 700w, https:\/\/bonsoleil.es\/web\/wp-content\/uploads\/2024\/06\/1-9-150x150.jpg 150w, https:\/\/bonsoleil.es\/web\/wp-content\/uploads\/2024\/06\/1-9-768x768.jpg 768w, https:\/\/bonsoleil.es\/web\/wp-content\/uploads\/2024\/06\/1-9-120x120.jpg 120w\" sizes=\"auto, (max-width: 1080px) 100vw, 1080px\" \/><\/a><\/figure>\n\n\n\n<figure class=\"wp-block-image size-full\"><a href=\"https:\/\/bonsoleil.es\/web\/wp-content\/uploads\/2024\/06\/2-9.jpg\"><img loading=\"lazy\" decoding=\"async\" width=\"1080\" height=\"1080\" data-id=\"127192\" src=\"https:\/\/bonsoleil.es\/web\/wp-content\/uploads\/2024\/06\/2-9.jpg\" alt=\"\" class=\"wp-image-127192\" srcset=\"https:\/\/bonsoleil.es\/web\/wp-content\/uploads\/2024\/06\/2-9.jpg 1080w, https:\/\/bonsoleil.es\/web\/wp-content\/uploads\/2024\/06\/2-9-250x250.jpg 250w, https:\/\/bonsoleil.es\/web\/wp-content\/uploads\/2024\/06\/2-9-700x700.jpg 700w, https:\/\/bonsoleil.es\/web\/wp-content\/uploads\/2024\/06\/2-9-150x150.jpg 150w, https:\/\/bonsoleil.es\/web\/wp-content\/uploads\/2024\/06\/2-9-768x768.jpg 768w, https:\/\/bonsoleil.es\/web\/wp-content\/uploads\/2024\/06\/2-9-120x120.jpg 120w\" sizes=\"auto, (max-width: 1080px) 100vw, 1080px\" \/><\/a><\/figure>\n<\/figure>\n","protected":false},"excerpt":{"rendered":"Les \u00e9l\u00e8ves de sixi\u00e8me ont emmen\u00e9 les po\u00e8mes \u00e0 apprendre dans la nature autour de leur \u00e9cole afin de pratiquer. Lire et relire, comprendre, pratiquer les mots difficiles \u00e0 prononcer, m\u00e9moriser les vers et les d\u00e9clamer avec un compagnon, tels sont les d\u00e9fis qu\u2019ils vont relever, tout en respirant l\u2019air marin et en profitant du soleil.","protected":false},"author":1,"featured_media":127184,"comment_status":"closed","ping_status":"open","sticky":false,"template":"","format":"standard","meta":{"_acf_changed":false,"rs_blank_template":"","rs_page_bg_color":"","slide_template_v7":"","footnotes":"","_links_to":"","_links_to_target":""},"categories":[17,9],"tags":[],"class_list":["post-127183","post","type-post","status-publish","format-standard","has-post-thumbnail","hentry","category-6eme","category-secondaire"],"acf":[],"yoast_head":"<!-- This site is optimized with the Yoast SEO plugin v27.5 - https:\/\/yoast.com\/product\/yoast-seo-wordpress\/ -->\n<title>Les 6\u00e8mes pratiquent la po\u00e9sie en plein air - Lyc\u00e9e International Barcelona \u00b7 Bon Soleil<\/title>\n<meta name=\"robots\" content=\"index, follow, max-snippet:-1, max-image-preview:large, max-video-preview:-1\" \/>\n<link rel=\"canonical\" href=\"https:\/\/bonsoleil.es\/es\/les-6emes-pratiquent-la-poesie-en-plein-air\/\" \/>\n<meta property=\"og:locale\" content=\"es_ES\" \/>\n<meta property=\"og:type\" content=\"article\" \/>\n<meta property=\"og:title\" content=\"Les 6\u00e8mes pratiquent la po\u00e9sie en plein air - Lyc\u00e9e International Barcelona \u00b7 Bon Soleil\" \/>\n<meta property=\"og:description\" content=\"Les \u00e9l\u00e8ves de sixi\u00e8me ont emmen\u00e9 les po\u00e8mes \u00e0 apprendre dans la nature autour de leur \u00e9cole afin de pratiquer. Lire et relire, comprendre, pratiquer les mots difficiles \u00e0 prononcer, m\u00e9moriser les vers et les d\u00e9clamer avec un compagnon, tels sont les d\u00e9fis qu\u2019ils vont relever, tout en respirant l\u2019air marin et en profitant du soleil.\" \/>\n<meta property=\"og:url\" content=\"https:\/\/bonsoleil.es\/es\/les-6emes-pratiquent-la-poesie-en-plein-air\/\" \/>\n<meta property=\"og:site_name\" content=\"Lyc\u00e9e International Barcelona \u00b7 Bon Soleil\" \/>\n<meta property=\"article:publisher\" content=\"https:\/\/www.facebook.com\/libBonSoleil\/\" \/>\n<meta property=\"article:published_time\" content=\"2024-06-12T08:03:19+00:00\" \/>\n<meta property=\"article:modified_time\" content=\"2024-06-12T08:03:20+00:00\" \/>\n<meta property=\"og:image\" content=\"https:\/\/bonsoleil.es\/web\/wp-content\/uploads\/2024\/06\/3-10.jpg\" \/>\n\t<meta property=\"og:image:width\" content=\"1080\" \/>\n\t<meta property=\"og:image:height\" content=\"1080\" \/>\n\t<meta property=\"og:image:type\" content=\"image\/jpeg\" \/>\n<meta name=\"author\" content=\"libbs\" \/>\n<meta name=\"twitter:card\" content=\"summary_large_image\" \/>\n<meta name=\"twitter:creator\" content=\"@lib_bonsoleil\" \/>\n<meta name=\"twitter:site\" content=\"@lib_bonsoleil\" \/>\n<meta name=\"twitter:label1\" content=\"Escrito por\" \/>\n\t<meta name=\"twitter:data1\" content=\"libbs\" \/>\n\t<meta name=\"twitter:label2\" content=\"Tiempo de lectura\" \/>\n\t<meta name=\"twitter:data2\" content=\"2 minutos\" \/>\n<script type=\"application\/ld+json\" class=\"yoast-schema-graph\">{\"@context\":\"https:\\\/\\\/schema.org\",\"@graph\":[{\"@type\":\"Article\",\"@id\":\"https:\\\/\\\/bonsoleil.es\\\/es\\\/les-6emes-pratiquent-la-poesie-en-plein-air\\\/#article\",\"isPartOf\":{\"@id\":\"https:\\\/\\\/bonsoleil.es\\\/es\\\/les-6emes-pratiquent-la-poesie-en-plein-air\\\/\"},\"author\":{\"name\":\"libbs\",\"@id\":\"https:\\\/\\\/bonsoleil.es\\\/es\\\/#\\\/schema\\\/person\\\/f90f9175af4fad9c626fd2873bc546ec\"},\"headline\":\"Les 6\u00e8mes pratiquent la po\u00e9sie en plein air\",\"datePublished\":\"2024-06-12T08:03:19+00:00\",\"dateModified\":\"2024-06-12T08:03:20+00:00\",\"mainEntityOfPage\":{\"@id\":\"https:\\\/\\\/bonsoleil.es\\\/es\\\/les-6emes-pratiquent-la-poesie-en-plein-air\\\/\"},\"wordCount\":133,\"image\":{\"@id\":\"https:\\\/\\\/bonsoleil.es\\\/es\\\/les-6emes-pratiquent-la-poesie-en-plein-air\\\/#primaryimage\"},\"thumbnailUrl\":\"https:\\\/\\\/bonsoleil.es\\\/web\\\/wp-content\\\/uploads\\\/2024\\\/06\\\/3-10.jpg\",\"articleSection\":[\"6\u00e8me\",\"Secondaire\"],\"inLanguage\":\"es\"},{\"@type\":\"WebPage\",\"@id\":\"https:\\\/\\\/bonsoleil.es\\\/es\\\/les-6emes-pratiquent-la-poesie-en-plein-air\\\/\",\"url\":\"https:\\\/\\\/bonsoleil.es\\\/es\\\/les-6emes-pratiquent-la-poesie-en-plein-air\\\/\",\"name\":\"Les 6\u00e8mes pratiquent la po\u00e9sie en plein air - Lyc\u00e9e International Barcelona \u00b7 Bon Soleil\",\"isPartOf\":{\"@id\":\"https:\\\/\\\/bonsoleil.es\\\/es\\\/#website\"},\"primaryImageOfPage\":{\"@id\":\"https:\\\/\\\/bonsoleil.es\\\/es\\\/les-6emes-pratiquent-la-poesie-en-plein-air\\\/#primaryimage\"},\"image\":{\"@id\":\"https:\\\/\\\/bonsoleil.es\\\/es\\\/les-6emes-pratiquent-la-poesie-en-plein-air\\\/#primaryimage\"},\"thumbnailUrl\":\"https:\\\/\\\/bonsoleil.es\\\/web\\\/wp-content\\\/uploads\\\/2024\\\/06\\\/3-10.jpg\",\"datePublished\":\"2024-06-12T08:03:19+00:00\",\"dateModified\":\"2024-06-12T08:03:20+00:00\",\"author\":{\"@id\":\"https:\\\/\\\/bonsoleil.es\\\/es\\\/#\\\/schema\\\/person\\\/f90f9175af4fad9c626fd2873bc546ec\"},\"breadcrumb\":{\"@id\":\"https:\\\/\\\/bonsoleil.es\\\/es\\\/les-6emes-pratiquent-la-poesie-en-plein-air\\\/#breadcrumb\"},\"inLanguage\":\"es\",\"potentialAction\":[{\"@type\":\"ReadAction\",\"target\":[\"https:\\\/\\\/bonsoleil.es\\\/es\\\/les-6emes-pratiquent-la-poesie-en-plein-air\\\/\"]}]},{\"@type\":\"ImageObject\",\"inLanguage\":\"es\",\"@id\":\"https:\\\/\\\/bonsoleil.es\\\/es\\\/les-6emes-pratiquent-la-poesie-en-plein-air\\\/#primaryimage\",\"url\":\"https:\\\/\\\/bonsoleil.es\\\/web\\\/wp-content\\\/uploads\\\/2024\\\/06\\\/3-10.jpg\",\"contentUrl\":\"https:\\\/\\\/bonsoleil.es\\\/web\\\/wp-content\\\/uploads\\\/2024\\\/06\\\/3-10.jpg\",\"width\":1080,\"height\":1080},{\"@type\":\"BreadcrumbList\",\"@id\":\"https:\\\/\\\/bonsoleil.es\\\/es\\\/les-6emes-pratiquent-la-poesie-en-plein-air\\\/#breadcrumb\",\"itemListElement\":[{\"@type\":\"ListItem\",\"position\":1,\"name\":\"Portada\",\"item\":\"https:\\\/\\\/bonsoleil.es\\\/es\\\/\"},{\"@type\":\"ListItem\",\"position\":2,\"name\":\"Les 6\u00e8mes pratiquent la po\u00e9sie en plein air\"}]},{\"@type\":\"WebSite\",\"@id\":\"https:\\\/\\\/bonsoleil.es\\\/es\\\/#website\",\"url\":\"https:\\\/\\\/bonsoleil.es\\\/es\\\/\",\"name\":\"Lyc\u00e9e International Barcelona \u00b7 Bon Soleil\",\"description\":\"Lyc\u00e9e International Barcelona\",\"potentialAction\":[{\"@type\":\"SearchAction\",\"target\":{\"@type\":\"EntryPoint\",\"urlTemplate\":\"https:\\\/\\\/bonsoleil.es\\\/es\\\/?s={search_term_string}\"},\"query-input\":{\"@type\":\"PropertyValueSpecification\",\"valueRequired\":true,\"valueName\":\"search_term_string\"}}],\"inLanguage\":\"es\"},{\"@type\":\"Person\",\"@id\":\"https:\\\/\\\/bonsoleil.es\\\/es\\\/#\\\/schema\\\/person\\\/f90f9175af4fad9c626fd2873bc546ec\",\"name\":\"libbs\",\"image\":{\"@type\":\"ImageObject\",\"inLanguage\":\"es\",\"@id\":\"https:\\\/\\\/bonsoleil.es\\\/web\\\/wp-content\\\/litespeed\\\/avatar\\\/6719caedb5831fa7538835120a8121f8.jpg?ver=1777037754\",\"url\":\"https:\\\/\\\/bonsoleil.es\\\/web\\\/wp-content\\\/litespeed\\\/avatar\\\/6719caedb5831fa7538835120a8121f8.jpg?ver=1777037754\",\"contentUrl\":\"https:\\\/\\\/bonsoleil.es\\\/web\\\/wp-content\\\/litespeed\\\/avatar\\\/6719caedb5831fa7538835120a8121f8.jpg?ver=1777037754\",\"caption\":\"libbs\"},\"sameAs\":[\"http:\\\/\\\/localhost\\\/bonsoleil\\\/new_web\"],\"url\":\"https:\\\/\\\/bonsoleil.es\\\/es\\\/author\\\/libbs\\\/\"}]}<\/script>\n<!-- \/ Yoast SEO plugin. -->","yoast_head_json":{"title":"Les 6\u00e8mes pratiquent la po\u00e9sie en plein air - Lyc\u00e9e International Barcelona \u00b7 Bon Soleil","robots":{"index":"index","follow":"follow","max-snippet":"max-snippet:-1","max-image-preview":"max-image-preview:large","max-video-preview":"max-video-preview:-1"},"canonical":"https:\/\/bonsoleil.es\/es\/les-6emes-pratiquent-la-poesie-en-plein-air\/","og_locale":"es_ES","og_type":"article","og_title":"Les 6\u00e8mes pratiquent la po\u00e9sie en plein air - Lyc\u00e9e International Barcelona \u00b7 Bon Soleil","og_description":"Les \u00e9l\u00e8ves de sixi\u00e8me ont emmen\u00e9 les po\u00e8mes \u00e0 apprendre dans la nature autour de leur \u00e9cole afin de pratiquer. Lire et relire, comprendre, pratiquer les mots difficiles \u00e0 prononcer, m\u00e9moriser les vers et les d\u00e9clamer avec un compagnon, tels sont les d\u00e9fis qu\u2019ils vont relever, tout en respirant l\u2019air marin et en profitant du soleil.","og_url":"https:\/\/bonsoleil.es\/es\/les-6emes-pratiquent-la-poesie-en-plein-air\/","og_site_name":"Lyc\u00e9e International Barcelona \u00b7 Bon Soleil","article_publisher":"https:\/\/www.facebook.com\/libBonSoleil\/","article_published_time":"2024-06-12T08:03:19+00:00","article_modified_time":"2024-06-12T08:03:20+00:00","og_image":[{"width":1080,"height":1080,"url":"https:\/\/bonsoleil.es\/web\/wp-content\/uploads\/2024\/06\/3-10.jpg","type":"image\/jpeg"}],"author":"libbs","twitter_card":"summary_large_image","twitter_creator":"@lib_bonsoleil","twitter_site":"@lib_bonsoleil","twitter_misc":{"Escrito por":"libbs","Tiempo de lectura":"2 minutos"},"schema":{"@context":"https:\/\/schema.org","@graph":[{"@type":"Article","@id":"https:\/\/bonsoleil.es\/es\/les-6emes-pratiquent-la-poesie-en-plein-air\/#article","isPartOf":{"@id":"https:\/\/bonsoleil.es\/es\/les-6emes-pratiquent-la-poesie-en-plein-air\/"},"author":{"name":"libbs","@id":"https:\/\/bonsoleil.es\/es\/#\/schema\/person\/f90f9175af4fad9c626fd2873bc546ec"},"headline":"Les 6\u00e8mes pratiquent la po\u00e9sie en plein air","datePublished":"2024-06-12T08:03:19+00:00","dateModified":"2024-06-12T08:03:20+00:00","mainEntityOfPage":{"@id":"https:\/\/bonsoleil.es\/es\/les-6emes-pratiquent-la-poesie-en-plein-air\/"},"wordCount":133,"image":{"@id":"https:\/\/bonsoleil.es\/es\/les-6emes-pratiquent-la-poesie-en-plein-air\/#primaryimage"},"thumbnailUrl":"https:\/\/bonsoleil.es\/web\/wp-content\/uploads\/2024\/06\/3-10.jpg","articleSection":["6\u00e8me","Secondaire"],"inLanguage":"es"},{"@type":"WebPage","@id":"https:\/\/bonsoleil.es\/es\/les-6emes-pratiquent-la-poesie-en-plein-air\/","url":"https:\/\/bonsoleil.es\/es\/les-6emes-pratiquent-la-poesie-en-plein-air\/","name":"Les 6\u00e8mes pratiquent la po\u00e9sie en plein air - Lyc\u00e9e International Barcelona \u00b7 Bon Soleil","isPartOf":{"@id":"https:\/\/bonsoleil.es\/es\/#website"},"primaryImageOfPage":{"@id":"https:\/\/bonsoleil.es\/es\/les-6emes-pratiquent-la-poesie-en-plein-air\/#primaryimage"},"image":{"@id":"https:\/\/bonsoleil.es\/es\/les-6emes-pratiquent-la-poesie-en-plein-air\/#primaryimage"},"thumbnailUrl":"https:\/\/bonsoleil.es\/web\/wp-content\/uploads\/2024\/06\/3-10.jpg","datePublished":"2024-06-12T08:03:19+00:00","dateModified":"2024-06-12T08:03:20+00:00","author":{"@id":"https:\/\/bonsoleil.es\/es\/#\/schema\/person\/f90f9175af4fad9c626fd2873bc546ec"},"breadcrumb":{"@id":"https:\/\/bonsoleil.es\/es\/les-6emes-pratiquent-la-poesie-en-plein-air\/#breadcrumb"},"inLanguage":"es","potentialAction":[{"@type":"ReadAction","target":["https:\/\/bonsoleil.es\/es\/les-6emes-pratiquent-la-poesie-en-plein-air\/"]}]},{"@type":"ImageObject","inLanguage":"es","@id":"https:\/\/bonsoleil.es\/es\/les-6emes-pratiquent-la-poesie-en-plein-air\/#primaryimage","url":"https:\/\/bonsoleil.es\/web\/wp-content\/uploads\/2024\/06\/3-10.jpg","contentUrl":"https:\/\/bonsoleil.es\/web\/wp-content\/uploads\/2024\/06\/3-10.jpg","width":1080,"height":1080},{"@type":"BreadcrumbList","@id":"https:\/\/bonsoleil.es\/es\/les-6emes-pratiquent-la-poesie-en-plein-air\/#breadcrumb","itemListElement":[{"@type":"ListItem","position":1,"name":"Portada","item":"https:\/\/bonsoleil.es\/es\/"},{"@type":"ListItem","position":2,"name":"Les 6\u00e8mes pratiquent la po\u00e9sie en plein air"}]},{"@type":"WebSite","@id":"https:\/\/bonsoleil.es\/es\/#website","url":"https:\/\/bonsoleil.es\/es\/","name":"Lyc\u00e9e International Barcelona \u00b7 Bon Soleil","description":"Lyc\u00e9e International Barcelona","potentialAction":[{"@type":"SearchAction","target":{"@type":"EntryPoint","urlTemplate":"https:\/\/bonsoleil.es\/es\/?s={search_term_string}"},"query-input":{"@type":"PropertyValueSpecification","valueRequired":true,"valueName":"search_term_string"}}],"inLanguage":"es"},{"@type":"Person","@id":"https:\/\/bonsoleil.es\/es\/#\/schema\/person\/f90f9175af4fad9c626fd2873bc546ec","name":"libbs","image":{"@type":"ImageObject","inLanguage":"es","@id":"https:\/\/bonsoleil.es\/web\/wp-content\/litespeed\/avatar\/6719caedb5831fa7538835120a8121f8.jpg?ver=1777037754","url":"https:\/\/bonsoleil.es\/web\/wp-content\/litespeed\/avatar\/6719caedb5831fa7538835120a8121f8.jpg?ver=1777037754","contentUrl":"https:\/\/bonsoleil.es\/web\/wp-content\/litespeed\/avatar\/6719caedb5831fa7538835120a8121f8.jpg?ver=1777037754","caption":"libbs"},"sameAs":["http:\/\/localhost\/bonsoleil\/new_web"],"url":"https:\/\/bonsoleil.es\/es\/author\/libbs\/"}]}},"_links":{"self":[{"href":"https:\/\/bonsoleil.es\/es\/wp-json\/wp\/v2\/posts\/127183","targetHints":{"allow":["GET"]}}],"collection":[{"href":"https:\/\/bonsoleil.es\/es\/wp-json\/wp\/v2\/posts"}],"about":[{"href":"https:\/\/bonsoleil.es\/es\/wp-json\/wp\/v2\/types\/post"}],"author":[{"embeddable":true,"href":"https:\/\/bonsoleil.es\/es\/wp-json\/wp\/v2\/users\/1"}],"replies":[{"embeddable":true,"href":"https:\/\/bonsoleil.es\/es\/wp-json\/wp\/v2\/comments?post=127183"}],"version-history":[{"count":1,"href":"https:\/\/bonsoleil.es\/es\/wp-json\/wp\/v2\/posts\/127183\/revisions"}],"predecessor-version":[{"id":127196,"href":"https:\/\/bonsoleil.es\/es\/wp-json\/wp\/v2\/posts\/127183\/revisions\/127196"}],"wp:featuredmedia":[{"embeddable":true,"href":"https:\/\/bonsoleil.es\/es\/wp-json\/wp\/v2\/media\/127184"}],"wp:attachment":[{"href":"https:\/\/bonsoleil.es\/es\/wp-json\/wp\/v2\/media?parent=127183"}],"wp:term":[{"taxonomy":"category","embeddable":true,"href":"https:\/\/bonsoleil.es\/es\/wp-json\/wp\/v2\/categories?post=127183"},{"taxonomy":"post_tag","embeddable":true,"href":"https:\/\/bonsoleil.es\/es\/wp-json\/wp\/v2\/tags?post=127183"}],"curies":[{"name":"wp","href":"https:\/\/api.w.org\/{rel}","templated":true}]}}