{"id":127678,"date":"2024-06-17T13:12:56","date_gmt":"2024-06-17T11:12:56","guid":{"rendered":"https:\/\/bonsoleil.es\/?p=127678"},"modified":"2024-06-20T13:13:11","modified_gmt":"2024-06-20T11:13:11","slug":"les-eleves-de-6eme-ont-visite-le-centre-destudis-del-mar-de-sitges","status":"publish","type":"post","link":"https:\/\/bonsoleil.es\/es\/les-eleves-de-6eme-ont-visite-le-centre-destudis-del-mar-de-sitges\/","title":{"rendered":"Les \u00e9l\u00e8ves de 6\u00e8me ont visit\u00e9 le \u00abCentre d\u2019Estudis del Mar\u00bb de Sitges"},"content":{"rendered":"\n<p>L\u2019activit\u00e9 leur a permis de conna\u00eetre les caract\u00e9ristiques, fonctions vitales et milieux des organismes de la faune et la flore marine.<\/p>\n\n\n\n<p>Ils ont appris \u00e0 les identifier et \u00e0 les classer, en s\u2019exprimant avec un vocabulaire scientifique ad\u00e9quat, et ils ont \u00e9valu\u00e9 l\u2019impact des activit\u00e9s humaines sur l\u2019environnement.<\/p>\n\n\n\n<p>_<\/p>\n\n\n\n<p>Los alumnos de 6\u00e8me han visitado el \u00abCentre d&#8217;Estudis del Mar\u00bb de Sitges.<\/p>\n\n\n\n<p>La actividad les ha permitido conocer las caracter\u00edsticas, funciones vitales y entornos de la flora y fauna marinas.<\/p>\n\n\n\n<p>Han aprendido a identificarlos y clasificarlos, utilizando un vocabulario cient\u00edfico apropiado, y han evaluado el impacto de las actividades humanas en el medio ambiente.<\/p>\n\n\n\n<figure class=\"wp-block-gallery has-nested-images columns-default is-cropped wp-block-gallery-1 is-layout-flex wp-block-gallery-is-layout-flex\">\n<figure class=\"wp-block-image size-full\"><a href=\"https:\/\/bonsoleil.es\/web\/wp-content\/uploads\/2024\/06\/3-14.jpg\"><img loading=\"lazy\" decoding=\"async\" width=\"1080\" height=\"1080\" data-id=\"127687\" src=\"https:\/\/bonsoleil.es\/web\/wp-content\/uploads\/2024\/06\/3-14.jpg\" alt=\"\" class=\"wp-image-127687\" srcset=\"https:\/\/bonsoleil.es\/web\/wp-content\/uploads\/2024\/06\/3-14.jpg 1080w, https:\/\/bonsoleil.es\/web\/wp-content\/uploads\/2024\/06\/3-14-250x250.jpg 250w, https:\/\/bonsoleil.es\/web\/wp-content\/uploads\/2024\/06\/3-14-700x700.jpg 700w, https:\/\/bonsoleil.es\/web\/wp-content\/uploads\/2024\/06\/3-14-150x150.jpg 150w, https:\/\/bonsoleil.es\/web\/wp-content\/uploads\/2024\/06\/3-14-768x768.jpg 768w, https:\/\/bonsoleil.es\/web\/wp-content\/uploads\/2024\/06\/3-14-120x120.jpg 120w\" sizes=\"auto, (max-width: 1080px) 100vw, 1080px\" \/><\/a><\/figure>\n\n\n\n<figure class=\"wp-block-image size-full\"><a href=\"https:\/\/bonsoleil.es\/web\/wp-content\/uploads\/2024\/06\/5-8.jpg\"><img loading=\"lazy\" decoding=\"async\" width=\"1080\" height=\"1080\" data-id=\"127695\" src=\"https:\/\/bonsoleil.es\/web\/wp-content\/uploads\/2024\/06\/5-8.jpg\" alt=\"\" class=\"wp-image-127695\" srcset=\"https:\/\/bonsoleil.es\/web\/wp-content\/uploads\/2024\/06\/5-8.jpg 1080w, https:\/\/bonsoleil.es\/web\/wp-content\/uploads\/2024\/06\/5-8-250x250.jpg 250w, https:\/\/bonsoleil.es\/web\/wp-content\/uploads\/2024\/06\/5-8-700x700.jpg 700w, https:\/\/bonsoleil.es\/web\/wp-content\/uploads\/2024\/06\/5-8-150x150.jpg 150w, https:\/\/bonsoleil.es\/web\/wp-content\/uploads\/2024\/06\/5-8-768x768.jpg 768w, https:\/\/bonsoleil.es\/web\/wp-content\/uploads\/2024\/06\/5-8-120x120.jpg 120w\" sizes=\"auto, (max-width: 1080px) 100vw, 1080px\" \/><\/a><\/figure>\n\n\n\n<figure class=\"wp-block-image size-full\"><a href=\"https:\/\/bonsoleil.es\/web\/wp-content\/uploads\/2024\/06\/4-11.jpg\"><img loading=\"lazy\" decoding=\"async\" width=\"1080\" height=\"1080\" data-id=\"127691\" src=\"https:\/\/bonsoleil.es\/web\/wp-content\/uploads\/2024\/06\/4-11.jpg\" alt=\"\" class=\"wp-image-127691\" srcset=\"https:\/\/bonsoleil.es\/web\/wp-content\/uploads\/2024\/06\/4-11.jpg 1080w, https:\/\/bonsoleil.es\/web\/wp-content\/uploads\/2024\/06\/4-11-250x250.jpg 250w, https:\/\/bonsoleil.es\/web\/wp-content\/uploads\/2024\/06\/4-11-700x700.jpg 700w, https:\/\/bonsoleil.es\/web\/wp-content\/uploads\/2024\/06\/4-11-150x150.jpg 150w, https:\/\/bonsoleil.es\/web\/wp-content\/uploads\/2024\/06\/4-11-768x768.jpg 768w, https:\/\/bonsoleil.es\/web\/wp-content\/uploads\/2024\/06\/4-11-120x120.jpg 120w\" sizes=\"auto, (max-width: 1080px) 100vw, 1080px\" \/><\/a><\/figure>\n\n\n\n<figure class=\"wp-block-image size-full\"><a href=\"https:\/\/bonsoleil.es\/web\/wp-content\/uploads\/2024\/06\/2-13.jpg\"><img loading=\"lazy\" decoding=\"async\" width=\"1080\" height=\"1080\" data-id=\"127683\" src=\"https:\/\/bonsoleil.es\/web\/wp-content\/uploads\/2024\/06\/2-13.jpg\" alt=\"\" class=\"wp-image-127683\" srcset=\"https:\/\/bonsoleil.es\/web\/wp-content\/uploads\/2024\/06\/2-13.jpg 1080w, https:\/\/bonsoleil.es\/web\/wp-content\/uploads\/2024\/06\/2-13-250x250.jpg 250w, https:\/\/bonsoleil.es\/web\/wp-content\/uploads\/2024\/06\/2-13-700x700.jpg 700w, https:\/\/bonsoleil.es\/web\/wp-content\/uploads\/2024\/06\/2-13-150x150.jpg 150w, https:\/\/bonsoleil.es\/web\/wp-content\/uploads\/2024\/06\/2-13-768x768.jpg 768w, https:\/\/bonsoleil.es\/web\/wp-content\/uploads\/2024\/06\/2-13-120x120.jpg 120w\" sizes=\"auto, (max-width: 1080px) 100vw, 1080px\" \/><\/a><\/figure>\n\n\n\n<figure class=\"wp-block-image size-full\"><a href=\"https:\/\/bonsoleil.es\/web\/wp-content\/uploads\/2024\/06\/6-5.jpg\"><img loading=\"lazy\" decoding=\"async\" width=\"1080\" height=\"1080\" data-id=\"127699\" src=\"https:\/\/bonsoleil.es\/web\/wp-content\/uploads\/2024\/06\/6-5.jpg\" alt=\"\" class=\"wp-image-127699\" srcset=\"https:\/\/bonsoleil.es\/web\/wp-content\/uploads\/2024\/06\/6-5.jpg 1080w, https:\/\/bonsoleil.es\/web\/wp-content\/uploads\/2024\/06\/6-5-250x250.jpg 250w, https:\/\/bonsoleil.es\/web\/wp-content\/uploads\/2024\/06\/6-5-700x700.jpg 700w, https:\/\/bonsoleil.es\/web\/wp-content\/uploads\/2024\/06\/6-5-150x150.jpg 150w, https:\/\/bonsoleil.es\/web\/wp-content\/uploads\/2024\/06\/6-5-768x768.jpg 768w, https:\/\/bonsoleil.es\/web\/wp-content\/uploads\/2024\/06\/6-5-120x120.jpg 120w\" sizes=\"auto, (max-width: 1080px) 100vw, 1080px\" \/><\/a><\/figure>\n\n\n\n<figure class=\"wp-block-image size-full\"><a href=\"https:\/\/bonsoleil.es\/web\/wp-content\/uploads\/2024\/06\/1-13.jpg\"><img loading=\"lazy\" decoding=\"async\" width=\"1080\" height=\"1080\" data-id=\"127679\" src=\"https:\/\/bonsoleil.es\/web\/wp-content\/uploads\/2024\/06\/1-13.jpg\" alt=\"\" class=\"wp-image-127679\" srcset=\"https:\/\/bonsoleil.es\/web\/wp-content\/uploads\/2024\/06\/1-13.jpg 1080w, https:\/\/bonsoleil.es\/web\/wp-content\/uploads\/2024\/06\/1-13-250x250.jpg 250w, https:\/\/bonsoleil.es\/web\/wp-content\/uploads\/2024\/06\/1-13-700x700.jpg 700w, https:\/\/bonsoleil.es\/web\/wp-content\/uploads\/2024\/06\/1-13-150x150.jpg 150w, https:\/\/bonsoleil.es\/web\/wp-content\/uploads\/2024\/06\/1-13-768x768.jpg 768w, https:\/\/bonsoleil.es\/web\/wp-content\/uploads\/2024\/06\/1-13-120x120.jpg 120w\" sizes=\"auto, (max-width: 1080px) 100vw, 1080px\" \/><\/a><\/figure>\n\n\n\n<figure class=\"wp-block-image size-full\"><a href=\"https:\/\/bonsoleil.es\/web\/wp-content\/uploads\/2024\/06\/7-4.jpg\"><img loading=\"lazy\" decoding=\"async\" width=\"1080\" height=\"1080\" data-id=\"127703\" src=\"https:\/\/bonsoleil.es\/web\/wp-content\/uploads\/2024\/06\/7-4.jpg\" alt=\"\" class=\"wp-image-127703\" srcset=\"https:\/\/bonsoleil.es\/web\/wp-content\/uploads\/2024\/06\/7-4.jpg 1080w, https:\/\/bonsoleil.es\/web\/wp-content\/uploads\/2024\/06\/7-4-250x250.jpg 250w, https:\/\/bonsoleil.es\/web\/wp-content\/uploads\/2024\/06\/7-4-700x700.jpg 700w, https:\/\/bonsoleil.es\/web\/wp-content\/uploads\/2024\/06\/7-4-150x150.jpg 150w, https:\/\/bonsoleil.es\/web\/wp-content\/uploads\/2024\/06\/7-4-768x768.jpg 768w, https:\/\/bonsoleil.es\/web\/wp-content\/uploads\/2024\/06\/7-4-120x120.jpg 120w\" sizes=\"auto, (max-width: 1080px) 100vw, 1080px\" \/><\/a><\/figure>\n\n\n\n<figure class=\"wp-block-image size-full\"><a href=\"https:\/\/bonsoleil.es\/web\/wp-content\/uploads\/2024\/06\/8-2.jpg\"><img loading=\"lazy\" decoding=\"async\" width=\"1080\" height=\"1080\" data-id=\"127707\" src=\"https:\/\/bonsoleil.es\/web\/wp-content\/uploads\/2024\/06\/8-2.jpg\" alt=\"\" class=\"wp-image-127707\" srcset=\"https:\/\/bonsoleil.es\/web\/wp-content\/uploads\/2024\/06\/8-2.jpg 1080w, https:\/\/bonsoleil.es\/web\/wp-content\/uploads\/2024\/06\/8-2-250x250.jpg 250w, https:\/\/bonsoleil.es\/web\/wp-content\/uploads\/2024\/06\/8-2-700x700.jpg 700w, https:\/\/bonsoleil.es\/web\/wp-content\/uploads\/2024\/06\/8-2-150x150.jpg 150w, https:\/\/bonsoleil.es\/web\/wp-content\/uploads\/2024\/06\/8-2-768x768.jpg 768w, https:\/\/bonsoleil.es\/web\/wp-content\/uploads\/2024\/06\/8-2-120x120.jpg 120w\" sizes=\"auto, (max-width: 1080px) 100vw, 1080px\" \/><\/a><\/figure>\n<\/figure>\n","protected":false},"excerpt":{"rendered":"L\u2019activit\u00e9 leur a permis de conna\u00eetre les caract\u00e9ristiques, fonctions vitales et milieux des organismes de la faune et la flore marine.","protected":false},"author":1,"featured_media":127687,"comment_status":"closed","ping_status":"closed","sticky":false,"template":"","format":"standard","meta":{"_acf_changed":false,"rs_blank_template":"","rs_page_bg_color":"","slide_template_v7":"","footnotes":"","_links_to":"","_links_to_target":""},"categories":[17,9],"tags":[],"class_list":["post-127678","post","type-post","status-publish","format-standard","has-post-thumbnail","hentry","category-6eme","category-secondaire"],"acf":[],"yoast_head":"<!-- This site is optimized with the Yoast SEO plugin v27.5 - https:\/\/yoast.com\/product\/yoast-seo-wordpress\/ -->\n<title>Les \u00e9l\u00e8ves de 6\u00e8me ont visit\u00e9 le \u00abCentre d\u2019Estudis del Mar\u00bb de Sitges - Lyc\u00e9e International Barcelona \u00b7 Bon Soleil<\/title>\n<meta name=\"robots\" content=\"index, follow, max-snippet:-1, max-image-preview:large, max-video-preview:-1\" \/>\n<link rel=\"canonical\" href=\"https:\/\/bonsoleil.es\/es\/les-eleves-de-6eme-ont-visite-le-centre-destudis-del-mar-de-sitges\/\" \/>\n<meta property=\"og:locale\" content=\"es_ES\" \/>\n<meta property=\"og:type\" content=\"article\" \/>\n<meta property=\"og:title\" content=\"Les \u00e9l\u00e8ves de 6\u00e8me ont visit\u00e9 le \u00abCentre d\u2019Estudis del Mar\u00bb de Sitges - Lyc\u00e9e International Barcelona \u00b7 Bon Soleil\" \/>\n<meta property=\"og:description\" content=\"L\u2019activit\u00e9 leur a permis de conna\u00eetre les caract\u00e9ristiques, fonctions vitales et milieux des organismes de la faune et la flore marine.\" \/>\n<meta property=\"og:url\" content=\"https:\/\/bonsoleil.es\/es\/les-eleves-de-6eme-ont-visite-le-centre-destudis-del-mar-de-sitges\/\" \/>\n<meta property=\"og:site_name\" content=\"Lyc\u00e9e International Barcelona \u00b7 Bon Soleil\" \/>\n<meta property=\"article:publisher\" content=\"https:\/\/www.facebook.com\/libBonSoleil\/\" \/>\n<meta property=\"article:published_time\" content=\"2024-06-17T11:12:56+00:00\" \/>\n<meta property=\"article:modified_time\" content=\"2024-06-20T11:13:11+00:00\" \/>\n<meta property=\"og:image\" content=\"https:\/\/bonsoleil.es\/web\/wp-content\/uploads\/2024\/06\/3-14.jpg\" \/>\n\t<meta property=\"og:image:width\" content=\"1080\" \/>\n\t<meta property=\"og:image:height\" content=\"1080\" \/>\n\t<meta property=\"og:image:type\" content=\"image\/jpeg\" \/>\n<meta name=\"author\" content=\"libbs\" \/>\n<meta name=\"twitter:card\" content=\"summary_large_image\" \/>\n<meta name=\"twitter:creator\" content=\"@lib_bonsoleil\" \/>\n<meta name=\"twitter:site\" content=\"@lib_bonsoleil\" \/>\n<meta name=\"twitter:label1\" content=\"Escrito por\" \/>\n\t<meta name=\"twitter:data1\" content=\"libbs\" \/>\n\t<meta name=\"twitter:label2\" content=\"Tiempo de lectura\" \/>\n\t<meta name=\"twitter:data2\" content=\"3 minutos\" \/>\n<script type=\"application\/ld+json\" class=\"yoast-schema-graph\">{\"@context\":\"https:\\\/\\\/schema.org\",\"@graph\":[{\"@type\":\"Article\",\"@id\":\"https:\\\/\\\/bonsoleil.es\\\/es\\\/les-eleves-de-6eme-ont-visite-le-centre-destudis-del-mar-de-sitges\\\/#article\",\"isPartOf\":{\"@id\":\"https:\\\/\\\/bonsoleil.es\\\/es\\\/les-eleves-de-6eme-ont-visite-le-centre-destudis-del-mar-de-sitges\\\/\"},\"author\":{\"name\":\"libbs\",\"@id\":\"https:\\\/\\\/bonsoleil.es\\\/es\\\/#\\\/schema\\\/person\\\/f90f9175af4fad9c626fd2873bc546ec\"},\"headline\":\"Les \u00e9l\u00e8ves de 6\u00e8me ont visit\u00e9 le \u00abCentre d\u2019Estudis del Mar\u00bb de Sitges\",\"datePublished\":\"2024-06-17T11:12:56+00:00\",\"dateModified\":\"2024-06-20T11:13:11+00:00\",\"mainEntityOfPage\":{\"@id\":\"https:\\\/\\\/bonsoleil.es\\\/es\\\/les-eleves-de-6eme-ont-visite-le-centre-destudis-del-mar-de-sitges\\\/\"},\"wordCount\":127,\"image\":{\"@id\":\"https:\\\/\\\/bonsoleil.es\\\/es\\\/les-eleves-de-6eme-ont-visite-le-centre-destudis-del-mar-de-sitges\\\/#primaryimage\"},\"thumbnailUrl\":\"https:\\\/\\\/bonsoleil.es\\\/web\\\/wp-content\\\/uploads\\\/2024\\\/06\\\/3-14.jpg\",\"articleSection\":[\"6\u00e8me\",\"Secondaire\"],\"inLanguage\":\"es\"},{\"@type\":\"WebPage\",\"@id\":\"https:\\\/\\\/bonsoleil.es\\\/es\\\/les-eleves-de-6eme-ont-visite-le-centre-destudis-del-mar-de-sitges\\\/\",\"url\":\"https:\\\/\\\/bonsoleil.es\\\/es\\\/les-eleves-de-6eme-ont-visite-le-centre-destudis-del-mar-de-sitges\\\/\",\"name\":\"Les \u00e9l\u00e8ves de 6\u00e8me ont visit\u00e9 le \u00abCentre d\u2019Estudis del Mar\u00bb de Sitges - Lyc\u00e9e International Barcelona \u00b7 Bon Soleil\",\"isPartOf\":{\"@id\":\"https:\\\/\\\/bonsoleil.es\\\/es\\\/#website\"},\"primaryImageOfPage\":{\"@id\":\"https:\\\/\\\/bonsoleil.es\\\/es\\\/les-eleves-de-6eme-ont-visite-le-centre-destudis-del-mar-de-sitges\\\/#primaryimage\"},\"image\":{\"@id\":\"https:\\\/\\\/bonsoleil.es\\\/es\\\/les-eleves-de-6eme-ont-visite-le-centre-destudis-del-mar-de-sitges\\\/#primaryimage\"},\"thumbnailUrl\":\"https:\\\/\\\/bonsoleil.es\\\/web\\\/wp-content\\\/uploads\\\/2024\\\/06\\\/3-14.jpg\",\"datePublished\":\"2024-06-17T11:12:56+00:00\",\"dateModified\":\"2024-06-20T11:13:11+00:00\",\"author\":{\"@id\":\"https:\\\/\\\/bonsoleil.es\\\/es\\\/#\\\/schema\\\/person\\\/f90f9175af4fad9c626fd2873bc546ec\"},\"breadcrumb\":{\"@id\":\"https:\\\/\\\/bonsoleil.es\\\/es\\\/les-eleves-de-6eme-ont-visite-le-centre-destudis-del-mar-de-sitges\\\/#breadcrumb\"},\"inLanguage\":\"es\",\"potentialAction\":[{\"@type\":\"ReadAction\",\"target\":[\"https:\\\/\\\/bonsoleil.es\\\/es\\\/les-eleves-de-6eme-ont-visite-le-centre-destudis-del-mar-de-sitges\\\/\"]}]},{\"@type\":\"ImageObject\",\"inLanguage\":\"es\",\"@id\":\"https:\\\/\\\/bonsoleil.es\\\/es\\\/les-eleves-de-6eme-ont-visite-le-centre-destudis-del-mar-de-sitges\\\/#primaryimage\",\"url\":\"https:\\\/\\\/bonsoleil.es\\\/web\\\/wp-content\\\/uploads\\\/2024\\\/06\\\/3-14.jpg\",\"contentUrl\":\"https:\\\/\\\/bonsoleil.es\\\/web\\\/wp-content\\\/uploads\\\/2024\\\/06\\\/3-14.jpg\",\"width\":1080,\"height\":1080},{\"@type\":\"BreadcrumbList\",\"@id\":\"https:\\\/\\\/bonsoleil.es\\\/es\\\/les-eleves-de-6eme-ont-visite-le-centre-destudis-del-mar-de-sitges\\\/#breadcrumb\",\"itemListElement\":[{\"@type\":\"ListItem\",\"position\":1,\"name\":\"Portada\",\"item\":\"https:\\\/\\\/bonsoleil.es\\\/es\\\/\"},{\"@type\":\"ListItem\",\"position\":2,\"name\":\"Les \u00e9l\u00e8ves de 6\u00e8me ont visit\u00e9 le \u00abCentre d\u2019Estudis del Mar\u00bb de Sitges\"}]},{\"@type\":\"WebSite\",\"@id\":\"https:\\\/\\\/bonsoleil.es\\\/es\\\/#website\",\"url\":\"https:\\\/\\\/bonsoleil.es\\\/es\\\/\",\"name\":\"Lyc\u00e9e International Barcelona \u00b7 Bon Soleil\",\"description\":\"Lyc\u00e9e International Barcelona\",\"potentialAction\":[{\"@type\":\"SearchAction\",\"target\":{\"@type\":\"EntryPoint\",\"urlTemplate\":\"https:\\\/\\\/bonsoleil.es\\\/es\\\/?s={search_term_string}\"},\"query-input\":{\"@type\":\"PropertyValueSpecification\",\"valueRequired\":true,\"valueName\":\"search_term_string\"}}],\"inLanguage\":\"es\"},{\"@type\":\"Person\",\"@id\":\"https:\\\/\\\/bonsoleil.es\\\/es\\\/#\\\/schema\\\/person\\\/f90f9175af4fad9c626fd2873bc546ec\",\"name\":\"libbs\",\"image\":{\"@type\":\"ImageObject\",\"inLanguage\":\"es\",\"@id\":\"https:\\\/\\\/bonsoleil.es\\\/web\\\/wp-content\\\/litespeed\\\/avatar\\\/6719caedb5831fa7538835120a8121f8.jpg?ver=1777037754\",\"url\":\"https:\\\/\\\/bonsoleil.es\\\/web\\\/wp-content\\\/litespeed\\\/avatar\\\/6719caedb5831fa7538835120a8121f8.jpg?ver=1777037754\",\"contentUrl\":\"https:\\\/\\\/bonsoleil.es\\\/web\\\/wp-content\\\/litespeed\\\/avatar\\\/6719caedb5831fa7538835120a8121f8.jpg?ver=1777037754\",\"caption\":\"libbs\"},\"sameAs\":[\"http:\\\/\\\/localhost\\\/bonsoleil\\\/new_web\"],\"url\":\"https:\\\/\\\/bonsoleil.es\\\/es\\\/author\\\/libbs\\\/\"}]}<\/script>\n<!-- \/ Yoast SEO plugin. -->","yoast_head_json":{"title":"Les \u00e9l\u00e8ves de 6\u00e8me ont visit\u00e9 le \u00abCentre d\u2019Estudis del Mar\u00bb de Sitges - Lyc\u00e9e International Barcelona \u00b7 Bon Soleil","robots":{"index":"index","follow":"follow","max-snippet":"max-snippet:-1","max-image-preview":"max-image-preview:large","max-video-preview":"max-video-preview:-1"},"canonical":"https:\/\/bonsoleil.es\/es\/les-eleves-de-6eme-ont-visite-le-centre-destudis-del-mar-de-sitges\/","og_locale":"es_ES","og_type":"article","og_title":"Les \u00e9l\u00e8ves de 6\u00e8me ont visit\u00e9 le \u00abCentre d\u2019Estudis del Mar\u00bb de Sitges - Lyc\u00e9e International Barcelona \u00b7 Bon Soleil","og_description":"L\u2019activit\u00e9 leur a permis de conna\u00eetre les caract\u00e9ristiques, fonctions vitales et milieux des organismes de la faune et la flore marine.","og_url":"https:\/\/bonsoleil.es\/es\/les-eleves-de-6eme-ont-visite-le-centre-destudis-del-mar-de-sitges\/","og_site_name":"Lyc\u00e9e International Barcelona \u00b7 Bon Soleil","article_publisher":"https:\/\/www.facebook.com\/libBonSoleil\/","article_published_time":"2024-06-17T11:12:56+00:00","article_modified_time":"2024-06-20T11:13:11+00:00","og_image":[{"width":1080,"height":1080,"url":"https:\/\/bonsoleil.es\/web\/wp-content\/uploads\/2024\/06\/3-14.jpg","type":"image\/jpeg"}],"author":"libbs","twitter_card":"summary_large_image","twitter_creator":"@lib_bonsoleil","twitter_site":"@lib_bonsoleil","twitter_misc":{"Escrito por":"libbs","Tiempo de lectura":"3 minutos"},"schema":{"@context":"https:\/\/schema.org","@graph":[{"@type":"Article","@id":"https:\/\/bonsoleil.es\/es\/les-eleves-de-6eme-ont-visite-le-centre-destudis-del-mar-de-sitges\/#article","isPartOf":{"@id":"https:\/\/bonsoleil.es\/es\/les-eleves-de-6eme-ont-visite-le-centre-destudis-del-mar-de-sitges\/"},"author":{"name":"libbs","@id":"https:\/\/bonsoleil.es\/es\/#\/schema\/person\/f90f9175af4fad9c626fd2873bc546ec"},"headline":"Les \u00e9l\u00e8ves de 6\u00e8me ont visit\u00e9 le \u00abCentre d\u2019Estudis del Mar\u00bb de Sitges","datePublished":"2024-06-17T11:12:56+00:00","dateModified":"2024-06-20T11:13:11+00:00","mainEntityOfPage":{"@id":"https:\/\/bonsoleil.es\/es\/les-eleves-de-6eme-ont-visite-le-centre-destudis-del-mar-de-sitges\/"},"wordCount":127,"image":{"@id":"https:\/\/bonsoleil.es\/es\/les-eleves-de-6eme-ont-visite-le-centre-destudis-del-mar-de-sitges\/#primaryimage"},"thumbnailUrl":"https:\/\/bonsoleil.es\/web\/wp-content\/uploads\/2024\/06\/3-14.jpg","articleSection":["6\u00e8me","Secondaire"],"inLanguage":"es"},{"@type":"WebPage","@id":"https:\/\/bonsoleil.es\/es\/les-eleves-de-6eme-ont-visite-le-centre-destudis-del-mar-de-sitges\/","url":"https:\/\/bonsoleil.es\/es\/les-eleves-de-6eme-ont-visite-le-centre-destudis-del-mar-de-sitges\/","name":"Les \u00e9l\u00e8ves de 6\u00e8me ont visit\u00e9 le \u00abCentre d\u2019Estudis del Mar\u00bb de Sitges - Lyc\u00e9e International Barcelona \u00b7 Bon Soleil","isPartOf":{"@id":"https:\/\/bonsoleil.es\/es\/#website"},"primaryImageOfPage":{"@id":"https:\/\/bonsoleil.es\/es\/les-eleves-de-6eme-ont-visite-le-centre-destudis-del-mar-de-sitges\/#primaryimage"},"image":{"@id":"https:\/\/bonsoleil.es\/es\/les-eleves-de-6eme-ont-visite-le-centre-destudis-del-mar-de-sitges\/#primaryimage"},"thumbnailUrl":"https:\/\/bonsoleil.es\/web\/wp-content\/uploads\/2024\/06\/3-14.jpg","datePublished":"2024-06-17T11:12:56+00:00","dateModified":"2024-06-20T11:13:11+00:00","author":{"@id":"https:\/\/bonsoleil.es\/es\/#\/schema\/person\/f90f9175af4fad9c626fd2873bc546ec"},"breadcrumb":{"@id":"https:\/\/bonsoleil.es\/es\/les-eleves-de-6eme-ont-visite-le-centre-destudis-del-mar-de-sitges\/#breadcrumb"},"inLanguage":"es","potentialAction":[{"@type":"ReadAction","target":["https:\/\/bonsoleil.es\/es\/les-eleves-de-6eme-ont-visite-le-centre-destudis-del-mar-de-sitges\/"]}]},{"@type":"ImageObject","inLanguage":"es","@id":"https:\/\/bonsoleil.es\/es\/les-eleves-de-6eme-ont-visite-le-centre-destudis-del-mar-de-sitges\/#primaryimage","url":"https:\/\/bonsoleil.es\/web\/wp-content\/uploads\/2024\/06\/3-14.jpg","contentUrl":"https:\/\/bonsoleil.es\/web\/wp-content\/uploads\/2024\/06\/3-14.jpg","width":1080,"height":1080},{"@type":"BreadcrumbList","@id":"https:\/\/bonsoleil.es\/es\/les-eleves-de-6eme-ont-visite-le-centre-destudis-del-mar-de-sitges\/#breadcrumb","itemListElement":[{"@type":"ListItem","position":1,"name":"Portada","item":"https:\/\/bonsoleil.es\/es\/"},{"@type":"ListItem","position":2,"name":"Les \u00e9l\u00e8ves de 6\u00e8me ont visit\u00e9 le \u00abCentre d\u2019Estudis del Mar\u00bb de Sitges"}]},{"@type":"WebSite","@id":"https:\/\/bonsoleil.es\/es\/#website","url":"https:\/\/bonsoleil.es\/es\/","name":"Lyc\u00e9e International Barcelona \u00b7 Bon Soleil","description":"Lyc\u00e9e International Barcelona","potentialAction":[{"@type":"SearchAction","target":{"@type":"EntryPoint","urlTemplate":"https:\/\/bonsoleil.es\/es\/?s={search_term_string}"},"query-input":{"@type":"PropertyValueSpecification","valueRequired":true,"valueName":"search_term_string"}}],"inLanguage":"es"},{"@type":"Person","@id":"https:\/\/bonsoleil.es\/es\/#\/schema\/person\/f90f9175af4fad9c626fd2873bc546ec","name":"libbs","image":{"@type":"ImageObject","inLanguage":"es","@id":"https:\/\/bonsoleil.es\/web\/wp-content\/litespeed\/avatar\/6719caedb5831fa7538835120a8121f8.jpg?ver=1777037754","url":"https:\/\/bonsoleil.es\/web\/wp-content\/litespeed\/avatar\/6719caedb5831fa7538835120a8121f8.jpg?ver=1777037754","contentUrl":"https:\/\/bonsoleil.es\/web\/wp-content\/litespeed\/avatar\/6719caedb5831fa7538835120a8121f8.jpg?ver=1777037754","caption":"libbs"},"sameAs":["http:\/\/localhost\/bonsoleil\/new_web"],"url":"https:\/\/bonsoleil.es\/es\/author\/libbs\/"}]}},"_links":{"self":[{"href":"https:\/\/bonsoleil.es\/es\/wp-json\/wp\/v2\/posts\/127678","targetHints":{"allow":["GET"]}}],"collection":[{"href":"https:\/\/bonsoleil.es\/es\/wp-json\/wp\/v2\/posts"}],"about":[{"href":"https:\/\/bonsoleil.es\/es\/wp-json\/wp\/v2\/types\/post"}],"author":[{"embeddable":true,"href":"https:\/\/bonsoleil.es\/es\/wp-json\/wp\/v2\/users\/1"}],"replies":[{"embeddable":true,"href":"https:\/\/bonsoleil.es\/es\/wp-json\/wp\/v2\/comments?post=127678"}],"version-history":[{"count":1,"href":"https:\/\/bonsoleil.es\/es\/wp-json\/wp\/v2\/posts\/127678\/revisions"}],"predecessor-version":[{"id":127711,"href":"https:\/\/bonsoleil.es\/es\/wp-json\/wp\/v2\/posts\/127678\/revisions\/127711"}],"wp:featuredmedia":[{"embeddable":true,"href":"https:\/\/bonsoleil.es\/es\/wp-json\/wp\/v2\/media\/127687"}],"wp:attachment":[{"href":"https:\/\/bonsoleil.es\/es\/wp-json\/wp\/v2\/media?parent=127678"}],"wp:term":[{"taxonomy":"category","embeddable":true,"href":"https:\/\/bonsoleil.es\/es\/wp-json\/wp\/v2\/categories?post=127678"},{"taxonomy":"post_tag","embeddable":true,"href":"https:\/\/bonsoleil.es\/es\/wp-json\/wp\/v2\/tags?post=127678"}],"curies":[{"name":"wp","href":"https:\/\/api.w.org\/{rel}","templated":true}]}}