{"id":134953,"date":"2024-12-09T16:26:35","date_gmt":"2024-12-09T15:26:35","guid":{"rendered":"https:\/\/bonsoleil.es\/?p=134953"},"modified":"2024-12-09T16:26:37","modified_gmt":"2024-12-09T15:26:37","slug":"voyage-musical-quotidien-pour-nos-eleves","status":"publish","type":"post","link":"https:\/\/bonsoleil.es\/es\/voyage-musical-quotidien-pour-nos-eleves\/","title":{"rendered":"Voyage musical quotidien pour nos \u00e9l\u00e8ves"},"content":{"rendered":"\n<p>Chaque jour, les \u00e9l\u00e8ves de CE2B d\u00e9couvrent un nouvel univers musical \u00e0 travers une s\u00e9lection vari\u00e9e&nbsp;: musique classique, op\u00e9ra, vari\u00e9t\u00e9 fran\u00e7aise et internationale. En ce d\u00e9but d\u2019ann\u00e9e, les morceaux sont choisis parmi les tr\u00e9sors europ\u00e9ens, mais au fil des mois, nous explorerons les musiques des autres continents, offrant aux \u00e9l\u00e8ves un v\u00e9ritable tour du monde sonore.<\/p>\n\n\n\n<p>Apr\u00e8s chaque \u00e9coute, chaque \u00e9l\u00e8ve note ses impressions sur une feuille d\u00e9di\u00e9e, indiquant s\u2019il a aim\u00e9 ou non le morceau du jour. Ce moment musical quotidien est une belle occasion d\u2019ouvrir leur esprit, d\u2019enrichir leur culture, et de d\u00e9velopper une sensibilit\u00e9 musicale qui les accompagnera longtemps.<\/p>\n\n\n\n<p>Suivez leurs d\u00e9couvertes musicales pour voyager avec eux&nbsp;!<\/p>\n\n\n\n<p><strong>Viaje musical diario para nuestros alumnos<\/strong><\/p>\n\n\n\n<p>Cada d\u00eda, los alumnos de CE2B descubren un nuevo universo musical a trav\u00e9s de una selecci\u00f3n variada: m\u00fasica cl\u00e1sica, \u00f3pera, y canciones de variedad francesa e internacional. En este inicio de a\u00f1o, las piezas elegidas son tesoros europeos, pero a lo largo de los meses exploraremos la m\u00fasica de otros continentes, ofreciendo a los estudiantes un verdadero viaje sonoro por el mundo.<\/p>\n\n\n\n<p>Despu\u00e9s de cada escucha, cada alumno anota sus impresiones en una hoja dedicada, indicando si le ha gustado o no la pieza del d\u00eda. Este momento musical diario es una gran oportunidad para abrir su mente, enriquecer su cultura y desarrollar una sensibilidad musical que los acompa\u00f1ar\u00e1 por mucho tiempo.<\/p>\n\n\n\n<p>\u00a1Sigue sus descubrimientos musicales y viaja junto a ellos!<\/p>\n\n\n\n<figure class=\"wp-block-gallery has-nested-images columns-default is-cropped wp-block-gallery-1 is-layout-flex wp-block-gallery-is-layout-flex\">\n<figure class=\"wp-block-image size-full\"><img loading=\"lazy\" decoding=\"async\" width=\"1080\" height=\"1080\" data-id=\"134954\" src=\"https:\/\/bonsoleil.es\/web\/wp-content\/uploads\/2024\/12\/1-3.jpg\" alt=\"\" class=\"wp-image-134954\" srcset=\"https:\/\/bonsoleil.es\/web\/wp-content\/uploads\/2024\/12\/1-3.jpg 1080w, https:\/\/bonsoleil.es\/web\/wp-content\/uploads\/2024\/12\/1-3-250x250.jpg 250w, https:\/\/bonsoleil.es\/web\/wp-content\/uploads\/2024\/12\/1-3-700x700.jpg 700w, https:\/\/bonsoleil.es\/web\/wp-content\/uploads\/2024\/12\/1-3-150x150.jpg 150w, https:\/\/bonsoleil.es\/web\/wp-content\/uploads\/2024\/12\/1-3-768x768.jpg 768w, https:\/\/bonsoleil.es\/web\/wp-content\/uploads\/2024\/12\/1-3-120x120.jpg 120w\" sizes=\"auto, (max-width: 1080px) 100vw, 1080px\" \/><\/figure>\n\n\n\n<figure class=\"wp-block-image size-full\"><img loading=\"lazy\" decoding=\"async\" width=\"1080\" height=\"1080\" data-id=\"134958\" src=\"https:\/\/bonsoleil.es\/web\/wp-content\/uploads\/2024\/12\/2-3.jpg\" alt=\"\" class=\"wp-image-134958\" srcset=\"https:\/\/bonsoleil.es\/web\/wp-content\/uploads\/2024\/12\/2-3.jpg 1080w, https:\/\/bonsoleil.es\/web\/wp-content\/uploads\/2024\/12\/2-3-250x250.jpg 250w, https:\/\/bonsoleil.es\/web\/wp-content\/uploads\/2024\/12\/2-3-700x700.jpg 700w, https:\/\/bonsoleil.es\/web\/wp-content\/uploads\/2024\/12\/2-3-150x150.jpg 150w, https:\/\/bonsoleil.es\/web\/wp-content\/uploads\/2024\/12\/2-3-768x768.jpg 768w, https:\/\/bonsoleil.es\/web\/wp-content\/uploads\/2024\/12\/2-3-120x120.jpg 120w\" sizes=\"auto, (max-width: 1080px) 100vw, 1080px\" \/><\/figure>\n<\/figure>\n\n\n\n<p><\/p>\n","protected":false},"excerpt":{"rendered":"Chaque jour, les \u00e9l\u00e8ves de CE2B d\u00e9couvrent un nouvel univers musical \u00e0 travers une s\u00e9lection vari\u00e9e\u00a0: musique classique, op\u00e9ra, vari\u00e9t\u00e9 fran\u00e7aise et internationale. ","protected":false},"author":1,"featured_media":134954,"comment_status":"closed","ping_status":"open","sticky":false,"template":"","format":"standard","meta":{"_acf_changed":false,"rs_blank_template":"","rs_page_bg_color":"","slide_template_v7":"","footnotes":"","_links_to":"","_links_to_target":""},"categories":[24,14],"tags":[],"class_list":["post-134953","post","type-post","status-publish","format-standard","has-post-thumbnail","hentry","category-ce2","category-primaire"],"acf":[],"yoast_head":"<!-- This site is optimized with the Yoast SEO plugin v27.5 - https:\/\/yoast.com\/product\/yoast-seo-wordpress\/ -->\n<title>Voyage musical quotidien pour nos \u00e9l\u00e8ves - Lyc\u00e9e International Barcelona \u00b7 Bon Soleil<\/title>\n<meta name=\"robots\" content=\"index, follow, max-snippet:-1, max-image-preview:large, max-video-preview:-1\" \/>\n<link rel=\"canonical\" href=\"https:\/\/bonsoleil.es\/es\/voyage-musical-quotidien-pour-nos-eleves\/\" \/>\n<meta property=\"og:locale\" content=\"es_ES\" \/>\n<meta property=\"og:type\" content=\"article\" \/>\n<meta property=\"og:title\" content=\"Voyage musical quotidien pour nos \u00e9l\u00e8ves - Lyc\u00e9e International Barcelona \u00b7 Bon Soleil\" \/>\n<meta property=\"og:description\" content=\"Chaque jour, les \u00e9l\u00e8ves de CE2B d\u00e9couvrent un nouvel univers musical \u00e0 travers une s\u00e9lection vari\u00e9e\u00a0: musique classique, op\u00e9ra, vari\u00e9t\u00e9 fran\u00e7aise et internationale.\" \/>\n<meta property=\"og:url\" content=\"https:\/\/bonsoleil.es\/es\/voyage-musical-quotidien-pour-nos-eleves\/\" \/>\n<meta property=\"og:site_name\" content=\"Lyc\u00e9e International Barcelona \u00b7 Bon Soleil\" \/>\n<meta property=\"article:publisher\" content=\"https:\/\/www.facebook.com\/libBonSoleil\/\" \/>\n<meta property=\"article:published_time\" content=\"2024-12-09T15:26:35+00:00\" \/>\n<meta property=\"article:modified_time\" content=\"2024-12-09T15:26:37+00:00\" \/>\n<meta property=\"og:image\" content=\"https:\/\/bonsoleil.es\/web\/wp-content\/uploads\/2024\/12\/1-3.jpg\" \/>\n\t<meta property=\"og:image:width\" content=\"1080\" \/>\n\t<meta property=\"og:image:height\" content=\"1080\" \/>\n\t<meta property=\"og:image:type\" content=\"image\/jpeg\" \/>\n<meta name=\"author\" content=\"libbs\" \/>\n<meta name=\"twitter:card\" content=\"summary_large_image\" \/>\n<meta name=\"twitter:creator\" content=\"@lib_bonsoleil\" \/>\n<meta name=\"twitter:site\" content=\"@lib_bonsoleil\" \/>\n<meta name=\"twitter:label1\" content=\"Escrito por\" \/>\n\t<meta name=\"twitter:data1\" content=\"libbs\" \/>\n\t<meta name=\"twitter:label2\" content=\"Tiempo de lectura\" \/>\n\t<meta name=\"twitter:data2\" content=\"2 minutos\" \/>\n<script type=\"application\/ld+json\" class=\"yoast-schema-graph\">{\"@context\":\"https:\\\/\\\/schema.org\",\"@graph\":[{\"@type\":\"Article\",\"@id\":\"https:\\\/\\\/bonsoleil.es\\\/es\\\/voyage-musical-quotidien-pour-nos-eleves\\\/#article\",\"isPartOf\":{\"@id\":\"https:\\\/\\\/bonsoleil.es\\\/es\\\/voyage-musical-quotidien-pour-nos-eleves\\\/\"},\"author\":{\"name\":\"libbs\",\"@id\":\"https:\\\/\\\/bonsoleil.es\\\/es\\\/#\\\/schema\\\/person\\\/f90f9175af4fad9c626fd2873bc546ec\"},\"headline\":\"Voyage musical quotidien pour nos \u00e9l\u00e8ves\",\"datePublished\":\"2024-12-09T15:26:35+00:00\",\"dateModified\":\"2024-12-09T15:26:37+00:00\",\"mainEntityOfPage\":{\"@id\":\"https:\\\/\\\/bonsoleil.es\\\/es\\\/voyage-musical-quotidien-pour-nos-eleves\\\/\"},\"wordCount\":280,\"image\":{\"@id\":\"https:\\\/\\\/bonsoleil.es\\\/es\\\/voyage-musical-quotidien-pour-nos-eleves\\\/#primaryimage\"},\"thumbnailUrl\":\"https:\\\/\\\/bonsoleil.es\\\/web\\\/wp-content\\\/uploads\\\/2024\\\/12\\\/1-3.jpg\",\"articleSection\":[\"CE2\",\"Primaire\"],\"inLanguage\":\"es\"},{\"@type\":\"WebPage\",\"@id\":\"https:\\\/\\\/bonsoleil.es\\\/es\\\/voyage-musical-quotidien-pour-nos-eleves\\\/\",\"url\":\"https:\\\/\\\/bonsoleil.es\\\/es\\\/voyage-musical-quotidien-pour-nos-eleves\\\/\",\"name\":\"Voyage musical quotidien pour nos \u00e9l\u00e8ves - Lyc\u00e9e International Barcelona \u00b7 Bon Soleil\",\"isPartOf\":{\"@id\":\"https:\\\/\\\/bonsoleil.es\\\/es\\\/#website\"},\"primaryImageOfPage\":{\"@id\":\"https:\\\/\\\/bonsoleil.es\\\/es\\\/voyage-musical-quotidien-pour-nos-eleves\\\/#primaryimage\"},\"image\":{\"@id\":\"https:\\\/\\\/bonsoleil.es\\\/es\\\/voyage-musical-quotidien-pour-nos-eleves\\\/#primaryimage\"},\"thumbnailUrl\":\"https:\\\/\\\/bonsoleil.es\\\/web\\\/wp-content\\\/uploads\\\/2024\\\/12\\\/1-3.jpg\",\"datePublished\":\"2024-12-09T15:26:35+00:00\",\"dateModified\":\"2024-12-09T15:26:37+00:00\",\"author\":{\"@id\":\"https:\\\/\\\/bonsoleil.es\\\/es\\\/#\\\/schema\\\/person\\\/f90f9175af4fad9c626fd2873bc546ec\"},\"breadcrumb\":{\"@id\":\"https:\\\/\\\/bonsoleil.es\\\/es\\\/voyage-musical-quotidien-pour-nos-eleves\\\/#breadcrumb\"},\"inLanguage\":\"es\",\"potentialAction\":[{\"@type\":\"ReadAction\",\"target\":[\"https:\\\/\\\/bonsoleil.es\\\/es\\\/voyage-musical-quotidien-pour-nos-eleves\\\/\"]}]},{\"@type\":\"ImageObject\",\"inLanguage\":\"es\",\"@id\":\"https:\\\/\\\/bonsoleil.es\\\/es\\\/voyage-musical-quotidien-pour-nos-eleves\\\/#primaryimage\",\"url\":\"https:\\\/\\\/bonsoleil.es\\\/web\\\/wp-content\\\/uploads\\\/2024\\\/12\\\/1-3.jpg\",\"contentUrl\":\"https:\\\/\\\/bonsoleil.es\\\/web\\\/wp-content\\\/uploads\\\/2024\\\/12\\\/1-3.jpg\",\"width\":1080,\"height\":1080},{\"@type\":\"BreadcrumbList\",\"@id\":\"https:\\\/\\\/bonsoleil.es\\\/es\\\/voyage-musical-quotidien-pour-nos-eleves\\\/#breadcrumb\",\"itemListElement\":[{\"@type\":\"ListItem\",\"position\":1,\"name\":\"Portada\",\"item\":\"https:\\\/\\\/bonsoleil.es\\\/es\\\/\"},{\"@type\":\"ListItem\",\"position\":2,\"name\":\"Voyage musical quotidien pour nos \u00e9l\u00e8ves\"}]},{\"@type\":\"WebSite\",\"@id\":\"https:\\\/\\\/bonsoleil.es\\\/es\\\/#website\",\"url\":\"https:\\\/\\\/bonsoleil.es\\\/es\\\/\",\"name\":\"Lyc\u00e9e International Barcelona \u00b7 Bon Soleil\",\"description\":\"Lyc\u00e9e International Barcelona\",\"potentialAction\":[{\"@type\":\"SearchAction\",\"target\":{\"@type\":\"EntryPoint\",\"urlTemplate\":\"https:\\\/\\\/bonsoleil.es\\\/es\\\/?s={search_term_string}\"},\"query-input\":{\"@type\":\"PropertyValueSpecification\",\"valueRequired\":true,\"valueName\":\"search_term_string\"}}],\"inLanguage\":\"es\"},{\"@type\":\"Person\",\"@id\":\"https:\\\/\\\/bonsoleil.es\\\/es\\\/#\\\/schema\\\/person\\\/f90f9175af4fad9c626fd2873bc546ec\",\"name\":\"libbs\",\"image\":{\"@type\":\"ImageObject\",\"inLanguage\":\"es\",\"@id\":\"https:\\\/\\\/bonsoleil.es\\\/web\\\/wp-content\\\/litespeed\\\/avatar\\\/6719caedb5831fa7538835120a8121f8.jpg?ver=1777642571\",\"url\":\"https:\\\/\\\/bonsoleil.es\\\/web\\\/wp-content\\\/litespeed\\\/avatar\\\/6719caedb5831fa7538835120a8121f8.jpg?ver=1777642571\",\"contentUrl\":\"https:\\\/\\\/bonsoleil.es\\\/web\\\/wp-content\\\/litespeed\\\/avatar\\\/6719caedb5831fa7538835120a8121f8.jpg?ver=1777642571\",\"caption\":\"libbs\"},\"sameAs\":[\"http:\\\/\\\/localhost\\\/bonsoleil\\\/new_web\"],\"url\":\"https:\\\/\\\/bonsoleil.es\\\/es\\\/author\\\/libbs\\\/\"}]}<\/script>\n<!-- \/ Yoast SEO plugin. -->","yoast_head_json":{"title":"Voyage musical quotidien pour nos \u00e9l\u00e8ves - Lyc\u00e9e International Barcelona \u00b7 Bon Soleil","robots":{"index":"index","follow":"follow","max-snippet":"max-snippet:-1","max-image-preview":"max-image-preview:large","max-video-preview":"max-video-preview:-1"},"canonical":"https:\/\/bonsoleil.es\/es\/voyage-musical-quotidien-pour-nos-eleves\/","og_locale":"es_ES","og_type":"article","og_title":"Voyage musical quotidien pour nos \u00e9l\u00e8ves - Lyc\u00e9e International Barcelona \u00b7 Bon Soleil","og_description":"Chaque jour, les \u00e9l\u00e8ves de CE2B d\u00e9couvrent un nouvel univers musical \u00e0 travers une s\u00e9lection vari\u00e9e\u00a0: musique classique, op\u00e9ra, vari\u00e9t\u00e9 fran\u00e7aise et internationale.","og_url":"https:\/\/bonsoleil.es\/es\/voyage-musical-quotidien-pour-nos-eleves\/","og_site_name":"Lyc\u00e9e International Barcelona \u00b7 Bon Soleil","article_publisher":"https:\/\/www.facebook.com\/libBonSoleil\/","article_published_time":"2024-12-09T15:26:35+00:00","article_modified_time":"2024-12-09T15:26:37+00:00","og_image":[{"width":1080,"height":1080,"url":"https:\/\/bonsoleil.es\/web\/wp-content\/uploads\/2024\/12\/1-3.jpg","type":"image\/jpeg"}],"author":"libbs","twitter_card":"summary_large_image","twitter_creator":"@lib_bonsoleil","twitter_site":"@lib_bonsoleil","twitter_misc":{"Escrito por":"libbs","Tiempo de lectura":"2 minutos"},"schema":{"@context":"https:\/\/schema.org","@graph":[{"@type":"Article","@id":"https:\/\/bonsoleil.es\/es\/voyage-musical-quotidien-pour-nos-eleves\/#article","isPartOf":{"@id":"https:\/\/bonsoleil.es\/es\/voyage-musical-quotidien-pour-nos-eleves\/"},"author":{"name":"libbs","@id":"https:\/\/bonsoleil.es\/es\/#\/schema\/person\/f90f9175af4fad9c626fd2873bc546ec"},"headline":"Voyage musical quotidien pour nos \u00e9l\u00e8ves","datePublished":"2024-12-09T15:26:35+00:00","dateModified":"2024-12-09T15:26:37+00:00","mainEntityOfPage":{"@id":"https:\/\/bonsoleil.es\/es\/voyage-musical-quotidien-pour-nos-eleves\/"},"wordCount":280,"image":{"@id":"https:\/\/bonsoleil.es\/es\/voyage-musical-quotidien-pour-nos-eleves\/#primaryimage"},"thumbnailUrl":"https:\/\/bonsoleil.es\/web\/wp-content\/uploads\/2024\/12\/1-3.jpg","articleSection":["CE2","Primaire"],"inLanguage":"es"},{"@type":"WebPage","@id":"https:\/\/bonsoleil.es\/es\/voyage-musical-quotidien-pour-nos-eleves\/","url":"https:\/\/bonsoleil.es\/es\/voyage-musical-quotidien-pour-nos-eleves\/","name":"Voyage musical quotidien pour nos \u00e9l\u00e8ves - Lyc\u00e9e International Barcelona \u00b7 Bon Soleil","isPartOf":{"@id":"https:\/\/bonsoleil.es\/es\/#website"},"primaryImageOfPage":{"@id":"https:\/\/bonsoleil.es\/es\/voyage-musical-quotidien-pour-nos-eleves\/#primaryimage"},"image":{"@id":"https:\/\/bonsoleil.es\/es\/voyage-musical-quotidien-pour-nos-eleves\/#primaryimage"},"thumbnailUrl":"https:\/\/bonsoleil.es\/web\/wp-content\/uploads\/2024\/12\/1-3.jpg","datePublished":"2024-12-09T15:26:35+00:00","dateModified":"2024-12-09T15:26:37+00:00","author":{"@id":"https:\/\/bonsoleil.es\/es\/#\/schema\/person\/f90f9175af4fad9c626fd2873bc546ec"},"breadcrumb":{"@id":"https:\/\/bonsoleil.es\/es\/voyage-musical-quotidien-pour-nos-eleves\/#breadcrumb"},"inLanguage":"es","potentialAction":[{"@type":"ReadAction","target":["https:\/\/bonsoleil.es\/es\/voyage-musical-quotidien-pour-nos-eleves\/"]}]},{"@type":"ImageObject","inLanguage":"es","@id":"https:\/\/bonsoleil.es\/es\/voyage-musical-quotidien-pour-nos-eleves\/#primaryimage","url":"https:\/\/bonsoleil.es\/web\/wp-content\/uploads\/2024\/12\/1-3.jpg","contentUrl":"https:\/\/bonsoleil.es\/web\/wp-content\/uploads\/2024\/12\/1-3.jpg","width":1080,"height":1080},{"@type":"BreadcrumbList","@id":"https:\/\/bonsoleil.es\/es\/voyage-musical-quotidien-pour-nos-eleves\/#breadcrumb","itemListElement":[{"@type":"ListItem","position":1,"name":"Portada","item":"https:\/\/bonsoleil.es\/es\/"},{"@type":"ListItem","position":2,"name":"Voyage musical quotidien pour nos \u00e9l\u00e8ves"}]},{"@type":"WebSite","@id":"https:\/\/bonsoleil.es\/es\/#website","url":"https:\/\/bonsoleil.es\/es\/","name":"Lyc\u00e9e International Barcelona \u00b7 Bon Soleil","description":"Lyc\u00e9e International Barcelona","potentialAction":[{"@type":"SearchAction","target":{"@type":"EntryPoint","urlTemplate":"https:\/\/bonsoleil.es\/es\/?s={search_term_string}"},"query-input":{"@type":"PropertyValueSpecification","valueRequired":true,"valueName":"search_term_string"}}],"inLanguage":"es"},{"@type":"Person","@id":"https:\/\/bonsoleil.es\/es\/#\/schema\/person\/f90f9175af4fad9c626fd2873bc546ec","name":"libbs","image":{"@type":"ImageObject","inLanguage":"es","@id":"https:\/\/bonsoleil.es\/web\/wp-content\/litespeed\/avatar\/6719caedb5831fa7538835120a8121f8.jpg?ver=1777642571","url":"https:\/\/bonsoleil.es\/web\/wp-content\/litespeed\/avatar\/6719caedb5831fa7538835120a8121f8.jpg?ver=1777642571","contentUrl":"https:\/\/bonsoleil.es\/web\/wp-content\/litespeed\/avatar\/6719caedb5831fa7538835120a8121f8.jpg?ver=1777642571","caption":"libbs"},"sameAs":["http:\/\/localhost\/bonsoleil\/new_web"],"url":"https:\/\/bonsoleil.es\/es\/author\/libbs\/"}]}},"_links":{"self":[{"href":"https:\/\/bonsoleil.es\/es\/wp-json\/wp\/v2\/posts\/134953","targetHints":{"allow":["GET"]}}],"collection":[{"href":"https:\/\/bonsoleil.es\/es\/wp-json\/wp\/v2\/posts"}],"about":[{"href":"https:\/\/bonsoleil.es\/es\/wp-json\/wp\/v2\/types\/post"}],"author":[{"embeddable":true,"href":"https:\/\/bonsoleil.es\/es\/wp-json\/wp\/v2\/users\/1"}],"replies":[{"embeddable":true,"href":"https:\/\/bonsoleil.es\/es\/wp-json\/wp\/v2\/comments?post=134953"}],"version-history":[{"count":1,"href":"https:\/\/bonsoleil.es\/es\/wp-json\/wp\/v2\/posts\/134953\/revisions"}],"predecessor-version":[{"id":134962,"href":"https:\/\/bonsoleil.es\/es\/wp-json\/wp\/v2\/posts\/134953\/revisions\/134962"}],"wp:featuredmedia":[{"embeddable":true,"href":"https:\/\/bonsoleil.es\/es\/wp-json\/wp\/v2\/media\/134954"}],"wp:attachment":[{"href":"https:\/\/bonsoleil.es\/es\/wp-json\/wp\/v2\/media?parent=134953"}],"wp:term":[{"taxonomy":"category","embeddable":true,"href":"https:\/\/bonsoleil.es\/es\/wp-json\/wp\/v2\/categories?post=134953"},{"taxonomy":"post_tag","embeddable":true,"href":"https:\/\/bonsoleil.es\/es\/wp-json\/wp\/v2\/tags?post=134953"}],"curies":[{"name":"wp","href":"https:\/\/api.w.org\/{rel}","templated":true}]}}