{"id":135620,"date":"2025-01-10T14:43:28","date_gmt":"2025-01-10T13:43:28","guid":{"rendered":"https:\/\/bonsoleil.es\/?p=135620"},"modified":"2025-01-10T14:43:36","modified_gmt":"2025-01-10T13:43:36","slug":"world-press-photo-3","status":"publish","type":"post","link":"https:\/\/bonsoleil.es\/es\/world-press-photo-3\/","title":{"rendered":"World Press Photo"},"content":{"rendered":"\n<p>La visite de l\u2019exposition du World Press Photo a inaugur\u00e9 un projet interdisciplinaire centr\u00e9 sur le th\u00e8me de la photographie. Les quatre classes de 3\u00e8me se sont rendues au CCCB de Barcelone pour d\u00e9couvrir les photographies prim\u00e9es du c\u00e9l\u00e8bre concours de photojournalisme, qui retrace les \u00e9v\u00e9nements marquants de l\u2019ann\u00e9e 2023. Au cours de cette visite, les \u00e9l\u00e8ves ont \u00e9t\u00e9 sensibilis\u00e9s \u00e0 des probl\u00e9matiques contemporaines telles que les crises migratoires, les enjeux environnementaux et les conflits arm\u00e9s. Ce premier contact avec la puissance \u00e9vocatrice de l\u2019image sera le point de d\u00e9part d\u2019une r\u00e9flexion plus approfondie qu\u2019ils devront mener tout au long du deuxi\u00e8me trimestre, en pr\u00e9paration de leur projet final de L\u2019EPI, qui sera pr\u00e9sent\u00e9 en mai.<\/p>\n\n\n\n<p>\u2026<\/p>\n\n\n\n<p>La visita a la exposici\u00f3n del World Press Photo inaugur\u00f3 un proyecto interdisciplinario centrado en el tema de la fotograf\u00eda. Las cuatro clases de 3\u00e8me se desplazaron al CCCB de Barcelona para descubrir las fotograf\u00edas premiadas del famoso concurso de fotoperiodismo, que retrata los acontecimientos m\u00e1s destacados del a\u00f1o 2023. Durante esta visita, los alumnos tomaron conciencia de problem\u00e1ticas contempor\u00e1neas como las crisis migratorias, los retos medioambientales y los conflictos armados. Este primer contacto con el poder evocador de la imagen ser\u00e1 el punto de partida para una reflexi\u00f3n m\u00e1s profunda que llevar\u00e1n a cabo a lo largo del segundo trimestre, en preparaci\u00f3n para su proyecto final del EPI, que ser\u00e1 presentado en mayo.<\/p>\n\n\n\n<figure class=\"wp-block-gallery has-nested-images columns-default is-cropped wp-block-gallery-1 is-layout-flex wp-block-gallery-is-layout-flex\">\n<figure class=\"wp-block-image size-full\"><img loading=\"lazy\" decoding=\"async\" width=\"1080\" height=\"1080\" data-id=\"135621\" src=\"https:\/\/bonsoleil.es\/web\/wp-content\/uploads\/2025\/01\/1.jpg\" alt=\"\" class=\"wp-image-135621\" srcset=\"https:\/\/bonsoleil.es\/web\/wp-content\/uploads\/2025\/01\/1.jpg 1080w, https:\/\/bonsoleil.es\/web\/wp-content\/uploads\/2025\/01\/1-250x250.jpg 250w, https:\/\/bonsoleil.es\/web\/wp-content\/uploads\/2025\/01\/1-700x700.jpg 700w, https:\/\/bonsoleil.es\/web\/wp-content\/uploads\/2025\/01\/1-150x150.jpg 150w, https:\/\/bonsoleil.es\/web\/wp-content\/uploads\/2025\/01\/1-768x768.jpg 768w, https:\/\/bonsoleil.es\/web\/wp-content\/uploads\/2025\/01\/1-120x120.jpg 120w\" sizes=\"auto, (max-width: 1080px) 100vw, 1080px\" \/><\/figure>\n\n\n\n<figure class=\"wp-block-image size-full\"><img loading=\"lazy\" decoding=\"async\" width=\"1080\" height=\"1080\" data-id=\"135625\" src=\"https:\/\/bonsoleil.es\/web\/wp-content\/uploads\/2025\/01\/2.jpg\" alt=\"\" class=\"wp-image-135625\" srcset=\"https:\/\/bonsoleil.es\/web\/wp-content\/uploads\/2025\/01\/2.jpg 1080w, https:\/\/bonsoleil.es\/web\/wp-content\/uploads\/2025\/01\/2-250x250.jpg 250w, https:\/\/bonsoleil.es\/web\/wp-content\/uploads\/2025\/01\/2-700x700.jpg 700w, https:\/\/bonsoleil.es\/web\/wp-content\/uploads\/2025\/01\/2-150x150.jpg 150w, https:\/\/bonsoleil.es\/web\/wp-content\/uploads\/2025\/01\/2-768x768.jpg 768w, https:\/\/bonsoleil.es\/web\/wp-content\/uploads\/2025\/01\/2-120x120.jpg 120w\" sizes=\"auto, (max-width: 1080px) 100vw, 1080px\" \/><\/figure>\n\n\n\n<figure class=\"wp-block-image size-full\"><img loading=\"lazy\" decoding=\"async\" width=\"1080\" height=\"1080\" data-id=\"135629\" src=\"https:\/\/bonsoleil.es\/web\/wp-content\/uploads\/2025\/01\/3.jpg\" alt=\"\" class=\"wp-image-135629\" srcset=\"https:\/\/bonsoleil.es\/web\/wp-content\/uploads\/2025\/01\/3.jpg 1080w, https:\/\/bonsoleil.es\/web\/wp-content\/uploads\/2025\/01\/3-250x250.jpg 250w, https:\/\/bonsoleil.es\/web\/wp-content\/uploads\/2025\/01\/3-700x700.jpg 700w, https:\/\/bonsoleil.es\/web\/wp-content\/uploads\/2025\/01\/3-150x150.jpg 150w, https:\/\/bonsoleil.es\/web\/wp-content\/uploads\/2025\/01\/3-768x768.jpg 768w, https:\/\/bonsoleil.es\/web\/wp-content\/uploads\/2025\/01\/3-120x120.jpg 120w\" sizes=\"auto, (max-width: 1080px) 100vw, 1080px\" \/><\/figure>\n<\/figure>\n","protected":false},"excerpt":{"rendered":"La visite de l\u2019exposition du World Press Photo a inaugur\u00e9 un projet interdisciplinaire centr\u00e9 sur le th\u00e8me de la photographie. ","protected":false},"author":1,"featured_media":135621,"comment_status":"closed","ping_status":"open","sticky":false,"template":"","format":"standard","meta":{"_acf_changed":false,"rs_blank_template":"","rs_page_bg_color":"","slide_template_v7":"","footnotes":"","_links_to":"","_links_to_target":""},"categories":[12,9],"tags":[],"class_list":["post-135620","post","type-post","status-publish","format-standard","has-post-thumbnail","hentry","category-3eme","category-secondaire"],"acf":[],"yoast_head":"<!-- This site is optimized with the Yoast SEO plugin v27.5 - https:\/\/yoast.com\/product\/yoast-seo-wordpress\/ -->\n<title>World Press Photo - Lyc\u00e9e International Barcelona \u00b7 Bon Soleil<\/title>\n<meta name=\"robots\" content=\"index, follow, max-snippet:-1, max-image-preview:large, max-video-preview:-1\" \/>\n<link rel=\"canonical\" href=\"https:\/\/bonsoleil.es\/es\/world-press-photo-3\/\" \/>\n<meta property=\"og:locale\" content=\"es_ES\" \/>\n<meta property=\"og:type\" content=\"article\" \/>\n<meta property=\"og:title\" content=\"World Press Photo - Lyc\u00e9e International Barcelona \u00b7 Bon Soleil\" \/>\n<meta property=\"og:description\" content=\"La visite de l\u2019exposition du World Press Photo a inaugur\u00e9 un projet interdisciplinaire centr\u00e9 sur le th\u00e8me de la photographie.\" \/>\n<meta property=\"og:url\" content=\"https:\/\/bonsoleil.es\/es\/world-press-photo-3\/\" \/>\n<meta property=\"og:site_name\" content=\"Lyc\u00e9e International Barcelona \u00b7 Bon Soleil\" \/>\n<meta property=\"article:publisher\" content=\"https:\/\/www.facebook.com\/libBonSoleil\/\" \/>\n<meta property=\"article:published_time\" content=\"2025-01-10T13:43:28+00:00\" \/>\n<meta property=\"article:modified_time\" content=\"2025-01-10T13:43:36+00:00\" \/>\n<meta property=\"og:image\" content=\"https:\/\/bonsoleil.es\/web\/wp-content\/uploads\/2025\/01\/1.jpg\" \/>\n\t<meta property=\"og:image:width\" content=\"1080\" \/>\n\t<meta property=\"og:image:height\" content=\"1080\" \/>\n\t<meta property=\"og:image:type\" content=\"image\/jpeg\" \/>\n<meta name=\"author\" content=\"libbs\" \/>\n<meta name=\"twitter:card\" content=\"summary_large_image\" \/>\n<meta name=\"twitter:creator\" content=\"@lib_bonsoleil\" \/>\n<meta name=\"twitter:site\" content=\"@lib_bonsoleil\" \/>\n<meta name=\"twitter:label1\" content=\"Escrito por\" \/>\n\t<meta name=\"twitter:data1\" content=\"libbs\" \/>\n\t<meta name=\"twitter:label2\" content=\"Tiempo de lectura\" \/>\n\t<meta name=\"twitter:data2\" content=\"2 minutos\" \/>\n<script type=\"application\/ld+json\" class=\"yoast-schema-graph\">{\"@context\":\"https:\\\/\\\/schema.org\",\"@graph\":[{\"@type\":\"Article\",\"@id\":\"https:\\\/\\\/bonsoleil.es\\\/es\\\/world-press-photo-3\\\/#article\",\"isPartOf\":{\"@id\":\"https:\\\/\\\/bonsoleil.es\\\/es\\\/world-press-photo-3\\\/\"},\"author\":{\"name\":\"libbs\",\"@id\":\"https:\\\/\\\/bonsoleil.es\\\/es\\\/#\\\/schema\\\/person\\\/f90f9175af4fad9c626fd2873bc546ec\"},\"headline\":\"World Press Photo\",\"datePublished\":\"2025-01-10T13:43:28+00:00\",\"dateModified\":\"2025-01-10T13:43:36+00:00\",\"mainEntityOfPage\":{\"@id\":\"https:\\\/\\\/bonsoleil.es\\\/es\\\/world-press-photo-3\\\/\"},\"wordCount\":263,\"image\":{\"@id\":\"https:\\\/\\\/bonsoleil.es\\\/es\\\/world-press-photo-3\\\/#primaryimage\"},\"thumbnailUrl\":\"https:\\\/\\\/bonsoleil.es\\\/web\\\/wp-content\\\/uploads\\\/2025\\\/01\\\/1.jpg\",\"articleSection\":[\"3\u00e8me\",\"Secondaire\"],\"inLanguage\":\"es\"},{\"@type\":\"WebPage\",\"@id\":\"https:\\\/\\\/bonsoleil.es\\\/es\\\/world-press-photo-3\\\/\",\"url\":\"https:\\\/\\\/bonsoleil.es\\\/es\\\/world-press-photo-3\\\/\",\"name\":\"World Press Photo - Lyc\u00e9e International Barcelona \u00b7 Bon Soleil\",\"isPartOf\":{\"@id\":\"https:\\\/\\\/bonsoleil.es\\\/es\\\/#website\"},\"primaryImageOfPage\":{\"@id\":\"https:\\\/\\\/bonsoleil.es\\\/es\\\/world-press-photo-3\\\/#primaryimage\"},\"image\":{\"@id\":\"https:\\\/\\\/bonsoleil.es\\\/es\\\/world-press-photo-3\\\/#primaryimage\"},\"thumbnailUrl\":\"https:\\\/\\\/bonsoleil.es\\\/web\\\/wp-content\\\/uploads\\\/2025\\\/01\\\/1.jpg\",\"datePublished\":\"2025-01-10T13:43:28+00:00\",\"dateModified\":\"2025-01-10T13:43:36+00:00\",\"author\":{\"@id\":\"https:\\\/\\\/bonsoleil.es\\\/es\\\/#\\\/schema\\\/person\\\/f90f9175af4fad9c626fd2873bc546ec\"},\"breadcrumb\":{\"@id\":\"https:\\\/\\\/bonsoleil.es\\\/es\\\/world-press-photo-3\\\/#breadcrumb\"},\"inLanguage\":\"es\",\"potentialAction\":[{\"@type\":\"ReadAction\",\"target\":[\"https:\\\/\\\/bonsoleil.es\\\/es\\\/world-press-photo-3\\\/\"]}]},{\"@type\":\"ImageObject\",\"inLanguage\":\"es\",\"@id\":\"https:\\\/\\\/bonsoleil.es\\\/es\\\/world-press-photo-3\\\/#primaryimage\",\"url\":\"https:\\\/\\\/bonsoleil.es\\\/web\\\/wp-content\\\/uploads\\\/2025\\\/01\\\/1.jpg\",\"contentUrl\":\"https:\\\/\\\/bonsoleil.es\\\/web\\\/wp-content\\\/uploads\\\/2025\\\/01\\\/1.jpg\",\"width\":1080,\"height\":1080},{\"@type\":\"BreadcrumbList\",\"@id\":\"https:\\\/\\\/bonsoleil.es\\\/es\\\/world-press-photo-3\\\/#breadcrumb\",\"itemListElement\":[{\"@type\":\"ListItem\",\"position\":1,\"name\":\"Portada\",\"item\":\"https:\\\/\\\/bonsoleil.es\\\/es\\\/\"},{\"@type\":\"ListItem\",\"position\":2,\"name\":\"World Press Photo\"}]},{\"@type\":\"WebSite\",\"@id\":\"https:\\\/\\\/bonsoleil.es\\\/es\\\/#website\",\"url\":\"https:\\\/\\\/bonsoleil.es\\\/es\\\/\",\"name\":\"Lyc\u00e9e International Barcelona \u00b7 Bon Soleil\",\"description\":\"Lyc\u00e9e International Barcelona\",\"potentialAction\":[{\"@type\":\"SearchAction\",\"target\":{\"@type\":\"EntryPoint\",\"urlTemplate\":\"https:\\\/\\\/bonsoleil.es\\\/es\\\/?s={search_term_string}\"},\"query-input\":{\"@type\":\"PropertyValueSpecification\",\"valueRequired\":true,\"valueName\":\"search_term_string\"}}],\"inLanguage\":\"es\"},{\"@type\":\"Person\",\"@id\":\"https:\\\/\\\/bonsoleil.es\\\/es\\\/#\\\/schema\\\/person\\\/f90f9175af4fad9c626fd2873bc546ec\",\"name\":\"libbs\",\"image\":{\"@type\":\"ImageObject\",\"inLanguage\":\"es\",\"@id\":\"https:\\\/\\\/bonsoleil.es\\\/web\\\/wp-content\\\/litespeed\\\/avatar\\\/6719caedb5831fa7538835120a8121f8.jpg?ver=1777037754\",\"url\":\"https:\\\/\\\/bonsoleil.es\\\/web\\\/wp-content\\\/litespeed\\\/avatar\\\/6719caedb5831fa7538835120a8121f8.jpg?ver=1777037754\",\"contentUrl\":\"https:\\\/\\\/bonsoleil.es\\\/web\\\/wp-content\\\/litespeed\\\/avatar\\\/6719caedb5831fa7538835120a8121f8.jpg?ver=1777037754\",\"caption\":\"libbs\"},\"sameAs\":[\"http:\\\/\\\/localhost\\\/bonsoleil\\\/new_web\"],\"url\":\"https:\\\/\\\/bonsoleil.es\\\/es\\\/author\\\/libbs\\\/\"}]}<\/script>\n<!-- \/ Yoast SEO plugin. -->","yoast_head_json":{"title":"World Press Photo - Lyc\u00e9e International Barcelona \u00b7 Bon Soleil","robots":{"index":"index","follow":"follow","max-snippet":"max-snippet:-1","max-image-preview":"max-image-preview:large","max-video-preview":"max-video-preview:-1"},"canonical":"https:\/\/bonsoleil.es\/es\/world-press-photo-3\/","og_locale":"es_ES","og_type":"article","og_title":"World Press Photo - Lyc\u00e9e International Barcelona \u00b7 Bon Soleil","og_description":"La visite de l\u2019exposition du World Press Photo a inaugur\u00e9 un projet interdisciplinaire centr\u00e9 sur le th\u00e8me de la photographie.","og_url":"https:\/\/bonsoleil.es\/es\/world-press-photo-3\/","og_site_name":"Lyc\u00e9e International Barcelona \u00b7 Bon Soleil","article_publisher":"https:\/\/www.facebook.com\/libBonSoleil\/","article_published_time":"2025-01-10T13:43:28+00:00","article_modified_time":"2025-01-10T13:43:36+00:00","og_image":[{"width":1080,"height":1080,"url":"https:\/\/bonsoleil.es\/web\/wp-content\/uploads\/2025\/01\/1.jpg","type":"image\/jpeg"}],"author":"libbs","twitter_card":"summary_large_image","twitter_creator":"@lib_bonsoleil","twitter_site":"@lib_bonsoleil","twitter_misc":{"Escrito por":"libbs","Tiempo de lectura":"2 minutos"},"schema":{"@context":"https:\/\/schema.org","@graph":[{"@type":"Article","@id":"https:\/\/bonsoleil.es\/es\/world-press-photo-3\/#article","isPartOf":{"@id":"https:\/\/bonsoleil.es\/es\/world-press-photo-3\/"},"author":{"name":"libbs","@id":"https:\/\/bonsoleil.es\/es\/#\/schema\/person\/f90f9175af4fad9c626fd2873bc546ec"},"headline":"World Press Photo","datePublished":"2025-01-10T13:43:28+00:00","dateModified":"2025-01-10T13:43:36+00:00","mainEntityOfPage":{"@id":"https:\/\/bonsoleil.es\/es\/world-press-photo-3\/"},"wordCount":263,"image":{"@id":"https:\/\/bonsoleil.es\/es\/world-press-photo-3\/#primaryimage"},"thumbnailUrl":"https:\/\/bonsoleil.es\/web\/wp-content\/uploads\/2025\/01\/1.jpg","articleSection":["3\u00e8me","Secondaire"],"inLanguage":"es"},{"@type":"WebPage","@id":"https:\/\/bonsoleil.es\/es\/world-press-photo-3\/","url":"https:\/\/bonsoleil.es\/es\/world-press-photo-3\/","name":"World Press Photo - Lyc\u00e9e International Barcelona \u00b7 Bon Soleil","isPartOf":{"@id":"https:\/\/bonsoleil.es\/es\/#website"},"primaryImageOfPage":{"@id":"https:\/\/bonsoleil.es\/es\/world-press-photo-3\/#primaryimage"},"image":{"@id":"https:\/\/bonsoleil.es\/es\/world-press-photo-3\/#primaryimage"},"thumbnailUrl":"https:\/\/bonsoleil.es\/web\/wp-content\/uploads\/2025\/01\/1.jpg","datePublished":"2025-01-10T13:43:28+00:00","dateModified":"2025-01-10T13:43:36+00:00","author":{"@id":"https:\/\/bonsoleil.es\/es\/#\/schema\/person\/f90f9175af4fad9c626fd2873bc546ec"},"breadcrumb":{"@id":"https:\/\/bonsoleil.es\/es\/world-press-photo-3\/#breadcrumb"},"inLanguage":"es","potentialAction":[{"@type":"ReadAction","target":["https:\/\/bonsoleil.es\/es\/world-press-photo-3\/"]}]},{"@type":"ImageObject","inLanguage":"es","@id":"https:\/\/bonsoleil.es\/es\/world-press-photo-3\/#primaryimage","url":"https:\/\/bonsoleil.es\/web\/wp-content\/uploads\/2025\/01\/1.jpg","contentUrl":"https:\/\/bonsoleil.es\/web\/wp-content\/uploads\/2025\/01\/1.jpg","width":1080,"height":1080},{"@type":"BreadcrumbList","@id":"https:\/\/bonsoleil.es\/es\/world-press-photo-3\/#breadcrumb","itemListElement":[{"@type":"ListItem","position":1,"name":"Portada","item":"https:\/\/bonsoleil.es\/es\/"},{"@type":"ListItem","position":2,"name":"World Press Photo"}]},{"@type":"WebSite","@id":"https:\/\/bonsoleil.es\/es\/#website","url":"https:\/\/bonsoleil.es\/es\/","name":"Lyc\u00e9e International Barcelona \u00b7 Bon Soleil","description":"Lyc\u00e9e International Barcelona","potentialAction":[{"@type":"SearchAction","target":{"@type":"EntryPoint","urlTemplate":"https:\/\/bonsoleil.es\/es\/?s={search_term_string}"},"query-input":{"@type":"PropertyValueSpecification","valueRequired":true,"valueName":"search_term_string"}}],"inLanguage":"es"},{"@type":"Person","@id":"https:\/\/bonsoleil.es\/es\/#\/schema\/person\/f90f9175af4fad9c626fd2873bc546ec","name":"libbs","image":{"@type":"ImageObject","inLanguage":"es","@id":"https:\/\/bonsoleil.es\/web\/wp-content\/litespeed\/avatar\/6719caedb5831fa7538835120a8121f8.jpg?ver=1777037754","url":"https:\/\/bonsoleil.es\/web\/wp-content\/litespeed\/avatar\/6719caedb5831fa7538835120a8121f8.jpg?ver=1777037754","contentUrl":"https:\/\/bonsoleil.es\/web\/wp-content\/litespeed\/avatar\/6719caedb5831fa7538835120a8121f8.jpg?ver=1777037754","caption":"libbs"},"sameAs":["http:\/\/localhost\/bonsoleil\/new_web"],"url":"https:\/\/bonsoleil.es\/es\/author\/libbs\/"}]}},"_links":{"self":[{"href":"https:\/\/bonsoleil.es\/es\/wp-json\/wp\/v2\/posts\/135620","targetHints":{"allow":["GET"]}}],"collection":[{"href":"https:\/\/bonsoleil.es\/es\/wp-json\/wp\/v2\/posts"}],"about":[{"href":"https:\/\/bonsoleil.es\/es\/wp-json\/wp\/v2\/types\/post"}],"author":[{"embeddable":true,"href":"https:\/\/bonsoleil.es\/es\/wp-json\/wp\/v2\/users\/1"}],"replies":[{"embeddable":true,"href":"https:\/\/bonsoleil.es\/es\/wp-json\/wp\/v2\/comments?post=135620"}],"version-history":[{"count":1,"href":"https:\/\/bonsoleil.es\/es\/wp-json\/wp\/v2\/posts\/135620\/revisions"}],"predecessor-version":[{"id":135633,"href":"https:\/\/bonsoleil.es\/es\/wp-json\/wp\/v2\/posts\/135620\/revisions\/135633"}],"wp:featuredmedia":[{"embeddable":true,"href":"https:\/\/bonsoleil.es\/es\/wp-json\/wp\/v2\/media\/135621"}],"wp:attachment":[{"href":"https:\/\/bonsoleil.es\/es\/wp-json\/wp\/v2\/media?parent=135620"}],"wp:term":[{"taxonomy":"category","embeddable":true,"href":"https:\/\/bonsoleil.es\/es\/wp-json\/wp\/v2\/categories?post=135620"},{"taxonomy":"post_tag","embeddable":true,"href":"https:\/\/bonsoleil.es\/es\/wp-json\/wp\/v2\/tags?post=135620"}],"curies":[{"name":"wp","href":"https:\/\/api.w.org\/{rel}","templated":true}]}}