{"id":135941,"date":"2025-02-04T14:36:11","date_gmt":"2025-02-04T13:36:11","guid":{"rendered":"https:\/\/bonsoleil.es\/?p=135941"},"modified":"2025-02-04T14:37:37","modified_gmt":"2025-02-04T13:37:37","slug":"visita-al-parlament-de-catalunya","status":"publish","type":"post","link":"https:\/\/bonsoleil.es\/es\/visita-al-parlament-de-catalunya\/","title":{"rendered":"Visita al Parlament de Catalunya"},"content":{"rendered":"\n<p>VISITA AL PARLAMENT DE CATALUNYA: UNA EXPERI\u00c8NCIA DEMOCR\u00c0TICA<br>Com cada any, els alumnes de 3\u00e8me han participat en el projecte Soc diputat \/ Soc diputada, una iniciativa que els permet entendre de primera m\u00e0 el funcionament del Parlament de Catalunya. A trav\u00e9s d\u2019aquest projecte, han treballat valors essencials com la participaci\u00f3, el di\u00e0leg, el respecte, el consens i la votaci\u00f3, principis b\u00e0sics de qualsevol sistema democr\u00e0tic.<br>Durant les classes de catal\u00e0, han elaborat diverses propostes de govern sobre diferents \u00e0mbits, que han hagut de defensar a la seu del Parlament. Finalment, mitjan\u00e7ant una simulaci\u00f3 d\u2019investidura, han negociat, pactat i votat per escollir el nou President o la nova Presidenta de la Generalitat, vivint aix\u00ed una experi\u00e8ncia educativa i immersiva en la pol\u00edtica parlament\u00e0ria.<br>_<\/p>\n\n\n\n<p>VISITA AL PARLAMENTO DE CATALU\u00d1A: UNA EXPERIENCIA DEMOCR\u00c1TICA<br>Como cada a\u00f1o, los alumnos de 3\u00e8me han participado en el proyecto Soy diputado \/ Soy diputada, una iniciativa que les permite comprender de primera mano el funcionamiento del Parlamento de Catalu\u00f1a. A trav\u00e9s de este proyecto, han trabajado valores esenciales como la participaci\u00f3n, el di\u00e1logo, el respeto, el consenso y la votaci\u00f3n, principios fundamentales de cualquier sistema democr\u00e1tico.<br>Durante las clases de catal\u00e1n, han elaborado diversas propuestas de gobierno sobre distintos \u00e1mbitos, que luego han defendido en la sede del Parlamento. Finalmente, mediante una simulaci\u00f3n de investidura, han negociado, pactado y votado para elegir al nuevo Presidente o Presidenta de la Generalitat, viviendo as\u00ed una experiencia educativa e inmersiva en la pol\u00edtica parlamentaria.<\/p>\n\n\n\n<figure class=\"wp-block-gallery has-nested-images columns-default is-cropped wp-block-gallery-1 is-layout-flex wp-block-gallery-is-layout-flex\">\n<figure class=\"wp-block-image size-full\"><img loading=\"lazy\" decoding=\"async\" width=\"1080\" height=\"1350\" data-id=\"135942\" src=\"https:\/\/bonsoleil.es\/web\/wp-content\/uploads\/2025\/02\/1-2.jpg\" alt=\"\" class=\"wp-image-135942\" srcset=\"https:\/\/bonsoleil.es\/web\/wp-content\/uploads\/2025\/02\/1-2.jpg 1080w, https:\/\/bonsoleil.es\/web\/wp-content\/uploads\/2025\/02\/1-2-250x313.jpg 250w, https:\/\/bonsoleil.es\/web\/wp-content\/uploads\/2025\/02\/1-2-700x875.jpg 700w, https:\/\/bonsoleil.es\/web\/wp-content\/uploads\/2025\/02\/1-2-768x960.jpg 768w, https:\/\/bonsoleil.es\/web\/wp-content\/uploads\/2025\/02\/1-2-120x150.jpg 120w\" sizes=\"auto, (max-width: 1080px) 100vw, 1080px\" \/><\/figure>\n\n\n\n<figure class=\"wp-block-image size-full\"><img loading=\"lazy\" decoding=\"async\" width=\"1080\" height=\"1350\" data-id=\"135958\" src=\"https:\/\/bonsoleil.es\/web\/wp-content\/uploads\/2025\/02\/5-2.jpg\" alt=\"\" class=\"wp-image-135958\" srcset=\"https:\/\/bonsoleil.es\/web\/wp-content\/uploads\/2025\/02\/5-2.jpg 1080w, https:\/\/bonsoleil.es\/web\/wp-content\/uploads\/2025\/02\/5-2-250x313.jpg 250w, https:\/\/bonsoleil.es\/web\/wp-content\/uploads\/2025\/02\/5-2-700x875.jpg 700w, https:\/\/bonsoleil.es\/web\/wp-content\/uploads\/2025\/02\/5-2-768x960.jpg 768w, https:\/\/bonsoleil.es\/web\/wp-content\/uploads\/2025\/02\/5-2-120x150.jpg 120w\" sizes=\"auto, (max-width: 1080px) 100vw, 1080px\" \/><\/figure>\n\n\n\n<figure class=\"wp-block-image size-full\"><img loading=\"lazy\" decoding=\"async\" width=\"1080\" height=\"1350\" data-id=\"135946\" src=\"https:\/\/bonsoleil.es\/web\/wp-content\/uploads\/2025\/02\/2-2.jpg\" alt=\"\" class=\"wp-image-135946\" srcset=\"https:\/\/bonsoleil.es\/web\/wp-content\/uploads\/2025\/02\/2-2.jpg 1080w, https:\/\/bonsoleil.es\/web\/wp-content\/uploads\/2025\/02\/2-2-250x313.jpg 250w, https:\/\/bonsoleil.es\/web\/wp-content\/uploads\/2025\/02\/2-2-700x875.jpg 700w, https:\/\/bonsoleil.es\/web\/wp-content\/uploads\/2025\/02\/2-2-768x960.jpg 768w, https:\/\/bonsoleil.es\/web\/wp-content\/uploads\/2025\/02\/2-2-120x150.jpg 120w\" sizes=\"auto, (max-width: 1080px) 100vw, 1080px\" \/><\/figure>\n\n\n\n<figure class=\"wp-block-image size-full\"><img loading=\"lazy\" decoding=\"async\" width=\"1080\" height=\"1350\" data-id=\"135970\" src=\"https:\/\/bonsoleil.es\/web\/wp-content\/uploads\/2025\/02\/8-2.jpg\" alt=\"\" class=\"wp-image-135970\" srcset=\"https:\/\/bonsoleil.es\/web\/wp-content\/uploads\/2025\/02\/8-2.jpg 1080w, https:\/\/bonsoleil.es\/web\/wp-content\/uploads\/2025\/02\/8-2-250x313.jpg 250w, https:\/\/bonsoleil.es\/web\/wp-content\/uploads\/2025\/02\/8-2-700x875.jpg 700w, https:\/\/bonsoleil.es\/web\/wp-content\/uploads\/2025\/02\/8-2-768x960.jpg 768w, https:\/\/bonsoleil.es\/web\/wp-content\/uploads\/2025\/02\/8-2-120x150.jpg 120w\" sizes=\"auto, (max-width: 1080px) 100vw, 1080px\" \/><\/figure>\n\n\n\n<figure class=\"wp-block-image size-full\"><img loading=\"lazy\" decoding=\"async\" width=\"1080\" height=\"1350\" data-id=\"135966\" src=\"https:\/\/bonsoleil.es\/web\/wp-content\/uploads\/2025\/02\/7-2.jpg\" alt=\"\" class=\"wp-image-135966\" srcset=\"https:\/\/bonsoleil.es\/web\/wp-content\/uploads\/2025\/02\/7-2.jpg 1080w, https:\/\/bonsoleil.es\/web\/wp-content\/uploads\/2025\/02\/7-2-250x313.jpg 250w, https:\/\/bonsoleil.es\/web\/wp-content\/uploads\/2025\/02\/7-2-700x875.jpg 700w, https:\/\/bonsoleil.es\/web\/wp-content\/uploads\/2025\/02\/7-2-768x960.jpg 768w, https:\/\/bonsoleil.es\/web\/wp-content\/uploads\/2025\/02\/7-2-120x150.jpg 120w\" sizes=\"auto, (max-width: 1080px) 100vw, 1080px\" \/><\/figure>\n\n\n\n<figure class=\"wp-block-image size-full\"><img loading=\"lazy\" decoding=\"async\" width=\"1080\" height=\"1350\" data-id=\"135962\" src=\"https:\/\/bonsoleil.es\/web\/wp-content\/uploads\/2025\/02\/6-2.jpg\" alt=\"\" class=\"wp-image-135962\" srcset=\"https:\/\/bonsoleil.es\/web\/wp-content\/uploads\/2025\/02\/6-2.jpg 1080w, https:\/\/bonsoleil.es\/web\/wp-content\/uploads\/2025\/02\/6-2-250x313.jpg 250w, https:\/\/bonsoleil.es\/web\/wp-content\/uploads\/2025\/02\/6-2-700x875.jpg 700w, https:\/\/bonsoleil.es\/web\/wp-content\/uploads\/2025\/02\/6-2-768x960.jpg 768w, https:\/\/bonsoleil.es\/web\/wp-content\/uploads\/2025\/02\/6-2-120x150.jpg 120w\" sizes=\"auto, (max-width: 1080px) 100vw, 1080px\" \/><\/figure>\n\n\n\n<figure class=\"wp-block-image size-full\"><img loading=\"lazy\" decoding=\"async\" width=\"1080\" height=\"1350\" data-id=\"135954\" src=\"https:\/\/bonsoleil.es\/web\/wp-content\/uploads\/2025\/02\/4-2.jpg\" alt=\"\" class=\"wp-image-135954\" srcset=\"https:\/\/bonsoleil.es\/web\/wp-content\/uploads\/2025\/02\/4-2.jpg 1080w, https:\/\/bonsoleil.es\/web\/wp-content\/uploads\/2025\/02\/4-2-250x313.jpg 250w, https:\/\/bonsoleil.es\/web\/wp-content\/uploads\/2025\/02\/4-2-700x875.jpg 700w, https:\/\/bonsoleil.es\/web\/wp-content\/uploads\/2025\/02\/4-2-768x960.jpg 768w, https:\/\/bonsoleil.es\/web\/wp-content\/uploads\/2025\/02\/4-2-120x150.jpg 120w\" sizes=\"auto, (max-width: 1080px) 100vw, 1080px\" \/><\/figure>\n\n\n\n<figure class=\"wp-block-image size-full\"><img loading=\"lazy\" decoding=\"async\" width=\"1080\" height=\"1350\" data-id=\"135950\" src=\"https:\/\/bonsoleil.es\/web\/wp-content\/uploads\/2025\/02\/3-1.jpg\" alt=\"\" class=\"wp-image-135950\" srcset=\"https:\/\/bonsoleil.es\/web\/wp-content\/uploads\/2025\/02\/3-1.jpg 1080w, https:\/\/bonsoleil.es\/web\/wp-content\/uploads\/2025\/02\/3-1-250x313.jpg 250w, https:\/\/bonsoleil.es\/web\/wp-content\/uploads\/2025\/02\/3-1-700x875.jpg 700w, https:\/\/bonsoleil.es\/web\/wp-content\/uploads\/2025\/02\/3-1-768x960.jpg 768w, https:\/\/bonsoleil.es\/web\/wp-content\/uploads\/2025\/02\/3-1-120x150.jpg 120w\" sizes=\"auto, (max-width: 1080px) 100vw, 1080px\" \/><\/figure>\n<\/figure>\n","protected":false},"excerpt":{"rendered":"Com cada any, els alumnes de 3\u00e8me han participat en el projecte Soc diputat \/ Soc diputada, una iniciativa que els permet entendre de primera m\u00e0 el funcionament del Parlament de Catalunya. ","protected":false},"author":1,"featured_media":135942,"comment_status":"closed","ping_status":"open","sticky":false,"template":"","format":"standard","meta":{"_acf_changed":false,"rs_blank_template":"","rs_page_bg_color":"","slide_template_v7":"","footnotes":"","_links_to":"","_links_to_target":""},"categories":[12,9],"tags":[],"class_list":["post-135941","post","type-post","status-publish","format-standard","has-post-thumbnail","hentry","category-3eme","category-secondaire"],"acf":[],"yoast_head":"<!-- This site is optimized with the Yoast SEO plugin v27.4 - https:\/\/yoast.com\/product\/yoast-seo-wordpress\/ -->\n<title>Visita al Parlament de Catalunya - Lyc\u00e9e International Barcelona \u00b7 Bon Soleil<\/title>\n<meta name=\"robots\" content=\"index, follow, max-snippet:-1, max-image-preview:large, max-video-preview:-1\" \/>\n<link rel=\"canonical\" href=\"https:\/\/bonsoleil.es\/es\/visita-al-parlament-de-catalunya\/\" \/>\n<meta property=\"og:locale\" content=\"es_ES\" \/>\n<meta property=\"og:type\" content=\"article\" \/>\n<meta property=\"og:title\" content=\"Visita al Parlament de Catalunya - Lyc\u00e9e International Barcelona \u00b7 Bon Soleil\" \/>\n<meta property=\"og:description\" content=\"Com cada any, els alumnes de 3\u00e8me han participat en el projecte Soc diputat \/ Soc diputada, una iniciativa que els permet entendre de primera m\u00e0 el funcionament del Parlament de Catalunya.\" \/>\n<meta property=\"og:url\" content=\"https:\/\/bonsoleil.es\/es\/visita-al-parlament-de-catalunya\/\" \/>\n<meta property=\"og:site_name\" content=\"Lyc\u00e9e International Barcelona \u00b7 Bon Soleil\" \/>\n<meta property=\"article:publisher\" content=\"https:\/\/www.facebook.com\/libBonSoleil\/\" \/>\n<meta property=\"article:published_time\" content=\"2025-02-04T13:36:11+00:00\" \/>\n<meta property=\"article:modified_time\" content=\"2025-02-04T13:37:37+00:00\" \/>\n<meta property=\"og:image\" content=\"https:\/\/bonsoleil.es\/web\/wp-content\/uploads\/2025\/02\/1-2.jpg\" \/>\n\t<meta property=\"og:image:width\" content=\"1080\" \/>\n\t<meta property=\"og:image:height\" content=\"1350\" \/>\n\t<meta property=\"og:image:type\" content=\"image\/jpeg\" \/>\n<meta name=\"author\" content=\"libbs\" \/>\n<meta name=\"twitter:card\" content=\"summary_large_image\" \/>\n<meta name=\"twitter:creator\" content=\"@lib_bonsoleil\" \/>\n<meta name=\"twitter:site\" content=\"@lib_bonsoleil\" \/>\n<meta name=\"twitter:label1\" content=\"Escrito por\" \/>\n\t<meta name=\"twitter:data1\" content=\"libbs\" \/>\n\t<meta name=\"twitter:label2\" content=\"Tiempo de lectura\" \/>\n\t<meta name=\"twitter:data2\" content=\"3 minutos\" \/>\n<script type=\"application\/ld+json\" class=\"yoast-schema-graph\">{\"@context\":\"https:\\\/\\\/schema.org\",\"@graph\":[{\"@type\":\"Article\",\"@id\":\"https:\\\/\\\/bonsoleil.es\\\/es\\\/visita-al-parlament-de-catalunya\\\/#article\",\"isPartOf\":{\"@id\":\"https:\\\/\\\/bonsoleil.es\\\/es\\\/visita-al-parlament-de-catalunya\\\/\"},\"author\":{\"name\":\"libbs\",\"@id\":\"https:\\\/\\\/bonsoleil.es\\\/es\\\/#\\\/schema\\\/person\\\/f90f9175af4fad9c626fd2873bc546ec\"},\"headline\":\"Visita al Parlament de Catalunya\",\"datePublished\":\"2025-02-04T13:36:11+00:00\",\"dateModified\":\"2025-02-04T13:37:37+00:00\",\"mainEntityOfPage\":{\"@id\":\"https:\\\/\\\/bonsoleil.es\\\/es\\\/visita-al-parlament-de-catalunya\\\/\"},\"wordCount\":270,\"image\":{\"@id\":\"https:\\\/\\\/bonsoleil.es\\\/es\\\/visita-al-parlament-de-catalunya\\\/#primaryimage\"},\"thumbnailUrl\":\"https:\\\/\\\/bonsoleil.es\\\/web\\\/wp-content\\\/uploads\\\/2025\\\/02\\\/1-2.jpg\",\"articleSection\":[\"3\u00e8me\",\"Secondaire\"],\"inLanguage\":\"es\"},{\"@type\":\"WebPage\",\"@id\":\"https:\\\/\\\/bonsoleil.es\\\/es\\\/visita-al-parlament-de-catalunya\\\/\",\"url\":\"https:\\\/\\\/bonsoleil.es\\\/es\\\/visita-al-parlament-de-catalunya\\\/\",\"name\":\"Visita al Parlament de Catalunya - Lyc\u00e9e International Barcelona \u00b7 Bon Soleil\",\"isPartOf\":{\"@id\":\"https:\\\/\\\/bonsoleil.es\\\/es\\\/#website\"},\"primaryImageOfPage\":{\"@id\":\"https:\\\/\\\/bonsoleil.es\\\/es\\\/visita-al-parlament-de-catalunya\\\/#primaryimage\"},\"image\":{\"@id\":\"https:\\\/\\\/bonsoleil.es\\\/es\\\/visita-al-parlament-de-catalunya\\\/#primaryimage\"},\"thumbnailUrl\":\"https:\\\/\\\/bonsoleil.es\\\/web\\\/wp-content\\\/uploads\\\/2025\\\/02\\\/1-2.jpg\",\"datePublished\":\"2025-02-04T13:36:11+00:00\",\"dateModified\":\"2025-02-04T13:37:37+00:00\",\"author\":{\"@id\":\"https:\\\/\\\/bonsoleil.es\\\/es\\\/#\\\/schema\\\/person\\\/f90f9175af4fad9c626fd2873bc546ec\"},\"breadcrumb\":{\"@id\":\"https:\\\/\\\/bonsoleil.es\\\/es\\\/visita-al-parlament-de-catalunya\\\/#breadcrumb\"},\"inLanguage\":\"es\",\"potentialAction\":[{\"@type\":\"ReadAction\",\"target\":[\"https:\\\/\\\/bonsoleil.es\\\/es\\\/visita-al-parlament-de-catalunya\\\/\"]}]},{\"@type\":\"ImageObject\",\"inLanguage\":\"es\",\"@id\":\"https:\\\/\\\/bonsoleil.es\\\/es\\\/visita-al-parlament-de-catalunya\\\/#primaryimage\",\"url\":\"https:\\\/\\\/bonsoleil.es\\\/web\\\/wp-content\\\/uploads\\\/2025\\\/02\\\/1-2.jpg\",\"contentUrl\":\"https:\\\/\\\/bonsoleil.es\\\/web\\\/wp-content\\\/uploads\\\/2025\\\/02\\\/1-2.jpg\",\"width\":1080,\"height\":1350},{\"@type\":\"BreadcrumbList\",\"@id\":\"https:\\\/\\\/bonsoleil.es\\\/es\\\/visita-al-parlament-de-catalunya\\\/#breadcrumb\",\"itemListElement\":[{\"@type\":\"ListItem\",\"position\":1,\"name\":\"Portada\",\"item\":\"https:\\\/\\\/bonsoleil.es\\\/es\\\/\"},{\"@type\":\"ListItem\",\"position\":2,\"name\":\"Visita al Parlament de Catalunya\"}]},{\"@type\":\"WebSite\",\"@id\":\"https:\\\/\\\/bonsoleil.es\\\/es\\\/#website\",\"url\":\"https:\\\/\\\/bonsoleil.es\\\/es\\\/\",\"name\":\"Lyc\u00e9e International Barcelona \u00b7 Bon Soleil\",\"description\":\"Lyc\u00e9e International Barcelona\",\"potentialAction\":[{\"@type\":\"SearchAction\",\"target\":{\"@type\":\"EntryPoint\",\"urlTemplate\":\"https:\\\/\\\/bonsoleil.es\\\/es\\\/?s={search_term_string}\"},\"query-input\":{\"@type\":\"PropertyValueSpecification\",\"valueRequired\":true,\"valueName\":\"search_term_string\"}}],\"inLanguage\":\"es\"},{\"@type\":\"Person\",\"@id\":\"https:\\\/\\\/bonsoleil.es\\\/es\\\/#\\\/schema\\\/person\\\/f90f9175af4fad9c626fd2873bc546ec\",\"name\":\"libbs\",\"image\":{\"@type\":\"ImageObject\",\"inLanguage\":\"es\",\"@id\":\"https:\\\/\\\/bonsoleil.es\\\/web\\\/wp-content\\\/litespeed\\\/avatar\\\/6719caedb5831fa7538835120a8121f8.jpg?ver=1777037754\",\"url\":\"https:\\\/\\\/bonsoleil.es\\\/web\\\/wp-content\\\/litespeed\\\/avatar\\\/6719caedb5831fa7538835120a8121f8.jpg?ver=1777037754\",\"contentUrl\":\"https:\\\/\\\/bonsoleil.es\\\/web\\\/wp-content\\\/litespeed\\\/avatar\\\/6719caedb5831fa7538835120a8121f8.jpg?ver=1777037754\",\"caption\":\"libbs\"},\"sameAs\":[\"http:\\\/\\\/localhost\\\/bonsoleil\\\/new_web\"],\"url\":\"https:\\\/\\\/bonsoleil.es\\\/es\\\/author\\\/libbs\\\/\"}]}<\/script>\n<!-- \/ Yoast SEO plugin. -->","yoast_head_json":{"title":"Visita al Parlament de Catalunya - Lyc\u00e9e International Barcelona \u00b7 Bon Soleil","robots":{"index":"index","follow":"follow","max-snippet":"max-snippet:-1","max-image-preview":"max-image-preview:large","max-video-preview":"max-video-preview:-1"},"canonical":"https:\/\/bonsoleil.es\/es\/visita-al-parlament-de-catalunya\/","og_locale":"es_ES","og_type":"article","og_title":"Visita al Parlament de Catalunya - Lyc\u00e9e International Barcelona \u00b7 Bon Soleil","og_description":"Com cada any, els alumnes de 3\u00e8me han participat en el projecte Soc diputat \/ Soc diputada, una iniciativa que els permet entendre de primera m\u00e0 el funcionament del Parlament de Catalunya.","og_url":"https:\/\/bonsoleil.es\/es\/visita-al-parlament-de-catalunya\/","og_site_name":"Lyc\u00e9e International Barcelona \u00b7 Bon Soleil","article_publisher":"https:\/\/www.facebook.com\/libBonSoleil\/","article_published_time":"2025-02-04T13:36:11+00:00","article_modified_time":"2025-02-04T13:37:37+00:00","og_image":[{"width":1080,"height":1350,"url":"https:\/\/bonsoleil.es\/web\/wp-content\/uploads\/2025\/02\/1-2.jpg","type":"image\/jpeg"}],"author":"libbs","twitter_card":"summary_large_image","twitter_creator":"@lib_bonsoleil","twitter_site":"@lib_bonsoleil","twitter_misc":{"Escrito por":"libbs","Tiempo de lectura":"3 minutos"},"schema":{"@context":"https:\/\/schema.org","@graph":[{"@type":"Article","@id":"https:\/\/bonsoleil.es\/es\/visita-al-parlament-de-catalunya\/#article","isPartOf":{"@id":"https:\/\/bonsoleil.es\/es\/visita-al-parlament-de-catalunya\/"},"author":{"name":"libbs","@id":"https:\/\/bonsoleil.es\/es\/#\/schema\/person\/f90f9175af4fad9c626fd2873bc546ec"},"headline":"Visita al Parlament de Catalunya","datePublished":"2025-02-04T13:36:11+00:00","dateModified":"2025-02-04T13:37:37+00:00","mainEntityOfPage":{"@id":"https:\/\/bonsoleil.es\/es\/visita-al-parlament-de-catalunya\/"},"wordCount":270,"image":{"@id":"https:\/\/bonsoleil.es\/es\/visita-al-parlament-de-catalunya\/#primaryimage"},"thumbnailUrl":"https:\/\/bonsoleil.es\/web\/wp-content\/uploads\/2025\/02\/1-2.jpg","articleSection":["3\u00e8me","Secondaire"],"inLanguage":"es"},{"@type":"WebPage","@id":"https:\/\/bonsoleil.es\/es\/visita-al-parlament-de-catalunya\/","url":"https:\/\/bonsoleil.es\/es\/visita-al-parlament-de-catalunya\/","name":"Visita al Parlament de Catalunya - Lyc\u00e9e International Barcelona \u00b7 Bon Soleil","isPartOf":{"@id":"https:\/\/bonsoleil.es\/es\/#website"},"primaryImageOfPage":{"@id":"https:\/\/bonsoleil.es\/es\/visita-al-parlament-de-catalunya\/#primaryimage"},"image":{"@id":"https:\/\/bonsoleil.es\/es\/visita-al-parlament-de-catalunya\/#primaryimage"},"thumbnailUrl":"https:\/\/bonsoleil.es\/web\/wp-content\/uploads\/2025\/02\/1-2.jpg","datePublished":"2025-02-04T13:36:11+00:00","dateModified":"2025-02-04T13:37:37+00:00","author":{"@id":"https:\/\/bonsoleil.es\/es\/#\/schema\/person\/f90f9175af4fad9c626fd2873bc546ec"},"breadcrumb":{"@id":"https:\/\/bonsoleil.es\/es\/visita-al-parlament-de-catalunya\/#breadcrumb"},"inLanguage":"es","potentialAction":[{"@type":"ReadAction","target":["https:\/\/bonsoleil.es\/es\/visita-al-parlament-de-catalunya\/"]}]},{"@type":"ImageObject","inLanguage":"es","@id":"https:\/\/bonsoleil.es\/es\/visita-al-parlament-de-catalunya\/#primaryimage","url":"https:\/\/bonsoleil.es\/web\/wp-content\/uploads\/2025\/02\/1-2.jpg","contentUrl":"https:\/\/bonsoleil.es\/web\/wp-content\/uploads\/2025\/02\/1-2.jpg","width":1080,"height":1350},{"@type":"BreadcrumbList","@id":"https:\/\/bonsoleil.es\/es\/visita-al-parlament-de-catalunya\/#breadcrumb","itemListElement":[{"@type":"ListItem","position":1,"name":"Portada","item":"https:\/\/bonsoleil.es\/es\/"},{"@type":"ListItem","position":2,"name":"Visita al Parlament de Catalunya"}]},{"@type":"WebSite","@id":"https:\/\/bonsoleil.es\/es\/#website","url":"https:\/\/bonsoleil.es\/es\/","name":"Lyc\u00e9e International Barcelona \u00b7 Bon Soleil","description":"Lyc\u00e9e International Barcelona","potentialAction":[{"@type":"SearchAction","target":{"@type":"EntryPoint","urlTemplate":"https:\/\/bonsoleil.es\/es\/?s={search_term_string}"},"query-input":{"@type":"PropertyValueSpecification","valueRequired":true,"valueName":"search_term_string"}}],"inLanguage":"es"},{"@type":"Person","@id":"https:\/\/bonsoleil.es\/es\/#\/schema\/person\/f90f9175af4fad9c626fd2873bc546ec","name":"libbs","image":{"@type":"ImageObject","inLanguage":"es","@id":"https:\/\/bonsoleil.es\/web\/wp-content\/litespeed\/avatar\/6719caedb5831fa7538835120a8121f8.jpg?ver=1777037754","url":"https:\/\/bonsoleil.es\/web\/wp-content\/litespeed\/avatar\/6719caedb5831fa7538835120a8121f8.jpg?ver=1777037754","contentUrl":"https:\/\/bonsoleil.es\/web\/wp-content\/litespeed\/avatar\/6719caedb5831fa7538835120a8121f8.jpg?ver=1777037754","caption":"libbs"},"sameAs":["http:\/\/localhost\/bonsoleil\/new_web"],"url":"https:\/\/bonsoleil.es\/es\/author\/libbs\/"}]}},"_links":{"self":[{"href":"https:\/\/bonsoleil.es\/es\/wp-json\/wp\/v2\/posts\/135941","targetHints":{"allow":["GET"]}}],"collection":[{"href":"https:\/\/bonsoleil.es\/es\/wp-json\/wp\/v2\/posts"}],"about":[{"href":"https:\/\/bonsoleil.es\/es\/wp-json\/wp\/v2\/types\/post"}],"author":[{"embeddable":true,"href":"https:\/\/bonsoleil.es\/es\/wp-json\/wp\/v2\/users\/1"}],"replies":[{"embeddable":true,"href":"https:\/\/bonsoleil.es\/es\/wp-json\/wp\/v2\/comments?post=135941"}],"version-history":[{"count":1,"href":"https:\/\/bonsoleil.es\/es\/wp-json\/wp\/v2\/posts\/135941\/revisions"}],"predecessor-version":[{"id":135974,"href":"https:\/\/bonsoleil.es\/es\/wp-json\/wp\/v2\/posts\/135941\/revisions\/135974"}],"wp:featuredmedia":[{"embeddable":true,"href":"https:\/\/bonsoleil.es\/es\/wp-json\/wp\/v2\/media\/135942"}],"wp:attachment":[{"href":"https:\/\/bonsoleil.es\/es\/wp-json\/wp\/v2\/media?parent=135941"}],"wp:term":[{"taxonomy":"category","embeddable":true,"href":"https:\/\/bonsoleil.es\/es\/wp-json\/wp\/v2\/categories?post=135941"},{"taxonomy":"post_tag","embeddable":true,"href":"https:\/\/bonsoleil.es\/es\/wp-json\/wp\/v2\/tags?post=135941"}],"curies":[{"name":"wp","href":"https:\/\/api.w.org\/{rel}","templated":true}]}}