{"id":136107,"date":"2025-02-06T10:48:25","date_gmt":"2025-02-06T09:48:25","guid":{"rendered":"https:\/\/bonsoleil.es\/?p=136107"},"modified":"2025-02-06T10:48:27","modified_gmt":"2025-02-06T09:48:27","slug":"talent-a-les-aules-2025","status":"publish","type":"post","link":"https:\/\/bonsoleil.es\/es\/talent-a-les-aules-2025\/","title":{"rendered":"Talent a les aules 2025"},"content":{"rendered":"\n<p>Bonjour, nous sommes Sacha Mezange et Tiago Santos de 2nde D, finalistes du projet \u00abGav\u00e0 Talent a les Aules\u00bb.<\/p>\n\n\n\n<p>La phase pr\u00e9liminaire du projet \u00e9tait que des bin\u00f4mes de l&#8217;\u00e9cole \u00e9tablissent chacun un projet concernant le d\u00e9veloppement d&#8217;un nouveau concept. Pour notre part, nous avons choisi comme id\u00e9e des bracelets connect\u00e9s, dans le but d&#8217;aider les non-voyants \u00e0 se d\u00e9placer plus ais\u00e9ment, et de remplacer leurs cannes. Nous sommes tr\u00e8s satisfaits, \u00e9tant donn\u00e9 que notre projet a \u00e9t\u00e9 d\u00e9sign\u00e9 le meilleur de notre \u00e9cole et sera donc concurrent de la phase finale.<\/p>\n\n\n\n<p>La phase finale consiste \u00e0 d\u00e9velopper plus intens\u00e9ment notre id\u00e9e, et \u00e0 la pr\u00e9senter \u00e0 un jury sp\u00e9cialis\u00e9 dans le domaine de l&#8217;entreprise. Nous serons en comp\u00e9tition contre les gagnants de chaque \u00e9cole.<\/p>\n\n\n\n<p>En attendant, nous serons aid\u00e9s de nos mentors, qui participeront \u00e0 notre d\u00e9veloppement, pour nous fournir une aide pr\u00e9cieuse.<\/p>\n\n\n\n<p>Nous esp\u00e9rons repr\u00e9senter le mieux possible notre \u00e9cole.<\/p>\n\n\n\n<p>\u2026<\/p>\n\n\n\n<p>Hola, somos Sacha Mezange y Tiago Santos de 2nde D, finalistas del proyecto \u00abGav\u00e0 Talent a les Aules\u00bb.<\/p>\n\n\n\n<p>La fase preliminar del proyecto consisti\u00f3 en que parejas de alumnos de la escuela desarrollaran un proyecto basado en un nuevo concepto. En nuestro caso, elegimos la idea de unas pulseras conectadas con el objetivo de ayudar a las personas invidentes a desplazarse con mayor facilidad y sustituir sus bastones. Estamos muy satisfechos, ya que nuestro proyecto ha sido elegido como el mejor de nuestra escuela y, por lo tanto, competir\u00e1 en la fase final.<\/p>\n\n\n\n<p>La fase final consiste en desarrollar nuestra idea de manera m\u00e1s profunda y presentarla ante un jurado especializado en el \u00e1mbito empresarial. Competiremos contra los ganadores de cada escuela.<\/p>\n\n\n\n<p>Mientras tanto, contaremos con la ayuda de nuestros mentores, quienes participar\u00e1n en nuestro desarrollo y nos brindar\u00e1n un apoyo invaluable.<\/p>\n\n\n\n<p>Esperamos representar de la mejor manera posible a nuestra escuela.<\/p>\n\n\n\n<figure class=\"wp-block-image size-full\"><a href=\"https:\/\/bonsoleil.es\/web\/wp-content\/uploads\/2025\/02\/IMG_5607-scaled.jpeg\"><img loading=\"lazy\" decoding=\"async\" width=\"2560\" height=\"1920\" src=\"https:\/\/bonsoleil.es\/web\/wp-content\/uploads\/2025\/02\/IMG_5607-scaled.jpeg\" alt=\"\" class=\"wp-image-136108\" srcset=\"https:\/\/bonsoleil.es\/web\/wp-content\/uploads\/2025\/02\/IMG_5607-scaled.jpeg 2560w, https:\/\/bonsoleil.es\/web\/wp-content\/uploads\/2025\/02\/IMG_5607-250x188.jpeg 250w, https:\/\/bonsoleil.es\/web\/wp-content\/uploads\/2025\/02\/IMG_5607-700x525.jpeg 700w, https:\/\/bonsoleil.es\/web\/wp-content\/uploads\/2025\/02\/IMG_5607-768x576.jpeg 768w, https:\/\/bonsoleil.es\/web\/wp-content\/uploads\/2025\/02\/IMG_5607-1536x1152.jpeg 1536w, https:\/\/bonsoleil.es\/web\/wp-content\/uploads\/2025\/02\/IMG_5607-2048x1536.jpeg 2048w, https:\/\/bonsoleil.es\/web\/wp-content\/uploads\/2025\/02\/IMG_5607-120x90.jpeg 120w\" sizes=\"auto, (max-width: 2560px) 100vw, 2560px\" \/><\/a><\/figure>\n","protected":false},"excerpt":{"rendered":"Bonjour, nous sommes Sacha Mezange et Tiago Santos de 2nde D, finalistes du projet \u00abGav\u00e0 Talent a les Aules\u00bb.","protected":false},"author":1,"featured_media":136108,"comment_status":"closed","ping_status":"open","sticky":false,"template":"","format":"standard","meta":{"_acf_changed":false,"rs_blank_template":"","rs_page_bg_color":"","slide_template_v7":"","footnotes":"","_links_to":"","_links_to_target":""},"categories":[11,9],"tags":[],"class_list":["post-136107","post","type-post","status-publish","format-standard","has-post-thumbnail","hentry","category-2nde","category-secondaire"],"acf":[],"yoast_head":"<!-- This site is optimized with the Yoast SEO plugin v27.5 - https:\/\/yoast.com\/product\/yoast-seo-wordpress\/ -->\n<title>Talent a les aules 2025 - Lyc\u00e9e International Barcelona \u00b7 Bon Soleil<\/title>\n<meta name=\"robots\" content=\"index, follow, max-snippet:-1, max-image-preview:large, max-video-preview:-1\" \/>\n<link rel=\"canonical\" href=\"https:\/\/bonsoleil.es\/es\/talent-a-les-aules-2025\/\" \/>\n<meta property=\"og:locale\" content=\"es_ES\" \/>\n<meta property=\"og:type\" content=\"article\" \/>\n<meta property=\"og:title\" content=\"Talent a les aules 2025 - Lyc\u00e9e International Barcelona \u00b7 Bon Soleil\" \/>\n<meta property=\"og:description\" content=\"Bonjour, nous sommes Sacha Mezange et Tiago Santos de 2nde D, finalistes du projet &quot;Gav\u00e0 Talent a les Aules&quot;.\" \/>\n<meta property=\"og:url\" content=\"https:\/\/bonsoleil.es\/es\/talent-a-les-aules-2025\/\" \/>\n<meta property=\"og:site_name\" content=\"Lyc\u00e9e International Barcelona \u00b7 Bon Soleil\" \/>\n<meta property=\"article:publisher\" content=\"https:\/\/www.facebook.com\/libBonSoleil\/\" \/>\n<meta property=\"article:published_time\" content=\"2025-02-06T09:48:25+00:00\" \/>\n<meta property=\"article:modified_time\" content=\"2025-02-06T09:48:27+00:00\" \/>\n<meta property=\"og:image\" content=\"https:\/\/bonsoleil.es\/web\/wp-content\/uploads\/2025\/02\/IMG_5607-scaled.jpeg\" \/>\n\t<meta property=\"og:image:width\" content=\"2560\" \/>\n\t<meta property=\"og:image:height\" content=\"1920\" \/>\n\t<meta property=\"og:image:type\" content=\"image\/jpeg\" \/>\n<meta name=\"author\" content=\"libbs\" \/>\n<meta name=\"twitter:card\" content=\"summary_large_image\" \/>\n<meta name=\"twitter:creator\" content=\"@lib_bonsoleil\" \/>\n<meta name=\"twitter:site\" content=\"@lib_bonsoleil\" \/>\n<meta name=\"twitter:label1\" content=\"Escrito por\" \/>\n\t<meta name=\"twitter:data1\" content=\"libbs\" \/>\n\t<meta name=\"twitter:label2\" content=\"Tiempo de lectura\" \/>\n\t<meta name=\"twitter:data2\" content=\"2 minutos\" \/>\n<script type=\"application\/ld+json\" class=\"yoast-schema-graph\">{\"@context\":\"https:\\\/\\\/schema.org\",\"@graph\":[{\"@type\":\"Article\",\"@id\":\"https:\\\/\\\/bonsoleil.es\\\/es\\\/talent-a-les-aules-2025\\\/#article\",\"isPartOf\":{\"@id\":\"https:\\\/\\\/bonsoleil.es\\\/es\\\/talent-a-les-aules-2025\\\/\"},\"author\":{\"name\":\"libbs\",\"@id\":\"https:\\\/\\\/bonsoleil.es\\\/es\\\/#\\\/schema\\\/person\\\/f90f9175af4fad9c626fd2873bc546ec\"},\"headline\":\"Talent a les aules 2025\",\"datePublished\":\"2025-02-06T09:48:25+00:00\",\"dateModified\":\"2025-02-06T09:48:27+00:00\",\"mainEntityOfPage\":{\"@id\":\"https:\\\/\\\/bonsoleil.es\\\/es\\\/talent-a-les-aules-2025\\\/\"},\"wordCount\":330,\"image\":{\"@id\":\"https:\\\/\\\/bonsoleil.es\\\/es\\\/talent-a-les-aules-2025\\\/#primaryimage\"},\"thumbnailUrl\":\"https:\\\/\\\/bonsoleil.es\\\/web\\\/wp-content\\\/uploads\\\/2025\\\/02\\\/IMG_5607-scaled.jpeg\",\"articleSection\":[\"2nde\",\"Secondaire\"],\"inLanguage\":\"es\"},{\"@type\":\"WebPage\",\"@id\":\"https:\\\/\\\/bonsoleil.es\\\/es\\\/talent-a-les-aules-2025\\\/\",\"url\":\"https:\\\/\\\/bonsoleil.es\\\/es\\\/talent-a-les-aules-2025\\\/\",\"name\":\"Talent a les aules 2025 - Lyc\u00e9e International Barcelona \u00b7 Bon Soleil\",\"isPartOf\":{\"@id\":\"https:\\\/\\\/bonsoleil.es\\\/es\\\/#website\"},\"primaryImageOfPage\":{\"@id\":\"https:\\\/\\\/bonsoleil.es\\\/es\\\/talent-a-les-aules-2025\\\/#primaryimage\"},\"image\":{\"@id\":\"https:\\\/\\\/bonsoleil.es\\\/es\\\/talent-a-les-aules-2025\\\/#primaryimage\"},\"thumbnailUrl\":\"https:\\\/\\\/bonsoleil.es\\\/web\\\/wp-content\\\/uploads\\\/2025\\\/02\\\/IMG_5607-scaled.jpeg\",\"datePublished\":\"2025-02-06T09:48:25+00:00\",\"dateModified\":\"2025-02-06T09:48:27+00:00\",\"author\":{\"@id\":\"https:\\\/\\\/bonsoleil.es\\\/es\\\/#\\\/schema\\\/person\\\/f90f9175af4fad9c626fd2873bc546ec\"},\"breadcrumb\":{\"@id\":\"https:\\\/\\\/bonsoleil.es\\\/es\\\/talent-a-les-aules-2025\\\/#breadcrumb\"},\"inLanguage\":\"es\",\"potentialAction\":[{\"@type\":\"ReadAction\",\"target\":[\"https:\\\/\\\/bonsoleil.es\\\/es\\\/talent-a-les-aules-2025\\\/\"]}]},{\"@type\":\"ImageObject\",\"inLanguage\":\"es\",\"@id\":\"https:\\\/\\\/bonsoleil.es\\\/es\\\/talent-a-les-aules-2025\\\/#primaryimage\",\"url\":\"https:\\\/\\\/bonsoleil.es\\\/web\\\/wp-content\\\/uploads\\\/2025\\\/02\\\/IMG_5607-scaled.jpeg\",\"contentUrl\":\"https:\\\/\\\/bonsoleil.es\\\/web\\\/wp-content\\\/uploads\\\/2025\\\/02\\\/IMG_5607-scaled.jpeg\",\"width\":2560,\"height\":1920},{\"@type\":\"BreadcrumbList\",\"@id\":\"https:\\\/\\\/bonsoleil.es\\\/es\\\/talent-a-les-aules-2025\\\/#breadcrumb\",\"itemListElement\":[{\"@type\":\"ListItem\",\"position\":1,\"name\":\"Portada\",\"item\":\"https:\\\/\\\/bonsoleil.es\\\/es\\\/\"},{\"@type\":\"ListItem\",\"position\":2,\"name\":\"Talent a les aules 2025\"}]},{\"@type\":\"WebSite\",\"@id\":\"https:\\\/\\\/bonsoleil.es\\\/es\\\/#website\",\"url\":\"https:\\\/\\\/bonsoleil.es\\\/es\\\/\",\"name\":\"Lyc\u00e9e International Barcelona \u00b7 Bon Soleil\",\"description\":\"Lyc\u00e9e International Barcelona\",\"potentialAction\":[{\"@type\":\"SearchAction\",\"target\":{\"@type\":\"EntryPoint\",\"urlTemplate\":\"https:\\\/\\\/bonsoleil.es\\\/es\\\/?s={search_term_string}\"},\"query-input\":{\"@type\":\"PropertyValueSpecification\",\"valueRequired\":true,\"valueName\":\"search_term_string\"}}],\"inLanguage\":\"es\"},{\"@type\":\"Person\",\"@id\":\"https:\\\/\\\/bonsoleil.es\\\/es\\\/#\\\/schema\\\/person\\\/f90f9175af4fad9c626fd2873bc546ec\",\"name\":\"libbs\",\"image\":{\"@type\":\"ImageObject\",\"inLanguage\":\"es\",\"@id\":\"https:\\\/\\\/bonsoleil.es\\\/web\\\/wp-content\\\/litespeed\\\/avatar\\\/6719caedb5831fa7538835120a8121f8.jpg?ver=1777037754\",\"url\":\"https:\\\/\\\/bonsoleil.es\\\/web\\\/wp-content\\\/litespeed\\\/avatar\\\/6719caedb5831fa7538835120a8121f8.jpg?ver=1777037754\",\"contentUrl\":\"https:\\\/\\\/bonsoleil.es\\\/web\\\/wp-content\\\/litespeed\\\/avatar\\\/6719caedb5831fa7538835120a8121f8.jpg?ver=1777037754\",\"caption\":\"libbs\"},\"sameAs\":[\"http:\\\/\\\/localhost\\\/bonsoleil\\\/new_web\"],\"url\":\"https:\\\/\\\/bonsoleil.es\\\/es\\\/author\\\/libbs\\\/\"}]}<\/script>\n<!-- \/ Yoast SEO plugin. -->","yoast_head_json":{"title":"Talent a les aules 2025 - Lyc\u00e9e International Barcelona \u00b7 Bon Soleil","robots":{"index":"index","follow":"follow","max-snippet":"max-snippet:-1","max-image-preview":"max-image-preview:large","max-video-preview":"max-video-preview:-1"},"canonical":"https:\/\/bonsoleil.es\/es\/talent-a-les-aules-2025\/","og_locale":"es_ES","og_type":"article","og_title":"Talent a les aules 2025 - Lyc\u00e9e International Barcelona \u00b7 Bon Soleil","og_description":"Bonjour, nous sommes Sacha Mezange et Tiago Santos de 2nde D, finalistes du projet \"Gav\u00e0 Talent a les Aules\".","og_url":"https:\/\/bonsoleil.es\/es\/talent-a-les-aules-2025\/","og_site_name":"Lyc\u00e9e International Barcelona \u00b7 Bon Soleil","article_publisher":"https:\/\/www.facebook.com\/libBonSoleil\/","article_published_time":"2025-02-06T09:48:25+00:00","article_modified_time":"2025-02-06T09:48:27+00:00","og_image":[{"width":2560,"height":1920,"url":"https:\/\/bonsoleil.es\/web\/wp-content\/uploads\/2025\/02\/IMG_5607-scaled.jpeg","type":"image\/jpeg"}],"author":"libbs","twitter_card":"summary_large_image","twitter_creator":"@lib_bonsoleil","twitter_site":"@lib_bonsoleil","twitter_misc":{"Escrito por":"libbs","Tiempo de lectura":"2 minutos"},"schema":{"@context":"https:\/\/schema.org","@graph":[{"@type":"Article","@id":"https:\/\/bonsoleil.es\/es\/talent-a-les-aules-2025\/#article","isPartOf":{"@id":"https:\/\/bonsoleil.es\/es\/talent-a-les-aules-2025\/"},"author":{"name":"libbs","@id":"https:\/\/bonsoleil.es\/es\/#\/schema\/person\/f90f9175af4fad9c626fd2873bc546ec"},"headline":"Talent a les aules 2025","datePublished":"2025-02-06T09:48:25+00:00","dateModified":"2025-02-06T09:48:27+00:00","mainEntityOfPage":{"@id":"https:\/\/bonsoleil.es\/es\/talent-a-les-aules-2025\/"},"wordCount":330,"image":{"@id":"https:\/\/bonsoleil.es\/es\/talent-a-les-aules-2025\/#primaryimage"},"thumbnailUrl":"https:\/\/bonsoleil.es\/web\/wp-content\/uploads\/2025\/02\/IMG_5607-scaled.jpeg","articleSection":["2nde","Secondaire"],"inLanguage":"es"},{"@type":"WebPage","@id":"https:\/\/bonsoleil.es\/es\/talent-a-les-aules-2025\/","url":"https:\/\/bonsoleil.es\/es\/talent-a-les-aules-2025\/","name":"Talent a les aules 2025 - Lyc\u00e9e International Barcelona \u00b7 Bon Soleil","isPartOf":{"@id":"https:\/\/bonsoleil.es\/es\/#website"},"primaryImageOfPage":{"@id":"https:\/\/bonsoleil.es\/es\/talent-a-les-aules-2025\/#primaryimage"},"image":{"@id":"https:\/\/bonsoleil.es\/es\/talent-a-les-aules-2025\/#primaryimage"},"thumbnailUrl":"https:\/\/bonsoleil.es\/web\/wp-content\/uploads\/2025\/02\/IMG_5607-scaled.jpeg","datePublished":"2025-02-06T09:48:25+00:00","dateModified":"2025-02-06T09:48:27+00:00","author":{"@id":"https:\/\/bonsoleil.es\/es\/#\/schema\/person\/f90f9175af4fad9c626fd2873bc546ec"},"breadcrumb":{"@id":"https:\/\/bonsoleil.es\/es\/talent-a-les-aules-2025\/#breadcrumb"},"inLanguage":"es","potentialAction":[{"@type":"ReadAction","target":["https:\/\/bonsoleil.es\/es\/talent-a-les-aules-2025\/"]}]},{"@type":"ImageObject","inLanguage":"es","@id":"https:\/\/bonsoleil.es\/es\/talent-a-les-aules-2025\/#primaryimage","url":"https:\/\/bonsoleil.es\/web\/wp-content\/uploads\/2025\/02\/IMG_5607-scaled.jpeg","contentUrl":"https:\/\/bonsoleil.es\/web\/wp-content\/uploads\/2025\/02\/IMG_5607-scaled.jpeg","width":2560,"height":1920},{"@type":"BreadcrumbList","@id":"https:\/\/bonsoleil.es\/es\/talent-a-les-aules-2025\/#breadcrumb","itemListElement":[{"@type":"ListItem","position":1,"name":"Portada","item":"https:\/\/bonsoleil.es\/es\/"},{"@type":"ListItem","position":2,"name":"Talent a les aules 2025"}]},{"@type":"WebSite","@id":"https:\/\/bonsoleil.es\/es\/#website","url":"https:\/\/bonsoleil.es\/es\/","name":"Lyc\u00e9e International Barcelona \u00b7 Bon Soleil","description":"Lyc\u00e9e International Barcelona","potentialAction":[{"@type":"SearchAction","target":{"@type":"EntryPoint","urlTemplate":"https:\/\/bonsoleil.es\/es\/?s={search_term_string}"},"query-input":{"@type":"PropertyValueSpecification","valueRequired":true,"valueName":"search_term_string"}}],"inLanguage":"es"},{"@type":"Person","@id":"https:\/\/bonsoleil.es\/es\/#\/schema\/person\/f90f9175af4fad9c626fd2873bc546ec","name":"libbs","image":{"@type":"ImageObject","inLanguage":"es","@id":"https:\/\/bonsoleil.es\/web\/wp-content\/litespeed\/avatar\/6719caedb5831fa7538835120a8121f8.jpg?ver=1777037754","url":"https:\/\/bonsoleil.es\/web\/wp-content\/litespeed\/avatar\/6719caedb5831fa7538835120a8121f8.jpg?ver=1777037754","contentUrl":"https:\/\/bonsoleil.es\/web\/wp-content\/litespeed\/avatar\/6719caedb5831fa7538835120a8121f8.jpg?ver=1777037754","caption":"libbs"},"sameAs":["http:\/\/localhost\/bonsoleil\/new_web"],"url":"https:\/\/bonsoleil.es\/es\/author\/libbs\/"}]}},"_links":{"self":[{"href":"https:\/\/bonsoleil.es\/es\/wp-json\/wp\/v2\/posts\/136107","targetHints":{"allow":["GET"]}}],"collection":[{"href":"https:\/\/bonsoleil.es\/es\/wp-json\/wp\/v2\/posts"}],"about":[{"href":"https:\/\/bonsoleil.es\/es\/wp-json\/wp\/v2\/types\/post"}],"author":[{"embeddable":true,"href":"https:\/\/bonsoleil.es\/es\/wp-json\/wp\/v2\/users\/1"}],"replies":[{"embeddable":true,"href":"https:\/\/bonsoleil.es\/es\/wp-json\/wp\/v2\/comments?post=136107"}],"version-history":[{"count":1,"href":"https:\/\/bonsoleil.es\/es\/wp-json\/wp\/v2\/posts\/136107\/revisions"}],"predecessor-version":[{"id":136112,"href":"https:\/\/bonsoleil.es\/es\/wp-json\/wp\/v2\/posts\/136107\/revisions\/136112"}],"wp:featuredmedia":[{"embeddable":true,"href":"https:\/\/bonsoleil.es\/es\/wp-json\/wp\/v2\/media\/136108"}],"wp:attachment":[{"href":"https:\/\/bonsoleil.es\/es\/wp-json\/wp\/v2\/media?parent=136107"}],"wp:term":[{"taxonomy":"category","embeddable":true,"href":"https:\/\/bonsoleil.es\/es\/wp-json\/wp\/v2\/categories?post=136107"},{"taxonomy":"post_tag","embeddable":true,"href":"https:\/\/bonsoleil.es\/es\/wp-json\/wp\/v2\/tags?post=136107"}],"curies":[{"name":"wp","href":"https:\/\/api.w.org\/{rel}","templated":true}]}}