{"id":136145,"date":"2025-02-10T08:49:19","date_gmt":"2025-02-10T07:49:19","guid":{"rendered":"https:\/\/bonsoleil.es\/?p=136145"},"modified":"2025-02-10T08:49:22","modified_gmt":"2025-02-10T07:49:22","slug":"los-superpoderes-un-enfoque-hacia-la-inclusion-y-la-equidad","status":"publish","type":"post","link":"https:\/\/bonsoleil.es\/es\/los-superpoderes-un-enfoque-hacia-la-inclusion-y-la-equidad\/","title":{"rendered":"Los Superpoderes: Un Enfoque hacia la Inclusi\u00f3n y la Equidad"},"content":{"rendered":"\n<p>En las clases de Lengua Castellana y Catalana, hemos reflexionado sobre los \u00absuperpoderes\u00bb que todos tenemos, aquellas cualidades que nos hacen especiales y nos permiten ayudar a los dem\u00e1s. A trav\u00e9s de un cuento, los alumnos imaginaron superh\u00e9roes del futuro cuyo mayor poder es crear un mundo m\u00e1s inclusivo y equitativo, donde las diferencias sean una riqueza y no una barrera.<\/p>\n\n\n\n<p>Cada estudiante represent\u00f3 en un dibujo una situaci\u00f3n en la que ayud\u00f3 a alguien o recibi\u00f3 ayuda, fomentando la empat\u00eda, la cooperaci\u00f3n y el respeto por la diversidad.<\/p>\n\n\n\n<p>Agradecemos a la Fundaci\u00f3 La Nineta dels Ulls por su valiosa labor en la detecci\u00f3n temprana del retinoblastoma, record\u00e1ndonos que, m\u00e1s all\u00e1 de cualquier diferencia, todos tenemos algo especial que aportar a los dem\u00e1s.<\/p>\n\n\n\n<p>&#8230;<\/p>\n\n\n\n<p>Els Superpoders: Un Enfocament cap a la Inclusi\u00f3 i l\u2019Equitat<br>A les classes de Llengua Castellana i Catalana, hem reflexionat sobre els \u00absuperpoders\u00bb que tots tenim, aquelles qualitats que ens fan especials i ens permeten ajudar els altres. A trav\u00e9s d\u2019un conte, els alumnes van imaginar superherois del futur, on el seu gran poder \u00e9s crear un m\u00f3n m\u00e9s inclusiu i equitatiu, on les difer\u00e8ncies siguin una riquesa i no una barrera.<\/p>\n\n\n\n<p>Cada estudiant va representar en un dibuix una situaci\u00f3 en qu\u00e8 va ajudar alg\u00fa o va rebre ajuda, fomentant l\u2019empatia, la cooperaci\u00f3 i el respecte per la diversitat.<\/p>\n\n\n\n<p>Agra\u00efm a la Fundaci\u00f3 La Nineta dels Ulls la seva valuosa tasca en la detecci\u00f3 preco\u00e7 del retinoblastoma, recordant-nos que, m\u00e9s enll\u00e0 de qualsevol difer\u00e8ncia, tots tenim quelcom especial per aportar als altres.<\/p>\n\n\n\n<figure class=\"wp-block-gallery has-nested-images columns-default is-cropped wp-block-gallery-1 is-layout-flex wp-block-gallery-is-layout-flex\">\n<figure class=\"wp-block-image size-full\"><img decoding=\"async\" data-id=\"136146\" src=\"https:\/\/bonsoleil.es\/web\/wp-content\/uploads\/2025\/02\/1-4.jpg\" alt=\"\" class=\"wp-image-136146\"\/><\/figure>\n\n\n\n<figure class=\"wp-block-image size-full\"><img loading=\"lazy\" decoding=\"async\" width=\"1080\" height=\"1350\" data-id=\"136150\" src=\"https:\/\/bonsoleil.es\/web\/wp-content\/uploads\/2025\/02\/2-4.jpg\" alt=\"\" class=\"wp-image-136150\" srcset=\"https:\/\/bonsoleil.es\/web\/wp-content\/uploads\/2025\/02\/2-4.jpg 1080w, https:\/\/bonsoleil.es\/web\/wp-content\/uploads\/2025\/02\/2-4-250x313.jpg 250w, https:\/\/bonsoleil.es\/web\/wp-content\/uploads\/2025\/02\/2-4-700x875.jpg 700w, https:\/\/bonsoleil.es\/web\/wp-content\/uploads\/2025\/02\/2-4-768x960.jpg 768w, https:\/\/bonsoleil.es\/web\/wp-content\/uploads\/2025\/02\/2-4-120x150.jpg 120w\" sizes=\"auto, (max-width: 1080px) 100vw, 1080px\" \/><\/figure>\n\n\n\n<figure class=\"wp-block-image size-full\"><img loading=\"lazy\" decoding=\"async\" width=\"1080\" height=\"1350\" data-id=\"136154\" src=\"https:\/\/bonsoleil.es\/web\/wp-content\/uploads\/2025\/02\/3-3.jpg\" alt=\"\" class=\"wp-image-136154\" srcset=\"https:\/\/bonsoleil.es\/web\/wp-content\/uploads\/2025\/02\/3-3.jpg 1080w, https:\/\/bonsoleil.es\/web\/wp-content\/uploads\/2025\/02\/3-3-250x313.jpg 250w, https:\/\/bonsoleil.es\/web\/wp-content\/uploads\/2025\/02\/3-3-700x875.jpg 700w, https:\/\/bonsoleil.es\/web\/wp-content\/uploads\/2025\/02\/3-3-768x960.jpg 768w, https:\/\/bonsoleil.es\/web\/wp-content\/uploads\/2025\/02\/3-3-120x150.jpg 120w\" sizes=\"auto, (max-width: 1080px) 100vw, 1080px\" \/><\/figure>\n\n\n\n<figure class=\"wp-block-image size-full\"><img loading=\"lazy\" decoding=\"async\" width=\"1080\" height=\"1350\" data-id=\"136158\" src=\"https:\/\/bonsoleil.es\/web\/wp-content\/uploads\/2025\/02\/4-4.jpg\" alt=\"\" class=\"wp-image-136158\" srcset=\"https:\/\/bonsoleil.es\/web\/wp-content\/uploads\/2025\/02\/4-4.jpg 1080w, https:\/\/bonsoleil.es\/web\/wp-content\/uploads\/2025\/02\/4-4-250x313.jpg 250w, https:\/\/bonsoleil.es\/web\/wp-content\/uploads\/2025\/02\/4-4-700x875.jpg 700w, https:\/\/bonsoleil.es\/web\/wp-content\/uploads\/2025\/02\/4-4-768x960.jpg 768w, https:\/\/bonsoleil.es\/web\/wp-content\/uploads\/2025\/02\/4-4-120x150.jpg 120w\" sizes=\"auto, (max-width: 1080px) 100vw, 1080px\" \/><\/figure>\n\n\n\n<figure class=\"wp-block-image size-full\"><img loading=\"lazy\" decoding=\"async\" width=\"1080\" height=\"1350\" data-id=\"136162\" src=\"https:\/\/bonsoleil.es\/web\/wp-content\/uploads\/2025\/02\/5-3.jpg\" alt=\"\" class=\"wp-image-136162\" srcset=\"https:\/\/bonsoleil.es\/web\/wp-content\/uploads\/2025\/02\/5-3.jpg 1080w, https:\/\/bonsoleil.es\/web\/wp-content\/uploads\/2025\/02\/5-3-250x313.jpg 250w, https:\/\/bonsoleil.es\/web\/wp-content\/uploads\/2025\/02\/5-3-700x875.jpg 700w, https:\/\/bonsoleil.es\/web\/wp-content\/uploads\/2025\/02\/5-3-768x960.jpg 768w, https:\/\/bonsoleil.es\/web\/wp-content\/uploads\/2025\/02\/5-3-120x150.jpg 120w\" sizes=\"auto, (max-width: 1080px) 100vw, 1080px\" \/><\/figure>\n\n\n\n<figure class=\"wp-block-image size-full\"><img loading=\"lazy\" decoding=\"async\" width=\"1080\" height=\"1350\" data-id=\"136166\" src=\"https:\/\/bonsoleil.es\/web\/wp-content\/uploads\/2025\/02\/6-3.jpg\" alt=\"\" class=\"wp-image-136166\" srcset=\"https:\/\/bonsoleil.es\/web\/wp-content\/uploads\/2025\/02\/6-3.jpg 1080w, https:\/\/bonsoleil.es\/web\/wp-content\/uploads\/2025\/02\/6-3-250x313.jpg 250w, https:\/\/bonsoleil.es\/web\/wp-content\/uploads\/2025\/02\/6-3-700x875.jpg 700w, https:\/\/bonsoleil.es\/web\/wp-content\/uploads\/2025\/02\/6-3-768x960.jpg 768w, https:\/\/bonsoleil.es\/web\/wp-content\/uploads\/2025\/02\/6-3-120x150.jpg 120w\" sizes=\"auto, (max-width: 1080px) 100vw, 1080px\" \/><\/figure>\n<\/figure>\n","protected":false},"excerpt":{"rendered":"En las clases de Lengua Castellana y Catalana, hemos reflexionado sobre los \u00absuperpoderes\u00bb que todos tenemos, aquellas cualidades que nos hacen especiales y nos permiten ayudar a los dem\u00e1s.","protected":false},"author":1,"featured_media":136146,"comment_status":"closed","ping_status":"open","sticky":false,"template":"","format":"standard","meta":{"_acf_changed":false,"rs_blank_template":"","rs_page_bg_color":"","slide_template_v7":"","footnotes":"","_links_to":"","_links_to_target":""},"categories":[22,14],"tags":[],"class_list":["post-136145","post","type-post","status-publish","format-standard","has-post-thumbnail","hentry","category-gs","category-primaire"],"acf":[],"yoast_head":"<!-- This site is optimized with the Yoast SEO plugin v27.5 - https:\/\/yoast.com\/product\/yoast-seo-wordpress\/ -->\n<title>Los Superpoderes: Un Enfoque hacia la Inclusi\u00f3n y la Equidad - Lyc\u00e9e International Barcelona \u00b7 Bon Soleil<\/title>\n<meta name=\"robots\" content=\"index, follow, max-snippet:-1, max-image-preview:large, max-video-preview:-1\" \/>\n<link rel=\"canonical\" href=\"https:\/\/bonsoleil.es\/es\/los-superpoderes-un-enfoque-hacia-la-inclusion-y-la-equidad\/\" \/>\n<meta property=\"og:locale\" content=\"es_ES\" \/>\n<meta property=\"og:type\" content=\"article\" \/>\n<meta property=\"og:title\" content=\"Los Superpoderes: Un Enfoque hacia la Inclusi\u00f3n y la Equidad - Lyc\u00e9e International Barcelona \u00b7 Bon Soleil\" \/>\n<meta property=\"og:description\" content=\"En las clases de Lengua Castellana y Catalana, hemos reflexionado sobre los &quot;superpoderes&quot; que todos tenemos, aquellas cualidades que nos hacen especiales y nos permiten ayudar a los dem\u00e1s.\" \/>\n<meta property=\"og:url\" content=\"https:\/\/bonsoleil.es\/es\/los-superpoderes-un-enfoque-hacia-la-inclusion-y-la-equidad\/\" \/>\n<meta property=\"og:site_name\" content=\"Lyc\u00e9e International Barcelona \u00b7 Bon Soleil\" \/>\n<meta property=\"article:publisher\" content=\"https:\/\/www.facebook.com\/libBonSoleil\/\" \/>\n<meta property=\"article:published_time\" content=\"2025-02-10T07:49:19+00:00\" \/>\n<meta property=\"article:modified_time\" content=\"2025-02-10T07:49:22+00:00\" \/>\n<meta property=\"og:image\" content=\"https:\/\/bonsoleil.es\/web\/wp-content\/uploads\/2025\/02\/1-4-e1739173750139.jpg\" \/>\n\t<meta property=\"og:image:width\" content=\"1080\" \/>\n\t<meta property=\"og:image:height\" content=\"826\" \/>\n\t<meta property=\"og:image:type\" content=\"image\/jpeg\" \/>\n<meta name=\"author\" content=\"libbs\" \/>\n<meta name=\"twitter:card\" content=\"summary_large_image\" \/>\n<meta name=\"twitter:creator\" content=\"@lib_bonsoleil\" \/>\n<meta name=\"twitter:site\" content=\"@lib_bonsoleil\" \/>\n<meta name=\"twitter:label1\" content=\"Escrito por\" \/>\n\t<meta name=\"twitter:data1\" content=\"libbs\" \/>\n\t<meta name=\"twitter:label2\" content=\"Tiempo de lectura\" \/>\n\t<meta name=\"twitter:data2\" content=\"3 minutos\" \/>\n<script type=\"application\/ld+json\" class=\"yoast-schema-graph\">{\"@context\":\"https:\\\/\\\/schema.org\",\"@graph\":[{\"@type\":\"Article\",\"@id\":\"https:\\\/\\\/bonsoleil.es\\\/es\\\/los-superpoderes-un-enfoque-hacia-la-inclusion-y-la-equidad\\\/#article\",\"isPartOf\":{\"@id\":\"https:\\\/\\\/bonsoleil.es\\\/es\\\/los-superpoderes-un-enfoque-hacia-la-inclusion-y-la-equidad\\\/\"},\"author\":{\"name\":\"libbs\",\"@id\":\"https:\\\/\\\/bonsoleil.es\\\/es\\\/#\\\/schema\\\/person\\\/f90f9175af4fad9c626fd2873bc546ec\"},\"headline\":\"Los Superpoderes: Un Enfoque hacia la Inclusi\u00f3n y la Equidad\",\"datePublished\":\"2025-02-10T07:49:19+00:00\",\"dateModified\":\"2025-02-10T07:49:22+00:00\",\"mainEntityOfPage\":{\"@id\":\"https:\\\/\\\/bonsoleil.es\\\/es\\\/los-superpoderes-un-enfoque-hacia-la-inclusion-y-la-equidad\\\/\"},\"wordCount\":287,\"image\":{\"@id\":\"https:\\\/\\\/bonsoleil.es\\\/es\\\/los-superpoderes-un-enfoque-hacia-la-inclusion-y-la-equidad\\\/#primaryimage\"},\"thumbnailUrl\":\"https:\\\/\\\/bonsoleil.es\\\/web\\\/wp-content\\\/uploads\\\/2025\\\/02\\\/1-4-e1739173750139.jpg\",\"articleSection\":[\"GS\",\"Primaire\"],\"inLanguage\":\"es\"},{\"@type\":\"WebPage\",\"@id\":\"https:\\\/\\\/bonsoleil.es\\\/es\\\/los-superpoderes-un-enfoque-hacia-la-inclusion-y-la-equidad\\\/\",\"url\":\"https:\\\/\\\/bonsoleil.es\\\/es\\\/los-superpoderes-un-enfoque-hacia-la-inclusion-y-la-equidad\\\/\",\"name\":\"Los Superpoderes: Un Enfoque hacia la Inclusi\u00f3n y la Equidad - Lyc\u00e9e International Barcelona \u00b7 Bon Soleil\",\"isPartOf\":{\"@id\":\"https:\\\/\\\/bonsoleil.es\\\/es\\\/#website\"},\"primaryImageOfPage\":{\"@id\":\"https:\\\/\\\/bonsoleil.es\\\/es\\\/los-superpoderes-un-enfoque-hacia-la-inclusion-y-la-equidad\\\/#primaryimage\"},\"image\":{\"@id\":\"https:\\\/\\\/bonsoleil.es\\\/es\\\/los-superpoderes-un-enfoque-hacia-la-inclusion-y-la-equidad\\\/#primaryimage\"},\"thumbnailUrl\":\"https:\\\/\\\/bonsoleil.es\\\/web\\\/wp-content\\\/uploads\\\/2025\\\/02\\\/1-4-e1739173750139.jpg\",\"datePublished\":\"2025-02-10T07:49:19+00:00\",\"dateModified\":\"2025-02-10T07:49:22+00:00\",\"author\":{\"@id\":\"https:\\\/\\\/bonsoleil.es\\\/es\\\/#\\\/schema\\\/person\\\/f90f9175af4fad9c626fd2873bc546ec\"},\"breadcrumb\":{\"@id\":\"https:\\\/\\\/bonsoleil.es\\\/es\\\/los-superpoderes-un-enfoque-hacia-la-inclusion-y-la-equidad\\\/#breadcrumb\"},\"inLanguage\":\"es\",\"potentialAction\":[{\"@type\":\"ReadAction\",\"target\":[\"https:\\\/\\\/bonsoleil.es\\\/es\\\/los-superpoderes-un-enfoque-hacia-la-inclusion-y-la-equidad\\\/\"]}]},{\"@type\":\"ImageObject\",\"inLanguage\":\"es\",\"@id\":\"https:\\\/\\\/bonsoleil.es\\\/es\\\/los-superpoderes-un-enfoque-hacia-la-inclusion-y-la-equidad\\\/#primaryimage\",\"url\":\"https:\\\/\\\/bonsoleil.es\\\/web\\\/wp-content\\\/uploads\\\/2025\\\/02\\\/1-4-e1739173750139.jpg\",\"contentUrl\":\"https:\\\/\\\/bonsoleil.es\\\/web\\\/wp-content\\\/uploads\\\/2025\\\/02\\\/1-4-e1739173750139.jpg\",\"width\":1080,\"height\":826},{\"@type\":\"BreadcrumbList\",\"@id\":\"https:\\\/\\\/bonsoleil.es\\\/es\\\/los-superpoderes-un-enfoque-hacia-la-inclusion-y-la-equidad\\\/#breadcrumb\",\"itemListElement\":[{\"@type\":\"ListItem\",\"position\":1,\"name\":\"Portada\",\"item\":\"https:\\\/\\\/bonsoleil.es\\\/es\\\/\"},{\"@type\":\"ListItem\",\"position\":2,\"name\":\"Los Superpoderes: Un Enfoque hacia la Inclusi\u00f3n y la Equidad\"}]},{\"@type\":\"WebSite\",\"@id\":\"https:\\\/\\\/bonsoleil.es\\\/es\\\/#website\",\"url\":\"https:\\\/\\\/bonsoleil.es\\\/es\\\/\",\"name\":\"Lyc\u00e9e International Barcelona \u00b7 Bon Soleil\",\"description\":\"Lyc\u00e9e International Barcelona\",\"potentialAction\":[{\"@type\":\"SearchAction\",\"target\":{\"@type\":\"EntryPoint\",\"urlTemplate\":\"https:\\\/\\\/bonsoleil.es\\\/es\\\/?s={search_term_string}\"},\"query-input\":{\"@type\":\"PropertyValueSpecification\",\"valueRequired\":true,\"valueName\":\"search_term_string\"}}],\"inLanguage\":\"es\"},{\"@type\":\"Person\",\"@id\":\"https:\\\/\\\/bonsoleil.es\\\/es\\\/#\\\/schema\\\/person\\\/f90f9175af4fad9c626fd2873bc546ec\",\"name\":\"libbs\",\"image\":{\"@type\":\"ImageObject\",\"inLanguage\":\"es\",\"@id\":\"https:\\\/\\\/bonsoleil.es\\\/web\\\/wp-content\\\/litespeed\\\/avatar\\\/6719caedb5831fa7538835120a8121f8.jpg?ver=1777642571\",\"url\":\"https:\\\/\\\/bonsoleil.es\\\/web\\\/wp-content\\\/litespeed\\\/avatar\\\/6719caedb5831fa7538835120a8121f8.jpg?ver=1777642571\",\"contentUrl\":\"https:\\\/\\\/bonsoleil.es\\\/web\\\/wp-content\\\/litespeed\\\/avatar\\\/6719caedb5831fa7538835120a8121f8.jpg?ver=1777642571\",\"caption\":\"libbs\"},\"sameAs\":[\"http:\\\/\\\/localhost\\\/bonsoleil\\\/new_web\"],\"url\":\"https:\\\/\\\/bonsoleil.es\\\/es\\\/author\\\/libbs\\\/\"}]}<\/script>\n<!-- \/ Yoast SEO plugin. -->","yoast_head_json":{"title":"Los Superpoderes: Un Enfoque hacia la Inclusi\u00f3n y la Equidad - Lyc\u00e9e International Barcelona \u00b7 Bon Soleil","robots":{"index":"index","follow":"follow","max-snippet":"max-snippet:-1","max-image-preview":"max-image-preview:large","max-video-preview":"max-video-preview:-1"},"canonical":"https:\/\/bonsoleil.es\/es\/los-superpoderes-un-enfoque-hacia-la-inclusion-y-la-equidad\/","og_locale":"es_ES","og_type":"article","og_title":"Los Superpoderes: Un Enfoque hacia la Inclusi\u00f3n y la Equidad - Lyc\u00e9e International Barcelona \u00b7 Bon Soleil","og_description":"En las clases de Lengua Castellana y Catalana, hemos reflexionado sobre los \"superpoderes\" que todos tenemos, aquellas cualidades que nos hacen especiales y nos permiten ayudar a los dem\u00e1s.","og_url":"https:\/\/bonsoleil.es\/es\/los-superpoderes-un-enfoque-hacia-la-inclusion-y-la-equidad\/","og_site_name":"Lyc\u00e9e International Barcelona \u00b7 Bon Soleil","article_publisher":"https:\/\/www.facebook.com\/libBonSoleil\/","article_published_time":"2025-02-10T07:49:19+00:00","article_modified_time":"2025-02-10T07:49:22+00:00","og_image":[{"width":1080,"height":826,"url":"https:\/\/bonsoleil.es\/web\/wp-content\/uploads\/2025\/02\/1-4-e1739173750139.jpg","type":"image\/jpeg"}],"author":"libbs","twitter_card":"summary_large_image","twitter_creator":"@lib_bonsoleil","twitter_site":"@lib_bonsoleil","twitter_misc":{"Escrito por":"libbs","Tiempo de lectura":"3 minutos"},"schema":{"@context":"https:\/\/schema.org","@graph":[{"@type":"Article","@id":"https:\/\/bonsoleil.es\/es\/los-superpoderes-un-enfoque-hacia-la-inclusion-y-la-equidad\/#article","isPartOf":{"@id":"https:\/\/bonsoleil.es\/es\/los-superpoderes-un-enfoque-hacia-la-inclusion-y-la-equidad\/"},"author":{"name":"libbs","@id":"https:\/\/bonsoleil.es\/es\/#\/schema\/person\/f90f9175af4fad9c626fd2873bc546ec"},"headline":"Los Superpoderes: Un Enfoque hacia la Inclusi\u00f3n y la Equidad","datePublished":"2025-02-10T07:49:19+00:00","dateModified":"2025-02-10T07:49:22+00:00","mainEntityOfPage":{"@id":"https:\/\/bonsoleil.es\/es\/los-superpoderes-un-enfoque-hacia-la-inclusion-y-la-equidad\/"},"wordCount":287,"image":{"@id":"https:\/\/bonsoleil.es\/es\/los-superpoderes-un-enfoque-hacia-la-inclusion-y-la-equidad\/#primaryimage"},"thumbnailUrl":"https:\/\/bonsoleil.es\/web\/wp-content\/uploads\/2025\/02\/1-4-e1739173750139.jpg","articleSection":["GS","Primaire"],"inLanguage":"es"},{"@type":"WebPage","@id":"https:\/\/bonsoleil.es\/es\/los-superpoderes-un-enfoque-hacia-la-inclusion-y-la-equidad\/","url":"https:\/\/bonsoleil.es\/es\/los-superpoderes-un-enfoque-hacia-la-inclusion-y-la-equidad\/","name":"Los Superpoderes: Un Enfoque hacia la Inclusi\u00f3n y la Equidad - Lyc\u00e9e International Barcelona \u00b7 Bon Soleil","isPartOf":{"@id":"https:\/\/bonsoleil.es\/es\/#website"},"primaryImageOfPage":{"@id":"https:\/\/bonsoleil.es\/es\/los-superpoderes-un-enfoque-hacia-la-inclusion-y-la-equidad\/#primaryimage"},"image":{"@id":"https:\/\/bonsoleil.es\/es\/los-superpoderes-un-enfoque-hacia-la-inclusion-y-la-equidad\/#primaryimage"},"thumbnailUrl":"https:\/\/bonsoleil.es\/web\/wp-content\/uploads\/2025\/02\/1-4-e1739173750139.jpg","datePublished":"2025-02-10T07:49:19+00:00","dateModified":"2025-02-10T07:49:22+00:00","author":{"@id":"https:\/\/bonsoleil.es\/es\/#\/schema\/person\/f90f9175af4fad9c626fd2873bc546ec"},"breadcrumb":{"@id":"https:\/\/bonsoleil.es\/es\/los-superpoderes-un-enfoque-hacia-la-inclusion-y-la-equidad\/#breadcrumb"},"inLanguage":"es","potentialAction":[{"@type":"ReadAction","target":["https:\/\/bonsoleil.es\/es\/los-superpoderes-un-enfoque-hacia-la-inclusion-y-la-equidad\/"]}]},{"@type":"ImageObject","inLanguage":"es","@id":"https:\/\/bonsoleil.es\/es\/los-superpoderes-un-enfoque-hacia-la-inclusion-y-la-equidad\/#primaryimage","url":"https:\/\/bonsoleil.es\/web\/wp-content\/uploads\/2025\/02\/1-4-e1739173750139.jpg","contentUrl":"https:\/\/bonsoleil.es\/web\/wp-content\/uploads\/2025\/02\/1-4-e1739173750139.jpg","width":1080,"height":826},{"@type":"BreadcrumbList","@id":"https:\/\/bonsoleil.es\/es\/los-superpoderes-un-enfoque-hacia-la-inclusion-y-la-equidad\/#breadcrumb","itemListElement":[{"@type":"ListItem","position":1,"name":"Portada","item":"https:\/\/bonsoleil.es\/es\/"},{"@type":"ListItem","position":2,"name":"Los Superpoderes: Un Enfoque hacia la Inclusi\u00f3n y la Equidad"}]},{"@type":"WebSite","@id":"https:\/\/bonsoleil.es\/es\/#website","url":"https:\/\/bonsoleil.es\/es\/","name":"Lyc\u00e9e International Barcelona \u00b7 Bon Soleil","description":"Lyc\u00e9e International Barcelona","potentialAction":[{"@type":"SearchAction","target":{"@type":"EntryPoint","urlTemplate":"https:\/\/bonsoleil.es\/es\/?s={search_term_string}"},"query-input":{"@type":"PropertyValueSpecification","valueRequired":true,"valueName":"search_term_string"}}],"inLanguage":"es"},{"@type":"Person","@id":"https:\/\/bonsoleil.es\/es\/#\/schema\/person\/f90f9175af4fad9c626fd2873bc546ec","name":"libbs","image":{"@type":"ImageObject","inLanguage":"es","@id":"https:\/\/bonsoleil.es\/web\/wp-content\/litespeed\/avatar\/6719caedb5831fa7538835120a8121f8.jpg?ver=1777642571","url":"https:\/\/bonsoleil.es\/web\/wp-content\/litespeed\/avatar\/6719caedb5831fa7538835120a8121f8.jpg?ver=1777642571","contentUrl":"https:\/\/bonsoleil.es\/web\/wp-content\/litespeed\/avatar\/6719caedb5831fa7538835120a8121f8.jpg?ver=1777642571","caption":"libbs"},"sameAs":["http:\/\/localhost\/bonsoleil\/new_web"],"url":"https:\/\/bonsoleil.es\/es\/author\/libbs\/"}]}},"_links":{"self":[{"href":"https:\/\/bonsoleil.es\/es\/wp-json\/wp\/v2\/posts\/136145","targetHints":{"allow":["GET"]}}],"collection":[{"href":"https:\/\/bonsoleil.es\/es\/wp-json\/wp\/v2\/posts"}],"about":[{"href":"https:\/\/bonsoleil.es\/es\/wp-json\/wp\/v2\/types\/post"}],"author":[{"embeddable":true,"href":"https:\/\/bonsoleil.es\/es\/wp-json\/wp\/v2\/users\/1"}],"replies":[{"embeddable":true,"href":"https:\/\/bonsoleil.es\/es\/wp-json\/wp\/v2\/comments?post=136145"}],"version-history":[{"count":1,"href":"https:\/\/bonsoleil.es\/es\/wp-json\/wp\/v2\/posts\/136145\/revisions"}],"predecessor-version":[{"id":136170,"href":"https:\/\/bonsoleil.es\/es\/wp-json\/wp\/v2\/posts\/136145\/revisions\/136170"}],"wp:featuredmedia":[{"embeddable":true,"href":"https:\/\/bonsoleil.es\/es\/wp-json\/wp\/v2\/media\/136146"}],"wp:attachment":[{"href":"https:\/\/bonsoleil.es\/es\/wp-json\/wp\/v2\/media?parent=136145"}],"wp:term":[{"taxonomy":"category","embeddable":true,"href":"https:\/\/bonsoleil.es\/es\/wp-json\/wp\/v2\/categories?post=136145"},{"taxonomy":"post_tag","embeddable":true,"href":"https:\/\/bonsoleil.es\/es\/wp-json\/wp\/v2\/tags?post=136145"}],"curies":[{"name":"wp","href":"https:\/\/api.w.org\/{rel}","templated":true}]}}