{"id":139787,"date":"2025-11-12T11:28:37","date_gmt":"2025-11-12T10:28:37","guid":{"rendered":"https:\/\/bonsoleil.es\/?p=139787"},"modified":"2025-11-14T11:29:04","modified_gmt":"2025-11-14T10:29:04","slug":"30-aniversario-de-la-uise","status":"publish","type":"post","link":"https:\/\/bonsoleil.es\/es\/30-aniversario-de-la-uise\/","title":{"rendered":"30 aniversario de la UISE"},"content":{"rendered":"\n<p>Ayer tuvimos el honor de acompa\u00f1ar a la Unitat d&#8217;Intervenci\u00f3 Socio-Educativa de la Policia Municipal de Gav\u00e0 (UISE) en la celebraci\u00f3n de su 30 aniversario.<\/p>\n\n\n\n<p>Agradecemos su compromiso con la educaci\u00f3n, la prevenci\u00f3n y el acompa\u00f1amiento de nuestros j\u00f3venes.<\/p>\n\n\n\n<p>\u00a1Felicidades por estos 30 a\u00f1os de dedicaci\u00f3n!<\/p>\n\n\n\n<p>&#8230;<\/p>\n\n\n\n<p>Hier, nous avons eu l\u2019honneur d\u2019accompagner l\u2019Unitat d\u2019Intervenci\u00f3 Socio-\u00c9ducative de la Police Municipale de Gav\u00e0 (UISE) pour la c\u00e9l\u00e9bration de son 30\u1d49 anniversaire.<\/p>\n\n\n\n<p>Nous remercions l\u2019UISE pour son engagement en faveur de l\u2019\u00e9ducation, de la pr\u00e9vention et de l\u2019accompagnement de nos jeunes.<\/p>\n\n\n\n<p>F\u00e9licitations pour ces 30 ann\u00e9es de d\u00e9vouement !<\/p>\n\n\n\n<figure class=\"wp-block-gallery has-nested-images columns-default is-cropped wp-block-gallery-1 is-layout-flex wp-block-gallery-is-layout-flex\">\n<figure class=\"wp-block-image size-large\"><img loading=\"lazy\" decoding=\"async\" width=\"700\" height=\"875\" data-id=\"139788\" src=\"https:\/\/bonsoleil.es\/web\/wp-content\/uploads\/2025\/11\/1-5-700x875.jpg\" alt=\"\" class=\"wp-image-139788\" srcset=\"https:\/\/bonsoleil.es\/web\/wp-content\/uploads\/2025\/11\/1-5-700x875.jpg 700w, https:\/\/bonsoleil.es\/web\/wp-content\/uploads\/2025\/11\/1-5-250x313.jpg 250w, https:\/\/bonsoleil.es\/web\/wp-content\/uploads\/2025\/11\/1-5-768x960.jpg 768w, https:\/\/bonsoleil.es\/web\/wp-content\/uploads\/2025\/11\/1-5-120x150.jpg 120w, https:\/\/bonsoleil.es\/web\/wp-content\/uploads\/2025\/11\/1-5.jpg 1080w\" sizes=\"auto, (max-width: 700px) 100vw, 700px\" \/><\/figure>\n\n\n\n<figure class=\"wp-block-image size-full\"><img loading=\"lazy\" decoding=\"async\" width=\"1080\" height=\"1350\" data-id=\"139792\" src=\"https:\/\/bonsoleil.es\/web\/wp-content\/uploads\/2025\/11\/2-5.jpg\" alt=\"\" class=\"wp-image-139792\" srcset=\"https:\/\/bonsoleil.es\/web\/wp-content\/uploads\/2025\/11\/2-5.jpg 1080w, https:\/\/bonsoleil.es\/web\/wp-content\/uploads\/2025\/11\/2-5-250x313.jpg 250w, https:\/\/bonsoleil.es\/web\/wp-content\/uploads\/2025\/11\/2-5-700x875.jpg 700w, https:\/\/bonsoleil.es\/web\/wp-content\/uploads\/2025\/11\/2-5-768x960.jpg 768w, https:\/\/bonsoleil.es\/web\/wp-content\/uploads\/2025\/11\/2-5-120x150.jpg 120w\" sizes=\"auto, (max-width: 1080px) 100vw, 1080px\" \/><\/figure>\n<\/figure>\n\n\n\n<p><\/p>\n","protected":false},"excerpt":{"rendered":"Ayer tuvimos el honor de acompa\u00f1ar a la Unitat d&#8217;Intervenci\u00f3 Socio-Educativa de la Policia Municipal de Gav\u00e0 (UISE) en la celebraci\u00f3n de su 30 aniversario.","protected":false},"author":1,"featured_media":139788,"comment_status":"closed","ping_status":"open","sticky":false,"template":"","format":"standard","meta":{"_acf_changed":false,"rs_blank_template":"","rs_page_bg_color":"","slide_template_v7":"","footnotes":"","_links_to":"","_links_to_target":""},"categories":[10],"tags":[],"class_list":["post-139787","post","type-post","status-publish","format-standard","has-post-thumbnail","hentry","category-generales"],"acf":[],"yoast_head":"<!-- This site is optimized with the Yoast SEO plugin v27.4 - https:\/\/yoast.com\/product\/yoast-seo-wordpress\/ -->\n<title>30 aniversario de la UISE - Lyc\u00e9e International Barcelona \u00b7 Bon Soleil<\/title>\n<meta name=\"robots\" content=\"index, follow, max-snippet:-1, max-image-preview:large, max-video-preview:-1\" \/>\n<link rel=\"canonical\" href=\"https:\/\/bonsoleil.es\/es\/30-aniversario-de-la-uise\/\" \/>\n<meta property=\"og:locale\" content=\"es_ES\" \/>\n<meta property=\"og:type\" content=\"article\" \/>\n<meta property=\"og:title\" content=\"30 aniversario de la UISE - Lyc\u00e9e International Barcelona \u00b7 Bon Soleil\" \/>\n<meta property=\"og:description\" content=\"Ayer tuvimos el honor de acompa\u00f1ar a la Unitat d&#039;Intervenci\u00f3 Socio-Educativa de la Policia Municipal de Gav\u00e0 (UISE) en la celebraci\u00f3n de su 30 aniversario.\" \/>\n<meta property=\"og:url\" content=\"https:\/\/bonsoleil.es\/es\/30-aniversario-de-la-uise\/\" \/>\n<meta property=\"og:site_name\" content=\"Lyc\u00e9e International Barcelona \u00b7 Bon Soleil\" \/>\n<meta property=\"article:publisher\" content=\"https:\/\/www.facebook.com\/libBonSoleil\/\" \/>\n<meta property=\"article:published_time\" content=\"2025-11-12T10:28:37+00:00\" \/>\n<meta property=\"article:modified_time\" content=\"2025-11-14T10:29:04+00:00\" \/>\n<meta property=\"og:image\" content=\"http:\/\/bonsoleil.es\/web\/wp-content\/uploads\/2025\/11\/1-5.jpg\" \/>\n\t<meta property=\"og:image:width\" content=\"1080\" \/>\n\t<meta property=\"og:image:height\" content=\"1350\" \/>\n\t<meta property=\"og:image:type\" content=\"image\/jpeg\" \/>\n<meta name=\"author\" content=\"libbs\" \/>\n<meta name=\"twitter:card\" content=\"summary_large_image\" \/>\n<meta name=\"twitter:creator\" content=\"@lib_bonsoleil\" \/>\n<meta name=\"twitter:site\" content=\"@lib_bonsoleil\" \/>\n<meta name=\"twitter:label1\" content=\"Escrito por\" \/>\n\t<meta name=\"twitter:data1\" content=\"libbs\" \/>\n\t<meta name=\"twitter:label2\" content=\"Tiempo de lectura\" \/>\n\t<meta name=\"twitter:data2\" content=\"2 minutos\" \/>\n<script type=\"application\/ld+json\" class=\"yoast-schema-graph\">{\"@context\":\"https:\\\/\\\/schema.org\",\"@graph\":[{\"@type\":\"Article\",\"@id\":\"https:\\\/\\\/bonsoleil.es\\\/es\\\/30-aniversario-de-la-uise\\\/#article\",\"isPartOf\":{\"@id\":\"https:\\\/\\\/bonsoleil.es\\\/es\\\/30-aniversario-de-la-uise\\\/\"},\"author\":{\"name\":\"libbs\",\"@id\":\"https:\\\/\\\/bonsoleil.es\\\/es\\\/#\\\/schema\\\/person\\\/f90f9175af4fad9c626fd2873bc546ec\"},\"headline\":\"30 aniversario de la UISE\",\"datePublished\":\"2025-11-12T10:28:37+00:00\",\"dateModified\":\"2025-11-14T10:29:04+00:00\",\"mainEntityOfPage\":{\"@id\":\"https:\\\/\\\/bonsoleil.es\\\/es\\\/30-aniversario-de-la-uise\\\/\"},\"wordCount\":118,\"image\":{\"@id\":\"https:\\\/\\\/bonsoleil.es\\\/es\\\/30-aniversario-de-la-uise\\\/#primaryimage\"},\"thumbnailUrl\":\"https:\\\/\\\/bonsoleil.es\\\/web\\\/wp-content\\\/uploads\\\/2025\\\/11\\\/1-5.jpg\",\"articleSection\":[\"G\u00e9n\u00e9rales\"],\"inLanguage\":\"es\"},{\"@type\":\"WebPage\",\"@id\":\"https:\\\/\\\/bonsoleil.es\\\/es\\\/30-aniversario-de-la-uise\\\/\",\"url\":\"https:\\\/\\\/bonsoleil.es\\\/es\\\/30-aniversario-de-la-uise\\\/\",\"name\":\"30 aniversario de la UISE - Lyc\u00e9e International Barcelona \u00b7 Bon Soleil\",\"isPartOf\":{\"@id\":\"https:\\\/\\\/bonsoleil.es\\\/es\\\/#website\"},\"primaryImageOfPage\":{\"@id\":\"https:\\\/\\\/bonsoleil.es\\\/es\\\/30-aniversario-de-la-uise\\\/#primaryimage\"},\"image\":{\"@id\":\"https:\\\/\\\/bonsoleil.es\\\/es\\\/30-aniversario-de-la-uise\\\/#primaryimage\"},\"thumbnailUrl\":\"https:\\\/\\\/bonsoleil.es\\\/web\\\/wp-content\\\/uploads\\\/2025\\\/11\\\/1-5.jpg\",\"datePublished\":\"2025-11-12T10:28:37+00:00\",\"dateModified\":\"2025-11-14T10:29:04+00:00\",\"author\":{\"@id\":\"https:\\\/\\\/bonsoleil.es\\\/es\\\/#\\\/schema\\\/person\\\/f90f9175af4fad9c626fd2873bc546ec\"},\"breadcrumb\":{\"@id\":\"https:\\\/\\\/bonsoleil.es\\\/es\\\/30-aniversario-de-la-uise\\\/#breadcrumb\"},\"inLanguage\":\"es\",\"potentialAction\":[{\"@type\":\"ReadAction\",\"target\":[\"https:\\\/\\\/bonsoleil.es\\\/es\\\/30-aniversario-de-la-uise\\\/\"]}]},{\"@type\":\"ImageObject\",\"inLanguage\":\"es\",\"@id\":\"https:\\\/\\\/bonsoleil.es\\\/es\\\/30-aniversario-de-la-uise\\\/#primaryimage\",\"url\":\"https:\\\/\\\/bonsoleil.es\\\/web\\\/wp-content\\\/uploads\\\/2025\\\/11\\\/1-5.jpg\",\"contentUrl\":\"https:\\\/\\\/bonsoleil.es\\\/web\\\/wp-content\\\/uploads\\\/2025\\\/11\\\/1-5.jpg\",\"width\":1080,\"height\":1350},{\"@type\":\"BreadcrumbList\",\"@id\":\"https:\\\/\\\/bonsoleil.es\\\/es\\\/30-aniversario-de-la-uise\\\/#breadcrumb\",\"itemListElement\":[{\"@type\":\"ListItem\",\"position\":1,\"name\":\"Portada\",\"item\":\"https:\\\/\\\/bonsoleil.es\\\/es\\\/\"},{\"@type\":\"ListItem\",\"position\":2,\"name\":\"30 aniversario de la UISE\"}]},{\"@type\":\"WebSite\",\"@id\":\"https:\\\/\\\/bonsoleil.es\\\/es\\\/#website\",\"url\":\"https:\\\/\\\/bonsoleil.es\\\/es\\\/\",\"name\":\"Lyc\u00e9e International Barcelona \u00b7 Bon Soleil\",\"description\":\"Lyc\u00e9e International Barcelona\",\"potentialAction\":[{\"@type\":\"SearchAction\",\"target\":{\"@type\":\"EntryPoint\",\"urlTemplate\":\"https:\\\/\\\/bonsoleil.es\\\/es\\\/?s={search_term_string}\"},\"query-input\":{\"@type\":\"PropertyValueSpecification\",\"valueRequired\":true,\"valueName\":\"search_term_string\"}}],\"inLanguage\":\"es\"},{\"@type\":\"Person\",\"@id\":\"https:\\\/\\\/bonsoleil.es\\\/es\\\/#\\\/schema\\\/person\\\/f90f9175af4fad9c626fd2873bc546ec\",\"name\":\"libbs\",\"image\":{\"@type\":\"ImageObject\",\"inLanguage\":\"es\",\"@id\":\"https:\\\/\\\/bonsoleil.es\\\/web\\\/wp-content\\\/litespeed\\\/avatar\\\/6719caedb5831fa7538835120a8121f8.jpg?ver=1777037754\",\"url\":\"https:\\\/\\\/bonsoleil.es\\\/web\\\/wp-content\\\/litespeed\\\/avatar\\\/6719caedb5831fa7538835120a8121f8.jpg?ver=1777037754\",\"contentUrl\":\"https:\\\/\\\/bonsoleil.es\\\/web\\\/wp-content\\\/litespeed\\\/avatar\\\/6719caedb5831fa7538835120a8121f8.jpg?ver=1777037754\",\"caption\":\"libbs\"},\"sameAs\":[\"http:\\\/\\\/localhost\\\/bonsoleil\\\/new_web\"],\"url\":\"https:\\\/\\\/bonsoleil.es\\\/es\\\/author\\\/libbs\\\/\"}]}<\/script>\n<!-- \/ Yoast SEO plugin. -->","yoast_head_json":{"title":"30 aniversario de la UISE - Lyc\u00e9e International Barcelona \u00b7 Bon Soleil","robots":{"index":"index","follow":"follow","max-snippet":"max-snippet:-1","max-image-preview":"max-image-preview:large","max-video-preview":"max-video-preview:-1"},"canonical":"https:\/\/bonsoleil.es\/es\/30-aniversario-de-la-uise\/","og_locale":"es_ES","og_type":"article","og_title":"30 aniversario de la UISE - Lyc\u00e9e International Barcelona \u00b7 Bon Soleil","og_description":"Ayer tuvimos el honor de acompa\u00f1ar a la Unitat d'Intervenci\u00f3 Socio-Educativa de la Policia Municipal de Gav\u00e0 (UISE) en la celebraci\u00f3n de su 30 aniversario.","og_url":"https:\/\/bonsoleil.es\/es\/30-aniversario-de-la-uise\/","og_site_name":"Lyc\u00e9e International Barcelona \u00b7 Bon Soleil","article_publisher":"https:\/\/www.facebook.com\/libBonSoleil\/","article_published_time":"2025-11-12T10:28:37+00:00","article_modified_time":"2025-11-14T10:29:04+00:00","og_image":[{"width":1080,"height":1350,"url":"http:\/\/bonsoleil.es\/web\/wp-content\/uploads\/2025\/11\/1-5.jpg","type":"image\/jpeg"}],"author":"libbs","twitter_card":"summary_large_image","twitter_creator":"@lib_bonsoleil","twitter_site":"@lib_bonsoleil","twitter_misc":{"Escrito por":"libbs","Tiempo de lectura":"2 minutos"},"schema":{"@context":"https:\/\/schema.org","@graph":[{"@type":"Article","@id":"https:\/\/bonsoleil.es\/es\/30-aniversario-de-la-uise\/#article","isPartOf":{"@id":"https:\/\/bonsoleil.es\/es\/30-aniversario-de-la-uise\/"},"author":{"name":"libbs","@id":"https:\/\/bonsoleil.es\/es\/#\/schema\/person\/f90f9175af4fad9c626fd2873bc546ec"},"headline":"30 aniversario de la UISE","datePublished":"2025-11-12T10:28:37+00:00","dateModified":"2025-11-14T10:29:04+00:00","mainEntityOfPage":{"@id":"https:\/\/bonsoleil.es\/es\/30-aniversario-de-la-uise\/"},"wordCount":118,"image":{"@id":"https:\/\/bonsoleil.es\/es\/30-aniversario-de-la-uise\/#primaryimage"},"thumbnailUrl":"https:\/\/bonsoleil.es\/web\/wp-content\/uploads\/2025\/11\/1-5.jpg","articleSection":["G\u00e9n\u00e9rales"],"inLanguage":"es"},{"@type":"WebPage","@id":"https:\/\/bonsoleil.es\/es\/30-aniversario-de-la-uise\/","url":"https:\/\/bonsoleil.es\/es\/30-aniversario-de-la-uise\/","name":"30 aniversario de la UISE - Lyc\u00e9e International Barcelona \u00b7 Bon Soleil","isPartOf":{"@id":"https:\/\/bonsoleil.es\/es\/#website"},"primaryImageOfPage":{"@id":"https:\/\/bonsoleil.es\/es\/30-aniversario-de-la-uise\/#primaryimage"},"image":{"@id":"https:\/\/bonsoleil.es\/es\/30-aniversario-de-la-uise\/#primaryimage"},"thumbnailUrl":"https:\/\/bonsoleil.es\/web\/wp-content\/uploads\/2025\/11\/1-5.jpg","datePublished":"2025-11-12T10:28:37+00:00","dateModified":"2025-11-14T10:29:04+00:00","author":{"@id":"https:\/\/bonsoleil.es\/es\/#\/schema\/person\/f90f9175af4fad9c626fd2873bc546ec"},"breadcrumb":{"@id":"https:\/\/bonsoleil.es\/es\/30-aniversario-de-la-uise\/#breadcrumb"},"inLanguage":"es","potentialAction":[{"@type":"ReadAction","target":["https:\/\/bonsoleil.es\/es\/30-aniversario-de-la-uise\/"]}]},{"@type":"ImageObject","inLanguage":"es","@id":"https:\/\/bonsoleil.es\/es\/30-aniversario-de-la-uise\/#primaryimage","url":"https:\/\/bonsoleil.es\/web\/wp-content\/uploads\/2025\/11\/1-5.jpg","contentUrl":"https:\/\/bonsoleil.es\/web\/wp-content\/uploads\/2025\/11\/1-5.jpg","width":1080,"height":1350},{"@type":"BreadcrumbList","@id":"https:\/\/bonsoleil.es\/es\/30-aniversario-de-la-uise\/#breadcrumb","itemListElement":[{"@type":"ListItem","position":1,"name":"Portada","item":"https:\/\/bonsoleil.es\/es\/"},{"@type":"ListItem","position":2,"name":"30 aniversario de la UISE"}]},{"@type":"WebSite","@id":"https:\/\/bonsoleil.es\/es\/#website","url":"https:\/\/bonsoleil.es\/es\/","name":"Lyc\u00e9e International Barcelona \u00b7 Bon Soleil","description":"Lyc\u00e9e International Barcelona","potentialAction":[{"@type":"SearchAction","target":{"@type":"EntryPoint","urlTemplate":"https:\/\/bonsoleil.es\/es\/?s={search_term_string}"},"query-input":{"@type":"PropertyValueSpecification","valueRequired":true,"valueName":"search_term_string"}}],"inLanguage":"es"},{"@type":"Person","@id":"https:\/\/bonsoleil.es\/es\/#\/schema\/person\/f90f9175af4fad9c626fd2873bc546ec","name":"libbs","image":{"@type":"ImageObject","inLanguage":"es","@id":"https:\/\/bonsoleil.es\/web\/wp-content\/litespeed\/avatar\/6719caedb5831fa7538835120a8121f8.jpg?ver=1777037754","url":"https:\/\/bonsoleil.es\/web\/wp-content\/litespeed\/avatar\/6719caedb5831fa7538835120a8121f8.jpg?ver=1777037754","contentUrl":"https:\/\/bonsoleil.es\/web\/wp-content\/litespeed\/avatar\/6719caedb5831fa7538835120a8121f8.jpg?ver=1777037754","caption":"libbs"},"sameAs":["http:\/\/localhost\/bonsoleil\/new_web"],"url":"https:\/\/bonsoleil.es\/es\/author\/libbs\/"}]}},"_links":{"self":[{"href":"https:\/\/bonsoleil.es\/es\/wp-json\/wp\/v2\/posts\/139787","targetHints":{"allow":["GET"]}}],"collection":[{"href":"https:\/\/bonsoleil.es\/es\/wp-json\/wp\/v2\/posts"}],"about":[{"href":"https:\/\/bonsoleil.es\/es\/wp-json\/wp\/v2\/types\/post"}],"author":[{"embeddable":true,"href":"https:\/\/bonsoleil.es\/es\/wp-json\/wp\/v2\/users\/1"}],"replies":[{"embeddable":true,"href":"https:\/\/bonsoleil.es\/es\/wp-json\/wp\/v2\/comments?post=139787"}],"version-history":[{"count":1,"href":"https:\/\/bonsoleil.es\/es\/wp-json\/wp\/v2\/posts\/139787\/revisions"}],"predecessor-version":[{"id":139796,"href":"https:\/\/bonsoleil.es\/es\/wp-json\/wp\/v2\/posts\/139787\/revisions\/139796"}],"wp:featuredmedia":[{"embeddable":true,"href":"https:\/\/bonsoleil.es\/es\/wp-json\/wp\/v2\/media\/139788"}],"wp:attachment":[{"href":"https:\/\/bonsoleil.es\/es\/wp-json\/wp\/v2\/media?parent=139787"}],"wp:term":[{"taxonomy":"category","embeddable":true,"href":"https:\/\/bonsoleil.es\/es\/wp-json\/wp\/v2\/categories?post=139787"},{"taxonomy":"post_tag","embeddable":true,"href":"https:\/\/bonsoleil.es\/es\/wp-json\/wp\/v2\/tags?post=139787"}],"curies":[{"name":"wp","href":"https:\/\/api.w.org\/{rel}","templated":true}]}}