{"id":53659,"date":"2022-01-18T12:09:08","date_gmt":"2022-01-18T11:09:08","guid":{"rendered":"https:\/\/www.bonsoleil.es\/?p=53659"},"modified":"2022-01-18T12:09:08","modified_gmt":"2022-01-18T11:09:08","slug":"treball-interdisciplinar-catala-arts-plastiques","status":"publish","type":"post","link":"https:\/\/bonsoleil.es\/es\/treball-interdisciplinar-catala-arts-plastiques\/","title":{"rendered":"Treball interdisciplinar Catal\u00e0-Arts Pl\u00e0stiques"},"content":{"rendered":"\n<p>Els\/les alumnes de 4\u00e8me han treballat en un projecte transversal entre les assignatures de catal\u00e0 i arts pl\u00e0stiques al voltant de dues figures crucials de la pintura modernista catalana: Ramon Casas i Santiago Rusi\u00f1ol.<\/p>\n\n\n\n<p>Per a l\u2019assignatura d\u2019art se\u2019ls ha demanat de fer uns treballs d\u2019interpretaci\u00f3 de dues pintures molt populars com foren <em>El pati blau i<\/em> la glorieta<em> dels Jardins d\u2019Aranjuez, <\/em>mentre que en llengua han hagut de fer-ne comentaris descriptius de les mateixes o d\u2019altres obres dels artistes.\u00a0 El conjunt ha sigut molt enriquidor pel fet que la majoria d\u2019estudiants desconeixien ambd\u00f3s pintors i un moviment clau per a la hist\u00f2ria de l\u2019art com fou el modernisme catal\u00e0.\u00a0<\/p>\n\n\n\n<figure class=\"wp-block-gallery has-nested-images columns-3 is-cropped wp-block-gallery-1 is-layout-flex wp-block-gallery-is-layout-flex\">\n<figure class=\"wp-block-image size-full\"><a href=\"https:\/\/bonsoleil.es\/web\/wp-content\/uploads\/2022\/01\/IMG20211110143133-scaled-1.jpg\"><img loading=\"lazy\" decoding=\"async\" width=\"1920\" height=\"2560\" data-id=\"53666\" src=\"https:\/\/bonsoleil.es\/web\/wp-content\/uploads\/2022\/01\/IMG20211110143133-scaled-1.jpg\" alt=\"\" class=\"wp-image-53666\" srcset=\"https:\/\/bonsoleil.es\/web\/wp-content\/uploads\/2022\/01\/IMG20211110143133-scaled-1.jpg 1920w, https:\/\/bonsoleil.es\/web\/wp-content\/uploads\/2022\/01\/IMG20211110143133-scaled-1-250x333.jpg 250w, https:\/\/bonsoleil.es\/web\/wp-content\/uploads\/2022\/01\/IMG20211110143133-scaled-1-700x933.jpg 700w, https:\/\/bonsoleil.es\/web\/wp-content\/uploads\/2022\/01\/IMG20211110143133-scaled-1-768x1024.jpg 768w, https:\/\/bonsoleil.es\/web\/wp-content\/uploads\/2022\/01\/IMG20211110143133-scaled-1-1152x1536.jpg 1152w, https:\/\/bonsoleil.es\/web\/wp-content\/uploads\/2022\/01\/IMG20211110143133-scaled-1-1536x2048.jpg 1536w, https:\/\/bonsoleil.es\/web\/wp-content\/uploads\/2022\/01\/IMG20211110143133-scaled-1-120x160.jpg 120w\" sizes=\"auto, (max-width: 1920px) 100vw, 1920px\" \/><\/a><\/figure>\n\n\n\n<figure class=\"wp-block-image size-full\"><a href=\"https:\/\/bonsoleil.es\/web\/wp-content\/uploads\/2022\/01\/IMG20211110143245-scaled-1.jpg\"><img loading=\"lazy\" decoding=\"async\" width=\"1920\" height=\"2560\" data-id=\"53667\" src=\"https:\/\/bonsoleil.es\/web\/wp-content\/uploads\/2022\/01\/IMG20211110143245-scaled-1.jpg\" alt=\"\" class=\"wp-image-53667\" srcset=\"https:\/\/bonsoleil.es\/web\/wp-content\/uploads\/2022\/01\/IMG20211110143245-scaled-1.jpg 1920w, https:\/\/bonsoleil.es\/web\/wp-content\/uploads\/2022\/01\/IMG20211110143245-scaled-1-250x333.jpg 250w, https:\/\/bonsoleil.es\/web\/wp-content\/uploads\/2022\/01\/IMG20211110143245-scaled-1-700x933.jpg 700w, https:\/\/bonsoleil.es\/web\/wp-content\/uploads\/2022\/01\/IMG20211110143245-scaled-1-768x1024.jpg 768w, https:\/\/bonsoleil.es\/web\/wp-content\/uploads\/2022\/01\/IMG20211110143245-scaled-1-1152x1536.jpg 1152w, https:\/\/bonsoleil.es\/web\/wp-content\/uploads\/2022\/01\/IMG20211110143245-scaled-1-1536x2048.jpg 1536w, https:\/\/bonsoleil.es\/web\/wp-content\/uploads\/2022\/01\/IMG20211110143245-scaled-1-120x160.jpg 120w\" sizes=\"auto, (max-width: 1920px) 100vw, 1920px\" \/><\/a><\/figure>\n\n\n\n<figure class=\"wp-block-image size-full\"><a href=\"https:\/\/bonsoleil.es\/web\/wp-content\/uploads\/2022\/01\/IMG20211110142802-scaled-1.jpg\"><img loading=\"lazy\" decoding=\"async\" width=\"1920\" height=\"2560\" data-id=\"53665\" src=\"https:\/\/bonsoleil.es\/web\/wp-content\/uploads\/2022\/01\/IMG20211110142802-scaled-1.jpg\" alt=\"\" class=\"wp-image-53665\" srcset=\"https:\/\/bonsoleil.es\/web\/wp-content\/uploads\/2022\/01\/IMG20211110142802-scaled-1.jpg 1920w, https:\/\/bonsoleil.es\/web\/wp-content\/uploads\/2022\/01\/IMG20211110142802-scaled-1-250x333.jpg 250w, https:\/\/bonsoleil.es\/web\/wp-content\/uploads\/2022\/01\/IMG20211110142802-scaled-1-700x933.jpg 700w, https:\/\/bonsoleil.es\/web\/wp-content\/uploads\/2022\/01\/IMG20211110142802-scaled-1-768x1024.jpg 768w, https:\/\/bonsoleil.es\/web\/wp-content\/uploads\/2022\/01\/IMG20211110142802-scaled-1-1152x1536.jpg 1152w, https:\/\/bonsoleil.es\/web\/wp-content\/uploads\/2022\/01\/IMG20211110142802-scaled-1-1536x2048.jpg 1536w, https:\/\/bonsoleil.es\/web\/wp-content\/uploads\/2022\/01\/IMG20211110142802-scaled-1-120x160.jpg 120w\" sizes=\"auto, (max-width: 1920px) 100vw, 1920px\" \/><\/a><\/figure>\n\n\n\n<figure class=\"wp-block-image size-full\"><a href=\"https:\/\/bonsoleil.es\/web\/wp-content\/uploads\/2022\/01\/IMG-20211130-WA0002.jpg\"><img loading=\"lazy\" decoding=\"async\" width=\"1024\" height=\"768\" data-id=\"53660\" src=\"https:\/\/bonsoleil.es\/web\/wp-content\/uploads\/2022\/01\/IMG-20211130-WA0002.jpg\" alt=\"\" class=\"wp-image-53660\" srcset=\"https:\/\/bonsoleil.es\/web\/wp-content\/uploads\/2022\/01\/IMG-20211130-WA0002.jpg 1024w, https:\/\/bonsoleil.es\/web\/wp-content\/uploads\/2022\/01\/IMG-20211130-WA0002-250x188.jpg 250w, https:\/\/bonsoleil.es\/web\/wp-content\/uploads\/2022\/01\/IMG-20211130-WA0002-700x525.jpg 700w, https:\/\/bonsoleil.es\/web\/wp-content\/uploads\/2022\/01\/IMG-20211130-WA0002-768x576.jpg 768w, https:\/\/bonsoleil.es\/web\/wp-content\/uploads\/2022\/01\/IMG-20211130-WA0002-120x90.jpg 120w\" sizes=\"auto, (max-width: 1024px) 100vw, 1024px\" \/><\/a><\/figure>\n\n\n\n<figure class=\"wp-block-image size-full\"><a href=\"https:\/\/bonsoleil.es\/web\/wp-content\/uploads\/2022\/01\/IMG-20211130-WA0005.jpg\"><img loading=\"lazy\" decoding=\"async\" width=\"1024\" height=\"768\" data-id=\"53661\" src=\"https:\/\/bonsoleil.es\/web\/wp-content\/uploads\/2022\/01\/IMG-20211130-WA0005.jpg\" alt=\"\" class=\"wp-image-53661\" srcset=\"https:\/\/bonsoleil.es\/web\/wp-content\/uploads\/2022\/01\/IMG-20211130-WA0005.jpg 1024w, https:\/\/bonsoleil.es\/web\/wp-content\/uploads\/2022\/01\/IMG-20211130-WA0005-250x188.jpg 250w, https:\/\/bonsoleil.es\/web\/wp-content\/uploads\/2022\/01\/IMG-20211130-WA0005-700x525.jpg 700w, https:\/\/bonsoleil.es\/web\/wp-content\/uploads\/2022\/01\/IMG-20211130-WA0005-768x576.jpg 768w, https:\/\/bonsoleil.es\/web\/wp-content\/uploads\/2022\/01\/IMG-20211130-WA0005-120x90.jpg 120w\" sizes=\"auto, (max-width: 1024px) 100vw, 1024px\" \/><\/a><\/figure>\n\n\n\n<figure class=\"wp-block-image size-full\"><a href=\"https:\/\/bonsoleil.es\/web\/wp-content\/uploads\/2022\/01\/IMG-20211130-WA0006.jpg\"><img loading=\"lazy\" decoding=\"async\" width=\"1024\" height=\"768\" data-id=\"53662\" src=\"https:\/\/bonsoleil.es\/web\/wp-content\/uploads\/2022\/01\/IMG-20211130-WA0006.jpg\" alt=\"\" class=\"wp-image-53662\" srcset=\"https:\/\/bonsoleil.es\/web\/wp-content\/uploads\/2022\/01\/IMG-20211130-WA0006.jpg 1024w, https:\/\/bonsoleil.es\/web\/wp-content\/uploads\/2022\/01\/IMG-20211130-WA0006-250x188.jpg 250w, https:\/\/bonsoleil.es\/web\/wp-content\/uploads\/2022\/01\/IMG-20211130-WA0006-700x525.jpg 700w, https:\/\/bonsoleil.es\/web\/wp-content\/uploads\/2022\/01\/IMG-20211130-WA0006-768x576.jpg 768w, https:\/\/bonsoleil.es\/web\/wp-content\/uploads\/2022\/01\/IMG-20211130-WA0006-120x90.jpg 120w\" sizes=\"auto, (max-width: 1024px) 100vw, 1024px\" \/><\/a><\/figure>\n\n\n\n<figure class=\"wp-block-image size-full\"><a href=\"https:\/\/bonsoleil.es\/web\/wp-content\/uploads\/2022\/01\/IMG-20211130-WA0007.jpg\"><img loading=\"lazy\" decoding=\"async\" width=\"1024\" height=\"768\" data-id=\"53663\" src=\"https:\/\/bonsoleil.es\/web\/wp-content\/uploads\/2022\/01\/IMG-20211130-WA0007.jpg\" alt=\"\" class=\"wp-image-53663\" srcset=\"https:\/\/bonsoleil.es\/web\/wp-content\/uploads\/2022\/01\/IMG-20211130-WA0007.jpg 1024w, https:\/\/bonsoleil.es\/web\/wp-content\/uploads\/2022\/01\/IMG-20211130-WA0007-250x188.jpg 250w, https:\/\/bonsoleil.es\/web\/wp-content\/uploads\/2022\/01\/IMG-20211130-WA0007-700x525.jpg 700w, https:\/\/bonsoleil.es\/web\/wp-content\/uploads\/2022\/01\/IMG-20211130-WA0007-768x576.jpg 768w, https:\/\/bonsoleil.es\/web\/wp-content\/uploads\/2022\/01\/IMG-20211130-WA0007-120x90.jpg 120w\" sizes=\"auto, (max-width: 1024px) 100vw, 1024px\" \/><\/a><\/figure>\n\n\n\n<figure class=\"wp-block-image size-full\"><a href=\"https:\/\/bonsoleil.es\/web\/wp-content\/uploads\/2022\/01\/IMG-20211130-WA0008.jpg\"><img loading=\"lazy\" decoding=\"async\" width=\"1024\" height=\"768\" data-id=\"53664\" src=\"https:\/\/bonsoleil.es\/web\/wp-content\/uploads\/2022\/01\/IMG-20211130-WA0008.jpg\" alt=\"\" class=\"wp-image-53664\" srcset=\"https:\/\/bonsoleil.es\/web\/wp-content\/uploads\/2022\/01\/IMG-20211130-WA0008.jpg 1024w, https:\/\/bonsoleil.es\/web\/wp-content\/uploads\/2022\/01\/IMG-20211130-WA0008-250x188.jpg 250w, https:\/\/bonsoleil.es\/web\/wp-content\/uploads\/2022\/01\/IMG-20211130-WA0008-700x525.jpg 700w, https:\/\/bonsoleil.es\/web\/wp-content\/uploads\/2022\/01\/IMG-20211130-WA0008-768x576.jpg 768w, https:\/\/bonsoleil.es\/web\/wp-content\/uploads\/2022\/01\/IMG-20211130-WA0008-120x90.jpg 120w\" sizes=\"auto, (max-width: 1024px) 100vw, 1024px\" \/><\/a><\/figure>\n<\/figure>\n","protected":false},"excerpt":{"rendered":"Els\/les alumnes de 4\u00e8me han treballat en un projecte transversal entre les assignatures de catal\u00e0 i arts pl\u00e0stiques al voltant de dues figures de la pintura modernista catalana: Ramon Casas i Santiago Rusi\u00f1ol.","protected":false},"author":1,"featured_media":53667,"comment_status":"closed","ping_status":"closed","sticky":false,"template":"","format":"standard","meta":{"_acf_changed":false,"rs_blank_template":"","rs_page_bg_color":"","slide_template_v7":"","footnotes":"","_links_to":"","_links_to_target":""},"categories":[19,9],"tags":[],"class_list":["post-53659","post","type-post","status-publish","format-standard","has-post-thumbnail","hentry","category-4eme","category-secondaire"],"acf":[],"yoast_head":"<!-- This site is optimized with the Yoast SEO plugin v27.4 - https:\/\/yoast.com\/product\/yoast-seo-wordpress\/ -->\n<title>Treball interdisciplinar Catal\u00e0-Arts Pl\u00e0stiques - Lyc\u00e9e International Barcelona \u00b7 Bon Soleil<\/title>\n<meta name=\"robots\" content=\"index, follow, max-snippet:-1, max-image-preview:large, max-video-preview:-1\" \/>\n<link rel=\"canonical\" href=\"https:\/\/bonsoleil.es\/es\/treball-interdisciplinar-catala-arts-plastiques\/\" \/>\n<meta property=\"og:locale\" content=\"es_ES\" \/>\n<meta property=\"og:type\" content=\"article\" \/>\n<meta property=\"og:title\" content=\"Treball interdisciplinar Catal\u00e0-Arts Pl\u00e0stiques - Lyc\u00e9e International Barcelona \u00b7 Bon Soleil\" \/>\n<meta property=\"og:description\" content=\"Els\/les alumnes de 4\u00e8me han treballat en un projecte transversal entre les assignatures de catal\u00e0 i arts pl\u00e0stiques al voltant de dues figures de la pintura modernista catalana: Ramon Casas i Santiago Rusi\u00f1ol.\" \/>\n<meta property=\"og:url\" content=\"https:\/\/bonsoleil.es\/es\/treball-interdisciplinar-catala-arts-plastiques\/\" \/>\n<meta property=\"og:site_name\" content=\"Lyc\u00e9e International Barcelona \u00b7 Bon Soleil\" \/>\n<meta property=\"article:publisher\" content=\"https:\/\/www.facebook.com\/libBonSoleil\/\" \/>\n<meta property=\"article:published_time\" content=\"2022-01-18T11:09:08+00:00\" \/>\n<meta property=\"og:image\" content=\"https:\/\/bonsoleil.es\/web\/wp-content\/uploads\/2022\/01\/IMG20211110143245-scaled-1.jpg\" \/>\n\t<meta property=\"og:image:width\" content=\"1920\" \/>\n\t<meta property=\"og:image:height\" content=\"2560\" \/>\n\t<meta property=\"og:image:type\" content=\"image\/jpeg\" \/>\n<meta name=\"author\" content=\"libbs\" \/>\n<meta name=\"twitter:card\" content=\"summary_large_image\" \/>\n<meta name=\"twitter:creator\" content=\"@lib_bonsoleil\" \/>\n<meta name=\"twitter:site\" content=\"@lib_bonsoleil\" \/>\n<meta name=\"twitter:label1\" content=\"Escrito por\" \/>\n\t<meta name=\"twitter:data1\" content=\"libbs\" \/>\n\t<meta name=\"twitter:label2\" content=\"Tiempo de lectura\" \/>\n\t<meta name=\"twitter:data2\" content=\"3 minutos\" \/>\n<script type=\"application\/ld+json\" class=\"yoast-schema-graph\">{\"@context\":\"https:\\\/\\\/schema.org\",\"@graph\":[{\"@type\":\"Article\",\"@id\":\"https:\\\/\\\/bonsoleil.es\\\/es\\\/treball-interdisciplinar-catala-arts-plastiques\\\/#article\",\"isPartOf\":{\"@id\":\"https:\\\/\\\/bonsoleil.es\\\/es\\\/treball-interdisciplinar-catala-arts-plastiques\\\/\"},\"author\":{\"name\":\"libbs\",\"@id\":\"https:\\\/\\\/bonsoleil.es\\\/es\\\/#\\\/schema\\\/person\\\/f90f9175af4fad9c626fd2873bc546ec\"},\"headline\":\"Treball interdisciplinar Catal\u00e0-Arts Pl\u00e0stiques\",\"datePublished\":\"2022-01-18T11:09:08+00:00\",\"mainEntityOfPage\":{\"@id\":\"https:\\\/\\\/bonsoleil.es\\\/es\\\/treball-interdisciplinar-catala-arts-plastiques\\\/\"},\"wordCount\":129,\"image\":{\"@id\":\"https:\\\/\\\/bonsoleil.es\\\/es\\\/treball-interdisciplinar-catala-arts-plastiques\\\/#primaryimage\"},\"thumbnailUrl\":\"https:\\\/\\\/bonsoleil.es\\\/web\\\/wp-content\\\/uploads\\\/2022\\\/01\\\/IMG20211110143245-scaled-1.jpg\",\"articleSection\":[\"4\u00e8me\",\"Secondaire\"],\"inLanguage\":\"es\"},{\"@type\":\"WebPage\",\"@id\":\"https:\\\/\\\/bonsoleil.es\\\/es\\\/treball-interdisciplinar-catala-arts-plastiques\\\/\",\"url\":\"https:\\\/\\\/bonsoleil.es\\\/es\\\/treball-interdisciplinar-catala-arts-plastiques\\\/\",\"name\":\"Treball interdisciplinar Catal\u00e0-Arts Pl\u00e0stiques - Lyc\u00e9e International Barcelona \u00b7 Bon Soleil\",\"isPartOf\":{\"@id\":\"https:\\\/\\\/bonsoleil.es\\\/es\\\/#website\"},\"primaryImageOfPage\":{\"@id\":\"https:\\\/\\\/bonsoleil.es\\\/es\\\/treball-interdisciplinar-catala-arts-plastiques\\\/#primaryimage\"},\"image\":{\"@id\":\"https:\\\/\\\/bonsoleil.es\\\/es\\\/treball-interdisciplinar-catala-arts-plastiques\\\/#primaryimage\"},\"thumbnailUrl\":\"https:\\\/\\\/bonsoleil.es\\\/web\\\/wp-content\\\/uploads\\\/2022\\\/01\\\/IMG20211110143245-scaled-1.jpg\",\"datePublished\":\"2022-01-18T11:09:08+00:00\",\"author\":{\"@id\":\"https:\\\/\\\/bonsoleil.es\\\/es\\\/#\\\/schema\\\/person\\\/f90f9175af4fad9c626fd2873bc546ec\"},\"breadcrumb\":{\"@id\":\"https:\\\/\\\/bonsoleil.es\\\/es\\\/treball-interdisciplinar-catala-arts-plastiques\\\/#breadcrumb\"},\"inLanguage\":\"es\",\"potentialAction\":[{\"@type\":\"ReadAction\",\"target\":[\"https:\\\/\\\/bonsoleil.es\\\/es\\\/treball-interdisciplinar-catala-arts-plastiques\\\/\"]}]},{\"@type\":\"ImageObject\",\"inLanguage\":\"es\",\"@id\":\"https:\\\/\\\/bonsoleil.es\\\/es\\\/treball-interdisciplinar-catala-arts-plastiques\\\/#primaryimage\",\"url\":\"https:\\\/\\\/bonsoleil.es\\\/web\\\/wp-content\\\/uploads\\\/2022\\\/01\\\/IMG20211110143245-scaled-1.jpg\",\"contentUrl\":\"https:\\\/\\\/bonsoleil.es\\\/web\\\/wp-content\\\/uploads\\\/2022\\\/01\\\/IMG20211110143245-scaled-1.jpg\",\"width\":1920,\"height\":2560},{\"@type\":\"BreadcrumbList\",\"@id\":\"https:\\\/\\\/bonsoleil.es\\\/es\\\/treball-interdisciplinar-catala-arts-plastiques\\\/#breadcrumb\",\"itemListElement\":[{\"@type\":\"ListItem\",\"position\":1,\"name\":\"Portada\",\"item\":\"https:\\\/\\\/bonsoleil.es\\\/es\\\/\"},{\"@type\":\"ListItem\",\"position\":2,\"name\":\"Treball interdisciplinar Catal\u00e0-Arts Pl\u00e0stiques\"}]},{\"@type\":\"WebSite\",\"@id\":\"https:\\\/\\\/bonsoleil.es\\\/es\\\/#website\",\"url\":\"https:\\\/\\\/bonsoleil.es\\\/es\\\/\",\"name\":\"Lyc\u00e9e International Barcelona \u00b7 Bon Soleil\",\"description\":\"Lyc\u00e9e International Barcelona\",\"potentialAction\":[{\"@type\":\"SearchAction\",\"target\":{\"@type\":\"EntryPoint\",\"urlTemplate\":\"https:\\\/\\\/bonsoleil.es\\\/es\\\/?s={search_term_string}\"},\"query-input\":{\"@type\":\"PropertyValueSpecification\",\"valueRequired\":true,\"valueName\":\"search_term_string\"}}],\"inLanguage\":\"es\"},{\"@type\":\"Person\",\"@id\":\"https:\\\/\\\/bonsoleil.es\\\/es\\\/#\\\/schema\\\/person\\\/f90f9175af4fad9c626fd2873bc546ec\",\"name\":\"libbs\",\"image\":{\"@type\":\"ImageObject\",\"inLanguage\":\"es\",\"@id\":\"https:\\\/\\\/bonsoleil.es\\\/web\\\/wp-content\\\/litespeed\\\/avatar\\\/6719caedb5831fa7538835120a8121f8.jpg?ver=1777037754\",\"url\":\"https:\\\/\\\/bonsoleil.es\\\/web\\\/wp-content\\\/litespeed\\\/avatar\\\/6719caedb5831fa7538835120a8121f8.jpg?ver=1777037754\",\"contentUrl\":\"https:\\\/\\\/bonsoleil.es\\\/web\\\/wp-content\\\/litespeed\\\/avatar\\\/6719caedb5831fa7538835120a8121f8.jpg?ver=1777037754\",\"caption\":\"libbs\"},\"sameAs\":[\"http:\\\/\\\/localhost\\\/bonsoleil\\\/new_web\"],\"url\":\"https:\\\/\\\/bonsoleil.es\\\/es\\\/author\\\/libbs\\\/\"}]}<\/script>\n<!-- \/ Yoast SEO plugin. -->","yoast_head_json":{"title":"Treball interdisciplinar Catal\u00e0-Arts Pl\u00e0stiques - Lyc\u00e9e International Barcelona \u00b7 Bon Soleil","robots":{"index":"index","follow":"follow","max-snippet":"max-snippet:-1","max-image-preview":"max-image-preview:large","max-video-preview":"max-video-preview:-1"},"canonical":"https:\/\/bonsoleil.es\/es\/treball-interdisciplinar-catala-arts-plastiques\/","og_locale":"es_ES","og_type":"article","og_title":"Treball interdisciplinar Catal\u00e0-Arts Pl\u00e0stiques - Lyc\u00e9e International Barcelona \u00b7 Bon Soleil","og_description":"Els\/les alumnes de 4\u00e8me han treballat en un projecte transversal entre les assignatures de catal\u00e0 i arts pl\u00e0stiques al voltant de dues figures de la pintura modernista catalana: Ramon Casas i Santiago Rusi\u00f1ol.","og_url":"https:\/\/bonsoleil.es\/es\/treball-interdisciplinar-catala-arts-plastiques\/","og_site_name":"Lyc\u00e9e International Barcelona \u00b7 Bon Soleil","article_publisher":"https:\/\/www.facebook.com\/libBonSoleil\/","article_published_time":"2022-01-18T11:09:08+00:00","og_image":[{"width":1920,"height":2560,"url":"https:\/\/bonsoleil.es\/web\/wp-content\/uploads\/2022\/01\/IMG20211110143245-scaled-1.jpg","type":"image\/jpeg"}],"author":"libbs","twitter_card":"summary_large_image","twitter_creator":"@lib_bonsoleil","twitter_site":"@lib_bonsoleil","twitter_misc":{"Escrito por":"libbs","Tiempo de lectura":"3 minutos"},"schema":{"@context":"https:\/\/schema.org","@graph":[{"@type":"Article","@id":"https:\/\/bonsoleil.es\/es\/treball-interdisciplinar-catala-arts-plastiques\/#article","isPartOf":{"@id":"https:\/\/bonsoleil.es\/es\/treball-interdisciplinar-catala-arts-plastiques\/"},"author":{"name":"libbs","@id":"https:\/\/bonsoleil.es\/es\/#\/schema\/person\/f90f9175af4fad9c626fd2873bc546ec"},"headline":"Treball interdisciplinar Catal\u00e0-Arts Pl\u00e0stiques","datePublished":"2022-01-18T11:09:08+00:00","mainEntityOfPage":{"@id":"https:\/\/bonsoleil.es\/es\/treball-interdisciplinar-catala-arts-plastiques\/"},"wordCount":129,"image":{"@id":"https:\/\/bonsoleil.es\/es\/treball-interdisciplinar-catala-arts-plastiques\/#primaryimage"},"thumbnailUrl":"https:\/\/bonsoleil.es\/web\/wp-content\/uploads\/2022\/01\/IMG20211110143245-scaled-1.jpg","articleSection":["4\u00e8me","Secondaire"],"inLanguage":"es"},{"@type":"WebPage","@id":"https:\/\/bonsoleil.es\/es\/treball-interdisciplinar-catala-arts-plastiques\/","url":"https:\/\/bonsoleil.es\/es\/treball-interdisciplinar-catala-arts-plastiques\/","name":"Treball interdisciplinar Catal\u00e0-Arts Pl\u00e0stiques - Lyc\u00e9e International Barcelona \u00b7 Bon Soleil","isPartOf":{"@id":"https:\/\/bonsoleil.es\/es\/#website"},"primaryImageOfPage":{"@id":"https:\/\/bonsoleil.es\/es\/treball-interdisciplinar-catala-arts-plastiques\/#primaryimage"},"image":{"@id":"https:\/\/bonsoleil.es\/es\/treball-interdisciplinar-catala-arts-plastiques\/#primaryimage"},"thumbnailUrl":"https:\/\/bonsoleil.es\/web\/wp-content\/uploads\/2022\/01\/IMG20211110143245-scaled-1.jpg","datePublished":"2022-01-18T11:09:08+00:00","author":{"@id":"https:\/\/bonsoleil.es\/es\/#\/schema\/person\/f90f9175af4fad9c626fd2873bc546ec"},"breadcrumb":{"@id":"https:\/\/bonsoleil.es\/es\/treball-interdisciplinar-catala-arts-plastiques\/#breadcrumb"},"inLanguage":"es","potentialAction":[{"@type":"ReadAction","target":["https:\/\/bonsoleil.es\/es\/treball-interdisciplinar-catala-arts-plastiques\/"]}]},{"@type":"ImageObject","inLanguage":"es","@id":"https:\/\/bonsoleil.es\/es\/treball-interdisciplinar-catala-arts-plastiques\/#primaryimage","url":"https:\/\/bonsoleil.es\/web\/wp-content\/uploads\/2022\/01\/IMG20211110143245-scaled-1.jpg","contentUrl":"https:\/\/bonsoleil.es\/web\/wp-content\/uploads\/2022\/01\/IMG20211110143245-scaled-1.jpg","width":1920,"height":2560},{"@type":"BreadcrumbList","@id":"https:\/\/bonsoleil.es\/es\/treball-interdisciplinar-catala-arts-plastiques\/#breadcrumb","itemListElement":[{"@type":"ListItem","position":1,"name":"Portada","item":"https:\/\/bonsoleil.es\/es\/"},{"@type":"ListItem","position":2,"name":"Treball interdisciplinar Catal\u00e0-Arts Pl\u00e0stiques"}]},{"@type":"WebSite","@id":"https:\/\/bonsoleil.es\/es\/#website","url":"https:\/\/bonsoleil.es\/es\/","name":"Lyc\u00e9e International Barcelona \u00b7 Bon Soleil","description":"Lyc\u00e9e International Barcelona","potentialAction":[{"@type":"SearchAction","target":{"@type":"EntryPoint","urlTemplate":"https:\/\/bonsoleil.es\/es\/?s={search_term_string}"},"query-input":{"@type":"PropertyValueSpecification","valueRequired":true,"valueName":"search_term_string"}}],"inLanguage":"es"},{"@type":"Person","@id":"https:\/\/bonsoleil.es\/es\/#\/schema\/person\/f90f9175af4fad9c626fd2873bc546ec","name":"libbs","image":{"@type":"ImageObject","inLanguage":"es","@id":"https:\/\/bonsoleil.es\/web\/wp-content\/litespeed\/avatar\/6719caedb5831fa7538835120a8121f8.jpg?ver=1777037754","url":"https:\/\/bonsoleil.es\/web\/wp-content\/litespeed\/avatar\/6719caedb5831fa7538835120a8121f8.jpg?ver=1777037754","contentUrl":"https:\/\/bonsoleil.es\/web\/wp-content\/litespeed\/avatar\/6719caedb5831fa7538835120a8121f8.jpg?ver=1777037754","caption":"libbs"},"sameAs":["http:\/\/localhost\/bonsoleil\/new_web"],"url":"https:\/\/bonsoleil.es\/es\/author\/libbs\/"}]}},"_links":{"self":[{"href":"https:\/\/bonsoleil.es\/es\/wp-json\/wp\/v2\/posts\/53659","targetHints":{"allow":["GET"]}}],"collection":[{"href":"https:\/\/bonsoleil.es\/es\/wp-json\/wp\/v2\/posts"}],"about":[{"href":"https:\/\/bonsoleil.es\/es\/wp-json\/wp\/v2\/types\/post"}],"author":[{"embeddable":true,"href":"https:\/\/bonsoleil.es\/es\/wp-json\/wp\/v2\/users\/1"}],"replies":[{"embeddable":true,"href":"https:\/\/bonsoleil.es\/es\/wp-json\/wp\/v2\/comments?post=53659"}],"version-history":[{"count":0,"href":"https:\/\/bonsoleil.es\/es\/wp-json\/wp\/v2\/posts\/53659\/revisions"}],"wp:featuredmedia":[{"embeddable":true,"href":"https:\/\/bonsoleil.es\/es\/wp-json\/wp\/v2\/media\/53667"}],"wp:attachment":[{"href":"https:\/\/bonsoleil.es\/es\/wp-json\/wp\/v2\/media?parent=53659"}],"wp:term":[{"taxonomy":"category","embeddable":true,"href":"https:\/\/bonsoleil.es\/es\/wp-json\/wp\/v2\/categories?post=53659"},{"taxonomy":"post_tag","embeddable":true,"href":"https:\/\/bonsoleil.es\/es\/wp-json\/wp\/v2\/tags?post=53659"}],"curies":[{"name":"wp","href":"https:\/\/api.w.org\/{rel}","templated":true}]}}