{"id":53838,"date":"2022-02-04T09:19:29","date_gmt":"2022-02-04T08:19:29","guid":{"rendered":"https:\/\/www.bonsoleil.es\/?p=53838"},"modified":"2022-02-04T09:19:29","modified_gmt":"2022-02-04T08:19:29","slug":"lliga-de-debat-preuniversitaria","status":"publish","type":"post","link":"https:\/\/bonsoleil.es\/es\/lliga-de-debat-preuniversitaria\/","title":{"rendered":"Lliga de Debat preuniversit\u00e0ria"},"content":{"rendered":"\n<p>Cinc alumnes de l&#8217;escola han estat a la Universitat de Barcelona participant en la <strong>Lliga de Debat preuniversit\u00e0ria<\/strong> organitzada per la <strong>Xarxa Vives<\/strong> en la seva edici\u00f3 de 2022. Es tracta d&#8217;una competici\u00f3 d&#8217;orat\u00f2ria on es debaten temes d&#8217;actualitat mitjan\u00e7ant l\u2019\u00fas de la paraula a fi de crear un espai de formaci\u00f3 on <strong>s\u2019utilitza el catal\u00e0 com a llengua vehicular<\/strong>.<br>Els nostres alumnes de <strong>1r de Batxibac i IB<\/strong>, Marta Elies, Carlota Garuz, Maria Mart\u00ednez, Edgar Roca i Martina Pic\u00f3n han hagut d&#8217;aprofundir en la tem\u00e0tica d&#8217;enguany per ser capa\u00e7os d&#8217;argumentar-hi tant a favor com en contra.<br><strong>Cal posar l\u00edmits a la ci\u00e8ncia?<\/strong><\/p>\n\n\n\n<p>Agn\u00e8s Lara, Enzo Gallego i In\u00e9s Su\u00e1rez, alumnes de 2n Batxibac i IB que van participar en l&#8217;edici\u00f3 anterior a la pand\u00e8mia els han fet de mentors des de les seves aptituds i experi\u00e8ncia personal amb el recolzament del seu professor de catal\u00e0, Jacob Montfort, que expressa la seva admiraci\u00f3 pel nivell pedag\u00f2gic i hum\u00e0 que aquests han mostrat i la seva satisfacci\u00f3 per les capacitats intel\u00b7lectuals i comunicatives amb qu\u00e8 estan representant la nostra escola els cinc participants.<\/p>\n\n\n\n<p><\/p>\n\n\n\n<figure class=\"wp-block-gallery has-nested-images columns-2 is-cropped wp-block-gallery-1 is-layout-flex wp-block-gallery-is-layout-flex\">\n<figure class=\"wp-block-image size-large\"><a href=\"https:\/\/www.bonsoleil.es\/bonsoleil\/wp-content\/uploads\/2022\/02\/1643962617287.webp\"><img loading=\"lazy\" decoding=\"async\" width=\"1042\" height=\"899\" data-id=\"53839\" src=\"https:\/\/www.bonsoleil.es\/bonsoleil\/wp-content\/uploads\/2022\/02\/1643962617287.webp\" alt=\"\" class=\"wp-image-53839\" srcset=\"https:\/\/bonsoleil.es\/web\/wp-content\/uploads\/2022\/02\/1643962617287.webp 1042w, https:\/\/bonsoleil.es\/web\/wp-content\/uploads\/2022\/02\/1643962617287-250x216.webp 250w, https:\/\/bonsoleil.es\/web\/wp-content\/uploads\/2022\/02\/1643962617287-700x604.webp 700w, https:\/\/bonsoleil.es\/web\/wp-content\/uploads\/2022\/02\/1643962617287-768x663.webp 768w, https:\/\/bonsoleil.es\/web\/wp-content\/uploads\/2022\/02\/1643962617287-120x104.webp 120w\" sizes=\"auto, (max-width: 1042px) 100vw, 1042px\" \/><\/a><\/figure>\n\n\n\n<figure class=\"wp-block-image size-large\"><a href=\"https:\/\/www.bonsoleil.es\/bonsoleil\/wp-content\/uploads\/2022\/02\/1643962617304.webp\"><img loading=\"lazy\" decoding=\"async\" width=\"1080\" height=\"932\" data-id=\"53842\" src=\"https:\/\/www.bonsoleil.es\/bonsoleil\/wp-content\/uploads\/2022\/02\/1643962617304.webp\" alt=\"\" class=\"wp-image-53842\" srcset=\"https:\/\/bonsoleil.es\/web\/wp-content\/uploads\/2022\/02\/1643962617304.webp 1080w, https:\/\/bonsoleil.es\/web\/wp-content\/uploads\/2022\/02\/1643962617304-250x216.webp 250w, https:\/\/bonsoleil.es\/web\/wp-content\/uploads\/2022\/02\/1643962617304-700x604.webp 700w, https:\/\/bonsoleil.es\/web\/wp-content\/uploads\/2022\/02\/1643962617304-768x663.webp 768w, https:\/\/bonsoleil.es\/web\/wp-content\/uploads\/2022\/02\/1643962617304-120x104.webp 120w\" sizes=\"auto, (max-width: 1080px) 100vw, 1080px\" \/><\/a><\/figure>\n\n\n\n<figure class=\"wp-block-image size-large\"><a href=\"https:\/\/www.bonsoleil.es\/bonsoleil\/wp-content\/uploads\/2022\/02\/1643962617317.webp\"><img loading=\"lazy\" decoding=\"async\" width=\"1080\" height=\"932\" data-id=\"53841\" src=\"https:\/\/www.bonsoleil.es\/bonsoleil\/wp-content\/uploads\/2022\/02\/1643962617317.webp\" alt=\"\" class=\"wp-image-53841\" srcset=\"https:\/\/bonsoleil.es\/web\/wp-content\/uploads\/2022\/02\/1643962617317.webp 1080w, https:\/\/bonsoleil.es\/web\/wp-content\/uploads\/2022\/02\/1643962617317-250x216.webp 250w, https:\/\/bonsoleil.es\/web\/wp-content\/uploads\/2022\/02\/1643962617317-700x604.webp 700w, https:\/\/bonsoleil.es\/web\/wp-content\/uploads\/2022\/02\/1643962617317-768x663.webp 768w, https:\/\/bonsoleil.es\/web\/wp-content\/uploads\/2022\/02\/1643962617317-120x104.webp 120w\" sizes=\"auto, (max-width: 1080px) 100vw, 1080px\" \/><\/a><\/figure>\n\n\n\n<figure class=\"wp-block-image size-large\"><a href=\"https:\/\/www.bonsoleil.es\/bonsoleil\/wp-content\/uploads\/2022\/02\/1643962617330.webp\"><img loading=\"lazy\" decoding=\"async\" width=\"1080\" height=\"932\" data-id=\"53840\" src=\"https:\/\/www.bonsoleil.es\/bonsoleil\/wp-content\/uploads\/2022\/02\/1643962617330.webp\" alt=\"\" class=\"wp-image-53840\" srcset=\"https:\/\/bonsoleil.es\/web\/wp-content\/uploads\/2022\/02\/1643962617330.webp 1080w, https:\/\/bonsoleil.es\/web\/wp-content\/uploads\/2022\/02\/1643962617330-250x216.webp 250w, https:\/\/bonsoleil.es\/web\/wp-content\/uploads\/2022\/02\/1643962617330-700x604.webp 700w, https:\/\/bonsoleil.es\/web\/wp-content\/uploads\/2022\/02\/1643962617330-768x663.webp 768w, https:\/\/bonsoleil.es\/web\/wp-content\/uploads\/2022\/02\/1643962617330-120x104.webp 120w\" sizes=\"auto, (max-width: 1080px) 100vw, 1080px\" \/><\/a><\/figure>\n<\/figure>\n","protected":false},"excerpt":{"rendered":"Cinc alumnes de l&#8217;escola han estat a la Universitat de Barcelona participant en la Lliga de Debat preuniversit\u00e0ria organitzada per la Xarxa Vives en la seva edici\u00f3 de 2022. ","protected":false},"author":1,"featured_media":53840,"comment_status":"closed","ping_status":"closed","sticky":false,"template":"","format":"standard","meta":{"_acf_changed":false,"rs_blank_template":"","rs_page_bg_color":"","slide_template_v7":"","footnotes":"","_links_to":"","_links_to_target":""},"categories":[8,9],"tags":[],"class_list":["post-53838","post","type-post","status-publish","format-standard","has-post-thumbnail","hentry","category-1n-bac","category-secondaire"],"acf":[],"yoast_head":"<!-- This site is optimized with the Yoast SEO plugin v27.5 - https:\/\/yoast.com\/product\/yoast-seo-wordpress\/ -->\n<title>Lliga de Debat preuniversit\u00e0ria - Lyc\u00e9e International Barcelona \u00b7 Bon Soleil<\/title>\n<meta name=\"robots\" content=\"index, follow, max-snippet:-1, max-image-preview:large, max-video-preview:-1\" \/>\n<link rel=\"canonical\" href=\"https:\/\/bonsoleil.es\/es\/lliga-de-debat-preuniversitaria\/\" \/>\n<meta property=\"og:locale\" content=\"es_ES\" \/>\n<meta property=\"og:type\" content=\"article\" \/>\n<meta property=\"og:title\" content=\"Lliga de Debat preuniversit\u00e0ria - Lyc\u00e9e International Barcelona \u00b7 Bon Soleil\" \/>\n<meta property=\"og:description\" content=\"Cinc alumnes de l&#039;escola han estat a la Universitat de Barcelona participant en la Lliga de Debat preuniversit\u00e0ria organitzada per la Xarxa Vives en la seva edici\u00f3 de 2022.\" \/>\n<meta property=\"og:url\" content=\"https:\/\/bonsoleil.es\/es\/lliga-de-debat-preuniversitaria\/\" \/>\n<meta property=\"og:site_name\" content=\"Lyc\u00e9e International Barcelona \u00b7 Bon Soleil\" \/>\n<meta property=\"article:publisher\" content=\"https:\/\/www.facebook.com\/libBonSoleil\/\" \/>\n<meta property=\"article:published_time\" content=\"2022-02-04T08:19:29+00:00\" \/>\n<meta property=\"og:image\" content=\"https:\/\/bonsoleil.es\/web\/wp-content\/uploads\/2022\/02\/1643962617330.webp\" \/>\n\t<meta property=\"og:image:width\" content=\"1080\" \/>\n\t<meta property=\"og:image:height\" content=\"932\" \/>\n\t<meta property=\"og:image:type\" content=\"image\/webp\" \/>\n<meta name=\"author\" content=\"libbs\" \/>\n<meta name=\"twitter:card\" content=\"summary_large_image\" \/>\n<meta name=\"twitter:creator\" content=\"@lib_bonsoleil\" \/>\n<meta name=\"twitter:site\" content=\"@lib_bonsoleil\" \/>\n<meta name=\"twitter:label1\" content=\"Escrito por\" \/>\n\t<meta name=\"twitter:data1\" content=\"libbs\" \/>\n\t<meta name=\"twitter:label2\" content=\"Tiempo de lectura\" \/>\n\t<meta name=\"twitter:data2\" content=\"2 minutos\" \/>\n<script type=\"application\/ld+json\" class=\"yoast-schema-graph\">{\"@context\":\"https:\\\/\\\/schema.org\",\"@graph\":[{\"@type\":\"Article\",\"@id\":\"https:\\\/\\\/bonsoleil.es\\\/es\\\/lliga-de-debat-preuniversitaria\\\/#article\",\"isPartOf\":{\"@id\":\"https:\\\/\\\/bonsoleil.es\\\/es\\\/lliga-de-debat-preuniversitaria\\\/\"},\"author\":{\"name\":\"libbs\",\"@id\":\"https:\\\/\\\/bonsoleil.es\\\/es\\\/#\\\/schema\\\/person\\\/f90f9175af4fad9c626fd2873bc546ec\"},\"headline\":\"Lliga de Debat preuniversit\u00e0ria\",\"datePublished\":\"2022-02-04T08:19:29+00:00\",\"mainEntityOfPage\":{\"@id\":\"https:\\\/\\\/bonsoleil.es\\\/es\\\/lliga-de-debat-preuniversitaria\\\/\"},\"wordCount\":212,\"image\":{\"@id\":\"https:\\\/\\\/bonsoleil.es\\\/es\\\/lliga-de-debat-preuniversitaria\\\/#primaryimage\"},\"thumbnailUrl\":\"https:\\\/\\\/bonsoleil.es\\\/web\\\/wp-content\\\/uploads\\\/2022\\\/02\\\/1643962617330.webp\",\"articleSection\":[\"1n Bachibac\",\"Secondaire\"],\"inLanguage\":\"es\"},{\"@type\":\"WebPage\",\"@id\":\"https:\\\/\\\/bonsoleil.es\\\/es\\\/lliga-de-debat-preuniversitaria\\\/\",\"url\":\"https:\\\/\\\/bonsoleil.es\\\/es\\\/lliga-de-debat-preuniversitaria\\\/\",\"name\":\"Lliga de Debat preuniversit\u00e0ria - Lyc\u00e9e International Barcelona \u00b7 Bon Soleil\",\"isPartOf\":{\"@id\":\"https:\\\/\\\/bonsoleil.es\\\/es\\\/#website\"},\"primaryImageOfPage\":{\"@id\":\"https:\\\/\\\/bonsoleil.es\\\/es\\\/lliga-de-debat-preuniversitaria\\\/#primaryimage\"},\"image\":{\"@id\":\"https:\\\/\\\/bonsoleil.es\\\/es\\\/lliga-de-debat-preuniversitaria\\\/#primaryimage\"},\"thumbnailUrl\":\"https:\\\/\\\/bonsoleil.es\\\/web\\\/wp-content\\\/uploads\\\/2022\\\/02\\\/1643962617330.webp\",\"datePublished\":\"2022-02-04T08:19:29+00:00\",\"author\":{\"@id\":\"https:\\\/\\\/bonsoleil.es\\\/es\\\/#\\\/schema\\\/person\\\/f90f9175af4fad9c626fd2873bc546ec\"},\"breadcrumb\":{\"@id\":\"https:\\\/\\\/bonsoleil.es\\\/es\\\/lliga-de-debat-preuniversitaria\\\/#breadcrumb\"},\"inLanguage\":\"es\",\"potentialAction\":[{\"@type\":\"ReadAction\",\"target\":[\"https:\\\/\\\/bonsoleil.es\\\/es\\\/lliga-de-debat-preuniversitaria\\\/\"]}]},{\"@type\":\"ImageObject\",\"inLanguage\":\"es\",\"@id\":\"https:\\\/\\\/bonsoleil.es\\\/es\\\/lliga-de-debat-preuniversitaria\\\/#primaryimage\",\"url\":\"https:\\\/\\\/bonsoleil.es\\\/web\\\/wp-content\\\/uploads\\\/2022\\\/02\\\/1643962617330.webp\",\"contentUrl\":\"https:\\\/\\\/bonsoleil.es\\\/web\\\/wp-content\\\/uploads\\\/2022\\\/02\\\/1643962617330.webp\",\"width\":1080,\"height\":932},{\"@type\":\"BreadcrumbList\",\"@id\":\"https:\\\/\\\/bonsoleil.es\\\/es\\\/lliga-de-debat-preuniversitaria\\\/#breadcrumb\",\"itemListElement\":[{\"@type\":\"ListItem\",\"position\":1,\"name\":\"Portada\",\"item\":\"https:\\\/\\\/bonsoleil.es\\\/es\\\/\"},{\"@type\":\"ListItem\",\"position\":2,\"name\":\"Lliga de Debat preuniversit\u00e0ria\"}]},{\"@type\":\"WebSite\",\"@id\":\"https:\\\/\\\/bonsoleil.es\\\/es\\\/#website\",\"url\":\"https:\\\/\\\/bonsoleil.es\\\/es\\\/\",\"name\":\"Lyc\u00e9e International Barcelona \u00b7 Bon Soleil\",\"description\":\"Lyc\u00e9e International Barcelona\",\"potentialAction\":[{\"@type\":\"SearchAction\",\"target\":{\"@type\":\"EntryPoint\",\"urlTemplate\":\"https:\\\/\\\/bonsoleil.es\\\/es\\\/?s={search_term_string}\"},\"query-input\":{\"@type\":\"PropertyValueSpecification\",\"valueRequired\":true,\"valueName\":\"search_term_string\"}}],\"inLanguage\":\"es\"},{\"@type\":\"Person\",\"@id\":\"https:\\\/\\\/bonsoleil.es\\\/es\\\/#\\\/schema\\\/person\\\/f90f9175af4fad9c626fd2873bc546ec\",\"name\":\"libbs\",\"image\":{\"@type\":\"ImageObject\",\"inLanguage\":\"es\",\"@id\":\"https:\\\/\\\/bonsoleil.es\\\/web\\\/wp-content\\\/litespeed\\\/avatar\\\/6719caedb5831fa7538835120a8121f8.jpg?ver=1777037754\",\"url\":\"https:\\\/\\\/bonsoleil.es\\\/web\\\/wp-content\\\/litespeed\\\/avatar\\\/6719caedb5831fa7538835120a8121f8.jpg?ver=1777037754\",\"contentUrl\":\"https:\\\/\\\/bonsoleil.es\\\/web\\\/wp-content\\\/litespeed\\\/avatar\\\/6719caedb5831fa7538835120a8121f8.jpg?ver=1777037754\",\"caption\":\"libbs\"},\"sameAs\":[\"http:\\\/\\\/localhost\\\/bonsoleil\\\/new_web\"],\"url\":\"https:\\\/\\\/bonsoleil.es\\\/es\\\/author\\\/libbs\\\/\"}]}<\/script>\n<!-- \/ Yoast SEO plugin. -->","yoast_head_json":{"title":"Lliga de Debat preuniversit\u00e0ria - Lyc\u00e9e International Barcelona \u00b7 Bon Soleil","robots":{"index":"index","follow":"follow","max-snippet":"max-snippet:-1","max-image-preview":"max-image-preview:large","max-video-preview":"max-video-preview:-1"},"canonical":"https:\/\/bonsoleil.es\/es\/lliga-de-debat-preuniversitaria\/","og_locale":"es_ES","og_type":"article","og_title":"Lliga de Debat preuniversit\u00e0ria - Lyc\u00e9e International Barcelona \u00b7 Bon Soleil","og_description":"Cinc alumnes de l'escola han estat a la Universitat de Barcelona participant en la Lliga de Debat preuniversit\u00e0ria organitzada per la Xarxa Vives en la seva edici\u00f3 de 2022.","og_url":"https:\/\/bonsoleil.es\/es\/lliga-de-debat-preuniversitaria\/","og_site_name":"Lyc\u00e9e International Barcelona \u00b7 Bon Soleil","article_publisher":"https:\/\/www.facebook.com\/libBonSoleil\/","article_published_time":"2022-02-04T08:19:29+00:00","og_image":[{"width":1080,"height":932,"url":"https:\/\/bonsoleil.es\/web\/wp-content\/uploads\/2022\/02\/1643962617330.webp","type":"image\/webp"}],"author":"libbs","twitter_card":"summary_large_image","twitter_creator":"@lib_bonsoleil","twitter_site":"@lib_bonsoleil","twitter_misc":{"Escrito por":"libbs","Tiempo de lectura":"2 minutos"},"schema":{"@context":"https:\/\/schema.org","@graph":[{"@type":"Article","@id":"https:\/\/bonsoleil.es\/es\/lliga-de-debat-preuniversitaria\/#article","isPartOf":{"@id":"https:\/\/bonsoleil.es\/es\/lliga-de-debat-preuniversitaria\/"},"author":{"name":"libbs","@id":"https:\/\/bonsoleil.es\/es\/#\/schema\/person\/f90f9175af4fad9c626fd2873bc546ec"},"headline":"Lliga de Debat preuniversit\u00e0ria","datePublished":"2022-02-04T08:19:29+00:00","mainEntityOfPage":{"@id":"https:\/\/bonsoleil.es\/es\/lliga-de-debat-preuniversitaria\/"},"wordCount":212,"image":{"@id":"https:\/\/bonsoleil.es\/es\/lliga-de-debat-preuniversitaria\/#primaryimage"},"thumbnailUrl":"https:\/\/bonsoleil.es\/web\/wp-content\/uploads\/2022\/02\/1643962617330.webp","articleSection":["1n Bachibac","Secondaire"],"inLanguage":"es"},{"@type":"WebPage","@id":"https:\/\/bonsoleil.es\/es\/lliga-de-debat-preuniversitaria\/","url":"https:\/\/bonsoleil.es\/es\/lliga-de-debat-preuniversitaria\/","name":"Lliga de Debat preuniversit\u00e0ria - Lyc\u00e9e International Barcelona \u00b7 Bon Soleil","isPartOf":{"@id":"https:\/\/bonsoleil.es\/es\/#website"},"primaryImageOfPage":{"@id":"https:\/\/bonsoleil.es\/es\/lliga-de-debat-preuniversitaria\/#primaryimage"},"image":{"@id":"https:\/\/bonsoleil.es\/es\/lliga-de-debat-preuniversitaria\/#primaryimage"},"thumbnailUrl":"https:\/\/bonsoleil.es\/web\/wp-content\/uploads\/2022\/02\/1643962617330.webp","datePublished":"2022-02-04T08:19:29+00:00","author":{"@id":"https:\/\/bonsoleil.es\/es\/#\/schema\/person\/f90f9175af4fad9c626fd2873bc546ec"},"breadcrumb":{"@id":"https:\/\/bonsoleil.es\/es\/lliga-de-debat-preuniversitaria\/#breadcrumb"},"inLanguage":"es","potentialAction":[{"@type":"ReadAction","target":["https:\/\/bonsoleil.es\/es\/lliga-de-debat-preuniversitaria\/"]}]},{"@type":"ImageObject","inLanguage":"es","@id":"https:\/\/bonsoleil.es\/es\/lliga-de-debat-preuniversitaria\/#primaryimage","url":"https:\/\/bonsoleil.es\/web\/wp-content\/uploads\/2022\/02\/1643962617330.webp","contentUrl":"https:\/\/bonsoleil.es\/web\/wp-content\/uploads\/2022\/02\/1643962617330.webp","width":1080,"height":932},{"@type":"BreadcrumbList","@id":"https:\/\/bonsoleil.es\/es\/lliga-de-debat-preuniversitaria\/#breadcrumb","itemListElement":[{"@type":"ListItem","position":1,"name":"Portada","item":"https:\/\/bonsoleil.es\/es\/"},{"@type":"ListItem","position":2,"name":"Lliga de Debat preuniversit\u00e0ria"}]},{"@type":"WebSite","@id":"https:\/\/bonsoleil.es\/es\/#website","url":"https:\/\/bonsoleil.es\/es\/","name":"Lyc\u00e9e International Barcelona \u00b7 Bon Soleil","description":"Lyc\u00e9e International Barcelona","potentialAction":[{"@type":"SearchAction","target":{"@type":"EntryPoint","urlTemplate":"https:\/\/bonsoleil.es\/es\/?s={search_term_string}"},"query-input":{"@type":"PropertyValueSpecification","valueRequired":true,"valueName":"search_term_string"}}],"inLanguage":"es"},{"@type":"Person","@id":"https:\/\/bonsoleil.es\/es\/#\/schema\/person\/f90f9175af4fad9c626fd2873bc546ec","name":"libbs","image":{"@type":"ImageObject","inLanguage":"es","@id":"https:\/\/bonsoleil.es\/web\/wp-content\/litespeed\/avatar\/6719caedb5831fa7538835120a8121f8.jpg?ver=1777037754","url":"https:\/\/bonsoleil.es\/web\/wp-content\/litespeed\/avatar\/6719caedb5831fa7538835120a8121f8.jpg?ver=1777037754","contentUrl":"https:\/\/bonsoleil.es\/web\/wp-content\/litespeed\/avatar\/6719caedb5831fa7538835120a8121f8.jpg?ver=1777037754","caption":"libbs"},"sameAs":["http:\/\/localhost\/bonsoleil\/new_web"],"url":"https:\/\/bonsoleil.es\/es\/author\/libbs\/"}]}},"_links":{"self":[{"href":"https:\/\/bonsoleil.es\/es\/wp-json\/wp\/v2\/posts\/53838","targetHints":{"allow":["GET"]}}],"collection":[{"href":"https:\/\/bonsoleil.es\/es\/wp-json\/wp\/v2\/posts"}],"about":[{"href":"https:\/\/bonsoleil.es\/es\/wp-json\/wp\/v2\/types\/post"}],"author":[{"embeddable":true,"href":"https:\/\/bonsoleil.es\/es\/wp-json\/wp\/v2\/users\/1"}],"replies":[{"embeddable":true,"href":"https:\/\/bonsoleil.es\/es\/wp-json\/wp\/v2\/comments?post=53838"}],"version-history":[{"count":0,"href":"https:\/\/bonsoleil.es\/es\/wp-json\/wp\/v2\/posts\/53838\/revisions"}],"wp:featuredmedia":[{"embeddable":true,"href":"https:\/\/bonsoleil.es\/es\/wp-json\/wp\/v2\/media\/53840"}],"wp:attachment":[{"href":"https:\/\/bonsoleil.es\/es\/wp-json\/wp\/v2\/media?parent=53838"}],"wp:term":[{"taxonomy":"category","embeddable":true,"href":"https:\/\/bonsoleil.es\/es\/wp-json\/wp\/v2\/categories?post=53838"},{"taxonomy":"post_tag","embeddable":true,"href":"https:\/\/bonsoleil.es\/es\/wp-json\/wp\/v2\/tags?post=53838"}],"curies":[{"name":"wp","href":"https:\/\/api.w.org\/{rel}","templated":true}]}}