{"id":54920,"date":"2022-03-01T16:05:52","date_gmt":"2022-03-01T15:05:52","guid":{"rendered":"https:\/\/www.bonsoleil.es\/?p=54920"},"modified":"2024-01-03T10:35:06","modified_gmt":"2024-01-03T09:35:06","slug":"lancement-du-projet-je-mange-donc-je-suis","status":"publish","type":"post","link":"https:\/\/bonsoleil.es\/es\/lancement-du-projet-je-mange-donc-je-suis\/","title":{"rendered":"Lancement du projet \u00abJe mange, donc je suis\u00bb"},"content":{"rendered":"\n<p>Apr\u00e8s le projet d\u2019\u00e9cole \u201cAutour du regard\u201d r\u00e9alis\u00e9 l\u2019ann\u00e9e derni\u00e8re, nous d\u00e9marrons ce mois-ci le nouveau projet interdisciplinaire intitul\u00e9 \u201c<strong>Je mange donc je suis<\/strong>\u201d.&nbsp;<\/p>\n\n\n\n<p>Pour la deuxi\u00e8me ann\u00e9e cons\u00e9cutive, nos \u00e9l\u00e8ves de la Petite section \u00e0 la Terminale seront invit\u00e9s \u00e0 r\u00e9fl\u00e9chir aux questions de l\u2019alimentation autour d\u2019axes tr\u00e8s vari\u00e9s propos\u00e9s par leurs enseignants et r\u00e9aliseront diverses activit\u00e9s dont nous vous ferons part au fur et \u00e0 mesure.<\/p>\n\n\n\n<p>Nous sommes ravis de r\u00e9unir tous nos \u00e9l\u00e8ves et l\u2019ensemble des enseignants autour d\u2019une th\u00e9matique commune essentielle pour mieux comprendre le monde qui nous entoure et ses in\u00e9galit\u00e9s tout en prenant conscience de l\u2019enjeu d\u2019une bonne alimentation comme pilier d\u2019une vie saine.<\/p>\n\n\n\n<p>Les activit\u00e9s r\u00e9alis\u00e9es par les plus petits et les plus grands seront r\u00e9unies \u00e0 l\u2019occasion d\u2019une exposition mise en place au cours du mois de juin.&nbsp;<\/p>\n\n\n\n<p>Nous vous invitons tous \u00e0 suivre avec attention les publications en lien avec ce projet et \u00e0 poursuivre la r\u00e9flexion avec vos enfants, \u00e0 la maison.<\/p>\n\n\n\n<figure class=\"wp-block-image size-full\"><img loading=\"lazy\" decoding=\"async\" width=\"1079\" height=\"1079\" src=\"https:\/\/bonsoleil.es\/web\/wp-content\/uploads\/2022\/03\/je_mange_je_suis.jpg\" alt=\"\" class=\"wp-image-54922\" srcset=\"https:\/\/bonsoleil.es\/web\/wp-content\/uploads\/2022\/03\/je_mange_je_suis.jpg 1079w, https:\/\/bonsoleil.es\/web\/wp-content\/uploads\/2022\/03\/je_mange_je_suis-250x250.jpg 250w, https:\/\/bonsoleil.es\/web\/wp-content\/uploads\/2022\/03\/je_mange_je_suis-700x700.jpg 700w, https:\/\/bonsoleil.es\/web\/wp-content\/uploads\/2022\/03\/je_mange_je_suis-150x150.jpg 150w, https:\/\/bonsoleil.es\/web\/wp-content\/uploads\/2022\/03\/je_mange_je_suis-768x768.jpg 768w, https:\/\/bonsoleil.es\/web\/wp-content\/uploads\/2022\/03\/je_mange_je_suis-120x120.jpg 120w\" sizes=\"auto, (max-width: 1079px) 100vw, 1079px\" \/><\/figure>\n","protected":false},"excerpt":{"rendered":"Apr\u00e8s le projet d\u2019\u00e9cole \u201cAutour du regard\u201d r\u00e9alis\u00e9 l\u2019ann\u00e9e derni\u00e8re, nous d\u00e9marrons ce mois-ci le nouveau projet interdisciplinaire intitul\u00e9 \u201cJe mange donc je suis\u201d.\u00a0","protected":false},"author":1,"featured_media":54924,"comment_status":"closed","ping_status":"closed","sticky":false,"template":"","format":"standard","meta":{"_acf_changed":false,"rs_blank_template":"","rs_page_bg_color":"","slide_template_v7":"","footnotes":"","_links_to":"","_links_to_target":""},"categories":[10],"tags":[],"class_list":["post-54920","post","type-post","status-publish","format-standard","has-post-thumbnail","hentry","category-generales"],"acf":[],"yoast_head":"<!-- This site is optimized with the Yoast SEO plugin v27.5 - https:\/\/yoast.com\/product\/yoast-seo-wordpress\/ -->\n<title>Lancement du projet &quot;Je mange, donc je suis&quot; - Lyc\u00e9e International Barcelona \u00b7 Bon Soleil<\/title>\n<meta name=\"robots\" content=\"index, follow, max-snippet:-1, max-image-preview:large, max-video-preview:-1\" \/>\n<link rel=\"canonical\" href=\"https:\/\/bonsoleil.es\/es\/lancement-du-projet-je-mange-donc-je-suis\/\" \/>\n<meta property=\"og:locale\" content=\"es_ES\" \/>\n<meta property=\"og:type\" content=\"article\" \/>\n<meta property=\"og:title\" content=\"Lancement du projet &quot;Je mange, donc je suis&quot; - Lyc\u00e9e International Barcelona \u00b7 Bon Soleil\" \/>\n<meta property=\"og:description\" content=\"Apr\u00e8s le projet d\u2019\u00e9cole \u201cAutour du regard\u201d r\u00e9alis\u00e9 l\u2019ann\u00e9e derni\u00e8re, nous d\u00e9marrons ce mois-ci le nouveau projet interdisciplinaire intitul\u00e9 \u201cJe mange donc je suis\u201d.\u00a0\" \/>\n<meta property=\"og:url\" content=\"https:\/\/bonsoleil.es\/es\/lancement-du-projet-je-mange-donc-je-suis\/\" \/>\n<meta property=\"og:site_name\" content=\"Lyc\u00e9e International Barcelona \u00b7 Bon Soleil\" \/>\n<meta property=\"article:publisher\" content=\"https:\/\/www.facebook.com\/libBonSoleil\/\" \/>\n<meta property=\"article:published_time\" content=\"2022-03-01T15:05:52+00:00\" \/>\n<meta property=\"article:modified_time\" content=\"2024-01-03T09:35:06+00:00\" \/>\n<meta property=\"og:image\" content=\"https:\/\/bonsoleil.es\/web\/wp-content\/uploads\/2022\/03\/je_mange_je_suis_dest-1.jpg\" \/>\n\t<meta property=\"og:image:width\" content=\"1603\" \/>\n\t<meta property=\"og:image:height\" content=\"986\" \/>\n\t<meta property=\"og:image:type\" content=\"image\/jpeg\" \/>\n<meta name=\"author\" content=\"libbs\" \/>\n<meta name=\"twitter:card\" content=\"summary_large_image\" \/>\n<meta name=\"twitter:creator\" content=\"@lib_bonsoleil\" \/>\n<meta name=\"twitter:site\" content=\"@lib_bonsoleil\" \/>\n<meta name=\"twitter:label1\" content=\"Escrito por\" \/>\n\t<meta name=\"twitter:data1\" content=\"libbs\" \/>\n\t<meta name=\"twitter:label2\" content=\"Tiempo de lectura\" \/>\n\t<meta name=\"twitter:data2\" content=\"2 minutos\" \/>\n<script type=\"application\/ld+json\" class=\"yoast-schema-graph\">{\"@context\":\"https:\\\/\\\/schema.org\",\"@graph\":[{\"@type\":\"Article\",\"@id\":\"https:\\\/\\\/bonsoleil.es\\\/es\\\/lancement-du-projet-je-mange-donc-je-suis\\\/#article\",\"isPartOf\":{\"@id\":\"https:\\\/\\\/bonsoleil.es\\\/es\\\/lancement-du-projet-je-mange-donc-je-suis\\\/\"},\"author\":{\"name\":\"libbs\",\"@id\":\"https:\\\/\\\/bonsoleil.es\\\/es\\\/#\\\/schema\\\/person\\\/f90f9175af4fad9c626fd2873bc546ec\"},\"headline\":\"Lancement du projet \u00abJe mange, donc je suis\u00bb\",\"datePublished\":\"2022-03-01T15:05:52+00:00\",\"dateModified\":\"2024-01-03T09:35:06+00:00\",\"mainEntityOfPage\":{\"@id\":\"https:\\\/\\\/bonsoleil.es\\\/es\\\/lancement-du-projet-je-mange-donc-je-suis\\\/\"},\"wordCount\":203,\"image\":{\"@id\":\"https:\\\/\\\/bonsoleil.es\\\/es\\\/lancement-du-projet-je-mange-donc-je-suis\\\/#primaryimage\"},\"thumbnailUrl\":\"https:\\\/\\\/bonsoleil.es\\\/web\\\/wp-content\\\/uploads\\\/2022\\\/03\\\/je_mange_je_suis_dest-1.jpg\",\"articleSection\":[\"G\u00e9n\u00e9rales\"],\"inLanguage\":\"es\"},{\"@type\":\"WebPage\",\"@id\":\"https:\\\/\\\/bonsoleil.es\\\/es\\\/lancement-du-projet-je-mange-donc-je-suis\\\/\",\"url\":\"https:\\\/\\\/bonsoleil.es\\\/es\\\/lancement-du-projet-je-mange-donc-je-suis\\\/\",\"name\":\"Lancement du projet \\\"Je mange, donc je suis\\\" - Lyc\u00e9e International Barcelona \u00b7 Bon Soleil\",\"isPartOf\":{\"@id\":\"https:\\\/\\\/bonsoleil.es\\\/es\\\/#website\"},\"primaryImageOfPage\":{\"@id\":\"https:\\\/\\\/bonsoleil.es\\\/es\\\/lancement-du-projet-je-mange-donc-je-suis\\\/#primaryimage\"},\"image\":{\"@id\":\"https:\\\/\\\/bonsoleil.es\\\/es\\\/lancement-du-projet-je-mange-donc-je-suis\\\/#primaryimage\"},\"thumbnailUrl\":\"https:\\\/\\\/bonsoleil.es\\\/web\\\/wp-content\\\/uploads\\\/2022\\\/03\\\/je_mange_je_suis_dest-1.jpg\",\"datePublished\":\"2022-03-01T15:05:52+00:00\",\"dateModified\":\"2024-01-03T09:35:06+00:00\",\"author\":{\"@id\":\"https:\\\/\\\/bonsoleil.es\\\/es\\\/#\\\/schema\\\/person\\\/f90f9175af4fad9c626fd2873bc546ec\"},\"breadcrumb\":{\"@id\":\"https:\\\/\\\/bonsoleil.es\\\/es\\\/lancement-du-projet-je-mange-donc-je-suis\\\/#breadcrumb\"},\"inLanguage\":\"es\",\"potentialAction\":[{\"@type\":\"ReadAction\",\"target\":[\"https:\\\/\\\/bonsoleil.es\\\/es\\\/lancement-du-projet-je-mange-donc-je-suis\\\/\"]}]},{\"@type\":\"ImageObject\",\"inLanguage\":\"es\",\"@id\":\"https:\\\/\\\/bonsoleil.es\\\/es\\\/lancement-du-projet-je-mange-donc-je-suis\\\/#primaryimage\",\"url\":\"https:\\\/\\\/bonsoleil.es\\\/web\\\/wp-content\\\/uploads\\\/2022\\\/03\\\/je_mange_je_suis_dest-1.jpg\",\"contentUrl\":\"https:\\\/\\\/bonsoleil.es\\\/web\\\/wp-content\\\/uploads\\\/2022\\\/03\\\/je_mange_je_suis_dest-1.jpg\",\"width\":1603,\"height\":986},{\"@type\":\"BreadcrumbList\",\"@id\":\"https:\\\/\\\/bonsoleil.es\\\/es\\\/lancement-du-projet-je-mange-donc-je-suis\\\/#breadcrumb\",\"itemListElement\":[{\"@type\":\"ListItem\",\"position\":1,\"name\":\"Portada\",\"item\":\"https:\\\/\\\/bonsoleil.es\\\/es\\\/\"},{\"@type\":\"ListItem\",\"position\":2,\"name\":\"Lancement du projet \u00ab\u00a0Je mange, donc je suis\u00a0\u00bb\"}]},{\"@type\":\"WebSite\",\"@id\":\"https:\\\/\\\/bonsoleil.es\\\/es\\\/#website\",\"url\":\"https:\\\/\\\/bonsoleil.es\\\/es\\\/\",\"name\":\"Lyc\u00e9e International Barcelona \u00b7 Bon Soleil\",\"description\":\"Lyc\u00e9e International Barcelona\",\"potentialAction\":[{\"@type\":\"SearchAction\",\"target\":{\"@type\":\"EntryPoint\",\"urlTemplate\":\"https:\\\/\\\/bonsoleil.es\\\/es\\\/?s={search_term_string}\"},\"query-input\":{\"@type\":\"PropertyValueSpecification\",\"valueRequired\":true,\"valueName\":\"search_term_string\"}}],\"inLanguage\":\"es\"},{\"@type\":\"Person\",\"@id\":\"https:\\\/\\\/bonsoleil.es\\\/es\\\/#\\\/schema\\\/person\\\/f90f9175af4fad9c626fd2873bc546ec\",\"name\":\"libbs\",\"image\":{\"@type\":\"ImageObject\",\"inLanguage\":\"es\",\"@id\":\"https:\\\/\\\/bonsoleil.es\\\/web\\\/wp-content\\\/litespeed\\\/avatar\\\/6719caedb5831fa7538835120a8121f8.jpg?ver=1777037754\",\"url\":\"https:\\\/\\\/bonsoleil.es\\\/web\\\/wp-content\\\/litespeed\\\/avatar\\\/6719caedb5831fa7538835120a8121f8.jpg?ver=1777037754\",\"contentUrl\":\"https:\\\/\\\/bonsoleil.es\\\/web\\\/wp-content\\\/litespeed\\\/avatar\\\/6719caedb5831fa7538835120a8121f8.jpg?ver=1777037754\",\"caption\":\"libbs\"},\"sameAs\":[\"http:\\\/\\\/localhost\\\/bonsoleil\\\/new_web\"],\"url\":\"https:\\\/\\\/bonsoleil.es\\\/es\\\/author\\\/libbs\\\/\"}]}<\/script>\n<!-- \/ Yoast SEO plugin. -->","yoast_head_json":{"title":"Lancement du projet \"Je mange, donc je suis\" - Lyc\u00e9e International Barcelona \u00b7 Bon Soleil","robots":{"index":"index","follow":"follow","max-snippet":"max-snippet:-1","max-image-preview":"max-image-preview:large","max-video-preview":"max-video-preview:-1"},"canonical":"https:\/\/bonsoleil.es\/es\/lancement-du-projet-je-mange-donc-je-suis\/","og_locale":"es_ES","og_type":"article","og_title":"Lancement du projet \"Je mange, donc je suis\" - Lyc\u00e9e International Barcelona \u00b7 Bon Soleil","og_description":"Apr\u00e8s le projet d\u2019\u00e9cole \u201cAutour du regard\u201d r\u00e9alis\u00e9 l\u2019ann\u00e9e derni\u00e8re, nous d\u00e9marrons ce mois-ci le nouveau projet interdisciplinaire intitul\u00e9 \u201cJe mange donc je suis\u201d.\u00a0","og_url":"https:\/\/bonsoleil.es\/es\/lancement-du-projet-je-mange-donc-je-suis\/","og_site_name":"Lyc\u00e9e International Barcelona \u00b7 Bon Soleil","article_publisher":"https:\/\/www.facebook.com\/libBonSoleil\/","article_published_time":"2022-03-01T15:05:52+00:00","article_modified_time":"2024-01-03T09:35:06+00:00","og_image":[{"width":1603,"height":986,"url":"https:\/\/bonsoleil.es\/web\/wp-content\/uploads\/2022\/03\/je_mange_je_suis_dest-1.jpg","type":"image\/jpeg"}],"author":"libbs","twitter_card":"summary_large_image","twitter_creator":"@lib_bonsoleil","twitter_site":"@lib_bonsoleil","twitter_misc":{"Escrito por":"libbs","Tiempo de lectura":"2 minutos"},"schema":{"@context":"https:\/\/schema.org","@graph":[{"@type":"Article","@id":"https:\/\/bonsoleil.es\/es\/lancement-du-projet-je-mange-donc-je-suis\/#article","isPartOf":{"@id":"https:\/\/bonsoleil.es\/es\/lancement-du-projet-je-mange-donc-je-suis\/"},"author":{"name":"libbs","@id":"https:\/\/bonsoleil.es\/es\/#\/schema\/person\/f90f9175af4fad9c626fd2873bc546ec"},"headline":"Lancement du projet \u00abJe mange, donc je suis\u00bb","datePublished":"2022-03-01T15:05:52+00:00","dateModified":"2024-01-03T09:35:06+00:00","mainEntityOfPage":{"@id":"https:\/\/bonsoleil.es\/es\/lancement-du-projet-je-mange-donc-je-suis\/"},"wordCount":203,"image":{"@id":"https:\/\/bonsoleil.es\/es\/lancement-du-projet-je-mange-donc-je-suis\/#primaryimage"},"thumbnailUrl":"https:\/\/bonsoleil.es\/web\/wp-content\/uploads\/2022\/03\/je_mange_je_suis_dest-1.jpg","articleSection":["G\u00e9n\u00e9rales"],"inLanguage":"es"},{"@type":"WebPage","@id":"https:\/\/bonsoleil.es\/es\/lancement-du-projet-je-mange-donc-je-suis\/","url":"https:\/\/bonsoleil.es\/es\/lancement-du-projet-je-mange-donc-je-suis\/","name":"Lancement du projet \"Je mange, donc je suis\" - Lyc\u00e9e International Barcelona \u00b7 Bon Soleil","isPartOf":{"@id":"https:\/\/bonsoleil.es\/es\/#website"},"primaryImageOfPage":{"@id":"https:\/\/bonsoleil.es\/es\/lancement-du-projet-je-mange-donc-je-suis\/#primaryimage"},"image":{"@id":"https:\/\/bonsoleil.es\/es\/lancement-du-projet-je-mange-donc-je-suis\/#primaryimage"},"thumbnailUrl":"https:\/\/bonsoleil.es\/web\/wp-content\/uploads\/2022\/03\/je_mange_je_suis_dest-1.jpg","datePublished":"2022-03-01T15:05:52+00:00","dateModified":"2024-01-03T09:35:06+00:00","author":{"@id":"https:\/\/bonsoleil.es\/es\/#\/schema\/person\/f90f9175af4fad9c626fd2873bc546ec"},"breadcrumb":{"@id":"https:\/\/bonsoleil.es\/es\/lancement-du-projet-je-mange-donc-je-suis\/#breadcrumb"},"inLanguage":"es","potentialAction":[{"@type":"ReadAction","target":["https:\/\/bonsoleil.es\/es\/lancement-du-projet-je-mange-donc-je-suis\/"]}]},{"@type":"ImageObject","inLanguage":"es","@id":"https:\/\/bonsoleil.es\/es\/lancement-du-projet-je-mange-donc-je-suis\/#primaryimage","url":"https:\/\/bonsoleil.es\/web\/wp-content\/uploads\/2022\/03\/je_mange_je_suis_dest-1.jpg","contentUrl":"https:\/\/bonsoleil.es\/web\/wp-content\/uploads\/2022\/03\/je_mange_je_suis_dest-1.jpg","width":1603,"height":986},{"@type":"BreadcrumbList","@id":"https:\/\/bonsoleil.es\/es\/lancement-du-projet-je-mange-donc-je-suis\/#breadcrumb","itemListElement":[{"@type":"ListItem","position":1,"name":"Portada","item":"https:\/\/bonsoleil.es\/es\/"},{"@type":"ListItem","position":2,"name":"Lancement du projet \u00ab\u00a0Je mange, donc je suis\u00a0\u00bb"}]},{"@type":"WebSite","@id":"https:\/\/bonsoleil.es\/es\/#website","url":"https:\/\/bonsoleil.es\/es\/","name":"Lyc\u00e9e International Barcelona \u00b7 Bon Soleil","description":"Lyc\u00e9e International Barcelona","potentialAction":[{"@type":"SearchAction","target":{"@type":"EntryPoint","urlTemplate":"https:\/\/bonsoleil.es\/es\/?s={search_term_string}"},"query-input":{"@type":"PropertyValueSpecification","valueRequired":true,"valueName":"search_term_string"}}],"inLanguage":"es"},{"@type":"Person","@id":"https:\/\/bonsoleil.es\/es\/#\/schema\/person\/f90f9175af4fad9c626fd2873bc546ec","name":"libbs","image":{"@type":"ImageObject","inLanguage":"es","@id":"https:\/\/bonsoleil.es\/web\/wp-content\/litespeed\/avatar\/6719caedb5831fa7538835120a8121f8.jpg?ver=1777037754","url":"https:\/\/bonsoleil.es\/web\/wp-content\/litespeed\/avatar\/6719caedb5831fa7538835120a8121f8.jpg?ver=1777037754","contentUrl":"https:\/\/bonsoleil.es\/web\/wp-content\/litespeed\/avatar\/6719caedb5831fa7538835120a8121f8.jpg?ver=1777037754","caption":"libbs"},"sameAs":["http:\/\/localhost\/bonsoleil\/new_web"],"url":"https:\/\/bonsoleil.es\/es\/author\/libbs\/"}]}},"_links":{"self":[{"href":"https:\/\/bonsoleil.es\/es\/wp-json\/wp\/v2\/posts\/54920","targetHints":{"allow":["GET"]}}],"collection":[{"href":"https:\/\/bonsoleil.es\/es\/wp-json\/wp\/v2\/posts"}],"about":[{"href":"https:\/\/bonsoleil.es\/es\/wp-json\/wp\/v2\/types\/post"}],"author":[{"embeddable":true,"href":"https:\/\/bonsoleil.es\/es\/wp-json\/wp\/v2\/users\/1"}],"replies":[{"embeddable":true,"href":"https:\/\/bonsoleil.es\/es\/wp-json\/wp\/v2\/comments?post=54920"}],"version-history":[{"count":1,"href":"https:\/\/bonsoleil.es\/es\/wp-json\/wp\/v2\/posts\/54920\/revisions"}],"predecessor-version":[{"id":119648,"href":"https:\/\/bonsoleil.es\/es\/wp-json\/wp\/v2\/posts\/54920\/revisions\/119648"}],"wp:featuredmedia":[{"embeddable":true,"href":"https:\/\/bonsoleil.es\/es\/wp-json\/wp\/v2\/media\/54924"}],"wp:attachment":[{"href":"https:\/\/bonsoleil.es\/es\/wp-json\/wp\/v2\/media?parent=54920"}],"wp:term":[{"taxonomy":"category","embeddable":true,"href":"https:\/\/bonsoleil.es\/es\/wp-json\/wp\/v2\/categories?post=54920"},{"taxonomy":"post_tag","embeddable":true,"href":"https:\/\/bonsoleil.es\/es\/wp-json\/wp\/v2\/tags?post=54920"}],"curies":[{"name":"wp","href":"https:\/\/api.w.org\/{rel}","templated":true}]}}