{"id":55101,"date":"2022-03-14T14:35:41","date_gmt":"2022-03-14T13:35:41","guid":{"rendered":"https:\/\/www.bonsoleil.es\/?p=55101"},"modified":"2022-03-14T14:35:41","modified_gmt":"2022-03-14T13:35:41","slug":"la-guerre-en-ukraine","status":"publish","type":"post","link":"https:\/\/bonsoleil.es\/es\/la-guerre-en-ukraine\/","title":{"rendered":"La guerre en Ukraine"},"content":{"rendered":"\n<p>Tout au long de la semaine, les \u00e9l\u00e8ves de coll\u00e8ge (de la 6\u00e8me jusqu&#8217;\u00e0 la 3\u00e8me) ont travaill\u00e9 en classe d&#8217;Histoire-G\u00e9ographie la question de la guerre en Ukraine. Depuis le d\u00e9but du conflit, nous encourageons les \u00e9l\u00e8ves \u00e0 prendre la parole et \u00e0 exprimer leurs doutes sur la guerre et un temps de classe est r\u00e9guli\u00e8rement r\u00e9serv\u00e9 aux questions des \u00e9l\u00e8ves sur les \u00e9v\u00e8nements en cours.&nbsp;<\/p>\n\n\n\n<p>Cette semaine, les \u00e9l\u00e8ves de 6\u00e8me ont m\u00eame r\u00e9dig\u00e9 un carnet de guerre o\u00f9 ils d\u00e9crivent les \u00e9v\u00e9nements de la veille et peuvent y exprimer ce qu&#8217;ils ressentent. L&#8217;id\u00e9e est de poursuivre cette r\u00e9daction tout au long du conflit.&nbsp;<\/p>\n\n\n\n<p>Pour leur part, les \u00e9l\u00e8ves de 5\u00e8me, 4\u00e8me et 3\u00e8me ont visionn\u00e9 une vid\u00e9o en classe ( <a href=\"https:\/\/www.arte.tv\/fr\/videos\/108166-001-A\/le-dessous-des-cartes\/\">https:\/\/www.arte.tv\/fr\/videos\/108166-001-A\/le-dessous-des-cartes\/<\/a>)&nbsp; pour analyser des cartes du conflit et d\u00e9chiffrer les causes et cons\u00e9quences de la guerre mais aussi situer l&#8217;avanc\u00e9e des troupes russes et leurs possibles objectifs.&nbsp;<\/p>\n\n\n\n<p>La semaine prochaine, les \u00e9l\u00e8ves de lyc\u00e9e r\u00e9aliseront en classe des cartes pour repr\u00e9senter le conflit et ses enjeux.&nbsp;<\/p>\n\n\n\n<p>L&#8217;\u00e9quipe d&#8217;Histoire-G\u00e9ographie&nbsp;<\/p>\n\n\n\n<figure class=\"wp-block-gallery has-nested-images columns-default is-cropped wp-block-gallery-1 is-layout-flex wp-block-gallery-is-layout-flex\">\n<figure class=\"wp-block-image size-full\"><a href=\"https:\/\/bonsoleil.es\/web\/wp-content\/uploads\/2022\/03\/IMG_20220311_110859-scaled-1.jpg\"><img loading=\"lazy\" decoding=\"async\" width=\"1920\" height=\"2560\" data-id=\"55102\" src=\"https:\/\/bonsoleil.es\/web\/wp-content\/uploads\/2022\/03\/IMG_20220311_110859-scaled-1.jpg\" alt=\"\" class=\"wp-image-55102\" srcset=\"https:\/\/bonsoleil.es\/web\/wp-content\/uploads\/2022\/03\/IMG_20220311_110859-scaled-1.jpg 1920w, https:\/\/bonsoleil.es\/web\/wp-content\/uploads\/2022\/03\/IMG_20220311_110859-scaled-1-250x333.jpg 250w, https:\/\/bonsoleil.es\/web\/wp-content\/uploads\/2022\/03\/IMG_20220311_110859-scaled-1-700x933.jpg 700w, https:\/\/bonsoleil.es\/web\/wp-content\/uploads\/2022\/03\/IMG_20220311_110859-scaled-1-768x1024.jpg 768w, https:\/\/bonsoleil.es\/web\/wp-content\/uploads\/2022\/03\/IMG_20220311_110859-scaled-1-1152x1536.jpg 1152w, https:\/\/bonsoleil.es\/web\/wp-content\/uploads\/2022\/03\/IMG_20220311_110859-scaled-1-1536x2048.jpg 1536w, https:\/\/bonsoleil.es\/web\/wp-content\/uploads\/2022\/03\/IMG_20220311_110859-scaled-1-120x160.jpg 120w\" sizes=\"auto, (max-width: 1920px) 100vw, 1920px\" \/><\/a><\/figure>\n\n\n\n<figure class=\"wp-block-image size-full\"><a href=\"https:\/\/bonsoleil.es\/web\/wp-content\/uploads\/2022\/03\/IMG_20220310_115202-scaled-1.jpg\"><img loading=\"lazy\" decoding=\"async\" width=\"2560\" height=\"1920\" data-id=\"55103\" src=\"https:\/\/bonsoleil.es\/web\/wp-content\/uploads\/2022\/03\/IMG_20220310_115202-scaled-1.jpg\" alt=\"\" class=\"wp-image-55103\" srcset=\"https:\/\/bonsoleil.es\/web\/wp-content\/uploads\/2022\/03\/IMG_20220310_115202-scaled-1.jpg 2560w, https:\/\/bonsoleil.es\/web\/wp-content\/uploads\/2022\/03\/IMG_20220310_115202-scaled-1-250x188.jpg 250w, https:\/\/bonsoleil.es\/web\/wp-content\/uploads\/2022\/03\/IMG_20220310_115202-scaled-1-700x525.jpg 700w, https:\/\/bonsoleil.es\/web\/wp-content\/uploads\/2022\/03\/IMG_20220310_115202-scaled-1-768x576.jpg 768w, https:\/\/bonsoleil.es\/web\/wp-content\/uploads\/2022\/03\/IMG_20220310_115202-scaled-1-1536x1152.jpg 1536w, https:\/\/bonsoleil.es\/web\/wp-content\/uploads\/2022\/03\/IMG_20220310_115202-scaled-1-2048x1536.jpg 2048w, https:\/\/bonsoleil.es\/web\/wp-content\/uploads\/2022\/03\/IMG_20220310_115202-scaled-1-120x90.jpg 120w\" sizes=\"auto, (max-width: 2560px) 100vw, 2560px\" \/><\/a><\/figure>\n<\/figure>\n","protected":false},"excerpt":{"rendered":"Tout au long de la semaine, les \u00e9l\u00e8ves de coll\u00e8ge (de la 6\u00e8me jusqu&#8217;\u00e0 la 3\u00e8me) ont travaill\u00e9 en classe d&#8217;Histoire-G\u00e9ographie la question de la guerre en Ukraine. ","protected":false},"author":1,"featured_media":55103,"comment_status":"closed","ping_status":"closed","sticky":false,"template":"","format":"standard","meta":{"_acf_changed":false,"rs_blank_template":"","rs_page_bg_color":"","slide_template_v7":"","footnotes":"","_links_to":"","_links_to_target":""},"categories":[9],"tags":[],"class_list":["post-55101","post","type-post","status-publish","format-standard","has-post-thumbnail","hentry","category-secondaire"],"acf":[],"yoast_head":"<!-- This site is optimized with the Yoast SEO plugin v27.5 - https:\/\/yoast.com\/product\/yoast-seo-wordpress\/ -->\n<title>La guerre en Ukraine - Lyc\u00e9e International Barcelona \u00b7 Bon Soleil<\/title>\n<meta name=\"robots\" content=\"index, follow, max-snippet:-1, max-image-preview:large, max-video-preview:-1\" \/>\n<link rel=\"canonical\" href=\"https:\/\/bonsoleil.es\/es\/la-guerre-en-ukraine\/\" \/>\n<meta property=\"og:locale\" content=\"es_ES\" \/>\n<meta property=\"og:type\" content=\"article\" \/>\n<meta property=\"og:title\" content=\"La guerre en Ukraine - Lyc\u00e9e International Barcelona \u00b7 Bon Soleil\" \/>\n<meta property=\"og:description\" content=\"Tout au long de la semaine, les \u00e9l\u00e8ves de coll\u00e8ge (de la 6\u00e8me jusqu&#039;\u00e0 la 3\u00e8me) ont travaill\u00e9 en classe d&#039;Histoire-G\u00e9ographie la question de la guerre en Ukraine.\" \/>\n<meta property=\"og:url\" content=\"https:\/\/bonsoleil.es\/es\/la-guerre-en-ukraine\/\" \/>\n<meta property=\"og:site_name\" content=\"Lyc\u00e9e International Barcelona \u00b7 Bon Soleil\" \/>\n<meta property=\"article:publisher\" content=\"https:\/\/www.facebook.com\/libBonSoleil\/\" \/>\n<meta property=\"article:published_time\" content=\"2022-03-14T13:35:41+00:00\" \/>\n<meta property=\"og:image\" content=\"https:\/\/bonsoleil.es\/web\/wp-content\/uploads\/2022\/03\/IMG_20220310_115202-scaled-1.jpg\" \/>\n\t<meta property=\"og:image:width\" content=\"2560\" \/>\n\t<meta property=\"og:image:height\" content=\"1920\" \/>\n\t<meta property=\"og:image:type\" content=\"image\/jpeg\" \/>\n<meta name=\"author\" content=\"libbs\" \/>\n<meta name=\"twitter:card\" content=\"summary_large_image\" \/>\n<meta name=\"twitter:creator\" content=\"@lib_bonsoleil\" \/>\n<meta name=\"twitter:site\" content=\"@lib_bonsoleil\" \/>\n<meta name=\"twitter:label1\" content=\"Escrito por\" \/>\n\t<meta name=\"twitter:data1\" content=\"libbs\" \/>\n\t<meta name=\"twitter:label2\" content=\"Tiempo de lectura\" \/>\n\t<meta name=\"twitter:data2\" content=\"2 minutos\" \/>\n<script type=\"application\/ld+json\" class=\"yoast-schema-graph\">{\"@context\":\"https:\\\/\\\/schema.org\",\"@graph\":[{\"@type\":\"Article\",\"@id\":\"https:\\\/\\\/bonsoleil.es\\\/es\\\/la-guerre-en-ukraine\\\/#article\",\"isPartOf\":{\"@id\":\"https:\\\/\\\/bonsoleil.es\\\/es\\\/la-guerre-en-ukraine\\\/\"},\"author\":{\"name\":\"libbs\",\"@id\":\"https:\\\/\\\/bonsoleil.es\\\/es\\\/#\\\/schema\\\/person\\\/f90f9175af4fad9c626fd2873bc546ec\"},\"headline\":\"La guerre en Ukraine\",\"datePublished\":\"2022-03-14T13:35:41+00:00\",\"mainEntityOfPage\":{\"@id\":\"https:\\\/\\\/bonsoleil.es\\\/es\\\/la-guerre-en-ukraine\\\/\"},\"wordCount\":218,\"image\":{\"@id\":\"https:\\\/\\\/bonsoleil.es\\\/es\\\/la-guerre-en-ukraine\\\/#primaryimage\"},\"thumbnailUrl\":\"https:\\\/\\\/bonsoleil.es\\\/web\\\/wp-content\\\/uploads\\\/2022\\\/03\\\/IMG_20220310_115202-scaled-1.jpg\",\"articleSection\":[\"Secondaire\"],\"inLanguage\":\"es\"},{\"@type\":\"WebPage\",\"@id\":\"https:\\\/\\\/bonsoleil.es\\\/es\\\/la-guerre-en-ukraine\\\/\",\"url\":\"https:\\\/\\\/bonsoleil.es\\\/es\\\/la-guerre-en-ukraine\\\/\",\"name\":\"La guerre en Ukraine - Lyc\u00e9e International Barcelona \u00b7 Bon Soleil\",\"isPartOf\":{\"@id\":\"https:\\\/\\\/bonsoleil.es\\\/es\\\/#website\"},\"primaryImageOfPage\":{\"@id\":\"https:\\\/\\\/bonsoleil.es\\\/es\\\/la-guerre-en-ukraine\\\/#primaryimage\"},\"image\":{\"@id\":\"https:\\\/\\\/bonsoleil.es\\\/es\\\/la-guerre-en-ukraine\\\/#primaryimage\"},\"thumbnailUrl\":\"https:\\\/\\\/bonsoleil.es\\\/web\\\/wp-content\\\/uploads\\\/2022\\\/03\\\/IMG_20220310_115202-scaled-1.jpg\",\"datePublished\":\"2022-03-14T13:35:41+00:00\",\"author\":{\"@id\":\"https:\\\/\\\/bonsoleil.es\\\/es\\\/#\\\/schema\\\/person\\\/f90f9175af4fad9c626fd2873bc546ec\"},\"breadcrumb\":{\"@id\":\"https:\\\/\\\/bonsoleil.es\\\/es\\\/la-guerre-en-ukraine\\\/#breadcrumb\"},\"inLanguage\":\"es\",\"potentialAction\":[{\"@type\":\"ReadAction\",\"target\":[\"https:\\\/\\\/bonsoleil.es\\\/es\\\/la-guerre-en-ukraine\\\/\"]}]},{\"@type\":\"ImageObject\",\"inLanguage\":\"es\",\"@id\":\"https:\\\/\\\/bonsoleil.es\\\/es\\\/la-guerre-en-ukraine\\\/#primaryimage\",\"url\":\"https:\\\/\\\/bonsoleil.es\\\/web\\\/wp-content\\\/uploads\\\/2022\\\/03\\\/IMG_20220310_115202-scaled-1.jpg\",\"contentUrl\":\"https:\\\/\\\/bonsoleil.es\\\/web\\\/wp-content\\\/uploads\\\/2022\\\/03\\\/IMG_20220310_115202-scaled-1.jpg\",\"width\":2560,\"height\":1920},{\"@type\":\"BreadcrumbList\",\"@id\":\"https:\\\/\\\/bonsoleil.es\\\/es\\\/la-guerre-en-ukraine\\\/#breadcrumb\",\"itemListElement\":[{\"@type\":\"ListItem\",\"position\":1,\"name\":\"Portada\",\"item\":\"https:\\\/\\\/bonsoleil.es\\\/es\\\/\"},{\"@type\":\"ListItem\",\"position\":2,\"name\":\"La guerre en Ukraine\"}]},{\"@type\":\"WebSite\",\"@id\":\"https:\\\/\\\/bonsoleil.es\\\/es\\\/#website\",\"url\":\"https:\\\/\\\/bonsoleil.es\\\/es\\\/\",\"name\":\"Lyc\u00e9e International Barcelona \u00b7 Bon Soleil\",\"description\":\"Lyc\u00e9e International Barcelona\",\"potentialAction\":[{\"@type\":\"SearchAction\",\"target\":{\"@type\":\"EntryPoint\",\"urlTemplate\":\"https:\\\/\\\/bonsoleil.es\\\/es\\\/?s={search_term_string}\"},\"query-input\":{\"@type\":\"PropertyValueSpecification\",\"valueRequired\":true,\"valueName\":\"search_term_string\"}}],\"inLanguage\":\"es\"},{\"@type\":\"Person\",\"@id\":\"https:\\\/\\\/bonsoleil.es\\\/es\\\/#\\\/schema\\\/person\\\/f90f9175af4fad9c626fd2873bc546ec\",\"name\":\"libbs\",\"image\":{\"@type\":\"ImageObject\",\"inLanguage\":\"es\",\"@id\":\"https:\\\/\\\/bonsoleil.es\\\/web\\\/wp-content\\\/litespeed\\\/avatar\\\/6719caedb5831fa7538835120a8121f8.jpg?ver=1777037754\",\"url\":\"https:\\\/\\\/bonsoleil.es\\\/web\\\/wp-content\\\/litespeed\\\/avatar\\\/6719caedb5831fa7538835120a8121f8.jpg?ver=1777037754\",\"contentUrl\":\"https:\\\/\\\/bonsoleil.es\\\/web\\\/wp-content\\\/litespeed\\\/avatar\\\/6719caedb5831fa7538835120a8121f8.jpg?ver=1777037754\",\"caption\":\"libbs\"},\"sameAs\":[\"http:\\\/\\\/localhost\\\/bonsoleil\\\/new_web\"],\"url\":\"https:\\\/\\\/bonsoleil.es\\\/es\\\/author\\\/libbs\\\/\"}]}<\/script>\n<!-- \/ Yoast SEO plugin. -->","yoast_head_json":{"title":"La guerre en Ukraine - Lyc\u00e9e International Barcelona \u00b7 Bon Soleil","robots":{"index":"index","follow":"follow","max-snippet":"max-snippet:-1","max-image-preview":"max-image-preview:large","max-video-preview":"max-video-preview:-1"},"canonical":"https:\/\/bonsoleil.es\/es\/la-guerre-en-ukraine\/","og_locale":"es_ES","og_type":"article","og_title":"La guerre en Ukraine - Lyc\u00e9e International Barcelona \u00b7 Bon Soleil","og_description":"Tout au long de la semaine, les \u00e9l\u00e8ves de coll\u00e8ge (de la 6\u00e8me jusqu'\u00e0 la 3\u00e8me) ont travaill\u00e9 en classe d'Histoire-G\u00e9ographie la question de la guerre en Ukraine.","og_url":"https:\/\/bonsoleil.es\/es\/la-guerre-en-ukraine\/","og_site_name":"Lyc\u00e9e International Barcelona \u00b7 Bon Soleil","article_publisher":"https:\/\/www.facebook.com\/libBonSoleil\/","article_published_time":"2022-03-14T13:35:41+00:00","og_image":[{"width":2560,"height":1920,"url":"https:\/\/bonsoleil.es\/web\/wp-content\/uploads\/2022\/03\/IMG_20220310_115202-scaled-1.jpg","type":"image\/jpeg"}],"author":"libbs","twitter_card":"summary_large_image","twitter_creator":"@lib_bonsoleil","twitter_site":"@lib_bonsoleil","twitter_misc":{"Escrito por":"libbs","Tiempo de lectura":"2 minutos"},"schema":{"@context":"https:\/\/schema.org","@graph":[{"@type":"Article","@id":"https:\/\/bonsoleil.es\/es\/la-guerre-en-ukraine\/#article","isPartOf":{"@id":"https:\/\/bonsoleil.es\/es\/la-guerre-en-ukraine\/"},"author":{"name":"libbs","@id":"https:\/\/bonsoleil.es\/es\/#\/schema\/person\/f90f9175af4fad9c626fd2873bc546ec"},"headline":"La guerre en Ukraine","datePublished":"2022-03-14T13:35:41+00:00","mainEntityOfPage":{"@id":"https:\/\/bonsoleil.es\/es\/la-guerre-en-ukraine\/"},"wordCount":218,"image":{"@id":"https:\/\/bonsoleil.es\/es\/la-guerre-en-ukraine\/#primaryimage"},"thumbnailUrl":"https:\/\/bonsoleil.es\/web\/wp-content\/uploads\/2022\/03\/IMG_20220310_115202-scaled-1.jpg","articleSection":["Secondaire"],"inLanguage":"es"},{"@type":"WebPage","@id":"https:\/\/bonsoleil.es\/es\/la-guerre-en-ukraine\/","url":"https:\/\/bonsoleil.es\/es\/la-guerre-en-ukraine\/","name":"La guerre en Ukraine - Lyc\u00e9e International Barcelona \u00b7 Bon Soleil","isPartOf":{"@id":"https:\/\/bonsoleil.es\/es\/#website"},"primaryImageOfPage":{"@id":"https:\/\/bonsoleil.es\/es\/la-guerre-en-ukraine\/#primaryimage"},"image":{"@id":"https:\/\/bonsoleil.es\/es\/la-guerre-en-ukraine\/#primaryimage"},"thumbnailUrl":"https:\/\/bonsoleil.es\/web\/wp-content\/uploads\/2022\/03\/IMG_20220310_115202-scaled-1.jpg","datePublished":"2022-03-14T13:35:41+00:00","author":{"@id":"https:\/\/bonsoleil.es\/es\/#\/schema\/person\/f90f9175af4fad9c626fd2873bc546ec"},"breadcrumb":{"@id":"https:\/\/bonsoleil.es\/es\/la-guerre-en-ukraine\/#breadcrumb"},"inLanguage":"es","potentialAction":[{"@type":"ReadAction","target":["https:\/\/bonsoleil.es\/es\/la-guerre-en-ukraine\/"]}]},{"@type":"ImageObject","inLanguage":"es","@id":"https:\/\/bonsoleil.es\/es\/la-guerre-en-ukraine\/#primaryimage","url":"https:\/\/bonsoleil.es\/web\/wp-content\/uploads\/2022\/03\/IMG_20220310_115202-scaled-1.jpg","contentUrl":"https:\/\/bonsoleil.es\/web\/wp-content\/uploads\/2022\/03\/IMG_20220310_115202-scaled-1.jpg","width":2560,"height":1920},{"@type":"BreadcrumbList","@id":"https:\/\/bonsoleil.es\/es\/la-guerre-en-ukraine\/#breadcrumb","itemListElement":[{"@type":"ListItem","position":1,"name":"Portada","item":"https:\/\/bonsoleil.es\/es\/"},{"@type":"ListItem","position":2,"name":"La guerre en Ukraine"}]},{"@type":"WebSite","@id":"https:\/\/bonsoleil.es\/es\/#website","url":"https:\/\/bonsoleil.es\/es\/","name":"Lyc\u00e9e International Barcelona \u00b7 Bon Soleil","description":"Lyc\u00e9e International Barcelona","potentialAction":[{"@type":"SearchAction","target":{"@type":"EntryPoint","urlTemplate":"https:\/\/bonsoleil.es\/es\/?s={search_term_string}"},"query-input":{"@type":"PropertyValueSpecification","valueRequired":true,"valueName":"search_term_string"}}],"inLanguage":"es"},{"@type":"Person","@id":"https:\/\/bonsoleil.es\/es\/#\/schema\/person\/f90f9175af4fad9c626fd2873bc546ec","name":"libbs","image":{"@type":"ImageObject","inLanguage":"es","@id":"https:\/\/bonsoleil.es\/web\/wp-content\/litespeed\/avatar\/6719caedb5831fa7538835120a8121f8.jpg?ver=1777037754","url":"https:\/\/bonsoleil.es\/web\/wp-content\/litespeed\/avatar\/6719caedb5831fa7538835120a8121f8.jpg?ver=1777037754","contentUrl":"https:\/\/bonsoleil.es\/web\/wp-content\/litespeed\/avatar\/6719caedb5831fa7538835120a8121f8.jpg?ver=1777037754","caption":"libbs"},"sameAs":["http:\/\/localhost\/bonsoleil\/new_web"],"url":"https:\/\/bonsoleil.es\/es\/author\/libbs\/"}]}},"_links":{"self":[{"href":"https:\/\/bonsoleil.es\/es\/wp-json\/wp\/v2\/posts\/55101","targetHints":{"allow":["GET"]}}],"collection":[{"href":"https:\/\/bonsoleil.es\/es\/wp-json\/wp\/v2\/posts"}],"about":[{"href":"https:\/\/bonsoleil.es\/es\/wp-json\/wp\/v2\/types\/post"}],"author":[{"embeddable":true,"href":"https:\/\/bonsoleil.es\/es\/wp-json\/wp\/v2\/users\/1"}],"replies":[{"embeddable":true,"href":"https:\/\/bonsoleil.es\/es\/wp-json\/wp\/v2\/comments?post=55101"}],"version-history":[{"count":0,"href":"https:\/\/bonsoleil.es\/es\/wp-json\/wp\/v2\/posts\/55101\/revisions"}],"wp:featuredmedia":[{"embeddable":true,"href":"https:\/\/bonsoleil.es\/es\/wp-json\/wp\/v2\/media\/55103"}],"wp:attachment":[{"href":"https:\/\/bonsoleil.es\/es\/wp-json\/wp\/v2\/media?parent=55101"}],"wp:term":[{"taxonomy":"category","embeddable":true,"href":"https:\/\/bonsoleil.es\/es\/wp-json\/wp\/v2\/categories?post=55101"},{"taxonomy":"post_tag","embeddable":true,"href":"https:\/\/bonsoleil.es\/es\/wp-json\/wp\/v2\/tags?post=55101"}],"curies":[{"name":"wp","href":"https:\/\/api.w.org\/{rel}","templated":true}]}}