{"id":57323,"date":"2022-05-11T16:59:42","date_gmt":"2022-05-11T14:59:42","guid":{"rendered":"https:\/\/www.bonsoleil.es\/?p=57323"},"modified":"2022-05-11T16:59:42","modified_gmt":"2022-05-11T14:59:42","slug":"les-cm1-recoivent-la-police-dans-la-classe","status":"publish","type":"post","link":"https:\/\/bonsoleil.es\/es\/les-cm1-recoivent-la-police-dans-la-classe\/","title":{"rendered":"Les CM1 re\u00e7oivent la Police dans la classe!"},"content":{"rendered":"\n<p>Mais que fait la Police dans la classe ? Qui n\u2019a pas fait ses devoirs et va partir en prison ?<\/p>\n\n\n\n<p>Mais non, pas de panique ! Les CM1 ont re\u00e7u cette ann\u00e9e plusieurs visites riches d\u2019enseignements importants pour la vie quotidienne : que faire en cas d\u2019incendie ? Que faire si je me perds en pleine for\u00eat ? Quels sont les produits dangereux que je peux trouver \u00e0 la maison ? Courir dans les escaliers, est-ce une bonne id\u00e9e ? Et avec l\u2019\u00e9t\u00e9 qui arrive, quelles sont les mesures de pr\u00e9caution pour me prot\u00e9ger du soleil, ou m\u00eame des m\u00e9duses ?&nbsp;<\/p>\n\n\n\n<p>La \u201cPolic\u00eda Municipal de Gav\u00e0\u201d intervient tous les ans dans les diff\u00e9rentes classes de CM1 pour donner de pr\u00e9cieux conseils aux enfants. Les mesures de s\u00e9curit\u00e9 les plus s\u00e9rieuses sont apprises sous forme de petits jeux, de dessins et de d\u00e9bats. Les questions fusent, la participation est active : aucun doute, nos petits deviennent de plus en plus responsables. Merci la Police !<\/p>\n\n\n\n<figure class=\"wp-block-gallery has-nested-images columns-default is-cropped wp-block-gallery-1 is-layout-flex wp-block-gallery-is-layout-flex\">\n<figure class=\"wp-block-image size-full\"><a href=\"https:\/\/bonsoleil.es\/web\/wp-content\/uploads\/2022\/05\/IMG20220504093918-1-scaled-1.jpg\"><img loading=\"lazy\" decoding=\"async\" width=\"2560\" height=\"1920\" data-id=\"57325\" src=\"https:\/\/bonsoleil.es\/web\/wp-content\/uploads\/2022\/05\/IMG20220504093918-1-scaled-1.jpg\" alt=\"\" class=\"wp-image-57325\" srcset=\"https:\/\/bonsoleil.es\/web\/wp-content\/uploads\/2022\/05\/IMG20220504093918-1-scaled-1.jpg 2560w, https:\/\/bonsoleil.es\/web\/wp-content\/uploads\/2022\/05\/IMG20220504093918-1-scaled-1-250x188.jpg 250w, https:\/\/bonsoleil.es\/web\/wp-content\/uploads\/2022\/05\/IMG20220504093918-1-scaled-1-700x525.jpg 700w, https:\/\/bonsoleil.es\/web\/wp-content\/uploads\/2022\/05\/IMG20220504093918-1-scaled-1-768x576.jpg 768w, https:\/\/bonsoleil.es\/web\/wp-content\/uploads\/2022\/05\/IMG20220504093918-1-scaled-1-1536x1152.jpg 1536w, https:\/\/bonsoleil.es\/web\/wp-content\/uploads\/2022\/05\/IMG20220504093918-1-scaled-1-2048x1536.jpg 2048w, https:\/\/bonsoleil.es\/web\/wp-content\/uploads\/2022\/05\/IMG20220504093918-1-scaled-1-120x90.jpg 120w\" sizes=\"auto, (max-width: 2560px) 100vw, 2560px\" \/><\/a><\/figure>\n\n\n\n<figure class=\"wp-block-image size-full\"><a href=\"https:\/\/bonsoleil.es\/web\/wp-content\/uploads\/2022\/05\/IMG20220504094100-scaled-1.jpg\"><img loading=\"lazy\" decoding=\"async\" width=\"2560\" height=\"1920\" data-id=\"57329\" src=\"https:\/\/bonsoleil.es\/web\/wp-content\/uploads\/2022\/05\/IMG20220504094100-scaled-1.jpg\" alt=\"\" class=\"wp-image-57329\" srcset=\"https:\/\/bonsoleil.es\/web\/wp-content\/uploads\/2022\/05\/IMG20220504094100-scaled-1.jpg 2560w, https:\/\/bonsoleil.es\/web\/wp-content\/uploads\/2022\/05\/IMG20220504094100-scaled-1-250x188.jpg 250w, https:\/\/bonsoleil.es\/web\/wp-content\/uploads\/2022\/05\/IMG20220504094100-scaled-1-700x525.jpg 700w, https:\/\/bonsoleil.es\/web\/wp-content\/uploads\/2022\/05\/IMG20220504094100-scaled-1-768x576.jpg 768w, https:\/\/bonsoleil.es\/web\/wp-content\/uploads\/2022\/05\/IMG20220504094100-scaled-1-1536x1152.jpg 1536w, https:\/\/bonsoleil.es\/web\/wp-content\/uploads\/2022\/05\/IMG20220504094100-scaled-1-2048x1536.jpg 2048w, https:\/\/bonsoleil.es\/web\/wp-content\/uploads\/2022\/05\/IMG20220504094100-scaled-1-120x90.jpg 120w\" sizes=\"auto, (max-width: 2560px) 100vw, 2560px\" \/><\/a><\/figure>\n\n\n\n<figure class=\"wp-block-image size-full\"><a href=\"https:\/\/bonsoleil.es\/web\/wp-content\/uploads\/2022\/05\/IMG20220504094023-scaled-1.jpg\"><img loading=\"lazy\" decoding=\"async\" width=\"2560\" height=\"1920\" data-id=\"57328\" src=\"https:\/\/bonsoleil.es\/web\/wp-content\/uploads\/2022\/05\/IMG20220504094023-scaled-1.jpg\" alt=\"\" class=\"wp-image-57328\" srcset=\"https:\/\/bonsoleil.es\/web\/wp-content\/uploads\/2022\/05\/IMG20220504094023-scaled-1.jpg 2560w, https:\/\/bonsoleil.es\/web\/wp-content\/uploads\/2022\/05\/IMG20220504094023-scaled-1-250x188.jpg 250w, https:\/\/bonsoleil.es\/web\/wp-content\/uploads\/2022\/05\/IMG20220504094023-scaled-1-700x525.jpg 700w, https:\/\/bonsoleil.es\/web\/wp-content\/uploads\/2022\/05\/IMG20220504094023-scaled-1-768x576.jpg 768w, https:\/\/bonsoleil.es\/web\/wp-content\/uploads\/2022\/05\/IMG20220504094023-scaled-1-1536x1152.jpg 1536w, https:\/\/bonsoleil.es\/web\/wp-content\/uploads\/2022\/05\/IMG20220504094023-scaled-1-2048x1536.jpg 2048w, https:\/\/bonsoleil.es\/web\/wp-content\/uploads\/2022\/05\/IMG20220504094023-scaled-1-120x90.jpg 120w\" sizes=\"auto, (max-width: 2560px) 100vw, 2560px\" \/><\/a><\/figure>\n\n\n\n<figure class=\"wp-block-image size-full\"><a href=\"https:\/\/bonsoleil.es\/web\/wp-content\/uploads\/2022\/05\/IMG20220504093943-scaled-1.jpg\"><img loading=\"lazy\" decoding=\"async\" width=\"2560\" height=\"1920\" data-id=\"57326\" src=\"https:\/\/bonsoleil.es\/web\/wp-content\/uploads\/2022\/05\/IMG20220504093943-scaled-1.jpg\" alt=\"\" class=\"wp-image-57326\" srcset=\"https:\/\/bonsoleil.es\/web\/wp-content\/uploads\/2022\/05\/IMG20220504093943-scaled-1.jpg 2560w, https:\/\/bonsoleil.es\/web\/wp-content\/uploads\/2022\/05\/IMG20220504093943-scaled-1-250x188.jpg 250w, https:\/\/bonsoleil.es\/web\/wp-content\/uploads\/2022\/05\/IMG20220504093943-scaled-1-700x525.jpg 700w, https:\/\/bonsoleil.es\/web\/wp-content\/uploads\/2022\/05\/IMG20220504093943-scaled-1-768x576.jpg 768w, https:\/\/bonsoleil.es\/web\/wp-content\/uploads\/2022\/05\/IMG20220504093943-scaled-1-1536x1152.jpg 1536w, https:\/\/bonsoleil.es\/web\/wp-content\/uploads\/2022\/05\/IMG20220504093943-scaled-1-2048x1536.jpg 2048w, https:\/\/bonsoleil.es\/web\/wp-content\/uploads\/2022\/05\/IMG20220504093943-scaled-1-120x90.jpg 120w\" sizes=\"auto, (max-width: 2560px) 100vw, 2560px\" \/><\/a><\/figure>\n\n\n\n<figure class=\"wp-block-image size-full\"><a href=\"https:\/\/bonsoleil.es\/web\/wp-content\/uploads\/2022\/05\/IMG20220504094014-scaled-1.jpg\"><img loading=\"lazy\" decoding=\"async\" width=\"2560\" height=\"1920\" data-id=\"57327\" src=\"https:\/\/bonsoleil.es\/web\/wp-content\/uploads\/2022\/05\/IMG20220504094014-scaled-1.jpg\" alt=\"\" class=\"wp-image-57327\" srcset=\"https:\/\/bonsoleil.es\/web\/wp-content\/uploads\/2022\/05\/IMG20220504094014-scaled-1.jpg 2560w, https:\/\/bonsoleil.es\/web\/wp-content\/uploads\/2022\/05\/IMG20220504094014-scaled-1-250x188.jpg 250w, https:\/\/bonsoleil.es\/web\/wp-content\/uploads\/2022\/05\/IMG20220504094014-scaled-1-700x525.jpg 700w, https:\/\/bonsoleil.es\/web\/wp-content\/uploads\/2022\/05\/IMG20220504094014-scaled-1-768x576.jpg 768w, https:\/\/bonsoleil.es\/web\/wp-content\/uploads\/2022\/05\/IMG20220504094014-scaled-1-1536x1152.jpg 1536w, https:\/\/bonsoleil.es\/web\/wp-content\/uploads\/2022\/05\/IMG20220504094014-scaled-1-2048x1536.jpg 2048w, https:\/\/bonsoleil.es\/web\/wp-content\/uploads\/2022\/05\/IMG20220504094014-scaled-1-120x90.jpg 120w\" sizes=\"auto, (max-width: 2560px) 100vw, 2560px\" \/><\/a><\/figure>\n<\/figure>\n","protected":false},"excerpt":{"rendered":"Mais que fait la Police dans la classe ? Qui n\u2019a pas fait ses devoirs et va partir en prison ?\nMais non, pas de panique ! Les CM1 ont re\u00e7u cette ann\u00e9e plusieurs visites riches d\u2019enseignements importants pour la vie quotidienne","protected":false},"author":1,"featured_media":57324,"comment_status":"closed","ping_status":"closed","sticky":false,"template":"","format":"standard","meta":{"_acf_changed":false,"rs_blank_template":"","rs_page_bg_color":"","slide_template_v7":"","footnotes":"","_links_to":"","_links_to_target":""},"categories":[23,14],"tags":[],"class_list":["post-57323","post","type-post","status-publish","format-standard","has-post-thumbnail","hentry","category-cm1","category-primaire"],"acf":[],"yoast_head":"<!-- This site is optimized with the Yoast SEO plugin v27.5 - https:\/\/yoast.com\/product\/yoast-seo-wordpress\/ -->\n<title>Les CM1 re\u00e7oivent la Police dans la classe! - Lyc\u00e9e International Barcelona \u00b7 Bon Soleil<\/title>\n<meta name=\"robots\" content=\"index, follow, max-snippet:-1, max-image-preview:large, max-video-preview:-1\" \/>\n<link rel=\"canonical\" href=\"https:\/\/bonsoleil.es\/es\/les-cm1-recoivent-la-police-dans-la-classe\/\" \/>\n<meta property=\"og:locale\" content=\"es_ES\" \/>\n<meta property=\"og:type\" content=\"article\" \/>\n<meta property=\"og:title\" content=\"Les CM1 re\u00e7oivent la Police dans la classe! - Lyc\u00e9e International Barcelona \u00b7 Bon Soleil\" \/>\n<meta property=\"og:description\" content=\"Mais que fait la Police dans la classe ? Qui n\u2019a pas fait ses devoirs et va partir en prison ? Mais non, pas de panique ! Les CM1 ont re\u00e7u cette ann\u00e9e plusieurs visites riches d\u2019enseignements importants pour la vie quotidienne\" \/>\n<meta property=\"og:url\" content=\"https:\/\/bonsoleil.es\/es\/les-cm1-recoivent-la-police-dans-la-classe\/\" \/>\n<meta property=\"og:site_name\" content=\"Lyc\u00e9e International Barcelona \u00b7 Bon Soleil\" \/>\n<meta property=\"article:publisher\" content=\"https:\/\/www.facebook.com\/libBonSoleil\/\" \/>\n<meta property=\"article:published_time\" content=\"2022-05-11T14:59:42+00:00\" \/>\n<meta property=\"og:image\" content=\"https:\/\/bonsoleil.es\/web\/wp-content\/uploads\/2022\/05\/IMG20220504093918-scaled-1.jpg\" \/>\n\t<meta property=\"og:image:width\" content=\"2560\" \/>\n\t<meta property=\"og:image:height\" content=\"1920\" \/>\n\t<meta property=\"og:image:type\" content=\"image\/jpeg\" \/>\n<meta name=\"author\" content=\"libbs\" \/>\n<meta name=\"twitter:card\" content=\"summary_large_image\" \/>\n<meta name=\"twitter:creator\" content=\"@lib_bonsoleil\" \/>\n<meta name=\"twitter:site\" content=\"@lib_bonsoleil\" \/>\n<meta name=\"twitter:label1\" content=\"Escrito por\" \/>\n\t<meta name=\"twitter:data1\" content=\"libbs\" \/>\n\t<meta name=\"twitter:label2\" content=\"Tiempo de lectura\" \/>\n\t<meta name=\"twitter:data2\" content=\"2 minutos\" \/>\n<script type=\"application\/ld+json\" class=\"yoast-schema-graph\">{\"@context\":\"https:\\\/\\\/schema.org\",\"@graph\":[{\"@type\":\"Article\",\"@id\":\"https:\\\/\\\/bonsoleil.es\\\/es\\\/les-cm1-recoivent-la-police-dans-la-classe\\\/#article\",\"isPartOf\":{\"@id\":\"https:\\\/\\\/bonsoleil.es\\\/es\\\/les-cm1-recoivent-la-police-dans-la-classe\\\/\"},\"author\":{\"name\":\"libbs\",\"@id\":\"https:\\\/\\\/bonsoleil.es\\\/es\\\/#\\\/schema\\\/person\\\/f90f9175af4fad9c626fd2873bc546ec\"},\"headline\":\"Les CM1 re\u00e7oivent la Police dans la classe!\",\"datePublished\":\"2022-05-11T14:59:42+00:00\",\"mainEntityOfPage\":{\"@id\":\"https:\\\/\\\/bonsoleil.es\\\/es\\\/les-cm1-recoivent-la-police-dans-la-classe\\\/\"},\"wordCount\":181,\"image\":{\"@id\":\"https:\\\/\\\/bonsoleil.es\\\/es\\\/les-cm1-recoivent-la-police-dans-la-classe\\\/#primaryimage\"},\"thumbnailUrl\":\"https:\\\/\\\/bonsoleil.es\\\/web\\\/wp-content\\\/uploads\\\/2022\\\/05\\\/IMG20220504093918-scaled-1.jpg\",\"articleSection\":[\"CM1\",\"Primaire\"],\"inLanguage\":\"es\"},{\"@type\":\"WebPage\",\"@id\":\"https:\\\/\\\/bonsoleil.es\\\/es\\\/les-cm1-recoivent-la-police-dans-la-classe\\\/\",\"url\":\"https:\\\/\\\/bonsoleil.es\\\/es\\\/les-cm1-recoivent-la-police-dans-la-classe\\\/\",\"name\":\"Les CM1 re\u00e7oivent la Police dans la classe! - Lyc\u00e9e International Barcelona \u00b7 Bon Soleil\",\"isPartOf\":{\"@id\":\"https:\\\/\\\/bonsoleil.es\\\/es\\\/#website\"},\"primaryImageOfPage\":{\"@id\":\"https:\\\/\\\/bonsoleil.es\\\/es\\\/les-cm1-recoivent-la-police-dans-la-classe\\\/#primaryimage\"},\"image\":{\"@id\":\"https:\\\/\\\/bonsoleil.es\\\/es\\\/les-cm1-recoivent-la-police-dans-la-classe\\\/#primaryimage\"},\"thumbnailUrl\":\"https:\\\/\\\/bonsoleil.es\\\/web\\\/wp-content\\\/uploads\\\/2022\\\/05\\\/IMG20220504093918-scaled-1.jpg\",\"datePublished\":\"2022-05-11T14:59:42+00:00\",\"author\":{\"@id\":\"https:\\\/\\\/bonsoleil.es\\\/es\\\/#\\\/schema\\\/person\\\/f90f9175af4fad9c626fd2873bc546ec\"},\"breadcrumb\":{\"@id\":\"https:\\\/\\\/bonsoleil.es\\\/es\\\/les-cm1-recoivent-la-police-dans-la-classe\\\/#breadcrumb\"},\"inLanguage\":\"es\",\"potentialAction\":[{\"@type\":\"ReadAction\",\"target\":[\"https:\\\/\\\/bonsoleil.es\\\/es\\\/les-cm1-recoivent-la-police-dans-la-classe\\\/\"]}]},{\"@type\":\"ImageObject\",\"inLanguage\":\"es\",\"@id\":\"https:\\\/\\\/bonsoleil.es\\\/es\\\/les-cm1-recoivent-la-police-dans-la-classe\\\/#primaryimage\",\"url\":\"https:\\\/\\\/bonsoleil.es\\\/web\\\/wp-content\\\/uploads\\\/2022\\\/05\\\/IMG20220504093918-scaled-1.jpg\",\"contentUrl\":\"https:\\\/\\\/bonsoleil.es\\\/web\\\/wp-content\\\/uploads\\\/2022\\\/05\\\/IMG20220504093918-scaled-1.jpg\",\"width\":2560,\"height\":1920},{\"@type\":\"BreadcrumbList\",\"@id\":\"https:\\\/\\\/bonsoleil.es\\\/es\\\/les-cm1-recoivent-la-police-dans-la-classe\\\/#breadcrumb\",\"itemListElement\":[{\"@type\":\"ListItem\",\"position\":1,\"name\":\"Portada\",\"item\":\"https:\\\/\\\/bonsoleil.es\\\/es\\\/\"},{\"@type\":\"ListItem\",\"position\":2,\"name\":\"Les CM1 re\u00e7oivent la Police dans la classe!\"}]},{\"@type\":\"WebSite\",\"@id\":\"https:\\\/\\\/bonsoleil.es\\\/es\\\/#website\",\"url\":\"https:\\\/\\\/bonsoleil.es\\\/es\\\/\",\"name\":\"Lyc\u00e9e International Barcelona \u00b7 Bon Soleil\",\"description\":\"Lyc\u00e9e International Barcelona\",\"potentialAction\":[{\"@type\":\"SearchAction\",\"target\":{\"@type\":\"EntryPoint\",\"urlTemplate\":\"https:\\\/\\\/bonsoleil.es\\\/es\\\/?s={search_term_string}\"},\"query-input\":{\"@type\":\"PropertyValueSpecification\",\"valueRequired\":true,\"valueName\":\"search_term_string\"}}],\"inLanguage\":\"es\"},{\"@type\":\"Person\",\"@id\":\"https:\\\/\\\/bonsoleil.es\\\/es\\\/#\\\/schema\\\/person\\\/f90f9175af4fad9c626fd2873bc546ec\",\"name\":\"libbs\",\"image\":{\"@type\":\"ImageObject\",\"inLanguage\":\"es\",\"@id\":\"https:\\\/\\\/bonsoleil.es\\\/web\\\/wp-content\\\/litespeed\\\/avatar\\\/6719caedb5831fa7538835120a8121f8.jpg?ver=1777642571\",\"url\":\"https:\\\/\\\/bonsoleil.es\\\/web\\\/wp-content\\\/litespeed\\\/avatar\\\/6719caedb5831fa7538835120a8121f8.jpg?ver=1777642571\",\"contentUrl\":\"https:\\\/\\\/bonsoleil.es\\\/web\\\/wp-content\\\/litespeed\\\/avatar\\\/6719caedb5831fa7538835120a8121f8.jpg?ver=1777642571\",\"caption\":\"libbs\"},\"sameAs\":[\"http:\\\/\\\/localhost\\\/bonsoleil\\\/new_web\"],\"url\":\"https:\\\/\\\/bonsoleil.es\\\/es\\\/author\\\/libbs\\\/\"}]}<\/script>\n<!-- \/ Yoast SEO plugin. -->","yoast_head_json":{"title":"Les CM1 re\u00e7oivent la Police dans la classe! - Lyc\u00e9e International Barcelona \u00b7 Bon Soleil","robots":{"index":"index","follow":"follow","max-snippet":"max-snippet:-1","max-image-preview":"max-image-preview:large","max-video-preview":"max-video-preview:-1"},"canonical":"https:\/\/bonsoleil.es\/es\/les-cm1-recoivent-la-police-dans-la-classe\/","og_locale":"es_ES","og_type":"article","og_title":"Les CM1 re\u00e7oivent la Police dans la classe! - Lyc\u00e9e International Barcelona \u00b7 Bon Soleil","og_description":"Mais que fait la Police dans la classe ? Qui n\u2019a pas fait ses devoirs et va partir en prison ? Mais non, pas de panique ! Les CM1 ont re\u00e7u cette ann\u00e9e plusieurs visites riches d\u2019enseignements importants pour la vie quotidienne","og_url":"https:\/\/bonsoleil.es\/es\/les-cm1-recoivent-la-police-dans-la-classe\/","og_site_name":"Lyc\u00e9e International Barcelona \u00b7 Bon Soleil","article_publisher":"https:\/\/www.facebook.com\/libBonSoleil\/","article_published_time":"2022-05-11T14:59:42+00:00","og_image":[{"width":2560,"height":1920,"url":"https:\/\/bonsoleil.es\/web\/wp-content\/uploads\/2022\/05\/IMG20220504093918-scaled-1.jpg","type":"image\/jpeg"}],"author":"libbs","twitter_card":"summary_large_image","twitter_creator":"@lib_bonsoleil","twitter_site":"@lib_bonsoleil","twitter_misc":{"Escrito por":"libbs","Tiempo de lectura":"2 minutos"},"schema":{"@context":"https:\/\/schema.org","@graph":[{"@type":"Article","@id":"https:\/\/bonsoleil.es\/es\/les-cm1-recoivent-la-police-dans-la-classe\/#article","isPartOf":{"@id":"https:\/\/bonsoleil.es\/es\/les-cm1-recoivent-la-police-dans-la-classe\/"},"author":{"name":"libbs","@id":"https:\/\/bonsoleil.es\/es\/#\/schema\/person\/f90f9175af4fad9c626fd2873bc546ec"},"headline":"Les CM1 re\u00e7oivent la Police dans la classe!","datePublished":"2022-05-11T14:59:42+00:00","mainEntityOfPage":{"@id":"https:\/\/bonsoleil.es\/es\/les-cm1-recoivent-la-police-dans-la-classe\/"},"wordCount":181,"image":{"@id":"https:\/\/bonsoleil.es\/es\/les-cm1-recoivent-la-police-dans-la-classe\/#primaryimage"},"thumbnailUrl":"https:\/\/bonsoleil.es\/web\/wp-content\/uploads\/2022\/05\/IMG20220504093918-scaled-1.jpg","articleSection":["CM1","Primaire"],"inLanguage":"es"},{"@type":"WebPage","@id":"https:\/\/bonsoleil.es\/es\/les-cm1-recoivent-la-police-dans-la-classe\/","url":"https:\/\/bonsoleil.es\/es\/les-cm1-recoivent-la-police-dans-la-classe\/","name":"Les CM1 re\u00e7oivent la Police dans la classe! - Lyc\u00e9e International Barcelona \u00b7 Bon Soleil","isPartOf":{"@id":"https:\/\/bonsoleil.es\/es\/#website"},"primaryImageOfPage":{"@id":"https:\/\/bonsoleil.es\/es\/les-cm1-recoivent-la-police-dans-la-classe\/#primaryimage"},"image":{"@id":"https:\/\/bonsoleil.es\/es\/les-cm1-recoivent-la-police-dans-la-classe\/#primaryimage"},"thumbnailUrl":"https:\/\/bonsoleil.es\/web\/wp-content\/uploads\/2022\/05\/IMG20220504093918-scaled-1.jpg","datePublished":"2022-05-11T14:59:42+00:00","author":{"@id":"https:\/\/bonsoleil.es\/es\/#\/schema\/person\/f90f9175af4fad9c626fd2873bc546ec"},"breadcrumb":{"@id":"https:\/\/bonsoleil.es\/es\/les-cm1-recoivent-la-police-dans-la-classe\/#breadcrumb"},"inLanguage":"es","potentialAction":[{"@type":"ReadAction","target":["https:\/\/bonsoleil.es\/es\/les-cm1-recoivent-la-police-dans-la-classe\/"]}]},{"@type":"ImageObject","inLanguage":"es","@id":"https:\/\/bonsoleil.es\/es\/les-cm1-recoivent-la-police-dans-la-classe\/#primaryimage","url":"https:\/\/bonsoleil.es\/web\/wp-content\/uploads\/2022\/05\/IMG20220504093918-scaled-1.jpg","contentUrl":"https:\/\/bonsoleil.es\/web\/wp-content\/uploads\/2022\/05\/IMG20220504093918-scaled-1.jpg","width":2560,"height":1920},{"@type":"BreadcrumbList","@id":"https:\/\/bonsoleil.es\/es\/les-cm1-recoivent-la-police-dans-la-classe\/#breadcrumb","itemListElement":[{"@type":"ListItem","position":1,"name":"Portada","item":"https:\/\/bonsoleil.es\/es\/"},{"@type":"ListItem","position":2,"name":"Les CM1 re\u00e7oivent la Police dans la classe!"}]},{"@type":"WebSite","@id":"https:\/\/bonsoleil.es\/es\/#website","url":"https:\/\/bonsoleil.es\/es\/","name":"Lyc\u00e9e International Barcelona \u00b7 Bon Soleil","description":"Lyc\u00e9e International Barcelona","potentialAction":[{"@type":"SearchAction","target":{"@type":"EntryPoint","urlTemplate":"https:\/\/bonsoleil.es\/es\/?s={search_term_string}"},"query-input":{"@type":"PropertyValueSpecification","valueRequired":true,"valueName":"search_term_string"}}],"inLanguage":"es"},{"@type":"Person","@id":"https:\/\/bonsoleil.es\/es\/#\/schema\/person\/f90f9175af4fad9c626fd2873bc546ec","name":"libbs","image":{"@type":"ImageObject","inLanguage":"es","@id":"https:\/\/bonsoleil.es\/web\/wp-content\/litespeed\/avatar\/6719caedb5831fa7538835120a8121f8.jpg?ver=1777642571","url":"https:\/\/bonsoleil.es\/web\/wp-content\/litespeed\/avatar\/6719caedb5831fa7538835120a8121f8.jpg?ver=1777642571","contentUrl":"https:\/\/bonsoleil.es\/web\/wp-content\/litespeed\/avatar\/6719caedb5831fa7538835120a8121f8.jpg?ver=1777642571","caption":"libbs"},"sameAs":["http:\/\/localhost\/bonsoleil\/new_web"],"url":"https:\/\/bonsoleil.es\/es\/author\/libbs\/"}]}},"_links":{"self":[{"href":"https:\/\/bonsoleil.es\/es\/wp-json\/wp\/v2\/posts\/57323","targetHints":{"allow":["GET"]}}],"collection":[{"href":"https:\/\/bonsoleil.es\/es\/wp-json\/wp\/v2\/posts"}],"about":[{"href":"https:\/\/bonsoleil.es\/es\/wp-json\/wp\/v2\/types\/post"}],"author":[{"embeddable":true,"href":"https:\/\/bonsoleil.es\/es\/wp-json\/wp\/v2\/users\/1"}],"replies":[{"embeddable":true,"href":"https:\/\/bonsoleil.es\/es\/wp-json\/wp\/v2\/comments?post=57323"}],"version-history":[{"count":0,"href":"https:\/\/bonsoleil.es\/es\/wp-json\/wp\/v2\/posts\/57323\/revisions"}],"wp:featuredmedia":[{"embeddable":true,"href":"https:\/\/bonsoleil.es\/es\/wp-json\/wp\/v2\/media\/57324"}],"wp:attachment":[{"href":"https:\/\/bonsoleil.es\/es\/wp-json\/wp\/v2\/media?parent=57323"}],"wp:term":[{"taxonomy":"category","embeddable":true,"href":"https:\/\/bonsoleil.es\/es\/wp-json\/wp\/v2\/categories?post=57323"},{"taxonomy":"post_tag","embeddable":true,"href":"https:\/\/bonsoleil.es\/es\/wp-json\/wp\/v2\/tags?post=57323"}],"curies":[{"name":"wp","href":"https:\/\/api.w.org\/{rel}","templated":true}]}}