{"id":57340,"date":"2022-05-12T15:19:39","date_gmt":"2022-05-12T13:19:39","guid":{"rendered":"https:\/\/www.bonsoleil.es\/?p=57340"},"modified":"2022-05-12T15:19:39","modified_gmt":"2022-05-12T13:19:39","slug":"inscripcion-bon-soleil-camp-centre-aere-2022","status":"publish","type":"post","link":"https:\/\/bonsoleil.es\/es\/inscripcion-bon-soleil-camp-centre-aere-2022\/","title":{"rendered":"Inscripci\u00f3n Bon Soleil Camp &#8211; Centre A\u00e9r\u00e9 2022"},"content":{"rendered":"\n<p>Les dejamos toda la informaci\u00f3n relativa al Bon Soleil Camp &#8211; Centre A\u00e9r\u00e9 2022, y el enlace para que puedan hacer su inscripi\u00f3n.<\/p>\n\n\n\n<p><\/p>\n\n\n\n<figure class=\"wp-block-gallery has-nested-images columns-1 is-cropped wp-block-gallery-1 is-layout-flex wp-block-gallery-is-layout-flex\">\n<figure class=\"wp-block-image size-full\"><a href=\"https:\/\/bonsoleil.es\/web\/wp-content\/uploads\/2022\/05\/Colonias-Verano-2022_Maternelle-scaled-1.jpg\"><img loading=\"lazy\" decoding=\"async\" width=\"2560\" height=\"1816\" data-id=\"57346\" src=\"https:\/\/bonsoleil.es\/web\/wp-content\/uploads\/2022\/05\/Colonias-Verano-2022_Maternelle-scaled-1.jpg\" alt=\"\" class=\"wp-image-57346\" srcset=\"https:\/\/bonsoleil.es\/web\/wp-content\/uploads\/2022\/05\/Colonias-Verano-2022_Maternelle-scaled-1.jpg 2560w, https:\/\/bonsoleil.es\/web\/wp-content\/uploads\/2022\/05\/Colonias-Verano-2022_Maternelle-scaled-1-250x177.jpg 250w, https:\/\/bonsoleil.es\/web\/wp-content\/uploads\/2022\/05\/Colonias-Verano-2022_Maternelle-scaled-1-700x497.jpg 700w, https:\/\/bonsoleil.es\/web\/wp-content\/uploads\/2022\/05\/Colonias-Verano-2022_Maternelle-scaled-1-768x545.jpg 768w, https:\/\/bonsoleil.es\/web\/wp-content\/uploads\/2022\/05\/Colonias-Verano-2022_Maternelle-scaled-1-1536x1090.jpg 1536w, https:\/\/bonsoleil.es\/web\/wp-content\/uploads\/2022\/05\/Colonias-Verano-2022_Maternelle-scaled-1-2048x1453.jpg 2048w, https:\/\/bonsoleil.es\/web\/wp-content\/uploads\/2022\/05\/Colonias-Verano-2022_Maternelle-scaled-1-120x85.jpg 120w\" sizes=\"auto, (max-width: 2560px) 100vw, 2560px\" \/><\/a><\/figure>\n\n\n\n<figure class=\"wp-block-image size-full\"><a href=\"https:\/\/bonsoleil.es\/web\/wp-content\/uploads\/2022\/05\/Colonias-Verano-2022_Maternelle2-scaled-1.jpg\"><img loading=\"lazy\" decoding=\"async\" width=\"2560\" height=\"1816\" data-id=\"57347\" src=\"https:\/\/bonsoleil.es\/web\/wp-content\/uploads\/2022\/05\/Colonias-Verano-2022_Maternelle2-scaled-1.jpg\" alt=\"\" class=\"wp-image-57347\" srcset=\"https:\/\/bonsoleil.es\/web\/wp-content\/uploads\/2022\/05\/Colonias-Verano-2022_Maternelle2-scaled-1.jpg 2560w, https:\/\/bonsoleil.es\/web\/wp-content\/uploads\/2022\/05\/Colonias-Verano-2022_Maternelle2-scaled-1-250x177.jpg 250w, https:\/\/bonsoleil.es\/web\/wp-content\/uploads\/2022\/05\/Colonias-Verano-2022_Maternelle2-scaled-1-700x497.jpg 700w, https:\/\/bonsoleil.es\/web\/wp-content\/uploads\/2022\/05\/Colonias-Verano-2022_Maternelle2-scaled-1-768x545.jpg 768w, https:\/\/bonsoleil.es\/web\/wp-content\/uploads\/2022\/05\/Colonias-Verano-2022_Maternelle2-scaled-1-1536x1090.jpg 1536w, https:\/\/bonsoleil.es\/web\/wp-content\/uploads\/2022\/05\/Colonias-Verano-2022_Maternelle2-scaled-1-2048x1453.jpg 2048w, https:\/\/bonsoleil.es\/web\/wp-content\/uploads\/2022\/05\/Colonias-Verano-2022_Maternelle2-scaled-1-120x85.jpg 120w\" sizes=\"auto, (max-width: 2560px) 100vw, 2560px\" \/><\/a><\/figure>\n<\/figure>\n\n\n<div class=\"wp-block-image\">\n<figure class=\"aligncenter size-full is-resized\"><a href=\"https:\/\/forms.gle\/kwokdK6bsNmzUg178\"><img loading=\"lazy\" decoding=\"async\" src=\"https:\/\/bonsoleil.es\/web\/wp-content\/uploads\/2022\/05\/inscripcion.png\" alt=\"\" class=\"wp-image-57348\" width=\"298\" height=\"66\" srcset=\"https:\/\/bonsoleil.es\/web\/wp-content\/uploads\/2022\/05\/inscripcion.png 476w, https:\/\/bonsoleil.es\/web\/wp-content\/uploads\/2022\/05\/inscripcion-250x56.png 250w, https:\/\/bonsoleil.es\/web\/wp-content\/uploads\/2022\/05\/inscripcion-120x27.png 120w\" sizes=\"auto, (max-width: 298px) 100vw, 298px\" \/><\/a><\/figure>\n<\/div>\n\n\n<figure class=\"wp-block-gallery has-nested-images columns-1 is-cropped wp-block-gallery-2 is-layout-flex wp-block-gallery-is-layout-flex\">\n<figure class=\"wp-block-image size-full\"><a href=\"https:\/\/bonsoleil.es\/web\/wp-content\/uploads\/2022\/05\/Colonias-Verano-2022_General-scaled-1.jpg\"><img loading=\"lazy\" decoding=\"async\" width=\"2560\" height=\"1816\" data-id=\"57344\" src=\"https:\/\/bonsoleil.es\/web\/wp-content\/uploads\/2022\/05\/Colonias-Verano-2022_General-scaled-1.jpg\" alt=\"\" class=\"wp-image-57344\" srcset=\"https:\/\/bonsoleil.es\/web\/wp-content\/uploads\/2022\/05\/Colonias-Verano-2022_General-scaled-1.jpg 2560w, https:\/\/bonsoleil.es\/web\/wp-content\/uploads\/2022\/05\/Colonias-Verano-2022_General-scaled-1-250x177.jpg 250w, https:\/\/bonsoleil.es\/web\/wp-content\/uploads\/2022\/05\/Colonias-Verano-2022_General-scaled-1-700x497.jpg 700w, https:\/\/bonsoleil.es\/web\/wp-content\/uploads\/2022\/05\/Colonias-Verano-2022_General-scaled-1-768x545.jpg 768w, https:\/\/bonsoleil.es\/web\/wp-content\/uploads\/2022\/05\/Colonias-Verano-2022_General-scaled-1-1536x1090.jpg 1536w, https:\/\/bonsoleil.es\/web\/wp-content\/uploads\/2022\/05\/Colonias-Verano-2022_General-scaled-1-2048x1453.jpg 2048w, https:\/\/bonsoleil.es\/web\/wp-content\/uploads\/2022\/05\/Colonias-Verano-2022_General-scaled-1-120x85.jpg 120w\" sizes=\"auto, (max-width: 2560px) 100vw, 2560px\" \/><\/a><\/figure>\n\n\n\n<figure class=\"wp-block-image size-full\"><a href=\"https:\/\/bonsoleil.es\/web\/wp-content\/uploads\/2022\/05\/Colonias-Verano-2022_General2-scaled-1.jpg\"><img loading=\"lazy\" decoding=\"async\" width=\"2560\" height=\"1816\" data-id=\"57345\" src=\"https:\/\/bonsoleil.es\/web\/wp-content\/uploads\/2022\/05\/Colonias-Verano-2022_General2-scaled-1.jpg\" alt=\"\" class=\"wp-image-57345\" srcset=\"https:\/\/bonsoleil.es\/web\/wp-content\/uploads\/2022\/05\/Colonias-Verano-2022_General2-scaled-1.jpg 2560w, https:\/\/bonsoleil.es\/web\/wp-content\/uploads\/2022\/05\/Colonias-Verano-2022_General2-scaled-1-250x177.jpg 250w, https:\/\/bonsoleil.es\/web\/wp-content\/uploads\/2022\/05\/Colonias-Verano-2022_General2-scaled-1-700x497.jpg 700w, https:\/\/bonsoleil.es\/web\/wp-content\/uploads\/2022\/05\/Colonias-Verano-2022_General2-scaled-1-768x545.jpg 768w, https:\/\/bonsoleil.es\/web\/wp-content\/uploads\/2022\/05\/Colonias-Verano-2022_General2-scaled-1-1536x1090.jpg 1536w, https:\/\/bonsoleil.es\/web\/wp-content\/uploads\/2022\/05\/Colonias-Verano-2022_General2-scaled-1-2048x1453.jpg 2048w, https:\/\/bonsoleil.es\/web\/wp-content\/uploads\/2022\/05\/Colonias-Verano-2022_General2-scaled-1-120x85.jpg 120w\" sizes=\"auto, (max-width: 2560px) 100vw, 2560px\" \/><\/a><\/figure>\n<\/figure>\n\n\n<div class=\"wp-block-image\">\n<figure class=\"aligncenter size-full is-resized\"><a href=\"https:\/\/forms.gle\/kwokdK6bsNmzUg178\"><img loading=\"lazy\" decoding=\"async\" src=\"https:\/\/bonsoleil.es\/web\/wp-content\/uploads\/2022\/05\/inscripcion.png\" alt=\"\" class=\"wp-image-57348\" width=\"298\" height=\"66\" srcset=\"https:\/\/bonsoleil.es\/web\/wp-content\/uploads\/2022\/05\/inscripcion.png 476w, https:\/\/bonsoleil.es\/web\/wp-content\/uploads\/2022\/05\/inscripcion-250x56.png 250w, https:\/\/bonsoleil.es\/web\/wp-content\/uploads\/2022\/05\/inscripcion-120x27.png 120w\" sizes=\"auto, (max-width: 298px) 100vw, 298px\" \/><\/a><\/figure>\n<\/div>","protected":false},"excerpt":{"rendered":"Les dejamos toda la informaci\u00f3n relativa al Bon Soleil Camp &#8211; Centre A\u00e9r\u00e9 2022, y el enlace para que puedan hacer su inscripi\u00f3n.","protected":false},"author":1,"featured_media":57352,"comment_status":"closed","ping_status":"closed","sticky":false,"template":"","format":"standard","meta":{"_acf_changed":false,"rs_blank_template":"","rs_page_bg_color":"","slide_template_v7":"","footnotes":"","_links_to":"","_links_to_target":""},"categories":[18,10],"tags":[],"class_list":["post-57340","post","type-post","status-publish","format-standard","has-post-thumbnail","hentry","category-ecole-sportive","category-generales"],"acf":[],"yoast_head":"<!-- This site is optimized with the Yoast SEO plugin v27.4 - https:\/\/yoast.com\/product\/yoast-seo-wordpress\/ -->\n<title>Inscripci\u00f3n Bon Soleil Camp - Centre A\u00e9r\u00e9 2022 - Lyc\u00e9e International Barcelona \u00b7 Bon Soleil<\/title>\n<meta name=\"robots\" content=\"index, follow, max-snippet:-1, max-image-preview:large, max-video-preview:-1\" \/>\n<link rel=\"canonical\" href=\"https:\/\/bonsoleil.es\/es\/inscripcion-bon-soleil-camp-centre-aere-2022\/\" \/>\n<meta property=\"og:locale\" content=\"es_ES\" \/>\n<meta property=\"og:type\" content=\"article\" \/>\n<meta property=\"og:title\" content=\"Inscripci\u00f3n Bon Soleil Camp - Centre A\u00e9r\u00e9 2022 - Lyc\u00e9e International Barcelona \u00b7 Bon Soleil\" \/>\n<meta property=\"og:description\" content=\"Les dejamos toda la informaci\u00f3n relativa al Bon Soleil Camp - Centre A\u00e9r\u00e9 2022, y el enlace para que puedan hacer su inscripi\u00f3n.\" \/>\n<meta property=\"og:url\" content=\"https:\/\/bonsoleil.es\/es\/inscripcion-bon-soleil-camp-centre-aere-2022\/\" \/>\n<meta property=\"og:site_name\" content=\"Lyc\u00e9e International Barcelona \u00b7 Bon Soleil\" \/>\n<meta property=\"article:publisher\" content=\"https:\/\/www.facebook.com\/libBonSoleil\/\" \/>\n<meta property=\"article:published_time\" content=\"2022-05-12T13:19:39+00:00\" \/>\n<meta property=\"og:image\" content=\"https:\/\/bonsoleil.es\/web\/wp-content\/uploads\/2022\/05\/dest_colonias.png\" \/>\n\t<meta property=\"og:image:width\" content=\"421\" \/>\n\t<meta property=\"og:image:height\" content=\"239\" \/>\n\t<meta property=\"og:image:type\" content=\"image\/png\" \/>\n<meta name=\"author\" content=\"libbs\" \/>\n<meta name=\"twitter:card\" content=\"summary_large_image\" \/>\n<meta name=\"twitter:creator\" content=\"@lib_bonsoleil\" \/>\n<meta name=\"twitter:site\" content=\"@lib_bonsoleil\" \/>\n<meta name=\"twitter:label1\" content=\"Escrito por\" \/>\n\t<meta name=\"twitter:data1\" content=\"libbs\" \/>\n\t<meta name=\"twitter:label2\" content=\"Tiempo de lectura\" \/>\n\t<meta name=\"twitter:data2\" content=\"2 minutos\" \/>\n<script type=\"application\/ld+json\" class=\"yoast-schema-graph\">{\"@context\":\"https:\\\/\\\/schema.org\",\"@graph\":[{\"@type\":\"Article\",\"@id\":\"https:\\\/\\\/bonsoleil.es\\\/es\\\/inscripcion-bon-soleil-camp-centre-aere-2022\\\/#article\",\"isPartOf\":{\"@id\":\"https:\\\/\\\/bonsoleil.es\\\/es\\\/inscripcion-bon-soleil-camp-centre-aere-2022\\\/\"},\"author\":{\"name\":\"libbs\",\"@id\":\"https:\\\/\\\/bonsoleil.es\\\/es\\\/#\\\/schema\\\/person\\\/f90f9175af4fad9c626fd2873bc546ec\"},\"headline\":\"Inscripci\u00f3n Bon Soleil Camp &#8211; Centre A\u00e9r\u00e9 2022\",\"datePublished\":\"2022-05-12T13:19:39+00:00\",\"mainEntityOfPage\":{\"@id\":\"https:\\\/\\\/bonsoleil.es\\\/es\\\/inscripcion-bon-soleil-camp-centre-aere-2022\\\/\"},\"wordCount\":34,\"image\":{\"@id\":\"https:\\\/\\\/bonsoleil.es\\\/es\\\/inscripcion-bon-soleil-camp-centre-aere-2022\\\/#primaryimage\"},\"thumbnailUrl\":\"https:\\\/\\\/bonsoleil.es\\\/web\\\/wp-content\\\/uploads\\\/2022\\\/05\\\/dest_colonias.png\",\"articleSection\":[\"\u00c9cole Sportive\",\"G\u00e9n\u00e9rales\"],\"inLanguage\":\"es\"},{\"@type\":\"WebPage\",\"@id\":\"https:\\\/\\\/bonsoleil.es\\\/es\\\/inscripcion-bon-soleil-camp-centre-aere-2022\\\/\",\"url\":\"https:\\\/\\\/bonsoleil.es\\\/es\\\/inscripcion-bon-soleil-camp-centre-aere-2022\\\/\",\"name\":\"Inscripci\u00f3n Bon Soleil Camp - Centre A\u00e9r\u00e9 2022 - Lyc\u00e9e International Barcelona \u00b7 Bon Soleil\",\"isPartOf\":{\"@id\":\"https:\\\/\\\/bonsoleil.es\\\/es\\\/#website\"},\"primaryImageOfPage\":{\"@id\":\"https:\\\/\\\/bonsoleil.es\\\/es\\\/inscripcion-bon-soleil-camp-centre-aere-2022\\\/#primaryimage\"},\"image\":{\"@id\":\"https:\\\/\\\/bonsoleil.es\\\/es\\\/inscripcion-bon-soleil-camp-centre-aere-2022\\\/#primaryimage\"},\"thumbnailUrl\":\"https:\\\/\\\/bonsoleil.es\\\/web\\\/wp-content\\\/uploads\\\/2022\\\/05\\\/dest_colonias.png\",\"datePublished\":\"2022-05-12T13:19:39+00:00\",\"author\":{\"@id\":\"https:\\\/\\\/bonsoleil.es\\\/es\\\/#\\\/schema\\\/person\\\/f90f9175af4fad9c626fd2873bc546ec\"},\"breadcrumb\":{\"@id\":\"https:\\\/\\\/bonsoleil.es\\\/es\\\/inscripcion-bon-soleil-camp-centre-aere-2022\\\/#breadcrumb\"},\"inLanguage\":\"es\",\"potentialAction\":[{\"@type\":\"ReadAction\",\"target\":[\"https:\\\/\\\/bonsoleil.es\\\/es\\\/inscripcion-bon-soleil-camp-centre-aere-2022\\\/\"]}]},{\"@type\":\"ImageObject\",\"inLanguage\":\"es\",\"@id\":\"https:\\\/\\\/bonsoleil.es\\\/es\\\/inscripcion-bon-soleil-camp-centre-aere-2022\\\/#primaryimage\",\"url\":\"https:\\\/\\\/bonsoleil.es\\\/web\\\/wp-content\\\/uploads\\\/2022\\\/05\\\/dest_colonias.png\",\"contentUrl\":\"https:\\\/\\\/bonsoleil.es\\\/web\\\/wp-content\\\/uploads\\\/2022\\\/05\\\/dest_colonias.png\",\"width\":421,\"height\":239},{\"@type\":\"BreadcrumbList\",\"@id\":\"https:\\\/\\\/bonsoleil.es\\\/es\\\/inscripcion-bon-soleil-camp-centre-aere-2022\\\/#breadcrumb\",\"itemListElement\":[{\"@type\":\"ListItem\",\"position\":1,\"name\":\"Portada\",\"item\":\"https:\\\/\\\/bonsoleil.es\\\/es\\\/\"},{\"@type\":\"ListItem\",\"position\":2,\"name\":\"Inscripci\u00f3n Bon Soleil Camp &#8211; Centre A\u00e9r\u00e9 2022\"}]},{\"@type\":\"WebSite\",\"@id\":\"https:\\\/\\\/bonsoleil.es\\\/es\\\/#website\",\"url\":\"https:\\\/\\\/bonsoleil.es\\\/es\\\/\",\"name\":\"Lyc\u00e9e International Barcelona \u00b7 Bon Soleil\",\"description\":\"Lyc\u00e9e International Barcelona\",\"potentialAction\":[{\"@type\":\"SearchAction\",\"target\":{\"@type\":\"EntryPoint\",\"urlTemplate\":\"https:\\\/\\\/bonsoleil.es\\\/es\\\/?s={search_term_string}\"},\"query-input\":{\"@type\":\"PropertyValueSpecification\",\"valueRequired\":true,\"valueName\":\"search_term_string\"}}],\"inLanguage\":\"es\"},{\"@type\":\"Person\",\"@id\":\"https:\\\/\\\/bonsoleil.es\\\/es\\\/#\\\/schema\\\/person\\\/f90f9175af4fad9c626fd2873bc546ec\",\"name\":\"libbs\",\"image\":{\"@type\":\"ImageObject\",\"inLanguage\":\"es\",\"@id\":\"https:\\\/\\\/bonsoleil.es\\\/web\\\/wp-content\\\/litespeed\\\/avatar\\\/6719caedb5831fa7538835120a8121f8.jpg?ver=1777037754\",\"url\":\"https:\\\/\\\/bonsoleil.es\\\/web\\\/wp-content\\\/litespeed\\\/avatar\\\/6719caedb5831fa7538835120a8121f8.jpg?ver=1777037754\",\"contentUrl\":\"https:\\\/\\\/bonsoleil.es\\\/web\\\/wp-content\\\/litespeed\\\/avatar\\\/6719caedb5831fa7538835120a8121f8.jpg?ver=1777037754\",\"caption\":\"libbs\"},\"sameAs\":[\"http:\\\/\\\/localhost\\\/bonsoleil\\\/new_web\"],\"url\":\"https:\\\/\\\/bonsoleil.es\\\/es\\\/author\\\/libbs\\\/\"}]}<\/script>\n<!-- \/ Yoast SEO plugin. -->","yoast_head_json":{"title":"Inscripci\u00f3n Bon Soleil Camp - Centre A\u00e9r\u00e9 2022 - Lyc\u00e9e International Barcelona \u00b7 Bon Soleil","robots":{"index":"index","follow":"follow","max-snippet":"max-snippet:-1","max-image-preview":"max-image-preview:large","max-video-preview":"max-video-preview:-1"},"canonical":"https:\/\/bonsoleil.es\/es\/inscripcion-bon-soleil-camp-centre-aere-2022\/","og_locale":"es_ES","og_type":"article","og_title":"Inscripci\u00f3n Bon Soleil Camp - Centre A\u00e9r\u00e9 2022 - Lyc\u00e9e International Barcelona \u00b7 Bon Soleil","og_description":"Les dejamos toda la informaci\u00f3n relativa al Bon Soleil Camp - Centre A\u00e9r\u00e9 2022, y el enlace para que puedan hacer su inscripi\u00f3n.","og_url":"https:\/\/bonsoleil.es\/es\/inscripcion-bon-soleil-camp-centre-aere-2022\/","og_site_name":"Lyc\u00e9e International Barcelona \u00b7 Bon Soleil","article_publisher":"https:\/\/www.facebook.com\/libBonSoleil\/","article_published_time":"2022-05-12T13:19:39+00:00","og_image":[{"width":421,"height":239,"url":"https:\/\/bonsoleil.es\/web\/wp-content\/uploads\/2022\/05\/dest_colonias.png","type":"image\/png"}],"author":"libbs","twitter_card":"summary_large_image","twitter_creator":"@lib_bonsoleil","twitter_site":"@lib_bonsoleil","twitter_misc":{"Escrito por":"libbs","Tiempo de lectura":"2 minutos"},"schema":{"@context":"https:\/\/schema.org","@graph":[{"@type":"Article","@id":"https:\/\/bonsoleil.es\/es\/inscripcion-bon-soleil-camp-centre-aere-2022\/#article","isPartOf":{"@id":"https:\/\/bonsoleil.es\/es\/inscripcion-bon-soleil-camp-centre-aere-2022\/"},"author":{"name":"libbs","@id":"https:\/\/bonsoleil.es\/es\/#\/schema\/person\/f90f9175af4fad9c626fd2873bc546ec"},"headline":"Inscripci\u00f3n Bon Soleil Camp &#8211; Centre A\u00e9r\u00e9 2022","datePublished":"2022-05-12T13:19:39+00:00","mainEntityOfPage":{"@id":"https:\/\/bonsoleil.es\/es\/inscripcion-bon-soleil-camp-centre-aere-2022\/"},"wordCount":34,"image":{"@id":"https:\/\/bonsoleil.es\/es\/inscripcion-bon-soleil-camp-centre-aere-2022\/#primaryimage"},"thumbnailUrl":"https:\/\/bonsoleil.es\/web\/wp-content\/uploads\/2022\/05\/dest_colonias.png","articleSection":["\u00c9cole Sportive","G\u00e9n\u00e9rales"],"inLanguage":"es"},{"@type":"WebPage","@id":"https:\/\/bonsoleil.es\/es\/inscripcion-bon-soleil-camp-centre-aere-2022\/","url":"https:\/\/bonsoleil.es\/es\/inscripcion-bon-soleil-camp-centre-aere-2022\/","name":"Inscripci\u00f3n Bon Soleil Camp - Centre A\u00e9r\u00e9 2022 - Lyc\u00e9e International Barcelona \u00b7 Bon Soleil","isPartOf":{"@id":"https:\/\/bonsoleil.es\/es\/#website"},"primaryImageOfPage":{"@id":"https:\/\/bonsoleil.es\/es\/inscripcion-bon-soleil-camp-centre-aere-2022\/#primaryimage"},"image":{"@id":"https:\/\/bonsoleil.es\/es\/inscripcion-bon-soleil-camp-centre-aere-2022\/#primaryimage"},"thumbnailUrl":"https:\/\/bonsoleil.es\/web\/wp-content\/uploads\/2022\/05\/dest_colonias.png","datePublished":"2022-05-12T13:19:39+00:00","author":{"@id":"https:\/\/bonsoleil.es\/es\/#\/schema\/person\/f90f9175af4fad9c626fd2873bc546ec"},"breadcrumb":{"@id":"https:\/\/bonsoleil.es\/es\/inscripcion-bon-soleil-camp-centre-aere-2022\/#breadcrumb"},"inLanguage":"es","potentialAction":[{"@type":"ReadAction","target":["https:\/\/bonsoleil.es\/es\/inscripcion-bon-soleil-camp-centre-aere-2022\/"]}]},{"@type":"ImageObject","inLanguage":"es","@id":"https:\/\/bonsoleil.es\/es\/inscripcion-bon-soleil-camp-centre-aere-2022\/#primaryimage","url":"https:\/\/bonsoleil.es\/web\/wp-content\/uploads\/2022\/05\/dest_colonias.png","contentUrl":"https:\/\/bonsoleil.es\/web\/wp-content\/uploads\/2022\/05\/dest_colonias.png","width":421,"height":239},{"@type":"BreadcrumbList","@id":"https:\/\/bonsoleil.es\/es\/inscripcion-bon-soleil-camp-centre-aere-2022\/#breadcrumb","itemListElement":[{"@type":"ListItem","position":1,"name":"Portada","item":"https:\/\/bonsoleil.es\/es\/"},{"@type":"ListItem","position":2,"name":"Inscripci\u00f3n Bon Soleil Camp &#8211; Centre A\u00e9r\u00e9 2022"}]},{"@type":"WebSite","@id":"https:\/\/bonsoleil.es\/es\/#website","url":"https:\/\/bonsoleil.es\/es\/","name":"Lyc\u00e9e International Barcelona \u00b7 Bon Soleil","description":"Lyc\u00e9e International Barcelona","potentialAction":[{"@type":"SearchAction","target":{"@type":"EntryPoint","urlTemplate":"https:\/\/bonsoleil.es\/es\/?s={search_term_string}"},"query-input":{"@type":"PropertyValueSpecification","valueRequired":true,"valueName":"search_term_string"}}],"inLanguage":"es"},{"@type":"Person","@id":"https:\/\/bonsoleil.es\/es\/#\/schema\/person\/f90f9175af4fad9c626fd2873bc546ec","name":"libbs","image":{"@type":"ImageObject","inLanguage":"es","@id":"https:\/\/bonsoleil.es\/web\/wp-content\/litespeed\/avatar\/6719caedb5831fa7538835120a8121f8.jpg?ver=1777037754","url":"https:\/\/bonsoleil.es\/web\/wp-content\/litespeed\/avatar\/6719caedb5831fa7538835120a8121f8.jpg?ver=1777037754","contentUrl":"https:\/\/bonsoleil.es\/web\/wp-content\/litespeed\/avatar\/6719caedb5831fa7538835120a8121f8.jpg?ver=1777037754","caption":"libbs"},"sameAs":["http:\/\/localhost\/bonsoleil\/new_web"],"url":"https:\/\/bonsoleil.es\/es\/author\/libbs\/"}]}},"_links":{"self":[{"href":"https:\/\/bonsoleil.es\/es\/wp-json\/wp\/v2\/posts\/57340","targetHints":{"allow":["GET"]}}],"collection":[{"href":"https:\/\/bonsoleil.es\/es\/wp-json\/wp\/v2\/posts"}],"about":[{"href":"https:\/\/bonsoleil.es\/es\/wp-json\/wp\/v2\/types\/post"}],"author":[{"embeddable":true,"href":"https:\/\/bonsoleil.es\/es\/wp-json\/wp\/v2\/users\/1"}],"replies":[{"embeddable":true,"href":"https:\/\/bonsoleil.es\/es\/wp-json\/wp\/v2\/comments?post=57340"}],"version-history":[{"count":0,"href":"https:\/\/bonsoleil.es\/es\/wp-json\/wp\/v2\/posts\/57340\/revisions"}],"wp:featuredmedia":[{"embeddable":true,"href":"https:\/\/bonsoleil.es\/es\/wp-json\/wp\/v2\/media\/57352"}],"wp:attachment":[{"href":"https:\/\/bonsoleil.es\/es\/wp-json\/wp\/v2\/media?parent=57340"}],"wp:term":[{"taxonomy":"category","embeddable":true,"href":"https:\/\/bonsoleil.es\/es\/wp-json\/wp\/v2\/categories?post=57340"},{"taxonomy":"post_tag","embeddable":true,"href":"https:\/\/bonsoleil.es\/es\/wp-json\/wp\/v2\/tags?post=57340"}],"curies":[{"name":"wp","href":"https:\/\/api.w.org\/{rel}","templated":true}]}}