{"id":57526,"date":"2022-05-17T10:44:27","date_gmt":"2022-05-17T08:44:27","guid":{"rendered":"https:\/\/www.bonsoleil.es\/?p=57526"},"modified":"2022-05-17T10:44:27","modified_gmt":"2022-05-17T08:44:27","slug":"recaudacion-kermesse-2022","status":"publish","type":"post","link":"https:\/\/bonsoleil.es\/es\/recaudacion-kermesse-2022\/","title":{"rendered":"Recaudaci\u00f3n Kermesse 2022"},"content":{"rendered":"\n<p>El pasado domingo 8 de mayo tuvo lugar la Kermesse donde pudimos volver a reunirnos y disfrutar de una agradable jornada en familia.<\/p>\n\n\n\n<p>Durante la fiesta de primavera se realizaron actividades para todas las edades como talleres de origami, taller de rob\u00f3tica, taller de maquillaje, castillos hinchables, lectura de cuentos, actuaciones musicales de nuestros alumnos y stands de degustaci\u00f3n gastron\u00f3mica.<\/p>\n\n\n\n<p>Queremos agradecer a toda la comunidad escolar su participaci\u00f3n en la jornada, a los ponentes de las conferencias, Sr. Javier Mart\u00ednez Zavala y Salvador Barri, a los alumnos voluntarios de LIB Bon Soleil y a las madres solidarias por su ayuda en la organizaci\u00f3n de la jornada. Gracias a todos vosotros se han logrado <strong>recaudar 12.092\u20ac<\/strong>. Dicha recaudaci\u00f3n<strong> se destinar\u00e1 en su totalidad a los proyectos solidarios de la Fundaci\u00f3n Antonio Cabr\u00e9.<\/strong><\/p>\n\n\n\n<p>Gracias de nuevo por hacer que esta tan esperada fiesta fuera magn\u00edfica.<\/p>\n\n\n\n<p><\/p>\n\n\n\n<figure class=\"wp-block-gallery has-nested-images columns-1 is-cropped wp-block-gallery-1 is-layout-flex wp-block-gallery-is-layout-flex\">\n<figure class=\"wp-block-image size-full\"><a href=\"https:\/\/bonsoleil.es\/web\/wp-content\/uploads\/2022\/05\/IG_kermesse_GRACIAS_Mesa-de-trabajo-1_Mesa-de-trabajo-1.jpg\"><img loading=\"lazy\" decoding=\"async\" width=\"2250\" height=\"2250\" data-id=\"57529\" src=\"https:\/\/bonsoleil.es\/web\/wp-content\/uploads\/2022\/05\/IG_kermesse_GRACIAS_Mesa-de-trabajo-1_Mesa-de-trabajo-1.jpg\" alt=\"\" class=\"wp-image-57529\" srcset=\"https:\/\/bonsoleil.es\/web\/wp-content\/uploads\/2022\/05\/IG_kermesse_GRACIAS_Mesa-de-trabajo-1_Mesa-de-trabajo-1.jpg 2250w, https:\/\/bonsoleil.es\/web\/wp-content\/uploads\/2022\/05\/IG_kermesse_GRACIAS_Mesa-de-trabajo-1_Mesa-de-trabajo-1-250x250.jpg 250w, https:\/\/bonsoleil.es\/web\/wp-content\/uploads\/2022\/05\/IG_kermesse_GRACIAS_Mesa-de-trabajo-1_Mesa-de-trabajo-1-700x700.jpg 700w, https:\/\/bonsoleil.es\/web\/wp-content\/uploads\/2022\/05\/IG_kermesse_GRACIAS_Mesa-de-trabajo-1_Mesa-de-trabajo-1-150x150.jpg 150w, https:\/\/bonsoleil.es\/web\/wp-content\/uploads\/2022\/05\/IG_kermesse_GRACIAS_Mesa-de-trabajo-1_Mesa-de-trabajo-1-768x768.jpg 768w, https:\/\/bonsoleil.es\/web\/wp-content\/uploads\/2022\/05\/IG_kermesse_GRACIAS_Mesa-de-trabajo-1_Mesa-de-trabajo-1-1536x1536.jpg 1536w, https:\/\/bonsoleil.es\/web\/wp-content\/uploads\/2022\/05\/IG_kermesse_GRACIAS_Mesa-de-trabajo-1_Mesa-de-trabajo-1-2048x2048.jpg 2048w, https:\/\/bonsoleil.es\/web\/wp-content\/uploads\/2022\/05\/IG_kermesse_GRACIAS_Mesa-de-trabajo-1_Mesa-de-trabajo-1-120x120.jpg 120w\" sizes=\"auto, (max-width: 2250px) 100vw, 2250px\" \/><\/a><\/figure>\n\n\n\n<figure class=\"wp-block-image size-full\"><a href=\"https:\/\/bonsoleil.es\/web\/wp-content\/uploads\/2022\/05\/Ingreso-Kermesse-2022.jpg\"><img loading=\"lazy\" decoding=\"async\" width=\"2480\" height=\"1748\" data-id=\"57530\" src=\"https:\/\/bonsoleil.es\/web\/wp-content\/uploads\/2022\/05\/Ingreso-Kermesse-2022.jpg\" alt=\"\" class=\"wp-image-57530\" srcset=\"https:\/\/bonsoleil.es\/web\/wp-content\/uploads\/2022\/05\/Ingreso-Kermesse-2022.jpg 2480w, https:\/\/bonsoleil.es\/web\/wp-content\/uploads\/2022\/05\/Ingreso-Kermesse-2022-250x176.jpg 250w, https:\/\/bonsoleil.es\/web\/wp-content\/uploads\/2022\/05\/Ingreso-Kermesse-2022-700x493.jpg 700w, https:\/\/bonsoleil.es\/web\/wp-content\/uploads\/2022\/05\/Ingreso-Kermesse-2022-768x541.jpg 768w, https:\/\/bonsoleil.es\/web\/wp-content\/uploads\/2022\/05\/Ingreso-Kermesse-2022-1536x1083.jpg 1536w, https:\/\/bonsoleil.es\/web\/wp-content\/uploads\/2022\/05\/Ingreso-Kermesse-2022-2048x1444.jpg 2048w, https:\/\/bonsoleil.es\/web\/wp-content\/uploads\/2022\/05\/Ingreso-Kermesse-2022-120x85.jpg 120w\" sizes=\"auto, (max-width: 2480px) 100vw, 2480px\" \/><\/a><\/figure>\n<\/figure>\n","protected":false},"excerpt":{"rendered":"Gracias a todos vosotros se han logrado recaudar 12.092\u20ac. Dicha recaudaci\u00f3n se destinar\u00e1 en su totalidad a los proyectos solidarios de la Fundaci\u00f3n Antonio Cabr\u00e9.","protected":false},"author":1,"featured_media":57533,"comment_status":"closed","ping_status":"closed","sticky":false,"template":"","format":"standard","meta":{"_acf_changed":false,"rs_blank_template":"","rs_page_bg_color":"","slide_template_v7":"","footnotes":"","_links_to":"","_links_to_target":""},"categories":[10],"tags":[],"class_list":["post-57526","post","type-post","status-publish","format-standard","has-post-thumbnail","hentry","category-generales"],"acf":[],"yoast_head":"<!-- This site is optimized with the Yoast SEO plugin v27.4 - https:\/\/yoast.com\/product\/yoast-seo-wordpress\/ -->\n<title>Recaudaci\u00f3n Kermesse 2022 - Lyc\u00e9e International Barcelona \u00b7 Bon Soleil<\/title>\n<meta name=\"robots\" content=\"index, follow, max-snippet:-1, max-image-preview:large, max-video-preview:-1\" \/>\n<link rel=\"canonical\" href=\"https:\/\/bonsoleil.es\/es\/recaudacion-kermesse-2022\/\" \/>\n<meta property=\"og:locale\" content=\"es_ES\" \/>\n<meta property=\"og:type\" content=\"article\" \/>\n<meta property=\"og:title\" content=\"Recaudaci\u00f3n Kermesse 2022 - Lyc\u00e9e International Barcelona \u00b7 Bon Soleil\" \/>\n<meta property=\"og:description\" content=\"Gracias a todos vosotros se han logrado recaudar 12.092\u20ac. Dicha recaudaci\u00f3n se destinar\u00e1 en su totalidad a los proyectos solidarios de la Fundaci\u00f3n Antonio Cabr\u00e9.\" \/>\n<meta property=\"og:url\" content=\"https:\/\/bonsoleil.es\/es\/recaudacion-kermesse-2022\/\" \/>\n<meta property=\"og:site_name\" content=\"Lyc\u00e9e International Barcelona \u00b7 Bon Soleil\" \/>\n<meta property=\"article:publisher\" content=\"https:\/\/www.facebook.com\/libBonSoleil\/\" \/>\n<meta property=\"article:published_time\" content=\"2022-05-17T08:44:27+00:00\" \/>\n<meta property=\"og:image\" content=\"https:\/\/bonsoleil.es\/web\/wp-content\/uploads\/2022\/05\/IG_kermesse_GRACIAS_dest-scaled-1.jpg\" \/>\n\t<meta property=\"og:image:width\" content=\"2560\" \/>\n\t<meta property=\"og:image:height\" content=\"1860\" \/>\n\t<meta property=\"og:image:type\" content=\"image\/jpeg\" \/>\n<meta name=\"author\" content=\"libbs\" \/>\n<meta name=\"twitter:card\" content=\"summary_large_image\" \/>\n<meta name=\"twitter:creator\" content=\"@lib_bonsoleil\" \/>\n<meta name=\"twitter:site\" content=\"@lib_bonsoleil\" \/>\n<meta name=\"twitter:label1\" content=\"Escrito por\" \/>\n\t<meta name=\"twitter:data1\" content=\"libbs\" \/>\n\t<meta name=\"twitter:label2\" content=\"Tiempo de lectura\" \/>\n\t<meta name=\"twitter:data2\" content=\"2 minutos\" \/>\n<script type=\"application\/ld+json\" class=\"yoast-schema-graph\">{\"@context\":\"https:\\\/\\\/schema.org\",\"@graph\":[{\"@type\":\"Article\",\"@id\":\"https:\\\/\\\/bonsoleil.es\\\/es\\\/recaudacion-kermesse-2022\\\/#article\",\"isPartOf\":{\"@id\":\"https:\\\/\\\/bonsoleil.es\\\/es\\\/recaudacion-kermesse-2022\\\/\"},\"author\":{\"name\":\"libbs\",\"@id\":\"https:\\\/\\\/bonsoleil.es\\\/es\\\/#\\\/schema\\\/person\\\/f90f9175af4fad9c626fd2873bc546ec\"},\"headline\":\"Recaudaci\u00f3n Kermesse 2022\",\"datePublished\":\"2022-05-17T08:44:27+00:00\",\"mainEntityOfPage\":{\"@id\":\"https:\\\/\\\/bonsoleil.es\\\/es\\\/recaudacion-kermesse-2022\\\/\"},\"wordCount\":154,\"image\":{\"@id\":\"https:\\\/\\\/bonsoleil.es\\\/es\\\/recaudacion-kermesse-2022\\\/#primaryimage\"},\"thumbnailUrl\":\"https:\\\/\\\/bonsoleil.es\\\/web\\\/wp-content\\\/uploads\\\/2022\\\/05\\\/IG_kermesse_GRACIAS_dest-scaled-1.jpg\",\"articleSection\":[\"G\u00e9n\u00e9rales\"],\"inLanguage\":\"es\"},{\"@type\":\"WebPage\",\"@id\":\"https:\\\/\\\/bonsoleil.es\\\/es\\\/recaudacion-kermesse-2022\\\/\",\"url\":\"https:\\\/\\\/bonsoleil.es\\\/es\\\/recaudacion-kermesse-2022\\\/\",\"name\":\"Recaudaci\u00f3n Kermesse 2022 - Lyc\u00e9e International Barcelona \u00b7 Bon Soleil\",\"isPartOf\":{\"@id\":\"https:\\\/\\\/bonsoleil.es\\\/es\\\/#website\"},\"primaryImageOfPage\":{\"@id\":\"https:\\\/\\\/bonsoleil.es\\\/es\\\/recaudacion-kermesse-2022\\\/#primaryimage\"},\"image\":{\"@id\":\"https:\\\/\\\/bonsoleil.es\\\/es\\\/recaudacion-kermesse-2022\\\/#primaryimage\"},\"thumbnailUrl\":\"https:\\\/\\\/bonsoleil.es\\\/web\\\/wp-content\\\/uploads\\\/2022\\\/05\\\/IG_kermesse_GRACIAS_dest-scaled-1.jpg\",\"datePublished\":\"2022-05-17T08:44:27+00:00\",\"author\":{\"@id\":\"https:\\\/\\\/bonsoleil.es\\\/es\\\/#\\\/schema\\\/person\\\/f90f9175af4fad9c626fd2873bc546ec\"},\"breadcrumb\":{\"@id\":\"https:\\\/\\\/bonsoleil.es\\\/es\\\/recaudacion-kermesse-2022\\\/#breadcrumb\"},\"inLanguage\":\"es\",\"potentialAction\":[{\"@type\":\"ReadAction\",\"target\":[\"https:\\\/\\\/bonsoleil.es\\\/es\\\/recaudacion-kermesse-2022\\\/\"]}]},{\"@type\":\"ImageObject\",\"inLanguage\":\"es\",\"@id\":\"https:\\\/\\\/bonsoleil.es\\\/es\\\/recaudacion-kermesse-2022\\\/#primaryimage\",\"url\":\"https:\\\/\\\/bonsoleil.es\\\/web\\\/wp-content\\\/uploads\\\/2022\\\/05\\\/IG_kermesse_GRACIAS_dest-scaled-1.jpg\",\"contentUrl\":\"https:\\\/\\\/bonsoleil.es\\\/web\\\/wp-content\\\/uploads\\\/2022\\\/05\\\/IG_kermesse_GRACIAS_dest-scaled-1.jpg\",\"width\":2560,\"height\":1860},{\"@type\":\"BreadcrumbList\",\"@id\":\"https:\\\/\\\/bonsoleil.es\\\/es\\\/recaudacion-kermesse-2022\\\/#breadcrumb\",\"itemListElement\":[{\"@type\":\"ListItem\",\"position\":1,\"name\":\"Portada\",\"item\":\"https:\\\/\\\/bonsoleil.es\\\/es\\\/\"},{\"@type\":\"ListItem\",\"position\":2,\"name\":\"Recaudaci\u00f3n Kermesse 2022\"}]},{\"@type\":\"WebSite\",\"@id\":\"https:\\\/\\\/bonsoleil.es\\\/es\\\/#website\",\"url\":\"https:\\\/\\\/bonsoleil.es\\\/es\\\/\",\"name\":\"Lyc\u00e9e International Barcelona \u00b7 Bon Soleil\",\"description\":\"Lyc\u00e9e International Barcelona\",\"potentialAction\":[{\"@type\":\"SearchAction\",\"target\":{\"@type\":\"EntryPoint\",\"urlTemplate\":\"https:\\\/\\\/bonsoleil.es\\\/es\\\/?s={search_term_string}\"},\"query-input\":{\"@type\":\"PropertyValueSpecification\",\"valueRequired\":true,\"valueName\":\"search_term_string\"}}],\"inLanguage\":\"es\"},{\"@type\":\"Person\",\"@id\":\"https:\\\/\\\/bonsoleil.es\\\/es\\\/#\\\/schema\\\/person\\\/f90f9175af4fad9c626fd2873bc546ec\",\"name\":\"libbs\",\"image\":{\"@type\":\"ImageObject\",\"inLanguage\":\"es\",\"@id\":\"https:\\\/\\\/bonsoleil.es\\\/web\\\/wp-content\\\/litespeed\\\/avatar\\\/6719caedb5831fa7538835120a8121f8.jpg?ver=1777037754\",\"url\":\"https:\\\/\\\/bonsoleil.es\\\/web\\\/wp-content\\\/litespeed\\\/avatar\\\/6719caedb5831fa7538835120a8121f8.jpg?ver=1777037754\",\"contentUrl\":\"https:\\\/\\\/bonsoleil.es\\\/web\\\/wp-content\\\/litespeed\\\/avatar\\\/6719caedb5831fa7538835120a8121f8.jpg?ver=1777037754\",\"caption\":\"libbs\"},\"sameAs\":[\"http:\\\/\\\/localhost\\\/bonsoleil\\\/new_web\"],\"url\":\"https:\\\/\\\/bonsoleil.es\\\/es\\\/author\\\/libbs\\\/\"}]}<\/script>\n<!-- \/ Yoast SEO plugin. -->","yoast_head_json":{"title":"Recaudaci\u00f3n Kermesse 2022 - Lyc\u00e9e International Barcelona \u00b7 Bon Soleil","robots":{"index":"index","follow":"follow","max-snippet":"max-snippet:-1","max-image-preview":"max-image-preview:large","max-video-preview":"max-video-preview:-1"},"canonical":"https:\/\/bonsoleil.es\/es\/recaudacion-kermesse-2022\/","og_locale":"es_ES","og_type":"article","og_title":"Recaudaci\u00f3n Kermesse 2022 - Lyc\u00e9e International Barcelona \u00b7 Bon Soleil","og_description":"Gracias a todos vosotros se han logrado recaudar 12.092\u20ac. Dicha recaudaci\u00f3n se destinar\u00e1 en su totalidad a los proyectos solidarios de la Fundaci\u00f3n Antonio Cabr\u00e9.","og_url":"https:\/\/bonsoleil.es\/es\/recaudacion-kermesse-2022\/","og_site_name":"Lyc\u00e9e International Barcelona \u00b7 Bon Soleil","article_publisher":"https:\/\/www.facebook.com\/libBonSoleil\/","article_published_time":"2022-05-17T08:44:27+00:00","og_image":[{"width":2560,"height":1860,"url":"https:\/\/bonsoleil.es\/web\/wp-content\/uploads\/2022\/05\/IG_kermesse_GRACIAS_dest-scaled-1.jpg","type":"image\/jpeg"}],"author":"libbs","twitter_card":"summary_large_image","twitter_creator":"@lib_bonsoleil","twitter_site":"@lib_bonsoleil","twitter_misc":{"Escrito por":"libbs","Tiempo de lectura":"2 minutos"},"schema":{"@context":"https:\/\/schema.org","@graph":[{"@type":"Article","@id":"https:\/\/bonsoleil.es\/es\/recaudacion-kermesse-2022\/#article","isPartOf":{"@id":"https:\/\/bonsoleil.es\/es\/recaudacion-kermesse-2022\/"},"author":{"name":"libbs","@id":"https:\/\/bonsoleil.es\/es\/#\/schema\/person\/f90f9175af4fad9c626fd2873bc546ec"},"headline":"Recaudaci\u00f3n Kermesse 2022","datePublished":"2022-05-17T08:44:27+00:00","mainEntityOfPage":{"@id":"https:\/\/bonsoleil.es\/es\/recaudacion-kermesse-2022\/"},"wordCount":154,"image":{"@id":"https:\/\/bonsoleil.es\/es\/recaudacion-kermesse-2022\/#primaryimage"},"thumbnailUrl":"https:\/\/bonsoleil.es\/web\/wp-content\/uploads\/2022\/05\/IG_kermesse_GRACIAS_dest-scaled-1.jpg","articleSection":["G\u00e9n\u00e9rales"],"inLanguage":"es"},{"@type":"WebPage","@id":"https:\/\/bonsoleil.es\/es\/recaudacion-kermesse-2022\/","url":"https:\/\/bonsoleil.es\/es\/recaudacion-kermesse-2022\/","name":"Recaudaci\u00f3n Kermesse 2022 - Lyc\u00e9e International Barcelona \u00b7 Bon Soleil","isPartOf":{"@id":"https:\/\/bonsoleil.es\/es\/#website"},"primaryImageOfPage":{"@id":"https:\/\/bonsoleil.es\/es\/recaudacion-kermesse-2022\/#primaryimage"},"image":{"@id":"https:\/\/bonsoleil.es\/es\/recaudacion-kermesse-2022\/#primaryimage"},"thumbnailUrl":"https:\/\/bonsoleil.es\/web\/wp-content\/uploads\/2022\/05\/IG_kermesse_GRACIAS_dest-scaled-1.jpg","datePublished":"2022-05-17T08:44:27+00:00","author":{"@id":"https:\/\/bonsoleil.es\/es\/#\/schema\/person\/f90f9175af4fad9c626fd2873bc546ec"},"breadcrumb":{"@id":"https:\/\/bonsoleil.es\/es\/recaudacion-kermesse-2022\/#breadcrumb"},"inLanguage":"es","potentialAction":[{"@type":"ReadAction","target":["https:\/\/bonsoleil.es\/es\/recaudacion-kermesse-2022\/"]}]},{"@type":"ImageObject","inLanguage":"es","@id":"https:\/\/bonsoleil.es\/es\/recaudacion-kermesse-2022\/#primaryimage","url":"https:\/\/bonsoleil.es\/web\/wp-content\/uploads\/2022\/05\/IG_kermesse_GRACIAS_dest-scaled-1.jpg","contentUrl":"https:\/\/bonsoleil.es\/web\/wp-content\/uploads\/2022\/05\/IG_kermesse_GRACIAS_dest-scaled-1.jpg","width":2560,"height":1860},{"@type":"BreadcrumbList","@id":"https:\/\/bonsoleil.es\/es\/recaudacion-kermesse-2022\/#breadcrumb","itemListElement":[{"@type":"ListItem","position":1,"name":"Portada","item":"https:\/\/bonsoleil.es\/es\/"},{"@type":"ListItem","position":2,"name":"Recaudaci\u00f3n Kermesse 2022"}]},{"@type":"WebSite","@id":"https:\/\/bonsoleil.es\/es\/#website","url":"https:\/\/bonsoleil.es\/es\/","name":"Lyc\u00e9e International Barcelona \u00b7 Bon Soleil","description":"Lyc\u00e9e International Barcelona","potentialAction":[{"@type":"SearchAction","target":{"@type":"EntryPoint","urlTemplate":"https:\/\/bonsoleil.es\/es\/?s={search_term_string}"},"query-input":{"@type":"PropertyValueSpecification","valueRequired":true,"valueName":"search_term_string"}}],"inLanguage":"es"},{"@type":"Person","@id":"https:\/\/bonsoleil.es\/es\/#\/schema\/person\/f90f9175af4fad9c626fd2873bc546ec","name":"libbs","image":{"@type":"ImageObject","inLanguage":"es","@id":"https:\/\/bonsoleil.es\/web\/wp-content\/litespeed\/avatar\/6719caedb5831fa7538835120a8121f8.jpg?ver=1777037754","url":"https:\/\/bonsoleil.es\/web\/wp-content\/litespeed\/avatar\/6719caedb5831fa7538835120a8121f8.jpg?ver=1777037754","contentUrl":"https:\/\/bonsoleil.es\/web\/wp-content\/litespeed\/avatar\/6719caedb5831fa7538835120a8121f8.jpg?ver=1777037754","caption":"libbs"},"sameAs":["http:\/\/localhost\/bonsoleil\/new_web"],"url":"https:\/\/bonsoleil.es\/es\/author\/libbs\/"}]}},"_links":{"self":[{"href":"https:\/\/bonsoleil.es\/es\/wp-json\/wp\/v2\/posts\/57526","targetHints":{"allow":["GET"]}}],"collection":[{"href":"https:\/\/bonsoleil.es\/es\/wp-json\/wp\/v2\/posts"}],"about":[{"href":"https:\/\/bonsoleil.es\/es\/wp-json\/wp\/v2\/types\/post"}],"author":[{"embeddable":true,"href":"https:\/\/bonsoleil.es\/es\/wp-json\/wp\/v2\/users\/1"}],"replies":[{"embeddable":true,"href":"https:\/\/bonsoleil.es\/es\/wp-json\/wp\/v2\/comments?post=57526"}],"version-history":[{"count":0,"href":"https:\/\/bonsoleil.es\/es\/wp-json\/wp\/v2\/posts\/57526\/revisions"}],"wp:featuredmedia":[{"embeddable":true,"href":"https:\/\/bonsoleil.es\/es\/wp-json\/wp\/v2\/media\/57533"}],"wp:attachment":[{"href":"https:\/\/bonsoleil.es\/es\/wp-json\/wp\/v2\/media?parent=57526"}],"wp:term":[{"taxonomy":"category","embeddable":true,"href":"https:\/\/bonsoleil.es\/es\/wp-json\/wp\/v2\/categories?post=57526"},{"taxonomy":"post_tag","embeddable":true,"href":"https:\/\/bonsoleil.es\/es\/wp-json\/wp\/v2\/tags?post=57526"}],"curies":[{"name":"wp","href":"https:\/\/api.w.org\/{rel}","templated":true}]}}