{"id":58128,"date":"2022-06-03T08:18:37","date_gmt":"2022-06-03T06:18:37","guid":{"rendered":"https:\/\/www.bonsoleil.es\/?p=58128"},"modified":"2022-06-03T08:18:37","modified_gmt":"2022-06-03T06:18:37","slug":"nuria-salvatella-i-mar-rodriguez-guanyadores-dun-1er-premi-a-un-certamen-literari","status":"publish","type":"post","link":"https:\/\/bonsoleil.es\/es\/nuria-salvatella-i-mar-rodriguez-guanyadores-dun-1er-premi-a-un-certamen-literari\/","title":{"rendered":"N\u00faria Salvatella i Mar Rodr\u00edguez, 1er premi a un certamen literari"},"content":{"rendered":"\n<p>La N\u00faria Salvatella i la Mar Rodr\u00edguez, <strong>alumnes de 6\u00e8me<\/strong>, han sigut guanyadores d\u2019un <strong>primer premi<\/strong>, dins la categoria de lleng\u00fces comunit\u00e0ries, al <strong>18\u00e8 certamen literari<\/strong> escolar en lleng\u00fces d\u2019origen que celebra cada any la <strong>Casa d\u2019Amics de la Unesco de Barcelona<\/strong>. Les noies han participat a l\u2019acte d\u2019entrega de premis i han llegit l\u2019escrit guanyador, que parlava dels infants soldats en els diferents conflictes armats arreu del m\u00f3n.<\/p>\n\n\n\n<p>El tema del certamen era <strong>\u201cViol\u00e8ncia zero\u201d<\/strong> i hi han participat 56 centres de tot el territori catal\u00e0, enviant m\u00e9s de 400 treballs en lleng\u00fces comunit\u00e0ries o estrangeres.\u00a0<\/p>\n\n\n\n<p>La Mar i la N\u00faria havien fet un treball en equip, redactant conjuntament en catal\u00e0 i en gallec. Enhorabona a les dues!<\/p>\n\n\n\n<p><\/p>\n\n\n\n<figure class=\"wp-block-gallery has-nested-images columns-2 is-cropped wp-block-gallery-1 is-layout-flex wp-block-gallery-is-layout-flex\">\n<figure class=\"wp-block-image size-full\"><a href=\"https:\/\/bonsoleil.es\/web\/wp-content\/uploads\/2022\/06\/IMG_20220530_095613-Small.jpg\"><img loading=\"lazy\" decoding=\"async\" width=\"640\" height=\"480\" data-id=\"58132\" src=\"https:\/\/bonsoleil.es\/web\/wp-content\/uploads\/2022\/06\/IMG_20220530_095613-Small.jpg\" alt=\"\" class=\"wp-image-58132\" srcset=\"https:\/\/bonsoleil.es\/web\/wp-content\/uploads\/2022\/06\/IMG_20220530_095613-Small.jpg 640w, https:\/\/bonsoleil.es\/web\/wp-content\/uploads\/2022\/06\/IMG_20220530_095613-Small-250x188.jpg 250w, https:\/\/bonsoleil.es\/web\/wp-content\/uploads\/2022\/06\/IMG_20220530_095613-Small-120x90.jpg 120w\" sizes=\"auto, (max-width: 640px) 100vw, 640px\" \/><\/a><\/figure>\n\n\n\n<figure class=\"wp-block-image size-full\"><a href=\"https:\/\/bonsoleil.es\/web\/wp-content\/uploads\/2022\/06\/16773-Small.jpg\"><img loading=\"lazy\" decoding=\"async\" width=\"480\" height=\"640\" data-id=\"58131\" src=\"https:\/\/bonsoleil.es\/web\/wp-content\/uploads\/2022\/06\/16773-Small.jpg\" alt=\"\" class=\"wp-image-58131\" srcset=\"https:\/\/bonsoleil.es\/web\/wp-content\/uploads\/2022\/06\/16773-Small.jpg 480w, https:\/\/bonsoleil.es\/web\/wp-content\/uploads\/2022\/06\/16773-Small-250x333.jpg 250w, https:\/\/bonsoleil.es\/web\/wp-content\/uploads\/2022\/06\/16773-Small-120x160.jpg 120w\" sizes=\"auto, (max-width: 480px) 100vw, 480px\" \/><\/a><\/figure>\n\n\n\n<figure class=\"wp-block-image size-full\"><a href=\"https:\/\/bonsoleil.es\/web\/wp-content\/uploads\/2022\/06\/16776-Small.jpg\"><img loading=\"lazy\" decoding=\"async\" width=\"480\" height=\"640\" data-id=\"58130\" src=\"https:\/\/bonsoleil.es\/web\/wp-content\/uploads\/2022\/06\/16776-Small.jpg\" alt=\"\" class=\"wp-image-58130\" srcset=\"https:\/\/bonsoleil.es\/web\/wp-content\/uploads\/2022\/06\/16776-Small.jpg 480w, https:\/\/bonsoleil.es\/web\/wp-content\/uploads\/2022\/06\/16776-Small-250x333.jpg 250w, https:\/\/bonsoleil.es\/web\/wp-content\/uploads\/2022\/06\/16776-Small-120x160.jpg 120w\" sizes=\"auto, (max-width: 480px) 100vw, 480px\" \/><\/a><\/figure>\n\n\n\n<figure class=\"wp-block-image size-full\"><a href=\"https:\/\/bonsoleil.es\/web\/wp-content\/uploads\/2022\/06\/IMG_20220530_105102-Small.jpg\"><img loading=\"lazy\" decoding=\"async\" width=\"640\" height=\"480\" data-id=\"58129\" src=\"https:\/\/bonsoleil.es\/web\/wp-content\/uploads\/2022\/06\/IMG_20220530_105102-Small.jpg\" alt=\"\" class=\"wp-image-58129\" srcset=\"https:\/\/bonsoleil.es\/web\/wp-content\/uploads\/2022\/06\/IMG_20220530_105102-Small.jpg 640w, https:\/\/bonsoleil.es\/web\/wp-content\/uploads\/2022\/06\/IMG_20220530_105102-Small-250x188.jpg 250w, https:\/\/bonsoleil.es\/web\/wp-content\/uploads\/2022\/06\/IMG_20220530_105102-Small-120x90.jpg 120w\" sizes=\"auto, (max-width: 640px) 100vw, 640px\" \/><\/a><\/figure>\n<\/figure>\n","protected":false},"excerpt":{"rendered":"La N\u00faria Salvatella i la Mar Rodr\u00edguez, alumnes de 6\u00e8me, han guanyat el primer premi, dins la categoria de lleng\u00fces comunit\u00e0ries, al 18\u00e8 certamen literari escolar en lleng\u00fces d\u2019origen que celebra cada any la Casa d\u2019Amics de la Unesco de Barcelona. ","protected":false},"author":1,"featured_media":58132,"comment_status":"closed","ping_status":"closed","sticky":false,"template":"","format":"standard","meta":{"_acf_changed":false,"rs_blank_template":"","rs_page_bg_color":"","slide_template_v7":"","footnotes":"","_links_to":"","_links_to_target":""},"categories":[10],"tags":[],"class_list":["post-58128","post","type-post","status-publish","format-standard","has-post-thumbnail","hentry","category-generales"],"acf":[],"yoast_head":"<!-- This site is optimized with the Yoast SEO plugin v27.4 - https:\/\/yoast.com\/product\/yoast-seo-wordpress\/ -->\n<title>N\u00faria Salvatella i Mar Rodr\u00edguez, 1er premi a un certamen literari - Lyc\u00e9e International Barcelona \u00b7 Bon Soleil<\/title>\n<meta name=\"robots\" content=\"index, follow, max-snippet:-1, max-image-preview:large, max-video-preview:-1\" \/>\n<link rel=\"canonical\" href=\"https:\/\/bonsoleil.es\/es\/nuria-salvatella-i-mar-rodriguez-guanyadores-dun-1er-premi-a-un-certamen-literari\/\" \/>\n<meta property=\"og:locale\" content=\"es_ES\" \/>\n<meta property=\"og:type\" content=\"article\" \/>\n<meta property=\"og:title\" content=\"N\u00faria Salvatella i Mar Rodr\u00edguez, 1er premi a un certamen literari - Lyc\u00e9e International Barcelona \u00b7 Bon Soleil\" \/>\n<meta property=\"og:description\" content=\"La N\u00faria Salvatella i la Mar Rodr\u00edguez, alumnes de 6\u00e8me, han guanyat el primer premi, dins la categoria de lleng\u00fces comunit\u00e0ries, al 18\u00e8 certamen literari escolar en lleng\u00fces d\u2019origen que celebra cada any la Casa d\u2019Amics de la Unesco de Barcelona.\" \/>\n<meta property=\"og:url\" content=\"https:\/\/bonsoleil.es\/es\/nuria-salvatella-i-mar-rodriguez-guanyadores-dun-1er-premi-a-un-certamen-literari\/\" \/>\n<meta property=\"og:site_name\" content=\"Lyc\u00e9e International Barcelona \u00b7 Bon Soleil\" \/>\n<meta property=\"article:publisher\" content=\"https:\/\/www.facebook.com\/libBonSoleil\/\" \/>\n<meta property=\"article:published_time\" content=\"2022-06-03T06:18:37+00:00\" \/>\n<meta property=\"og:image\" content=\"https:\/\/bonsoleil.es\/web\/wp-content\/uploads\/2022\/06\/IMG_20220530_095613-Small.jpg\" \/>\n\t<meta property=\"og:image:width\" content=\"640\" \/>\n\t<meta property=\"og:image:height\" content=\"480\" \/>\n\t<meta property=\"og:image:type\" content=\"image\/jpeg\" \/>\n<meta name=\"author\" content=\"libbs\" \/>\n<meta name=\"twitter:card\" content=\"summary_large_image\" \/>\n<meta name=\"twitter:creator\" content=\"@lib_bonsoleil\" \/>\n<meta name=\"twitter:site\" content=\"@lib_bonsoleil\" \/>\n<meta name=\"twitter:label1\" content=\"Escrito por\" \/>\n\t<meta name=\"twitter:data1\" content=\"libbs\" \/>\n\t<meta name=\"twitter:label2\" content=\"Tiempo de lectura\" \/>\n\t<meta name=\"twitter:data2\" content=\"2 minutos\" \/>\n<script type=\"application\/ld+json\" class=\"yoast-schema-graph\">{\"@context\":\"https:\\\/\\\/schema.org\",\"@graph\":[{\"@type\":\"Article\",\"@id\":\"https:\\\/\\\/bonsoleil.es\\\/es\\\/nuria-salvatella-i-mar-rodriguez-guanyadores-dun-1er-premi-a-un-certamen-literari\\\/#article\",\"isPartOf\":{\"@id\":\"https:\\\/\\\/bonsoleil.es\\\/es\\\/nuria-salvatella-i-mar-rodriguez-guanyadores-dun-1er-premi-a-un-certamen-literari\\\/\"},\"author\":{\"name\":\"libbs\",\"@id\":\"https:\\\/\\\/bonsoleil.es\\\/es\\\/#\\\/schema\\\/person\\\/f90f9175af4fad9c626fd2873bc546ec\"},\"headline\":\"N\u00faria Salvatella i Mar Rodr\u00edguez, 1er premi a un certamen literari\",\"datePublished\":\"2022-06-03T06:18:37+00:00\",\"mainEntityOfPage\":{\"@id\":\"https:\\\/\\\/bonsoleil.es\\\/es\\\/nuria-salvatella-i-mar-rodriguez-guanyadores-dun-1er-premi-a-un-certamen-literari\\\/\"},\"wordCount\":146,\"image\":{\"@id\":\"https:\\\/\\\/bonsoleil.es\\\/es\\\/nuria-salvatella-i-mar-rodriguez-guanyadores-dun-1er-premi-a-un-certamen-literari\\\/#primaryimage\"},\"thumbnailUrl\":\"https:\\\/\\\/bonsoleil.es\\\/web\\\/wp-content\\\/uploads\\\/2022\\\/06\\\/IMG_20220530_095613-Small.jpg\",\"articleSection\":[\"G\u00e9n\u00e9rales\"],\"inLanguage\":\"es\"},{\"@type\":\"WebPage\",\"@id\":\"https:\\\/\\\/bonsoleil.es\\\/es\\\/nuria-salvatella-i-mar-rodriguez-guanyadores-dun-1er-premi-a-un-certamen-literari\\\/\",\"url\":\"https:\\\/\\\/bonsoleil.es\\\/es\\\/nuria-salvatella-i-mar-rodriguez-guanyadores-dun-1er-premi-a-un-certamen-literari\\\/\",\"name\":\"N\u00faria Salvatella i Mar Rodr\u00edguez, 1er premi a un certamen literari - Lyc\u00e9e International Barcelona \u00b7 Bon Soleil\",\"isPartOf\":{\"@id\":\"https:\\\/\\\/bonsoleil.es\\\/es\\\/#website\"},\"primaryImageOfPage\":{\"@id\":\"https:\\\/\\\/bonsoleil.es\\\/es\\\/nuria-salvatella-i-mar-rodriguez-guanyadores-dun-1er-premi-a-un-certamen-literari\\\/#primaryimage\"},\"image\":{\"@id\":\"https:\\\/\\\/bonsoleil.es\\\/es\\\/nuria-salvatella-i-mar-rodriguez-guanyadores-dun-1er-premi-a-un-certamen-literari\\\/#primaryimage\"},\"thumbnailUrl\":\"https:\\\/\\\/bonsoleil.es\\\/web\\\/wp-content\\\/uploads\\\/2022\\\/06\\\/IMG_20220530_095613-Small.jpg\",\"datePublished\":\"2022-06-03T06:18:37+00:00\",\"author\":{\"@id\":\"https:\\\/\\\/bonsoleil.es\\\/es\\\/#\\\/schema\\\/person\\\/f90f9175af4fad9c626fd2873bc546ec\"},\"breadcrumb\":{\"@id\":\"https:\\\/\\\/bonsoleil.es\\\/es\\\/nuria-salvatella-i-mar-rodriguez-guanyadores-dun-1er-premi-a-un-certamen-literari\\\/#breadcrumb\"},\"inLanguage\":\"es\",\"potentialAction\":[{\"@type\":\"ReadAction\",\"target\":[\"https:\\\/\\\/bonsoleil.es\\\/es\\\/nuria-salvatella-i-mar-rodriguez-guanyadores-dun-1er-premi-a-un-certamen-literari\\\/\"]}]},{\"@type\":\"ImageObject\",\"inLanguage\":\"es\",\"@id\":\"https:\\\/\\\/bonsoleil.es\\\/es\\\/nuria-salvatella-i-mar-rodriguez-guanyadores-dun-1er-premi-a-un-certamen-literari\\\/#primaryimage\",\"url\":\"https:\\\/\\\/bonsoleil.es\\\/web\\\/wp-content\\\/uploads\\\/2022\\\/06\\\/IMG_20220530_095613-Small.jpg\",\"contentUrl\":\"https:\\\/\\\/bonsoleil.es\\\/web\\\/wp-content\\\/uploads\\\/2022\\\/06\\\/IMG_20220530_095613-Small.jpg\",\"width\":640,\"height\":480},{\"@type\":\"BreadcrumbList\",\"@id\":\"https:\\\/\\\/bonsoleil.es\\\/es\\\/nuria-salvatella-i-mar-rodriguez-guanyadores-dun-1er-premi-a-un-certamen-literari\\\/#breadcrumb\",\"itemListElement\":[{\"@type\":\"ListItem\",\"position\":1,\"name\":\"Portada\",\"item\":\"https:\\\/\\\/bonsoleil.es\\\/es\\\/\"},{\"@type\":\"ListItem\",\"position\":2,\"name\":\"N\u00faria Salvatella i Mar Rodr\u00edguez, 1er premi a un certamen literari\"}]},{\"@type\":\"WebSite\",\"@id\":\"https:\\\/\\\/bonsoleil.es\\\/es\\\/#website\",\"url\":\"https:\\\/\\\/bonsoleil.es\\\/es\\\/\",\"name\":\"Lyc\u00e9e International Barcelona \u00b7 Bon Soleil\",\"description\":\"Lyc\u00e9e International Barcelona\",\"potentialAction\":[{\"@type\":\"SearchAction\",\"target\":{\"@type\":\"EntryPoint\",\"urlTemplate\":\"https:\\\/\\\/bonsoleil.es\\\/es\\\/?s={search_term_string}\"},\"query-input\":{\"@type\":\"PropertyValueSpecification\",\"valueRequired\":true,\"valueName\":\"search_term_string\"}}],\"inLanguage\":\"es\"},{\"@type\":\"Person\",\"@id\":\"https:\\\/\\\/bonsoleil.es\\\/es\\\/#\\\/schema\\\/person\\\/f90f9175af4fad9c626fd2873bc546ec\",\"name\":\"libbs\",\"image\":{\"@type\":\"ImageObject\",\"inLanguage\":\"es\",\"@id\":\"https:\\\/\\\/bonsoleil.es\\\/web\\\/wp-content\\\/litespeed\\\/avatar\\\/6719caedb5831fa7538835120a8121f8.jpg?ver=1777037754\",\"url\":\"https:\\\/\\\/bonsoleil.es\\\/web\\\/wp-content\\\/litespeed\\\/avatar\\\/6719caedb5831fa7538835120a8121f8.jpg?ver=1777037754\",\"contentUrl\":\"https:\\\/\\\/bonsoleil.es\\\/web\\\/wp-content\\\/litespeed\\\/avatar\\\/6719caedb5831fa7538835120a8121f8.jpg?ver=1777037754\",\"caption\":\"libbs\"},\"sameAs\":[\"http:\\\/\\\/localhost\\\/bonsoleil\\\/new_web\"],\"url\":\"https:\\\/\\\/bonsoleil.es\\\/es\\\/author\\\/libbs\\\/\"}]}<\/script>\n<!-- \/ Yoast SEO plugin. -->","yoast_head_json":{"title":"N\u00faria Salvatella i Mar Rodr\u00edguez, 1er premi a un certamen literari - Lyc\u00e9e International Barcelona \u00b7 Bon Soleil","robots":{"index":"index","follow":"follow","max-snippet":"max-snippet:-1","max-image-preview":"max-image-preview:large","max-video-preview":"max-video-preview:-1"},"canonical":"https:\/\/bonsoleil.es\/es\/nuria-salvatella-i-mar-rodriguez-guanyadores-dun-1er-premi-a-un-certamen-literari\/","og_locale":"es_ES","og_type":"article","og_title":"N\u00faria Salvatella i Mar Rodr\u00edguez, 1er premi a un certamen literari - Lyc\u00e9e International Barcelona \u00b7 Bon Soleil","og_description":"La N\u00faria Salvatella i la Mar Rodr\u00edguez, alumnes de 6\u00e8me, han guanyat el primer premi, dins la categoria de lleng\u00fces comunit\u00e0ries, al 18\u00e8 certamen literari escolar en lleng\u00fces d\u2019origen que celebra cada any la Casa d\u2019Amics de la Unesco de Barcelona.","og_url":"https:\/\/bonsoleil.es\/es\/nuria-salvatella-i-mar-rodriguez-guanyadores-dun-1er-premi-a-un-certamen-literari\/","og_site_name":"Lyc\u00e9e International Barcelona \u00b7 Bon Soleil","article_publisher":"https:\/\/www.facebook.com\/libBonSoleil\/","article_published_time":"2022-06-03T06:18:37+00:00","og_image":[{"width":640,"height":480,"url":"https:\/\/bonsoleil.es\/web\/wp-content\/uploads\/2022\/06\/IMG_20220530_095613-Small.jpg","type":"image\/jpeg"}],"author":"libbs","twitter_card":"summary_large_image","twitter_creator":"@lib_bonsoleil","twitter_site":"@lib_bonsoleil","twitter_misc":{"Escrito por":"libbs","Tiempo de lectura":"2 minutos"},"schema":{"@context":"https:\/\/schema.org","@graph":[{"@type":"Article","@id":"https:\/\/bonsoleil.es\/es\/nuria-salvatella-i-mar-rodriguez-guanyadores-dun-1er-premi-a-un-certamen-literari\/#article","isPartOf":{"@id":"https:\/\/bonsoleil.es\/es\/nuria-salvatella-i-mar-rodriguez-guanyadores-dun-1er-premi-a-un-certamen-literari\/"},"author":{"name":"libbs","@id":"https:\/\/bonsoleil.es\/es\/#\/schema\/person\/f90f9175af4fad9c626fd2873bc546ec"},"headline":"N\u00faria Salvatella i Mar Rodr\u00edguez, 1er premi a un certamen literari","datePublished":"2022-06-03T06:18:37+00:00","mainEntityOfPage":{"@id":"https:\/\/bonsoleil.es\/es\/nuria-salvatella-i-mar-rodriguez-guanyadores-dun-1er-premi-a-un-certamen-literari\/"},"wordCount":146,"image":{"@id":"https:\/\/bonsoleil.es\/es\/nuria-salvatella-i-mar-rodriguez-guanyadores-dun-1er-premi-a-un-certamen-literari\/#primaryimage"},"thumbnailUrl":"https:\/\/bonsoleil.es\/web\/wp-content\/uploads\/2022\/06\/IMG_20220530_095613-Small.jpg","articleSection":["G\u00e9n\u00e9rales"],"inLanguage":"es"},{"@type":"WebPage","@id":"https:\/\/bonsoleil.es\/es\/nuria-salvatella-i-mar-rodriguez-guanyadores-dun-1er-premi-a-un-certamen-literari\/","url":"https:\/\/bonsoleil.es\/es\/nuria-salvatella-i-mar-rodriguez-guanyadores-dun-1er-premi-a-un-certamen-literari\/","name":"N\u00faria Salvatella i Mar Rodr\u00edguez, 1er premi a un certamen literari - Lyc\u00e9e International Barcelona \u00b7 Bon Soleil","isPartOf":{"@id":"https:\/\/bonsoleil.es\/es\/#website"},"primaryImageOfPage":{"@id":"https:\/\/bonsoleil.es\/es\/nuria-salvatella-i-mar-rodriguez-guanyadores-dun-1er-premi-a-un-certamen-literari\/#primaryimage"},"image":{"@id":"https:\/\/bonsoleil.es\/es\/nuria-salvatella-i-mar-rodriguez-guanyadores-dun-1er-premi-a-un-certamen-literari\/#primaryimage"},"thumbnailUrl":"https:\/\/bonsoleil.es\/web\/wp-content\/uploads\/2022\/06\/IMG_20220530_095613-Small.jpg","datePublished":"2022-06-03T06:18:37+00:00","author":{"@id":"https:\/\/bonsoleil.es\/es\/#\/schema\/person\/f90f9175af4fad9c626fd2873bc546ec"},"breadcrumb":{"@id":"https:\/\/bonsoleil.es\/es\/nuria-salvatella-i-mar-rodriguez-guanyadores-dun-1er-premi-a-un-certamen-literari\/#breadcrumb"},"inLanguage":"es","potentialAction":[{"@type":"ReadAction","target":["https:\/\/bonsoleil.es\/es\/nuria-salvatella-i-mar-rodriguez-guanyadores-dun-1er-premi-a-un-certamen-literari\/"]}]},{"@type":"ImageObject","inLanguage":"es","@id":"https:\/\/bonsoleil.es\/es\/nuria-salvatella-i-mar-rodriguez-guanyadores-dun-1er-premi-a-un-certamen-literari\/#primaryimage","url":"https:\/\/bonsoleil.es\/web\/wp-content\/uploads\/2022\/06\/IMG_20220530_095613-Small.jpg","contentUrl":"https:\/\/bonsoleil.es\/web\/wp-content\/uploads\/2022\/06\/IMG_20220530_095613-Small.jpg","width":640,"height":480},{"@type":"BreadcrumbList","@id":"https:\/\/bonsoleil.es\/es\/nuria-salvatella-i-mar-rodriguez-guanyadores-dun-1er-premi-a-un-certamen-literari\/#breadcrumb","itemListElement":[{"@type":"ListItem","position":1,"name":"Portada","item":"https:\/\/bonsoleil.es\/es\/"},{"@type":"ListItem","position":2,"name":"N\u00faria Salvatella i Mar Rodr\u00edguez, 1er premi a un certamen literari"}]},{"@type":"WebSite","@id":"https:\/\/bonsoleil.es\/es\/#website","url":"https:\/\/bonsoleil.es\/es\/","name":"Lyc\u00e9e International Barcelona \u00b7 Bon Soleil","description":"Lyc\u00e9e International Barcelona","potentialAction":[{"@type":"SearchAction","target":{"@type":"EntryPoint","urlTemplate":"https:\/\/bonsoleil.es\/es\/?s={search_term_string}"},"query-input":{"@type":"PropertyValueSpecification","valueRequired":true,"valueName":"search_term_string"}}],"inLanguage":"es"},{"@type":"Person","@id":"https:\/\/bonsoleil.es\/es\/#\/schema\/person\/f90f9175af4fad9c626fd2873bc546ec","name":"libbs","image":{"@type":"ImageObject","inLanguage":"es","@id":"https:\/\/bonsoleil.es\/web\/wp-content\/litespeed\/avatar\/6719caedb5831fa7538835120a8121f8.jpg?ver=1777037754","url":"https:\/\/bonsoleil.es\/web\/wp-content\/litespeed\/avatar\/6719caedb5831fa7538835120a8121f8.jpg?ver=1777037754","contentUrl":"https:\/\/bonsoleil.es\/web\/wp-content\/litespeed\/avatar\/6719caedb5831fa7538835120a8121f8.jpg?ver=1777037754","caption":"libbs"},"sameAs":["http:\/\/localhost\/bonsoleil\/new_web"],"url":"https:\/\/bonsoleil.es\/es\/author\/libbs\/"}]}},"_links":{"self":[{"href":"https:\/\/bonsoleil.es\/es\/wp-json\/wp\/v2\/posts\/58128","targetHints":{"allow":["GET"]}}],"collection":[{"href":"https:\/\/bonsoleil.es\/es\/wp-json\/wp\/v2\/posts"}],"about":[{"href":"https:\/\/bonsoleil.es\/es\/wp-json\/wp\/v2\/types\/post"}],"author":[{"embeddable":true,"href":"https:\/\/bonsoleil.es\/es\/wp-json\/wp\/v2\/users\/1"}],"replies":[{"embeddable":true,"href":"https:\/\/bonsoleil.es\/es\/wp-json\/wp\/v2\/comments?post=58128"}],"version-history":[{"count":0,"href":"https:\/\/bonsoleil.es\/es\/wp-json\/wp\/v2\/posts\/58128\/revisions"}],"wp:featuredmedia":[{"embeddable":true,"href":"https:\/\/bonsoleil.es\/es\/wp-json\/wp\/v2\/media\/58132"}],"wp:attachment":[{"href":"https:\/\/bonsoleil.es\/es\/wp-json\/wp\/v2\/media?parent=58128"}],"wp:term":[{"taxonomy":"category","embeddable":true,"href":"https:\/\/bonsoleil.es\/es\/wp-json\/wp\/v2\/categories?post=58128"},{"taxonomy":"post_tag","embeddable":true,"href":"https:\/\/bonsoleil.es\/es\/wp-json\/wp\/v2\/tags?post=58128"}],"curies":[{"name":"wp","href":"https:\/\/api.w.org\/{rel}","templated":true}]}}