{"id":58175,"date":"2022-06-07T16:56:44","date_gmt":"2022-06-07T14:56:44","guid":{"rendered":"https:\/\/www.bonsoleil.es\/?p=58175"},"modified":"2022-06-07T16:56:44","modified_gmt":"2022-06-07T14:56:44","slug":"les-papilles-en-eveil-pour-les-eleves-de-moyenne-section","status":"publish","type":"post","link":"https:\/\/bonsoleil.es\/es\/les-papilles-en-eveil-pour-les-eleves-de-moyenne-section\/","title":{"rendered":"Les papilles en \u00e9veil pour les \u00e9l\u00e8ves de moyenne section!"},"content":{"rendered":"\n<p>Jeudi 2 juin, les quatre classes de moyenne section ont particip\u00e9 \u00e0 une activit\u00e9 surprise \u00e0 la cantine!&nbsp;<\/p>\n\n\n\n<p>Leurs ma\u00eetresses ont anim\u00e9 plusieurs ateliers visant \u00e0 distinguer et nommer des aliments mous, durs ou encore croustillants comme les c\u00e9r\u00e9ales, la p\u00e2te de coings ou le nougat. Le second atelier les a d\u00e9contenanc\u00e9s car ils ont d\u00fb diff\u00e9rencier des aliments visuellement tr\u00e8s similaires tels que la farine, le sucre en poudre, le sucre glace ou la noix de coco. Les grimaces \u00e9taient au rendez-vous pour certains d\u2019entre eux! Enfin, munis de pailles, ils ont go\u00fbt\u00e9 diff\u00e9rents jus de fruits et ont tent\u00e9 de les associer aux fruits qui leur \u00e9taient montr\u00e9s. Un exercice qui nous a prouv\u00e9 que les jus sans sucres ajout\u00e9s ne sont pas forc\u00e9ment faciles \u00e0 reconna\u00eetre!<\/p>\n\n\n\n<p>Une activit\u00e9 ludique qui s\u2019inscrit dans le projet \u201cJe mange donc je suis\u201d men\u00e9 dans toute l\u2019\u00e9cole.\u00a0<\/p>\n\n\n\n<p><\/p>\n\n\n\n<figure class=\"wp-block-gallery has-nested-images columns-default is-cropped wp-block-gallery-1 is-layout-flex wp-block-gallery-is-layout-flex\">\n<figure class=\"wp-block-image size-full\"><a href=\"https:\/\/bonsoleil.es\/web\/wp-content\/uploads\/2022\/06\/7-Medium.jpg\"><img loading=\"lazy\" decoding=\"async\" width=\"768\" height=\"768\" data-id=\"58182\" src=\"https:\/\/bonsoleil.es\/web\/wp-content\/uploads\/2022\/06\/7-Medium.jpg\" alt=\"\" class=\"wp-image-58182\" srcset=\"https:\/\/bonsoleil.es\/web\/wp-content\/uploads\/2022\/06\/7-Medium.jpg 768w, https:\/\/bonsoleil.es\/web\/wp-content\/uploads\/2022\/06\/7-Medium-250x250.jpg 250w, https:\/\/bonsoleil.es\/web\/wp-content\/uploads\/2022\/06\/7-Medium-700x700.jpg 700w, https:\/\/bonsoleil.es\/web\/wp-content\/uploads\/2022\/06\/7-Medium-150x150.jpg 150w, https:\/\/bonsoleil.es\/web\/wp-content\/uploads\/2022\/06\/7-Medium-120x120.jpg 120w\" sizes=\"auto, (max-width: 768px) 100vw, 768px\" \/><\/a><\/figure>\n\n\n\n<figure class=\"wp-block-image size-full\"><a href=\"https:\/\/bonsoleil.es\/web\/wp-content\/uploads\/2022\/06\/6-Medium.jpg\"><img loading=\"lazy\" decoding=\"async\" width=\"768\" height=\"768\" data-id=\"58183\" src=\"https:\/\/bonsoleil.es\/web\/wp-content\/uploads\/2022\/06\/6-Medium.jpg\" alt=\"\" class=\"wp-image-58183\" srcset=\"https:\/\/bonsoleil.es\/web\/wp-content\/uploads\/2022\/06\/6-Medium.jpg 768w, https:\/\/bonsoleil.es\/web\/wp-content\/uploads\/2022\/06\/6-Medium-250x250.jpg 250w, https:\/\/bonsoleil.es\/web\/wp-content\/uploads\/2022\/06\/6-Medium-700x700.jpg 700w, https:\/\/bonsoleil.es\/web\/wp-content\/uploads\/2022\/06\/6-Medium-150x150.jpg 150w, https:\/\/bonsoleil.es\/web\/wp-content\/uploads\/2022\/06\/6-Medium-120x120.jpg 120w\" sizes=\"auto, (max-width: 768px) 100vw, 768px\" \/><\/a><\/figure>\n\n\n\n<figure class=\"wp-block-image size-full\"><a href=\"https:\/\/bonsoleil.es\/web\/wp-content\/uploads\/2022\/06\/1-Medium.jpg\"><img loading=\"lazy\" decoding=\"async\" width=\"768\" height=\"768\" data-id=\"58180\" src=\"https:\/\/bonsoleil.es\/web\/wp-content\/uploads\/2022\/06\/1-Medium.jpg\" alt=\"\" class=\"wp-image-58180\" srcset=\"https:\/\/bonsoleil.es\/web\/wp-content\/uploads\/2022\/06\/1-Medium.jpg 768w, https:\/\/bonsoleil.es\/web\/wp-content\/uploads\/2022\/06\/1-Medium-250x250.jpg 250w, https:\/\/bonsoleil.es\/web\/wp-content\/uploads\/2022\/06\/1-Medium-700x700.jpg 700w, https:\/\/bonsoleil.es\/web\/wp-content\/uploads\/2022\/06\/1-Medium-150x150.jpg 150w, https:\/\/bonsoleil.es\/web\/wp-content\/uploads\/2022\/06\/1-Medium-120x120.jpg 120w\" sizes=\"auto, (max-width: 768px) 100vw, 768px\" \/><\/a><\/figure>\n\n\n\n<figure class=\"wp-block-image size-full\"><a href=\"https:\/\/bonsoleil.es\/web\/wp-content\/uploads\/2022\/06\/8-Medium.jpg\"><img loading=\"lazy\" decoding=\"async\" width=\"768\" height=\"768\" data-id=\"58181\" src=\"https:\/\/bonsoleil.es\/web\/wp-content\/uploads\/2022\/06\/8-Medium.jpg\" alt=\"\" class=\"wp-image-58181\" srcset=\"https:\/\/bonsoleil.es\/web\/wp-content\/uploads\/2022\/06\/8-Medium.jpg 768w, https:\/\/bonsoleil.es\/web\/wp-content\/uploads\/2022\/06\/8-Medium-250x250.jpg 250w, https:\/\/bonsoleil.es\/web\/wp-content\/uploads\/2022\/06\/8-Medium-700x700.jpg 700w, https:\/\/bonsoleil.es\/web\/wp-content\/uploads\/2022\/06\/8-Medium-150x150.jpg 150w, https:\/\/bonsoleil.es\/web\/wp-content\/uploads\/2022\/06\/8-Medium-120x120.jpg 120w\" sizes=\"auto, (max-width: 768px) 100vw, 768px\" \/><\/a><\/figure>\n\n\n\n<figure class=\"wp-block-image size-full\"><a href=\"https:\/\/bonsoleil.es\/web\/wp-content\/uploads\/2022\/06\/2-Medium.jpg\"><img loading=\"lazy\" decoding=\"async\" width=\"768\" height=\"768\" data-id=\"58176\" src=\"https:\/\/bonsoleil.es\/web\/wp-content\/uploads\/2022\/06\/2-Medium.jpg\" alt=\"\" class=\"wp-image-58176\" srcset=\"https:\/\/bonsoleil.es\/web\/wp-content\/uploads\/2022\/06\/2-Medium.jpg 768w, https:\/\/bonsoleil.es\/web\/wp-content\/uploads\/2022\/06\/2-Medium-250x250.jpg 250w, https:\/\/bonsoleil.es\/web\/wp-content\/uploads\/2022\/06\/2-Medium-700x700.jpg 700w, https:\/\/bonsoleil.es\/web\/wp-content\/uploads\/2022\/06\/2-Medium-150x150.jpg 150w, https:\/\/bonsoleil.es\/web\/wp-content\/uploads\/2022\/06\/2-Medium-120x120.jpg 120w\" sizes=\"auto, (max-width: 768px) 100vw, 768px\" \/><\/a><\/figure>\n\n\n\n<figure class=\"wp-block-image size-full\"><a href=\"https:\/\/bonsoleil.es\/web\/wp-content\/uploads\/2022\/06\/3-Medium.jpg\"><img loading=\"lazy\" decoding=\"async\" width=\"768\" height=\"768\" data-id=\"58177\" src=\"https:\/\/bonsoleil.es\/web\/wp-content\/uploads\/2022\/06\/3-Medium.jpg\" alt=\"\" class=\"wp-image-58177\" srcset=\"https:\/\/bonsoleil.es\/web\/wp-content\/uploads\/2022\/06\/3-Medium.jpg 768w, https:\/\/bonsoleil.es\/web\/wp-content\/uploads\/2022\/06\/3-Medium-250x250.jpg 250w, https:\/\/bonsoleil.es\/web\/wp-content\/uploads\/2022\/06\/3-Medium-700x700.jpg 700w, https:\/\/bonsoleil.es\/web\/wp-content\/uploads\/2022\/06\/3-Medium-150x150.jpg 150w, https:\/\/bonsoleil.es\/web\/wp-content\/uploads\/2022\/06\/3-Medium-120x120.jpg 120w\" sizes=\"auto, (max-width: 768px) 100vw, 768px\" \/><\/a><\/figure>\n\n\n\n<figure class=\"wp-block-image size-full\"><a href=\"https:\/\/bonsoleil.es\/web\/wp-content\/uploads\/2022\/06\/4-Medium.jpg\"><img loading=\"lazy\" decoding=\"async\" width=\"768\" height=\"768\" data-id=\"58178\" src=\"https:\/\/bonsoleil.es\/web\/wp-content\/uploads\/2022\/06\/4-Medium.jpg\" alt=\"\" class=\"wp-image-58178\" srcset=\"https:\/\/bonsoleil.es\/web\/wp-content\/uploads\/2022\/06\/4-Medium.jpg 768w, https:\/\/bonsoleil.es\/web\/wp-content\/uploads\/2022\/06\/4-Medium-250x250.jpg 250w, https:\/\/bonsoleil.es\/web\/wp-content\/uploads\/2022\/06\/4-Medium-700x700.jpg 700w, https:\/\/bonsoleil.es\/web\/wp-content\/uploads\/2022\/06\/4-Medium-150x150.jpg 150w, https:\/\/bonsoleil.es\/web\/wp-content\/uploads\/2022\/06\/4-Medium-120x120.jpg 120w\" sizes=\"auto, (max-width: 768px) 100vw, 768px\" \/><\/a><\/figure>\n\n\n\n<figure class=\"wp-block-image size-full\"><a href=\"https:\/\/bonsoleil.es\/web\/wp-content\/uploads\/2022\/06\/5-Medium.jpg\"><img loading=\"lazy\" decoding=\"async\" width=\"768\" height=\"768\" data-id=\"58179\" src=\"https:\/\/bonsoleil.es\/web\/wp-content\/uploads\/2022\/06\/5-Medium.jpg\" alt=\"\" class=\"wp-image-58179\" srcset=\"https:\/\/bonsoleil.es\/web\/wp-content\/uploads\/2022\/06\/5-Medium.jpg 768w, https:\/\/bonsoleil.es\/web\/wp-content\/uploads\/2022\/06\/5-Medium-250x250.jpg 250w, https:\/\/bonsoleil.es\/web\/wp-content\/uploads\/2022\/06\/5-Medium-700x700.jpg 700w, https:\/\/bonsoleil.es\/web\/wp-content\/uploads\/2022\/06\/5-Medium-150x150.jpg 150w, https:\/\/bonsoleil.es\/web\/wp-content\/uploads\/2022\/06\/5-Medium-120x120.jpg 120w\" sizes=\"auto, (max-width: 768px) 100vw, 768px\" \/><\/a><\/figure>\n\n\n\n<figure class=\"wp-block-image size-full\"><a href=\"https:\/\/bonsoleil.es\/web\/wp-content\/uploads\/2022\/06\/9-Medium.jpg\"><img loading=\"lazy\" decoding=\"async\" width=\"768\" height=\"768\" data-id=\"58184\" src=\"https:\/\/bonsoleil.es\/web\/wp-content\/uploads\/2022\/06\/9-Medium.jpg\" alt=\"\" class=\"wp-image-58184\" srcset=\"https:\/\/bonsoleil.es\/web\/wp-content\/uploads\/2022\/06\/9-Medium.jpg 768w, https:\/\/bonsoleil.es\/web\/wp-content\/uploads\/2022\/06\/9-Medium-250x250.jpg 250w, https:\/\/bonsoleil.es\/web\/wp-content\/uploads\/2022\/06\/9-Medium-700x700.jpg 700w, https:\/\/bonsoleil.es\/web\/wp-content\/uploads\/2022\/06\/9-Medium-150x150.jpg 150w, https:\/\/bonsoleil.es\/web\/wp-content\/uploads\/2022\/06\/9-Medium-120x120.jpg 120w\" sizes=\"auto, (max-width: 768px) 100vw, 768px\" \/><\/a><\/figure>\n<\/figure>\n","protected":false},"excerpt":{"rendered":"Jeudi 2 juin, les quatre classes de moyenne section ont particip\u00e9 \u00e0 une activit\u00e9 surprise \u00e0 la cantine!\u00a0","protected":false},"author":1,"featured_media":58182,"comment_status":"closed","ping_status":"closed","sticky":false,"template":"","format":"standard","meta":{"_acf_changed":false,"rs_blank_template":"","rs_page_bg_color":"","slide_template_v7":"","footnotes":"","_links_to":"","_links_to_target":""},"categories":[20,14],"tags":[],"class_list":["post-58175","post","type-post","status-publish","format-standard","has-post-thumbnail","hentry","category-ms","category-primaire"],"acf":[],"yoast_head":"<!-- This site is optimized with the Yoast SEO plugin v27.4 - https:\/\/yoast.com\/product\/yoast-seo-wordpress\/ -->\n<title>Les papilles en \u00e9veil pour les \u00e9l\u00e8ves de moyenne section! - Lyc\u00e9e International Barcelona \u00b7 Bon Soleil<\/title>\n<meta name=\"robots\" content=\"index, follow, max-snippet:-1, max-image-preview:large, max-video-preview:-1\" \/>\n<link rel=\"canonical\" href=\"https:\/\/bonsoleil.es\/es\/les-papilles-en-eveil-pour-les-eleves-de-moyenne-section\/\" \/>\n<meta property=\"og:locale\" content=\"es_ES\" \/>\n<meta property=\"og:type\" content=\"article\" \/>\n<meta property=\"og:title\" content=\"Les papilles en \u00e9veil pour les \u00e9l\u00e8ves de moyenne section! - Lyc\u00e9e International Barcelona \u00b7 Bon Soleil\" \/>\n<meta property=\"og:description\" content=\"Jeudi 2 juin, les quatre classes de moyenne section ont particip\u00e9 \u00e0 une activit\u00e9 surprise \u00e0 la cantine!\u00a0\" \/>\n<meta property=\"og:url\" content=\"https:\/\/bonsoleil.es\/es\/les-papilles-en-eveil-pour-les-eleves-de-moyenne-section\/\" \/>\n<meta property=\"og:site_name\" content=\"Lyc\u00e9e International Barcelona \u00b7 Bon Soleil\" \/>\n<meta property=\"article:publisher\" content=\"https:\/\/www.facebook.com\/libBonSoleil\/\" \/>\n<meta property=\"article:published_time\" content=\"2022-06-07T14:56:44+00:00\" \/>\n<meta property=\"og:image\" content=\"https:\/\/bonsoleil.es\/web\/wp-content\/uploads\/2022\/06\/7-Medium.jpg\" \/>\n\t<meta property=\"og:image:width\" content=\"768\" \/>\n\t<meta property=\"og:image:height\" content=\"768\" \/>\n\t<meta property=\"og:image:type\" content=\"image\/jpeg\" \/>\n<meta name=\"author\" content=\"libbs\" \/>\n<meta name=\"twitter:card\" content=\"summary_large_image\" \/>\n<meta name=\"twitter:creator\" content=\"@lib_bonsoleil\" \/>\n<meta name=\"twitter:site\" content=\"@lib_bonsoleil\" \/>\n<meta name=\"twitter:label1\" content=\"Escrito por\" \/>\n\t<meta name=\"twitter:data1\" content=\"libbs\" \/>\n\t<meta name=\"twitter:label2\" content=\"Tiempo de lectura\" \/>\n\t<meta name=\"twitter:data2\" content=\"3 minutos\" \/>\n<script type=\"application\/ld+json\" class=\"yoast-schema-graph\">{\"@context\":\"https:\\\/\\\/schema.org\",\"@graph\":[{\"@type\":\"Article\",\"@id\":\"https:\\\/\\\/bonsoleil.es\\\/es\\\/les-papilles-en-eveil-pour-les-eleves-de-moyenne-section\\\/#article\",\"isPartOf\":{\"@id\":\"https:\\\/\\\/bonsoleil.es\\\/es\\\/les-papilles-en-eveil-pour-les-eleves-de-moyenne-section\\\/\"},\"author\":{\"name\":\"libbs\",\"@id\":\"https:\\\/\\\/bonsoleil.es\\\/es\\\/#\\\/schema\\\/person\\\/f90f9175af4fad9c626fd2873bc546ec\"},\"headline\":\"Les papilles en \u00e9veil pour les \u00e9l\u00e8ves de moyenne section!\",\"datePublished\":\"2022-06-07T14:56:44+00:00\",\"mainEntityOfPage\":{\"@id\":\"https:\\\/\\\/bonsoleil.es\\\/es\\\/les-papilles-en-eveil-pour-les-eleves-de-moyenne-section\\\/\"},\"wordCount\":170,\"image\":{\"@id\":\"https:\\\/\\\/bonsoleil.es\\\/es\\\/les-papilles-en-eveil-pour-les-eleves-de-moyenne-section\\\/#primaryimage\"},\"thumbnailUrl\":\"https:\\\/\\\/bonsoleil.es\\\/web\\\/wp-content\\\/uploads\\\/2022\\\/06\\\/7-Medium.jpg\",\"articleSection\":[\"MS\",\"Primaire\"],\"inLanguage\":\"es\"},{\"@type\":\"WebPage\",\"@id\":\"https:\\\/\\\/bonsoleil.es\\\/es\\\/les-papilles-en-eveil-pour-les-eleves-de-moyenne-section\\\/\",\"url\":\"https:\\\/\\\/bonsoleil.es\\\/es\\\/les-papilles-en-eveil-pour-les-eleves-de-moyenne-section\\\/\",\"name\":\"Les papilles en \u00e9veil pour les \u00e9l\u00e8ves de moyenne section! - Lyc\u00e9e International Barcelona \u00b7 Bon Soleil\",\"isPartOf\":{\"@id\":\"https:\\\/\\\/bonsoleil.es\\\/es\\\/#website\"},\"primaryImageOfPage\":{\"@id\":\"https:\\\/\\\/bonsoleil.es\\\/es\\\/les-papilles-en-eveil-pour-les-eleves-de-moyenne-section\\\/#primaryimage\"},\"image\":{\"@id\":\"https:\\\/\\\/bonsoleil.es\\\/es\\\/les-papilles-en-eveil-pour-les-eleves-de-moyenne-section\\\/#primaryimage\"},\"thumbnailUrl\":\"https:\\\/\\\/bonsoleil.es\\\/web\\\/wp-content\\\/uploads\\\/2022\\\/06\\\/7-Medium.jpg\",\"datePublished\":\"2022-06-07T14:56:44+00:00\",\"author\":{\"@id\":\"https:\\\/\\\/bonsoleil.es\\\/es\\\/#\\\/schema\\\/person\\\/f90f9175af4fad9c626fd2873bc546ec\"},\"breadcrumb\":{\"@id\":\"https:\\\/\\\/bonsoleil.es\\\/es\\\/les-papilles-en-eveil-pour-les-eleves-de-moyenne-section\\\/#breadcrumb\"},\"inLanguage\":\"es\",\"potentialAction\":[{\"@type\":\"ReadAction\",\"target\":[\"https:\\\/\\\/bonsoleil.es\\\/es\\\/les-papilles-en-eveil-pour-les-eleves-de-moyenne-section\\\/\"]}]},{\"@type\":\"ImageObject\",\"inLanguage\":\"es\",\"@id\":\"https:\\\/\\\/bonsoleil.es\\\/es\\\/les-papilles-en-eveil-pour-les-eleves-de-moyenne-section\\\/#primaryimage\",\"url\":\"https:\\\/\\\/bonsoleil.es\\\/web\\\/wp-content\\\/uploads\\\/2022\\\/06\\\/7-Medium.jpg\",\"contentUrl\":\"https:\\\/\\\/bonsoleil.es\\\/web\\\/wp-content\\\/uploads\\\/2022\\\/06\\\/7-Medium.jpg\",\"width\":768,\"height\":768},{\"@type\":\"BreadcrumbList\",\"@id\":\"https:\\\/\\\/bonsoleil.es\\\/es\\\/les-papilles-en-eveil-pour-les-eleves-de-moyenne-section\\\/#breadcrumb\",\"itemListElement\":[{\"@type\":\"ListItem\",\"position\":1,\"name\":\"Portada\",\"item\":\"https:\\\/\\\/bonsoleil.es\\\/es\\\/\"},{\"@type\":\"ListItem\",\"position\":2,\"name\":\"Les papilles en \u00e9veil pour les \u00e9l\u00e8ves de moyenne section!\"}]},{\"@type\":\"WebSite\",\"@id\":\"https:\\\/\\\/bonsoleil.es\\\/es\\\/#website\",\"url\":\"https:\\\/\\\/bonsoleil.es\\\/es\\\/\",\"name\":\"Lyc\u00e9e International Barcelona \u00b7 Bon Soleil\",\"description\":\"Lyc\u00e9e International Barcelona\",\"potentialAction\":[{\"@type\":\"SearchAction\",\"target\":{\"@type\":\"EntryPoint\",\"urlTemplate\":\"https:\\\/\\\/bonsoleil.es\\\/es\\\/?s={search_term_string}\"},\"query-input\":{\"@type\":\"PropertyValueSpecification\",\"valueRequired\":true,\"valueName\":\"search_term_string\"}}],\"inLanguage\":\"es\"},{\"@type\":\"Person\",\"@id\":\"https:\\\/\\\/bonsoleil.es\\\/es\\\/#\\\/schema\\\/person\\\/f90f9175af4fad9c626fd2873bc546ec\",\"name\":\"libbs\",\"image\":{\"@type\":\"ImageObject\",\"inLanguage\":\"es\",\"@id\":\"https:\\\/\\\/bonsoleil.es\\\/web\\\/wp-content\\\/litespeed\\\/avatar\\\/6719caedb5831fa7538835120a8121f8.jpg?ver=1777037754\",\"url\":\"https:\\\/\\\/bonsoleil.es\\\/web\\\/wp-content\\\/litespeed\\\/avatar\\\/6719caedb5831fa7538835120a8121f8.jpg?ver=1777037754\",\"contentUrl\":\"https:\\\/\\\/bonsoleil.es\\\/web\\\/wp-content\\\/litespeed\\\/avatar\\\/6719caedb5831fa7538835120a8121f8.jpg?ver=1777037754\",\"caption\":\"libbs\"},\"sameAs\":[\"http:\\\/\\\/localhost\\\/bonsoleil\\\/new_web\"],\"url\":\"https:\\\/\\\/bonsoleil.es\\\/es\\\/author\\\/libbs\\\/\"}]}<\/script>\n<!-- \/ Yoast SEO plugin. -->","yoast_head_json":{"title":"Les papilles en \u00e9veil pour les \u00e9l\u00e8ves de moyenne section! - Lyc\u00e9e International Barcelona \u00b7 Bon Soleil","robots":{"index":"index","follow":"follow","max-snippet":"max-snippet:-1","max-image-preview":"max-image-preview:large","max-video-preview":"max-video-preview:-1"},"canonical":"https:\/\/bonsoleil.es\/es\/les-papilles-en-eveil-pour-les-eleves-de-moyenne-section\/","og_locale":"es_ES","og_type":"article","og_title":"Les papilles en \u00e9veil pour les \u00e9l\u00e8ves de moyenne section! - Lyc\u00e9e International Barcelona \u00b7 Bon Soleil","og_description":"Jeudi 2 juin, les quatre classes de moyenne section ont particip\u00e9 \u00e0 une activit\u00e9 surprise \u00e0 la cantine!\u00a0","og_url":"https:\/\/bonsoleil.es\/es\/les-papilles-en-eveil-pour-les-eleves-de-moyenne-section\/","og_site_name":"Lyc\u00e9e International Barcelona \u00b7 Bon Soleil","article_publisher":"https:\/\/www.facebook.com\/libBonSoleil\/","article_published_time":"2022-06-07T14:56:44+00:00","og_image":[{"width":768,"height":768,"url":"https:\/\/bonsoleil.es\/web\/wp-content\/uploads\/2022\/06\/7-Medium.jpg","type":"image\/jpeg"}],"author":"libbs","twitter_card":"summary_large_image","twitter_creator":"@lib_bonsoleil","twitter_site":"@lib_bonsoleil","twitter_misc":{"Escrito por":"libbs","Tiempo de lectura":"3 minutos"},"schema":{"@context":"https:\/\/schema.org","@graph":[{"@type":"Article","@id":"https:\/\/bonsoleil.es\/es\/les-papilles-en-eveil-pour-les-eleves-de-moyenne-section\/#article","isPartOf":{"@id":"https:\/\/bonsoleil.es\/es\/les-papilles-en-eveil-pour-les-eleves-de-moyenne-section\/"},"author":{"name":"libbs","@id":"https:\/\/bonsoleil.es\/es\/#\/schema\/person\/f90f9175af4fad9c626fd2873bc546ec"},"headline":"Les papilles en \u00e9veil pour les \u00e9l\u00e8ves de moyenne section!","datePublished":"2022-06-07T14:56:44+00:00","mainEntityOfPage":{"@id":"https:\/\/bonsoleil.es\/es\/les-papilles-en-eveil-pour-les-eleves-de-moyenne-section\/"},"wordCount":170,"image":{"@id":"https:\/\/bonsoleil.es\/es\/les-papilles-en-eveil-pour-les-eleves-de-moyenne-section\/#primaryimage"},"thumbnailUrl":"https:\/\/bonsoleil.es\/web\/wp-content\/uploads\/2022\/06\/7-Medium.jpg","articleSection":["MS","Primaire"],"inLanguage":"es"},{"@type":"WebPage","@id":"https:\/\/bonsoleil.es\/es\/les-papilles-en-eveil-pour-les-eleves-de-moyenne-section\/","url":"https:\/\/bonsoleil.es\/es\/les-papilles-en-eveil-pour-les-eleves-de-moyenne-section\/","name":"Les papilles en \u00e9veil pour les \u00e9l\u00e8ves de moyenne section! - Lyc\u00e9e International Barcelona \u00b7 Bon Soleil","isPartOf":{"@id":"https:\/\/bonsoleil.es\/es\/#website"},"primaryImageOfPage":{"@id":"https:\/\/bonsoleil.es\/es\/les-papilles-en-eveil-pour-les-eleves-de-moyenne-section\/#primaryimage"},"image":{"@id":"https:\/\/bonsoleil.es\/es\/les-papilles-en-eveil-pour-les-eleves-de-moyenne-section\/#primaryimage"},"thumbnailUrl":"https:\/\/bonsoleil.es\/web\/wp-content\/uploads\/2022\/06\/7-Medium.jpg","datePublished":"2022-06-07T14:56:44+00:00","author":{"@id":"https:\/\/bonsoleil.es\/es\/#\/schema\/person\/f90f9175af4fad9c626fd2873bc546ec"},"breadcrumb":{"@id":"https:\/\/bonsoleil.es\/es\/les-papilles-en-eveil-pour-les-eleves-de-moyenne-section\/#breadcrumb"},"inLanguage":"es","potentialAction":[{"@type":"ReadAction","target":["https:\/\/bonsoleil.es\/es\/les-papilles-en-eveil-pour-les-eleves-de-moyenne-section\/"]}]},{"@type":"ImageObject","inLanguage":"es","@id":"https:\/\/bonsoleil.es\/es\/les-papilles-en-eveil-pour-les-eleves-de-moyenne-section\/#primaryimage","url":"https:\/\/bonsoleil.es\/web\/wp-content\/uploads\/2022\/06\/7-Medium.jpg","contentUrl":"https:\/\/bonsoleil.es\/web\/wp-content\/uploads\/2022\/06\/7-Medium.jpg","width":768,"height":768},{"@type":"BreadcrumbList","@id":"https:\/\/bonsoleil.es\/es\/les-papilles-en-eveil-pour-les-eleves-de-moyenne-section\/#breadcrumb","itemListElement":[{"@type":"ListItem","position":1,"name":"Portada","item":"https:\/\/bonsoleil.es\/es\/"},{"@type":"ListItem","position":2,"name":"Les papilles en \u00e9veil pour les \u00e9l\u00e8ves de moyenne section!"}]},{"@type":"WebSite","@id":"https:\/\/bonsoleil.es\/es\/#website","url":"https:\/\/bonsoleil.es\/es\/","name":"Lyc\u00e9e International Barcelona \u00b7 Bon Soleil","description":"Lyc\u00e9e International Barcelona","potentialAction":[{"@type":"SearchAction","target":{"@type":"EntryPoint","urlTemplate":"https:\/\/bonsoleil.es\/es\/?s={search_term_string}"},"query-input":{"@type":"PropertyValueSpecification","valueRequired":true,"valueName":"search_term_string"}}],"inLanguage":"es"},{"@type":"Person","@id":"https:\/\/bonsoleil.es\/es\/#\/schema\/person\/f90f9175af4fad9c626fd2873bc546ec","name":"libbs","image":{"@type":"ImageObject","inLanguage":"es","@id":"https:\/\/bonsoleil.es\/web\/wp-content\/litespeed\/avatar\/6719caedb5831fa7538835120a8121f8.jpg?ver=1777037754","url":"https:\/\/bonsoleil.es\/web\/wp-content\/litespeed\/avatar\/6719caedb5831fa7538835120a8121f8.jpg?ver=1777037754","contentUrl":"https:\/\/bonsoleil.es\/web\/wp-content\/litespeed\/avatar\/6719caedb5831fa7538835120a8121f8.jpg?ver=1777037754","caption":"libbs"},"sameAs":["http:\/\/localhost\/bonsoleil\/new_web"],"url":"https:\/\/bonsoleil.es\/es\/author\/libbs\/"}]}},"_links":{"self":[{"href":"https:\/\/bonsoleil.es\/es\/wp-json\/wp\/v2\/posts\/58175","targetHints":{"allow":["GET"]}}],"collection":[{"href":"https:\/\/bonsoleil.es\/es\/wp-json\/wp\/v2\/posts"}],"about":[{"href":"https:\/\/bonsoleil.es\/es\/wp-json\/wp\/v2\/types\/post"}],"author":[{"embeddable":true,"href":"https:\/\/bonsoleil.es\/es\/wp-json\/wp\/v2\/users\/1"}],"replies":[{"embeddable":true,"href":"https:\/\/bonsoleil.es\/es\/wp-json\/wp\/v2\/comments?post=58175"}],"version-history":[{"count":0,"href":"https:\/\/bonsoleil.es\/es\/wp-json\/wp\/v2\/posts\/58175\/revisions"}],"wp:featuredmedia":[{"embeddable":true,"href":"https:\/\/bonsoleil.es\/es\/wp-json\/wp\/v2\/media\/58182"}],"wp:attachment":[{"href":"https:\/\/bonsoleil.es\/es\/wp-json\/wp\/v2\/media?parent=58175"}],"wp:term":[{"taxonomy":"category","embeddable":true,"href":"https:\/\/bonsoleil.es\/es\/wp-json\/wp\/v2\/categories?post=58175"},{"taxonomy":"post_tag","embeddable":true,"href":"https:\/\/bonsoleil.es\/es\/wp-json\/wp\/v2\/tags?post=58175"}],"curies":[{"name":"wp","href":"https:\/\/api.w.org\/{rel}","templated":true}]}}