{"id":62656,"date":"2022-09-20T13:07:02","date_gmt":"2022-09-20T11:07:02","guid":{"rendered":"https:\/\/www.bonsoleil.es\/?p=62656"},"modified":"2022-09-20T13:07:02","modified_gmt":"2022-09-20T11:07:02","slug":"evaluations-nationales-cp-ce1","status":"publish","type":"post","link":"https:\/\/bonsoleil.es\/es\/evaluations-nationales-cp-ce1\/","title":{"rendered":"Evaluations nationales CP-CE1"},"content":{"rendered":"\n<p>Ces deux derni\u00e8res semaines, nos \u00e9l\u00e8ves, ainsi que tous les \u00e9l\u00e8ves fran\u00e7ais et ceux qui sont scolaris\u00e9s dans les \u00e9coles fran\u00e7aises \u00e0 l\u2019\u00e9tranger ont pass\u00e9 les \u00e9valuations nationales. Ces \u00e9valuations, propos\u00e9es par le Minist\u00e8re de l&#8217;\u00c9ducation nationale, ont comme objectif de donner des rep\u00e8res aux enseignants pour aider les \u00e9l\u00e8ves \u00e0 progresser.&nbsp;<\/p>\n\n\n\n<p>Nos \u00e9l\u00e8ves se sont bien concentr\u00e9s et ont pris plaisir \u00e0 effectuer les exercices. Bon travail!<\/p>\n\n\n\n<p>\u2026<\/p>\n\n\n\n<p>En estas dos \u00faltimas semanas, nuestros alumnos, as\u00ed como todos los alumnos de Francia y de los Liceos Franceses en el extranjero, han realizado&nbsp; evaluaciones nacionales. Dichas evaluaciones, propuestas por el Minist\u00e8re de l\u2019Education nationale est\u00e1n dirigidas a todos los alumnos de CP y CE1 y tienen como objetivo proporcionar referencias a los maestros para ayudar a nuestros alumnos a progresar. Nuestros alumnos han estado muy concentrados durante la realizaci\u00f3n de los diferentes ejercicios y se han mostrado entusiasmados. \u00a1Buen trabajo a todos!<\/p>\n\n\n\n<figure class=\"wp-block-gallery has-nested-images columns-default is-cropped wp-block-gallery-1 is-layout-flex wp-block-gallery-is-layout-flex\">\n<figure class=\"wp-block-image size-large\"><img loading=\"lazy\" decoding=\"async\" width=\"700\" height=\"525\" data-id=\"62657\" src=\"https:\/\/bonsoleil.es\/web\/wp-content\/uploads\/2022\/09\/Foto-de-Isa-Medium-1-700x525.jpg\" alt=\"\" class=\"wp-image-62657\" srcset=\"https:\/\/bonsoleil.es\/web\/wp-content\/uploads\/2022\/09\/Foto-de-Isa-Medium-1-700x525.jpg 700w, https:\/\/bonsoleil.es\/web\/wp-content\/uploads\/2022\/09\/Foto-de-Isa-Medium-1-250x188.jpg 250w, https:\/\/bonsoleil.es\/web\/wp-content\/uploads\/2022\/09\/Foto-de-Isa-Medium-1-768x576.jpg 768w, https:\/\/bonsoleil.es\/web\/wp-content\/uploads\/2022\/09\/Foto-de-Isa-Medium-1-120x90.jpg 120w, https:\/\/bonsoleil.es\/web\/wp-content\/uploads\/2022\/09\/Foto-de-Isa-Medium-1.jpg 1024w\" sizes=\"auto, (max-width: 700px) 100vw, 700px\" \/><\/figure>\n\n\n\n<figure class=\"wp-block-image size-large\"><img loading=\"lazy\" decoding=\"async\" width=\"700\" height=\"525\" data-id=\"62658\" src=\"https:\/\/bonsoleil.es\/web\/wp-content\/uploads\/2022\/09\/IMG_20220915_100241-Medium-1-700x525.jpg\" alt=\"\" class=\"wp-image-62658\" srcset=\"https:\/\/bonsoleil.es\/web\/wp-content\/uploads\/2022\/09\/IMG_20220915_100241-Medium-1-700x525.jpg 700w, https:\/\/bonsoleil.es\/web\/wp-content\/uploads\/2022\/09\/IMG_20220915_100241-Medium-1-250x188.jpg 250w, https:\/\/bonsoleil.es\/web\/wp-content\/uploads\/2022\/09\/IMG_20220915_100241-Medium-1-768x576.jpg 768w, https:\/\/bonsoleil.es\/web\/wp-content\/uploads\/2022\/09\/IMG_20220915_100241-Medium-1-120x90.jpg 120w, https:\/\/bonsoleil.es\/web\/wp-content\/uploads\/2022\/09\/IMG_20220915_100241-Medium-1.jpg 1024w\" sizes=\"auto, (max-width: 700px) 100vw, 700px\" \/><\/figure>\n\n\n\n<figure class=\"wp-block-image size-large\"><img loading=\"lazy\" decoding=\"async\" width=\"700\" height=\"933\" data-id=\"62659\" src=\"https:\/\/bonsoleil.es\/web\/wp-content\/uploads\/2022\/09\/IMG_20220915_094740-Medium-1-700x933.jpg\" alt=\"\" class=\"wp-image-62659\" srcset=\"https:\/\/bonsoleil.es\/web\/wp-content\/uploads\/2022\/09\/IMG_20220915_094740-Medium-1-700x933.jpg 700w, https:\/\/bonsoleil.es\/web\/wp-content\/uploads\/2022\/09\/IMG_20220915_094740-Medium-1-250x333.jpg 250w, https:\/\/bonsoleil.es\/web\/wp-content\/uploads\/2022\/09\/IMG_20220915_094740-Medium-1-120x160.jpg 120w, https:\/\/bonsoleil.es\/web\/wp-content\/uploads\/2022\/09\/IMG_20220915_094740-Medium-1.jpg 768w\" sizes=\"auto, (max-width: 700px) 100vw, 700px\" \/><\/figure>\n\n\n\n<figure class=\"wp-block-image size-large\"><img loading=\"lazy\" decoding=\"async\" width=\"700\" height=\"525\" data-id=\"62660\" src=\"https:\/\/bonsoleil.es\/web\/wp-content\/uploads\/2022\/09\/IMG_20220915_100143-Medium-1-700x525.jpg\" alt=\"\" class=\"wp-image-62660\" srcset=\"https:\/\/bonsoleil.es\/web\/wp-content\/uploads\/2022\/09\/IMG_20220915_100143-Medium-1-700x525.jpg 700w, https:\/\/bonsoleil.es\/web\/wp-content\/uploads\/2022\/09\/IMG_20220915_100143-Medium-1-250x188.jpg 250w, https:\/\/bonsoleil.es\/web\/wp-content\/uploads\/2022\/09\/IMG_20220915_100143-Medium-1-768x576.jpg 768w, https:\/\/bonsoleil.es\/web\/wp-content\/uploads\/2022\/09\/IMG_20220915_100143-Medium-1-120x90.jpg 120w, https:\/\/bonsoleil.es\/web\/wp-content\/uploads\/2022\/09\/IMG_20220915_100143-Medium-1.jpg 1024w\" sizes=\"auto, (max-width: 700px) 100vw, 700px\" \/><\/figure>\n<\/figure>\n","protected":false},"excerpt":{"rendered":"Ces deux derni\u00e8res semaines, nos \u00e9l\u00e8ves, ainsi que tous les \u00e9l\u00e8ves fran\u00e7ais et ceux qui sont scolaris\u00e9s dans les \u00e9coles fran\u00e7aises \u00e0 l\u2019\u00e9tranger ont pass\u00e9 les \u00e9valuations nationales.","protected":false},"author":1,"featured_media":62657,"comment_status":"closed","ping_status":"open","sticky":false,"template":"","format":"standard","meta":{"_acf_changed":false,"rs_blank_template":"","rs_page_bg_color":"","slide_template_v7":"","footnotes":"","_links_to":"","_links_to_target":""},"categories":[14],"tags":[],"class_list":["post-62656","post","type-post","status-publish","format-standard","has-post-thumbnail","hentry","category-primaire"],"acf":[],"yoast_head":"<!-- This site is optimized with the Yoast SEO plugin v27.4 - https:\/\/yoast.com\/product\/yoast-seo-wordpress\/ -->\n<title>Evaluations nationales CP-CE1 - Lyc\u00e9e International Barcelona \u00b7 Bon Soleil<\/title>\n<meta name=\"robots\" content=\"index, follow, max-snippet:-1, max-image-preview:large, max-video-preview:-1\" \/>\n<link rel=\"canonical\" href=\"https:\/\/bonsoleil.es\/es\/evaluations-nationales-cp-ce1\/\" \/>\n<meta property=\"og:locale\" content=\"es_ES\" \/>\n<meta property=\"og:type\" content=\"article\" \/>\n<meta property=\"og:title\" content=\"Evaluations nationales CP-CE1 - Lyc\u00e9e International Barcelona \u00b7 Bon Soleil\" \/>\n<meta property=\"og:description\" content=\"Ces deux derni\u00e8res semaines, nos \u00e9l\u00e8ves, ainsi que tous les \u00e9l\u00e8ves fran\u00e7ais et ceux qui sont scolaris\u00e9s dans les \u00e9coles fran\u00e7aises \u00e0 l\u2019\u00e9tranger ont pass\u00e9 les \u00e9valuations nationales.\" \/>\n<meta property=\"og:url\" content=\"https:\/\/bonsoleil.es\/es\/evaluations-nationales-cp-ce1\/\" \/>\n<meta property=\"og:site_name\" content=\"Lyc\u00e9e International Barcelona \u00b7 Bon Soleil\" \/>\n<meta property=\"article:publisher\" content=\"https:\/\/www.facebook.com\/libBonSoleil\/\" \/>\n<meta property=\"article:published_time\" content=\"2022-09-20T11:07:02+00:00\" \/>\n<meta property=\"og:image\" content=\"https:\/\/bonsoleil.es\/web\/wp-content\/uploads\/2022\/09\/Foto-de-Isa-Medium-1.jpg\" \/>\n\t<meta property=\"og:image:width\" content=\"1024\" \/>\n\t<meta property=\"og:image:height\" content=\"768\" \/>\n\t<meta property=\"og:image:type\" content=\"image\/jpeg\" \/>\n<meta name=\"author\" content=\"libbs\" \/>\n<meta name=\"twitter:card\" content=\"summary_large_image\" \/>\n<meta name=\"twitter:creator\" content=\"@lib_bonsoleil\" \/>\n<meta name=\"twitter:site\" content=\"@lib_bonsoleil\" \/>\n<meta name=\"twitter:label1\" content=\"Escrito por\" \/>\n\t<meta name=\"twitter:data1\" content=\"libbs\" \/>\n\t<meta name=\"twitter:label2\" content=\"Tiempo de lectura\" \/>\n\t<meta name=\"twitter:data2\" content=\"2 minutos\" \/>\n<script type=\"application\/ld+json\" class=\"yoast-schema-graph\">{\"@context\":\"https:\\\/\\\/schema.org\",\"@graph\":[{\"@type\":\"Article\",\"@id\":\"https:\\\/\\\/bonsoleil.es\\\/es\\\/evaluations-nationales-cp-ce1\\\/#article\",\"isPartOf\":{\"@id\":\"https:\\\/\\\/bonsoleil.es\\\/es\\\/evaluations-nationales-cp-ce1\\\/\"},\"author\":{\"name\":\"libbs\",\"@id\":\"https:\\\/\\\/bonsoleil.es\\\/es\\\/#\\\/schema\\\/person\\\/f90f9175af4fad9c626fd2873bc546ec\"},\"headline\":\"Evaluations nationales CP-CE1\",\"datePublished\":\"2022-09-20T11:07:02+00:00\",\"mainEntityOfPage\":{\"@id\":\"https:\\\/\\\/bonsoleil.es\\\/es\\\/evaluations-nationales-cp-ce1\\\/\"},\"wordCount\":171,\"image\":{\"@id\":\"https:\\\/\\\/bonsoleil.es\\\/es\\\/evaluations-nationales-cp-ce1\\\/#primaryimage\"},\"thumbnailUrl\":\"https:\\\/\\\/bonsoleil.es\\\/web\\\/wp-content\\\/uploads\\\/2022\\\/09\\\/Foto-de-Isa-Medium-1.jpg\",\"articleSection\":[\"Primaire\"],\"inLanguage\":\"es\"},{\"@type\":\"WebPage\",\"@id\":\"https:\\\/\\\/bonsoleil.es\\\/es\\\/evaluations-nationales-cp-ce1\\\/\",\"url\":\"https:\\\/\\\/bonsoleil.es\\\/es\\\/evaluations-nationales-cp-ce1\\\/\",\"name\":\"Evaluations nationales CP-CE1 - Lyc\u00e9e International Barcelona \u00b7 Bon Soleil\",\"isPartOf\":{\"@id\":\"https:\\\/\\\/bonsoleil.es\\\/es\\\/#website\"},\"primaryImageOfPage\":{\"@id\":\"https:\\\/\\\/bonsoleil.es\\\/es\\\/evaluations-nationales-cp-ce1\\\/#primaryimage\"},\"image\":{\"@id\":\"https:\\\/\\\/bonsoleil.es\\\/es\\\/evaluations-nationales-cp-ce1\\\/#primaryimage\"},\"thumbnailUrl\":\"https:\\\/\\\/bonsoleil.es\\\/web\\\/wp-content\\\/uploads\\\/2022\\\/09\\\/Foto-de-Isa-Medium-1.jpg\",\"datePublished\":\"2022-09-20T11:07:02+00:00\",\"author\":{\"@id\":\"https:\\\/\\\/bonsoleil.es\\\/es\\\/#\\\/schema\\\/person\\\/f90f9175af4fad9c626fd2873bc546ec\"},\"breadcrumb\":{\"@id\":\"https:\\\/\\\/bonsoleil.es\\\/es\\\/evaluations-nationales-cp-ce1\\\/#breadcrumb\"},\"inLanguage\":\"es\",\"potentialAction\":[{\"@type\":\"ReadAction\",\"target\":[\"https:\\\/\\\/bonsoleil.es\\\/es\\\/evaluations-nationales-cp-ce1\\\/\"]}]},{\"@type\":\"ImageObject\",\"inLanguage\":\"es\",\"@id\":\"https:\\\/\\\/bonsoleil.es\\\/es\\\/evaluations-nationales-cp-ce1\\\/#primaryimage\",\"url\":\"https:\\\/\\\/bonsoleil.es\\\/web\\\/wp-content\\\/uploads\\\/2022\\\/09\\\/Foto-de-Isa-Medium-1.jpg\",\"contentUrl\":\"https:\\\/\\\/bonsoleil.es\\\/web\\\/wp-content\\\/uploads\\\/2022\\\/09\\\/Foto-de-Isa-Medium-1.jpg\",\"width\":1024,\"height\":768},{\"@type\":\"BreadcrumbList\",\"@id\":\"https:\\\/\\\/bonsoleil.es\\\/es\\\/evaluations-nationales-cp-ce1\\\/#breadcrumb\",\"itemListElement\":[{\"@type\":\"ListItem\",\"position\":1,\"name\":\"Portada\",\"item\":\"https:\\\/\\\/bonsoleil.es\\\/es\\\/\"},{\"@type\":\"ListItem\",\"position\":2,\"name\":\"Evaluations nationales CP-CE1\"}]},{\"@type\":\"WebSite\",\"@id\":\"https:\\\/\\\/bonsoleil.es\\\/es\\\/#website\",\"url\":\"https:\\\/\\\/bonsoleil.es\\\/es\\\/\",\"name\":\"Lyc\u00e9e International Barcelona \u00b7 Bon Soleil\",\"description\":\"Lyc\u00e9e International Barcelona\",\"potentialAction\":[{\"@type\":\"SearchAction\",\"target\":{\"@type\":\"EntryPoint\",\"urlTemplate\":\"https:\\\/\\\/bonsoleil.es\\\/es\\\/?s={search_term_string}\"},\"query-input\":{\"@type\":\"PropertyValueSpecification\",\"valueRequired\":true,\"valueName\":\"search_term_string\"}}],\"inLanguage\":\"es\"},{\"@type\":\"Person\",\"@id\":\"https:\\\/\\\/bonsoleil.es\\\/es\\\/#\\\/schema\\\/person\\\/f90f9175af4fad9c626fd2873bc546ec\",\"name\":\"libbs\",\"image\":{\"@type\":\"ImageObject\",\"inLanguage\":\"es\",\"@id\":\"https:\\\/\\\/bonsoleil.es\\\/web\\\/wp-content\\\/litespeed\\\/avatar\\\/6719caedb5831fa7538835120a8121f8.jpg?ver=1777037754\",\"url\":\"https:\\\/\\\/bonsoleil.es\\\/web\\\/wp-content\\\/litespeed\\\/avatar\\\/6719caedb5831fa7538835120a8121f8.jpg?ver=1777037754\",\"contentUrl\":\"https:\\\/\\\/bonsoleil.es\\\/web\\\/wp-content\\\/litespeed\\\/avatar\\\/6719caedb5831fa7538835120a8121f8.jpg?ver=1777037754\",\"caption\":\"libbs\"},\"sameAs\":[\"http:\\\/\\\/localhost\\\/bonsoleil\\\/new_web\"],\"url\":\"https:\\\/\\\/bonsoleil.es\\\/es\\\/author\\\/libbs\\\/\"}]}<\/script>\n<!-- \/ Yoast SEO plugin. -->","yoast_head_json":{"title":"Evaluations nationales CP-CE1 - Lyc\u00e9e International Barcelona \u00b7 Bon Soleil","robots":{"index":"index","follow":"follow","max-snippet":"max-snippet:-1","max-image-preview":"max-image-preview:large","max-video-preview":"max-video-preview:-1"},"canonical":"https:\/\/bonsoleil.es\/es\/evaluations-nationales-cp-ce1\/","og_locale":"es_ES","og_type":"article","og_title":"Evaluations nationales CP-CE1 - Lyc\u00e9e International Barcelona \u00b7 Bon Soleil","og_description":"Ces deux derni\u00e8res semaines, nos \u00e9l\u00e8ves, ainsi que tous les \u00e9l\u00e8ves fran\u00e7ais et ceux qui sont scolaris\u00e9s dans les \u00e9coles fran\u00e7aises \u00e0 l\u2019\u00e9tranger ont pass\u00e9 les \u00e9valuations nationales.","og_url":"https:\/\/bonsoleil.es\/es\/evaluations-nationales-cp-ce1\/","og_site_name":"Lyc\u00e9e International Barcelona \u00b7 Bon Soleil","article_publisher":"https:\/\/www.facebook.com\/libBonSoleil\/","article_published_time":"2022-09-20T11:07:02+00:00","og_image":[{"width":1024,"height":768,"url":"https:\/\/bonsoleil.es\/web\/wp-content\/uploads\/2022\/09\/Foto-de-Isa-Medium-1.jpg","type":"image\/jpeg"}],"author":"libbs","twitter_card":"summary_large_image","twitter_creator":"@lib_bonsoleil","twitter_site":"@lib_bonsoleil","twitter_misc":{"Escrito por":"libbs","Tiempo de lectura":"2 minutos"},"schema":{"@context":"https:\/\/schema.org","@graph":[{"@type":"Article","@id":"https:\/\/bonsoleil.es\/es\/evaluations-nationales-cp-ce1\/#article","isPartOf":{"@id":"https:\/\/bonsoleil.es\/es\/evaluations-nationales-cp-ce1\/"},"author":{"name":"libbs","@id":"https:\/\/bonsoleil.es\/es\/#\/schema\/person\/f90f9175af4fad9c626fd2873bc546ec"},"headline":"Evaluations nationales CP-CE1","datePublished":"2022-09-20T11:07:02+00:00","mainEntityOfPage":{"@id":"https:\/\/bonsoleil.es\/es\/evaluations-nationales-cp-ce1\/"},"wordCount":171,"image":{"@id":"https:\/\/bonsoleil.es\/es\/evaluations-nationales-cp-ce1\/#primaryimage"},"thumbnailUrl":"https:\/\/bonsoleil.es\/web\/wp-content\/uploads\/2022\/09\/Foto-de-Isa-Medium-1.jpg","articleSection":["Primaire"],"inLanguage":"es"},{"@type":"WebPage","@id":"https:\/\/bonsoleil.es\/es\/evaluations-nationales-cp-ce1\/","url":"https:\/\/bonsoleil.es\/es\/evaluations-nationales-cp-ce1\/","name":"Evaluations nationales CP-CE1 - Lyc\u00e9e International Barcelona \u00b7 Bon Soleil","isPartOf":{"@id":"https:\/\/bonsoleil.es\/es\/#website"},"primaryImageOfPage":{"@id":"https:\/\/bonsoleil.es\/es\/evaluations-nationales-cp-ce1\/#primaryimage"},"image":{"@id":"https:\/\/bonsoleil.es\/es\/evaluations-nationales-cp-ce1\/#primaryimage"},"thumbnailUrl":"https:\/\/bonsoleil.es\/web\/wp-content\/uploads\/2022\/09\/Foto-de-Isa-Medium-1.jpg","datePublished":"2022-09-20T11:07:02+00:00","author":{"@id":"https:\/\/bonsoleil.es\/es\/#\/schema\/person\/f90f9175af4fad9c626fd2873bc546ec"},"breadcrumb":{"@id":"https:\/\/bonsoleil.es\/es\/evaluations-nationales-cp-ce1\/#breadcrumb"},"inLanguage":"es","potentialAction":[{"@type":"ReadAction","target":["https:\/\/bonsoleil.es\/es\/evaluations-nationales-cp-ce1\/"]}]},{"@type":"ImageObject","inLanguage":"es","@id":"https:\/\/bonsoleil.es\/es\/evaluations-nationales-cp-ce1\/#primaryimage","url":"https:\/\/bonsoleil.es\/web\/wp-content\/uploads\/2022\/09\/Foto-de-Isa-Medium-1.jpg","contentUrl":"https:\/\/bonsoleil.es\/web\/wp-content\/uploads\/2022\/09\/Foto-de-Isa-Medium-1.jpg","width":1024,"height":768},{"@type":"BreadcrumbList","@id":"https:\/\/bonsoleil.es\/es\/evaluations-nationales-cp-ce1\/#breadcrumb","itemListElement":[{"@type":"ListItem","position":1,"name":"Portada","item":"https:\/\/bonsoleil.es\/es\/"},{"@type":"ListItem","position":2,"name":"Evaluations nationales CP-CE1"}]},{"@type":"WebSite","@id":"https:\/\/bonsoleil.es\/es\/#website","url":"https:\/\/bonsoleil.es\/es\/","name":"Lyc\u00e9e International Barcelona \u00b7 Bon Soleil","description":"Lyc\u00e9e International Barcelona","potentialAction":[{"@type":"SearchAction","target":{"@type":"EntryPoint","urlTemplate":"https:\/\/bonsoleil.es\/es\/?s={search_term_string}"},"query-input":{"@type":"PropertyValueSpecification","valueRequired":true,"valueName":"search_term_string"}}],"inLanguage":"es"},{"@type":"Person","@id":"https:\/\/bonsoleil.es\/es\/#\/schema\/person\/f90f9175af4fad9c626fd2873bc546ec","name":"libbs","image":{"@type":"ImageObject","inLanguage":"es","@id":"https:\/\/bonsoleil.es\/web\/wp-content\/litespeed\/avatar\/6719caedb5831fa7538835120a8121f8.jpg?ver=1777037754","url":"https:\/\/bonsoleil.es\/web\/wp-content\/litespeed\/avatar\/6719caedb5831fa7538835120a8121f8.jpg?ver=1777037754","contentUrl":"https:\/\/bonsoleil.es\/web\/wp-content\/litespeed\/avatar\/6719caedb5831fa7538835120a8121f8.jpg?ver=1777037754","caption":"libbs"},"sameAs":["http:\/\/localhost\/bonsoleil\/new_web"],"url":"https:\/\/bonsoleil.es\/es\/author\/libbs\/"}]}},"_links":{"self":[{"href":"https:\/\/bonsoleil.es\/es\/wp-json\/wp\/v2\/posts\/62656","targetHints":{"allow":["GET"]}}],"collection":[{"href":"https:\/\/bonsoleil.es\/es\/wp-json\/wp\/v2\/posts"}],"about":[{"href":"https:\/\/bonsoleil.es\/es\/wp-json\/wp\/v2\/types\/post"}],"author":[{"embeddable":true,"href":"https:\/\/bonsoleil.es\/es\/wp-json\/wp\/v2\/users\/1"}],"replies":[{"embeddable":true,"href":"https:\/\/bonsoleil.es\/es\/wp-json\/wp\/v2\/comments?post=62656"}],"version-history":[{"count":0,"href":"https:\/\/bonsoleil.es\/es\/wp-json\/wp\/v2\/posts\/62656\/revisions"}],"wp:featuredmedia":[{"embeddable":true,"href":"https:\/\/bonsoleil.es\/es\/wp-json\/wp\/v2\/media\/62657"}],"wp:attachment":[{"href":"https:\/\/bonsoleil.es\/es\/wp-json\/wp\/v2\/media?parent=62656"}],"wp:term":[{"taxonomy":"category","embeddable":true,"href":"https:\/\/bonsoleil.es\/es\/wp-json\/wp\/v2\/categories?post=62656"},{"taxonomy":"post_tag","embeddable":true,"href":"https:\/\/bonsoleil.es\/es\/wp-json\/wp\/v2\/tags?post=62656"}],"curies":[{"name":"wp","href":"https:\/\/api.w.org\/{rel}","templated":true}]}}