{"id":62833,"date":"2022-10-03T11:22:56","date_gmt":"2022-10-03T09:22:56","guid":{"rendered":"https:\/\/www.bonsoleil.es\/?p=62833"},"modified":"2022-10-03T11:22:56","modified_gmt":"2022-10-03T09:22:56","slug":"le-plurilinguisme-au-lib-bon-soleil","status":"publish","type":"post","link":"https:\/\/bonsoleil.es\/es\/le-plurilinguisme-au-lib-bon-soleil\/","title":{"rendered":"Le pluriling\u00fcisme au LIB Bon Soleil\u00a0"},"content":{"rendered":"\n<p>La promotion d\u2019une \u00e9ducation plurilingue est au centre de notre projet p\u00e9dagogique. En tant que Lyc\u00e9e fran\u00e7ais et \u00e9cole internationale, la langue v\u00e9hiculaire du LIB Bon Soleil est le fran\u00e7ais et d\u00e8s la Petite Section nos \u00e9l\u00e8ves entrent en contact avec\u00a0 quatre langues. Notre objectif est que tous nos \u00e9l\u00e8ves, \u00e0 la fin de leur parcours scolaire, soient capables de communiquer dans les diff\u00e9rentes langues apprises \u00e0 l&#8217;\u00e9cole : fran\u00e7ais, anglais, castellano et catalan.\u00a0<\/p>\n\n\n\n<p>Nous vous pr\u00e9sentons l&#8217;\u00e9quipe de langues du primaire du LIB Bon Soleil.<\/p>\n\n\n\n<p><\/p>\n\n\n\n<figure class=\"wp-block-gallery has-nested-images columns-default is-cropped wp-block-gallery-1 is-layout-flex wp-block-gallery-is-layout-flex\">\n<figure class=\"wp-block-image size-large\"><img loading=\"lazy\" decoding=\"async\" width=\"700\" height=\"467\" data-id=\"62834\" src=\"https:\/\/bonsoleil.es\/web\/wp-content\/uploads\/2022\/10\/IMG-20220830-WA0007-Medium-1-700x467.jpg\" alt=\"\" class=\"wp-image-62834\" srcset=\"https:\/\/bonsoleil.es\/web\/wp-content\/uploads\/2022\/10\/IMG-20220830-WA0007-Medium-1-700x467.jpg 700w, https:\/\/bonsoleil.es\/web\/wp-content\/uploads\/2022\/10\/IMG-20220830-WA0007-Medium-1-250x167.jpg 250w, https:\/\/bonsoleil.es\/web\/wp-content\/uploads\/2022\/10\/IMG-20220830-WA0007-Medium-1-768x512.jpg 768w, https:\/\/bonsoleil.es\/web\/wp-content\/uploads\/2022\/10\/IMG-20220830-WA0007-Medium-1-120x80.jpg 120w, https:\/\/bonsoleil.es\/web\/wp-content\/uploads\/2022\/10\/IMG-20220830-WA0007-Medium-1.jpg 1152w\" sizes=\"auto, (max-width: 700px) 100vw, 700px\" \/><\/figure>\n<\/figure>\n","protected":false},"excerpt":{"rendered":"La promotion d\u2019une \u00e9ducation plurilingue est au centre de notre projet p\u00e9dagogique. ","protected":false},"author":1,"featured_media":62834,"comment_status":"closed","ping_status":"closed","sticky":false,"template":"","format":"standard","meta":{"_acf_changed":false,"rs_blank_template":"","rs_page_bg_color":"","slide_template_v7":"","footnotes":"","_links_to":"","_links_to_target":""},"categories":[14],"tags":[],"class_list":["post-62833","post","type-post","status-publish","format-standard","has-post-thumbnail","hentry","category-primaire"],"acf":[],"yoast_head":"<!-- This site is optimized with the Yoast SEO plugin v27.5 - https:\/\/yoast.com\/product\/yoast-seo-wordpress\/ -->\n<title>Le pluriling\u00fcisme au LIB Bon Soleil\u00a0 - Lyc\u00e9e International Barcelona \u00b7 Bon Soleil<\/title>\n<meta name=\"robots\" content=\"index, follow, max-snippet:-1, max-image-preview:large, max-video-preview:-1\" \/>\n<link rel=\"canonical\" href=\"https:\/\/bonsoleil.es\/es\/le-plurilinguisme-au-lib-bon-soleil\/\" \/>\n<meta property=\"og:locale\" content=\"es_ES\" \/>\n<meta property=\"og:type\" content=\"article\" \/>\n<meta property=\"og:title\" content=\"Le pluriling\u00fcisme au LIB Bon Soleil\u00a0 - Lyc\u00e9e International Barcelona \u00b7 Bon Soleil\" \/>\n<meta property=\"og:description\" content=\"La promotion d\u2019une \u00e9ducation plurilingue est au centre de notre projet p\u00e9dagogique.\" \/>\n<meta property=\"og:url\" content=\"https:\/\/bonsoleil.es\/es\/le-plurilinguisme-au-lib-bon-soleil\/\" \/>\n<meta property=\"og:site_name\" content=\"Lyc\u00e9e International Barcelona \u00b7 Bon Soleil\" \/>\n<meta property=\"article:publisher\" content=\"https:\/\/www.facebook.com\/libBonSoleil\/\" \/>\n<meta property=\"article:published_time\" content=\"2022-10-03T09:22:56+00:00\" \/>\n<meta property=\"og:image\" content=\"https:\/\/bonsoleil.es\/web\/wp-content\/uploads\/2022\/10\/IMG-20220830-WA0007-Medium-1.jpg\" \/>\n\t<meta property=\"og:image:width\" content=\"1152\" \/>\n\t<meta property=\"og:image:height\" content=\"768\" \/>\n\t<meta property=\"og:image:type\" content=\"image\/jpeg\" \/>\n<meta name=\"author\" content=\"libbs\" \/>\n<meta name=\"twitter:card\" content=\"summary_large_image\" \/>\n<meta name=\"twitter:creator\" content=\"@lib_bonsoleil\" \/>\n<meta name=\"twitter:site\" content=\"@lib_bonsoleil\" \/>\n<meta name=\"twitter:label1\" content=\"Escrito por\" \/>\n\t<meta name=\"twitter:data1\" content=\"libbs\" \/>\n\t<meta name=\"twitter:label2\" content=\"Tiempo de lectura\" \/>\n\t<meta name=\"twitter:data2\" content=\"1 minuto\" \/>\n<script type=\"application\/ld+json\" class=\"yoast-schema-graph\">{\"@context\":\"https:\\\/\\\/schema.org\",\"@graph\":[{\"@type\":\"Article\",\"@id\":\"https:\\\/\\\/bonsoleil.es\\\/es\\\/le-plurilinguisme-au-lib-bon-soleil\\\/#article\",\"isPartOf\":{\"@id\":\"https:\\\/\\\/bonsoleil.es\\\/es\\\/le-plurilinguisme-au-lib-bon-soleil\\\/\"},\"author\":{\"name\":\"libbs\",\"@id\":\"https:\\\/\\\/bonsoleil.es\\\/es\\\/#\\\/schema\\\/person\\\/f90f9175af4fad9c626fd2873bc546ec\"},\"headline\":\"Le pluriling\u00fcisme au LIB Bon Soleil\u00a0\",\"datePublished\":\"2022-10-03T09:22:56+00:00\",\"mainEntityOfPage\":{\"@id\":\"https:\\\/\\\/bonsoleil.es\\\/es\\\/le-plurilinguisme-au-lib-bon-soleil\\\/\"},\"wordCount\":104,\"image\":{\"@id\":\"https:\\\/\\\/bonsoleil.es\\\/es\\\/le-plurilinguisme-au-lib-bon-soleil\\\/#primaryimage\"},\"thumbnailUrl\":\"https:\\\/\\\/bonsoleil.es\\\/web\\\/wp-content\\\/uploads\\\/2022\\\/10\\\/IMG-20220830-WA0007-Medium-1.jpg\",\"articleSection\":[\"Primaire\"],\"inLanguage\":\"es\"},{\"@type\":\"WebPage\",\"@id\":\"https:\\\/\\\/bonsoleil.es\\\/es\\\/le-plurilinguisme-au-lib-bon-soleil\\\/\",\"url\":\"https:\\\/\\\/bonsoleil.es\\\/es\\\/le-plurilinguisme-au-lib-bon-soleil\\\/\",\"name\":\"Le pluriling\u00fcisme au LIB Bon Soleil\u00a0 - Lyc\u00e9e International Barcelona \u00b7 Bon Soleil\",\"isPartOf\":{\"@id\":\"https:\\\/\\\/bonsoleil.es\\\/es\\\/#website\"},\"primaryImageOfPage\":{\"@id\":\"https:\\\/\\\/bonsoleil.es\\\/es\\\/le-plurilinguisme-au-lib-bon-soleil\\\/#primaryimage\"},\"image\":{\"@id\":\"https:\\\/\\\/bonsoleil.es\\\/es\\\/le-plurilinguisme-au-lib-bon-soleil\\\/#primaryimage\"},\"thumbnailUrl\":\"https:\\\/\\\/bonsoleil.es\\\/web\\\/wp-content\\\/uploads\\\/2022\\\/10\\\/IMG-20220830-WA0007-Medium-1.jpg\",\"datePublished\":\"2022-10-03T09:22:56+00:00\",\"author\":{\"@id\":\"https:\\\/\\\/bonsoleil.es\\\/es\\\/#\\\/schema\\\/person\\\/f90f9175af4fad9c626fd2873bc546ec\"},\"breadcrumb\":{\"@id\":\"https:\\\/\\\/bonsoleil.es\\\/es\\\/le-plurilinguisme-au-lib-bon-soleil\\\/#breadcrumb\"},\"inLanguage\":\"es\",\"potentialAction\":[{\"@type\":\"ReadAction\",\"target\":[\"https:\\\/\\\/bonsoleil.es\\\/es\\\/le-plurilinguisme-au-lib-bon-soleil\\\/\"]}]},{\"@type\":\"ImageObject\",\"inLanguage\":\"es\",\"@id\":\"https:\\\/\\\/bonsoleil.es\\\/es\\\/le-plurilinguisme-au-lib-bon-soleil\\\/#primaryimage\",\"url\":\"https:\\\/\\\/bonsoleil.es\\\/web\\\/wp-content\\\/uploads\\\/2022\\\/10\\\/IMG-20220830-WA0007-Medium-1.jpg\",\"contentUrl\":\"https:\\\/\\\/bonsoleil.es\\\/web\\\/wp-content\\\/uploads\\\/2022\\\/10\\\/IMG-20220830-WA0007-Medium-1.jpg\",\"width\":1152,\"height\":768},{\"@type\":\"BreadcrumbList\",\"@id\":\"https:\\\/\\\/bonsoleil.es\\\/es\\\/le-plurilinguisme-au-lib-bon-soleil\\\/#breadcrumb\",\"itemListElement\":[{\"@type\":\"ListItem\",\"position\":1,\"name\":\"Portada\",\"item\":\"https:\\\/\\\/bonsoleil.es\\\/es\\\/\"},{\"@type\":\"ListItem\",\"position\":2,\"name\":\"Le pluriling\u00fcisme au LIB Bon Soleil\u00a0\"}]},{\"@type\":\"WebSite\",\"@id\":\"https:\\\/\\\/bonsoleil.es\\\/es\\\/#website\",\"url\":\"https:\\\/\\\/bonsoleil.es\\\/es\\\/\",\"name\":\"Lyc\u00e9e International Barcelona \u00b7 Bon Soleil\",\"description\":\"Lyc\u00e9e International Barcelona\",\"potentialAction\":[{\"@type\":\"SearchAction\",\"target\":{\"@type\":\"EntryPoint\",\"urlTemplate\":\"https:\\\/\\\/bonsoleil.es\\\/es\\\/?s={search_term_string}\"},\"query-input\":{\"@type\":\"PropertyValueSpecification\",\"valueRequired\":true,\"valueName\":\"search_term_string\"}}],\"inLanguage\":\"es\"},{\"@type\":\"Person\",\"@id\":\"https:\\\/\\\/bonsoleil.es\\\/es\\\/#\\\/schema\\\/person\\\/f90f9175af4fad9c626fd2873bc546ec\",\"name\":\"libbs\",\"image\":{\"@type\":\"ImageObject\",\"inLanguage\":\"es\",\"@id\":\"https:\\\/\\\/bonsoleil.es\\\/web\\\/wp-content\\\/litespeed\\\/avatar\\\/6719caedb5831fa7538835120a8121f8.jpg?ver=1777642571\",\"url\":\"https:\\\/\\\/bonsoleil.es\\\/web\\\/wp-content\\\/litespeed\\\/avatar\\\/6719caedb5831fa7538835120a8121f8.jpg?ver=1777642571\",\"contentUrl\":\"https:\\\/\\\/bonsoleil.es\\\/web\\\/wp-content\\\/litespeed\\\/avatar\\\/6719caedb5831fa7538835120a8121f8.jpg?ver=1777642571\",\"caption\":\"libbs\"},\"sameAs\":[\"http:\\\/\\\/localhost\\\/bonsoleil\\\/new_web\"],\"url\":\"https:\\\/\\\/bonsoleil.es\\\/es\\\/author\\\/libbs\\\/\"}]}<\/script>\n<!-- \/ Yoast SEO plugin. -->","yoast_head_json":{"title":"Le pluriling\u00fcisme au LIB Bon Soleil\u00a0 - Lyc\u00e9e International Barcelona \u00b7 Bon Soleil","robots":{"index":"index","follow":"follow","max-snippet":"max-snippet:-1","max-image-preview":"max-image-preview:large","max-video-preview":"max-video-preview:-1"},"canonical":"https:\/\/bonsoleil.es\/es\/le-plurilinguisme-au-lib-bon-soleil\/","og_locale":"es_ES","og_type":"article","og_title":"Le pluriling\u00fcisme au LIB Bon Soleil\u00a0 - Lyc\u00e9e International Barcelona \u00b7 Bon Soleil","og_description":"La promotion d\u2019une \u00e9ducation plurilingue est au centre de notre projet p\u00e9dagogique.","og_url":"https:\/\/bonsoleil.es\/es\/le-plurilinguisme-au-lib-bon-soleil\/","og_site_name":"Lyc\u00e9e International Barcelona \u00b7 Bon Soleil","article_publisher":"https:\/\/www.facebook.com\/libBonSoleil\/","article_published_time":"2022-10-03T09:22:56+00:00","og_image":[{"width":1152,"height":768,"url":"https:\/\/bonsoleil.es\/web\/wp-content\/uploads\/2022\/10\/IMG-20220830-WA0007-Medium-1.jpg","type":"image\/jpeg"}],"author":"libbs","twitter_card":"summary_large_image","twitter_creator":"@lib_bonsoleil","twitter_site":"@lib_bonsoleil","twitter_misc":{"Escrito por":"libbs","Tiempo de lectura":"1 minuto"},"schema":{"@context":"https:\/\/schema.org","@graph":[{"@type":"Article","@id":"https:\/\/bonsoleil.es\/es\/le-plurilinguisme-au-lib-bon-soleil\/#article","isPartOf":{"@id":"https:\/\/bonsoleil.es\/es\/le-plurilinguisme-au-lib-bon-soleil\/"},"author":{"name":"libbs","@id":"https:\/\/bonsoleil.es\/es\/#\/schema\/person\/f90f9175af4fad9c626fd2873bc546ec"},"headline":"Le pluriling\u00fcisme au LIB Bon Soleil\u00a0","datePublished":"2022-10-03T09:22:56+00:00","mainEntityOfPage":{"@id":"https:\/\/bonsoleil.es\/es\/le-plurilinguisme-au-lib-bon-soleil\/"},"wordCount":104,"image":{"@id":"https:\/\/bonsoleil.es\/es\/le-plurilinguisme-au-lib-bon-soleil\/#primaryimage"},"thumbnailUrl":"https:\/\/bonsoleil.es\/web\/wp-content\/uploads\/2022\/10\/IMG-20220830-WA0007-Medium-1.jpg","articleSection":["Primaire"],"inLanguage":"es"},{"@type":"WebPage","@id":"https:\/\/bonsoleil.es\/es\/le-plurilinguisme-au-lib-bon-soleil\/","url":"https:\/\/bonsoleil.es\/es\/le-plurilinguisme-au-lib-bon-soleil\/","name":"Le pluriling\u00fcisme au LIB Bon Soleil\u00a0 - Lyc\u00e9e International Barcelona \u00b7 Bon Soleil","isPartOf":{"@id":"https:\/\/bonsoleil.es\/es\/#website"},"primaryImageOfPage":{"@id":"https:\/\/bonsoleil.es\/es\/le-plurilinguisme-au-lib-bon-soleil\/#primaryimage"},"image":{"@id":"https:\/\/bonsoleil.es\/es\/le-plurilinguisme-au-lib-bon-soleil\/#primaryimage"},"thumbnailUrl":"https:\/\/bonsoleil.es\/web\/wp-content\/uploads\/2022\/10\/IMG-20220830-WA0007-Medium-1.jpg","datePublished":"2022-10-03T09:22:56+00:00","author":{"@id":"https:\/\/bonsoleil.es\/es\/#\/schema\/person\/f90f9175af4fad9c626fd2873bc546ec"},"breadcrumb":{"@id":"https:\/\/bonsoleil.es\/es\/le-plurilinguisme-au-lib-bon-soleil\/#breadcrumb"},"inLanguage":"es","potentialAction":[{"@type":"ReadAction","target":["https:\/\/bonsoleil.es\/es\/le-plurilinguisme-au-lib-bon-soleil\/"]}]},{"@type":"ImageObject","inLanguage":"es","@id":"https:\/\/bonsoleil.es\/es\/le-plurilinguisme-au-lib-bon-soleil\/#primaryimage","url":"https:\/\/bonsoleil.es\/web\/wp-content\/uploads\/2022\/10\/IMG-20220830-WA0007-Medium-1.jpg","contentUrl":"https:\/\/bonsoleil.es\/web\/wp-content\/uploads\/2022\/10\/IMG-20220830-WA0007-Medium-1.jpg","width":1152,"height":768},{"@type":"BreadcrumbList","@id":"https:\/\/bonsoleil.es\/es\/le-plurilinguisme-au-lib-bon-soleil\/#breadcrumb","itemListElement":[{"@type":"ListItem","position":1,"name":"Portada","item":"https:\/\/bonsoleil.es\/es\/"},{"@type":"ListItem","position":2,"name":"Le pluriling\u00fcisme au LIB Bon Soleil\u00a0"}]},{"@type":"WebSite","@id":"https:\/\/bonsoleil.es\/es\/#website","url":"https:\/\/bonsoleil.es\/es\/","name":"Lyc\u00e9e International Barcelona \u00b7 Bon Soleil","description":"Lyc\u00e9e International Barcelona","potentialAction":[{"@type":"SearchAction","target":{"@type":"EntryPoint","urlTemplate":"https:\/\/bonsoleil.es\/es\/?s={search_term_string}"},"query-input":{"@type":"PropertyValueSpecification","valueRequired":true,"valueName":"search_term_string"}}],"inLanguage":"es"},{"@type":"Person","@id":"https:\/\/bonsoleil.es\/es\/#\/schema\/person\/f90f9175af4fad9c626fd2873bc546ec","name":"libbs","image":{"@type":"ImageObject","inLanguage":"es","@id":"https:\/\/bonsoleil.es\/web\/wp-content\/litespeed\/avatar\/6719caedb5831fa7538835120a8121f8.jpg?ver=1777642571","url":"https:\/\/bonsoleil.es\/web\/wp-content\/litespeed\/avatar\/6719caedb5831fa7538835120a8121f8.jpg?ver=1777642571","contentUrl":"https:\/\/bonsoleil.es\/web\/wp-content\/litespeed\/avatar\/6719caedb5831fa7538835120a8121f8.jpg?ver=1777642571","caption":"libbs"},"sameAs":["http:\/\/localhost\/bonsoleil\/new_web"],"url":"https:\/\/bonsoleil.es\/es\/author\/libbs\/"}]}},"_links":{"self":[{"href":"https:\/\/bonsoleil.es\/es\/wp-json\/wp\/v2\/posts\/62833","targetHints":{"allow":["GET"]}}],"collection":[{"href":"https:\/\/bonsoleil.es\/es\/wp-json\/wp\/v2\/posts"}],"about":[{"href":"https:\/\/bonsoleil.es\/es\/wp-json\/wp\/v2\/types\/post"}],"author":[{"embeddable":true,"href":"https:\/\/bonsoleil.es\/es\/wp-json\/wp\/v2\/users\/1"}],"replies":[{"embeddable":true,"href":"https:\/\/bonsoleil.es\/es\/wp-json\/wp\/v2\/comments?post=62833"}],"version-history":[{"count":0,"href":"https:\/\/bonsoleil.es\/es\/wp-json\/wp\/v2\/posts\/62833\/revisions"}],"wp:featuredmedia":[{"embeddable":true,"href":"https:\/\/bonsoleil.es\/es\/wp-json\/wp\/v2\/media\/62834"}],"wp:attachment":[{"href":"https:\/\/bonsoleil.es\/es\/wp-json\/wp\/v2\/media?parent=62833"}],"wp:term":[{"taxonomy":"category","embeddable":true,"href":"https:\/\/bonsoleil.es\/es\/wp-json\/wp\/v2\/categories?post=62833"},{"taxonomy":"post_tag","embeddable":true,"href":"https:\/\/bonsoleil.es\/es\/wp-json\/wp\/v2\/tags?post=62833"}],"curies":[{"name":"wp","href":"https:\/\/api.w.org\/{rel}","templated":true}]}}