{"id":64620,"date":"2022-11-11T12:50:13","date_gmt":"2022-11-11T11:50:13","guid":{"rendered":"https:\/\/www.bonsoleil.es\/?p=64620"},"modified":"2022-11-11T12:50:13","modified_gmt":"2022-11-11T11:50:13","slug":"remise-des-diplomes-detudes-en-langue-francaise","status":"publish","type":"post","link":"https:\/\/bonsoleil.es\/es\/remise-des-diplomes-detudes-en-langue-francaise\/","title":{"rendered":"Remise des dipl\u00f4mes d&#8217;\u00e9tudes en langue fran\u00e7aise"},"content":{"rendered":"\n<p>Entre hier et aujourd&#8217;hui, <strong>les dipl\u00f4mes officiels du DELF B2<\/strong>, aux \u00e9l\u00e8ves re\u00e7us aux sessions d&#8217;avril et mai 2021.<\/p>\n\n\n\n<p>&#8211;<\/p>\n\n\n\n<p>Entre ayer y hoy hemos entregado <strong>los diplomas oficiales del DELF B2<\/strong> a los alumnos aprobados en las sesiones de abril y mayo de 2021.<\/p>\n\n\n\n<figure class=\"wp-block-gallery has-nested-images columns-default is-cropped wp-block-gallery-1 is-layout-flex wp-block-gallery-is-layout-flex\">\n<figure class=\"wp-block-image size-full\"><a href=\"https:\/\/www.bonsoleil.es\/bonsoleil\/wp-content\/uploads\/2022\/11\/1-7.jpg\"><img decoding=\"async\" data-id=\"64621\" src=\"https:\/\/www.bonsoleil.es\/bonsoleil\/wp-content\/uploads\/2022\/11\/1-7.jpg\" alt=\"\" class=\"wp-image-64621\"\/><\/a><\/figure>\n\n\n\n<figure class=\"wp-block-image size-full\"><a href=\"https:\/\/www.bonsoleil.es\/bonsoleil\/wp-content\/uploads\/2022\/11\/2-5.jpg\"><img decoding=\"async\" data-id=\"64622\" src=\"https:\/\/www.bonsoleil.es\/bonsoleil\/wp-content\/uploads\/2022\/11\/2-5.jpg\" alt=\"\" class=\"wp-image-64622\"\/><\/a><\/figure>\n\n\n\n<figure class=\"wp-block-image size-full\"><a href=\"https:\/\/www.bonsoleil.es\/bonsoleil\/wp-content\/uploads\/2022\/11\/3-6.jpg\"><img decoding=\"async\" data-id=\"64623\" src=\"https:\/\/www.bonsoleil.es\/bonsoleil\/wp-content\/uploads\/2022\/11\/3-6.jpg\" alt=\"\" class=\"wp-image-64623\"\/><\/a><\/figure>\n\n\n\n<figure class=\"wp-block-image size-full\"><a href=\"https:\/\/www.bonsoleil.es\/bonsoleil\/wp-content\/uploads\/2022\/11\/4-5.jpg\"><img decoding=\"async\" data-id=\"64624\" src=\"https:\/\/www.bonsoleil.es\/bonsoleil\/wp-content\/uploads\/2022\/11\/4-5.jpg\" alt=\"\" class=\"wp-image-64624\"\/><\/a><\/figure>\n\n\n\n<figure class=\"wp-block-image size-full\"><a href=\"https:\/\/www.bonsoleil.es\/bonsoleil\/wp-content\/uploads\/2022\/11\/5-4.jpg\"><img decoding=\"async\" data-id=\"64625\" src=\"https:\/\/www.bonsoleil.es\/bonsoleil\/wp-content\/uploads\/2022\/11\/5-4.jpg\" alt=\"\" class=\"wp-image-64625\"\/><\/a><\/figure>\n\n\n\n<figure class=\"wp-block-image size-full\"><a href=\"https:\/\/www.bonsoleil.es\/bonsoleil\/wp-content\/uploads\/2022\/11\/6-4.jpg\"><img decoding=\"async\" data-id=\"64626\" src=\"https:\/\/www.bonsoleil.es\/bonsoleil\/wp-content\/uploads\/2022\/11\/6-4.jpg\" alt=\"\" class=\"wp-image-64626\"\/><\/a><\/figure>\n\n\n\n<figure class=\"wp-block-image size-full\"><a href=\"https:\/\/www.bonsoleil.es\/bonsoleil\/wp-content\/uploads\/2022\/11\/9-2.jpg\"><img decoding=\"async\" data-id=\"64627\" src=\"https:\/\/www.bonsoleil.es\/bonsoleil\/wp-content\/uploads\/2022\/11\/9-2.jpg\" alt=\"\" class=\"wp-image-64627\"\/><\/a><\/figure>\n<\/figure>\n","protected":false},"excerpt":{"rendered":"Entre hier et aujourd&#8217;hui, les dipl\u00f4mes officiels du DELF B2, aux \u00e9l\u00e8ves re\u00e7us aux sessions d&#8217;avril et mai 2021.","protected":false},"author":1,"featured_media":64628,"comment_status":"closed","ping_status":"closed","sticky":false,"template":"","format":"standard","meta":{"_acf_changed":false,"rs_blank_template":"","rs_page_bg_color":"","slide_template_v7":"","footnotes":"","_links_to":"","_links_to_target":""},"categories":[16,9],"tags":[],"class_list":["post-64620","post","type-post","status-publish","format-standard","has-post-thumbnail","hentry","category-2n-bac","category-secondaire"],"acf":[],"yoast_head":"<!-- This site is optimized with the Yoast SEO plugin v27.4 - https:\/\/yoast.com\/product\/yoast-seo-wordpress\/ -->\n<title>Remise des dipl\u00f4mes d&#039;\u00e9tudes en langue fran\u00e7aise - Lyc\u00e9e International Barcelona \u00b7 Bon Soleil<\/title>\n<meta name=\"robots\" content=\"index, follow, max-snippet:-1, max-image-preview:large, max-video-preview:-1\" \/>\n<link rel=\"canonical\" href=\"https:\/\/bonsoleil.es\/es\/remise-des-diplomes-detudes-en-langue-francaise\/\" \/>\n<meta property=\"og:locale\" content=\"es_ES\" \/>\n<meta property=\"og:type\" content=\"article\" \/>\n<meta property=\"og:title\" content=\"Remise des dipl\u00f4mes d&#039;\u00e9tudes en langue fran\u00e7aise - Lyc\u00e9e International Barcelona \u00b7 Bon Soleil\" \/>\n<meta property=\"og:description\" content=\"Entre hier et aujourd&#039;hui, les dipl\u00f4mes officiels du DELF B2, aux \u00e9l\u00e8ves re\u00e7us aux sessions d&#039;avril et mai 2021.\" \/>\n<meta property=\"og:url\" content=\"https:\/\/bonsoleil.es\/es\/remise-des-diplomes-detudes-en-langue-francaise\/\" \/>\n<meta property=\"og:site_name\" content=\"Lyc\u00e9e International Barcelona \u00b7 Bon Soleil\" \/>\n<meta property=\"article:publisher\" content=\"https:\/\/www.facebook.com\/libBonSoleil\/\" \/>\n<meta property=\"article:published_time\" content=\"2022-11-11T11:50:13+00:00\" \/>\n<meta property=\"og:image\" content=\"https:\/\/bonsoleil.es\/web\/wp-content\/uploads\/2022\/11\/horiz-1.jpg\" \/>\n\t<meta property=\"og:image:width\" content=\"1600\" \/>\n\t<meta property=\"og:image:height\" content=\"1195\" \/>\n\t<meta property=\"og:image:type\" content=\"image\/jpeg\" \/>\n<meta name=\"author\" content=\"libbs\" \/>\n<meta name=\"twitter:card\" content=\"summary_large_image\" \/>\n<meta name=\"twitter:creator\" content=\"@lib_bonsoleil\" \/>\n<meta name=\"twitter:site\" content=\"@lib_bonsoleil\" \/>\n<meta name=\"twitter:label1\" content=\"Escrito por\" \/>\n\t<meta name=\"twitter:data1\" content=\"libbs\" \/>\n\t<meta name=\"twitter:label2\" content=\"Tiempo de lectura\" \/>\n\t<meta name=\"twitter:data2\" content=\"2 minutos\" \/>\n<script type=\"application\/ld+json\" class=\"yoast-schema-graph\">{\"@context\":\"https:\\\/\\\/schema.org\",\"@graph\":[{\"@type\":\"Article\",\"@id\":\"https:\\\/\\\/bonsoleil.es\\\/es\\\/remise-des-diplomes-detudes-en-langue-francaise\\\/#article\",\"isPartOf\":{\"@id\":\"https:\\\/\\\/bonsoleil.es\\\/es\\\/remise-des-diplomes-detudes-en-langue-francaise\\\/\"},\"author\":{\"name\":\"libbs\",\"@id\":\"https:\\\/\\\/bonsoleil.es\\\/es\\\/#\\\/schema\\\/person\\\/f90f9175af4fad9c626fd2873bc546ec\"},\"headline\":\"Remise des dipl\u00f4mes d&#8217;\u00e9tudes en langue fran\u00e7aise\",\"datePublished\":\"2022-11-11T11:50:13+00:00\",\"mainEntityOfPage\":{\"@id\":\"https:\\\/\\\/bonsoleil.es\\\/es\\\/remise-des-diplomes-detudes-en-langue-francaise\\\/\"},\"wordCount\":58,\"image\":{\"@id\":\"https:\\\/\\\/bonsoleil.es\\\/es\\\/remise-des-diplomes-detudes-en-langue-francaise\\\/#primaryimage\"},\"thumbnailUrl\":\"https:\\\/\\\/bonsoleil.es\\\/web\\\/wp-content\\\/uploads\\\/2022\\\/11\\\/horiz-1.jpg\",\"articleSection\":[\"2n Bachibac\",\"Secondaire\"],\"inLanguage\":\"es\"},{\"@type\":\"WebPage\",\"@id\":\"https:\\\/\\\/bonsoleil.es\\\/es\\\/remise-des-diplomes-detudes-en-langue-francaise\\\/\",\"url\":\"https:\\\/\\\/bonsoleil.es\\\/es\\\/remise-des-diplomes-detudes-en-langue-francaise\\\/\",\"name\":\"Remise des dipl\u00f4mes d'\u00e9tudes en langue fran\u00e7aise - Lyc\u00e9e International Barcelona \u00b7 Bon Soleil\",\"isPartOf\":{\"@id\":\"https:\\\/\\\/bonsoleil.es\\\/es\\\/#website\"},\"primaryImageOfPage\":{\"@id\":\"https:\\\/\\\/bonsoleil.es\\\/es\\\/remise-des-diplomes-detudes-en-langue-francaise\\\/#primaryimage\"},\"image\":{\"@id\":\"https:\\\/\\\/bonsoleil.es\\\/es\\\/remise-des-diplomes-detudes-en-langue-francaise\\\/#primaryimage\"},\"thumbnailUrl\":\"https:\\\/\\\/bonsoleil.es\\\/web\\\/wp-content\\\/uploads\\\/2022\\\/11\\\/horiz-1.jpg\",\"datePublished\":\"2022-11-11T11:50:13+00:00\",\"author\":{\"@id\":\"https:\\\/\\\/bonsoleil.es\\\/es\\\/#\\\/schema\\\/person\\\/f90f9175af4fad9c626fd2873bc546ec\"},\"breadcrumb\":{\"@id\":\"https:\\\/\\\/bonsoleil.es\\\/es\\\/remise-des-diplomes-detudes-en-langue-francaise\\\/#breadcrumb\"},\"inLanguage\":\"es\",\"potentialAction\":[{\"@type\":\"ReadAction\",\"target\":[\"https:\\\/\\\/bonsoleil.es\\\/es\\\/remise-des-diplomes-detudes-en-langue-francaise\\\/\"]}]},{\"@type\":\"ImageObject\",\"inLanguage\":\"es\",\"@id\":\"https:\\\/\\\/bonsoleil.es\\\/es\\\/remise-des-diplomes-detudes-en-langue-francaise\\\/#primaryimage\",\"url\":\"https:\\\/\\\/bonsoleil.es\\\/web\\\/wp-content\\\/uploads\\\/2022\\\/11\\\/horiz-1.jpg\",\"contentUrl\":\"https:\\\/\\\/bonsoleil.es\\\/web\\\/wp-content\\\/uploads\\\/2022\\\/11\\\/horiz-1.jpg\",\"width\":1600,\"height\":1195},{\"@type\":\"BreadcrumbList\",\"@id\":\"https:\\\/\\\/bonsoleil.es\\\/es\\\/remise-des-diplomes-detudes-en-langue-francaise\\\/#breadcrumb\",\"itemListElement\":[{\"@type\":\"ListItem\",\"position\":1,\"name\":\"Portada\",\"item\":\"https:\\\/\\\/bonsoleil.es\\\/es\\\/\"},{\"@type\":\"ListItem\",\"position\":2,\"name\":\"Remise des dipl\u00f4mes d&rsquo;\u00e9tudes en langue fran\u00e7aise\"}]},{\"@type\":\"WebSite\",\"@id\":\"https:\\\/\\\/bonsoleil.es\\\/es\\\/#website\",\"url\":\"https:\\\/\\\/bonsoleil.es\\\/es\\\/\",\"name\":\"Lyc\u00e9e International Barcelona \u00b7 Bon Soleil\",\"description\":\"Lyc\u00e9e International Barcelona\",\"potentialAction\":[{\"@type\":\"SearchAction\",\"target\":{\"@type\":\"EntryPoint\",\"urlTemplate\":\"https:\\\/\\\/bonsoleil.es\\\/es\\\/?s={search_term_string}\"},\"query-input\":{\"@type\":\"PropertyValueSpecification\",\"valueRequired\":true,\"valueName\":\"search_term_string\"}}],\"inLanguage\":\"es\"},{\"@type\":\"Person\",\"@id\":\"https:\\\/\\\/bonsoleil.es\\\/es\\\/#\\\/schema\\\/person\\\/f90f9175af4fad9c626fd2873bc546ec\",\"name\":\"libbs\",\"image\":{\"@type\":\"ImageObject\",\"inLanguage\":\"es\",\"@id\":\"https:\\\/\\\/bonsoleil.es\\\/web\\\/wp-content\\\/litespeed\\\/avatar\\\/6719caedb5831fa7538835120a8121f8.jpg?ver=1777037754\",\"url\":\"https:\\\/\\\/bonsoleil.es\\\/web\\\/wp-content\\\/litespeed\\\/avatar\\\/6719caedb5831fa7538835120a8121f8.jpg?ver=1777037754\",\"contentUrl\":\"https:\\\/\\\/bonsoleil.es\\\/web\\\/wp-content\\\/litespeed\\\/avatar\\\/6719caedb5831fa7538835120a8121f8.jpg?ver=1777037754\",\"caption\":\"libbs\"},\"sameAs\":[\"http:\\\/\\\/localhost\\\/bonsoleil\\\/new_web\"],\"url\":\"https:\\\/\\\/bonsoleil.es\\\/es\\\/author\\\/libbs\\\/\"}]}<\/script>\n<!-- \/ Yoast SEO plugin. -->","yoast_head_json":{"title":"Remise des dipl\u00f4mes d'\u00e9tudes en langue fran\u00e7aise - Lyc\u00e9e International Barcelona \u00b7 Bon Soleil","robots":{"index":"index","follow":"follow","max-snippet":"max-snippet:-1","max-image-preview":"max-image-preview:large","max-video-preview":"max-video-preview:-1"},"canonical":"https:\/\/bonsoleil.es\/es\/remise-des-diplomes-detudes-en-langue-francaise\/","og_locale":"es_ES","og_type":"article","og_title":"Remise des dipl\u00f4mes d'\u00e9tudes en langue fran\u00e7aise - Lyc\u00e9e International Barcelona \u00b7 Bon Soleil","og_description":"Entre hier et aujourd'hui, les dipl\u00f4mes officiels du DELF B2, aux \u00e9l\u00e8ves re\u00e7us aux sessions d'avril et mai 2021.","og_url":"https:\/\/bonsoleil.es\/es\/remise-des-diplomes-detudes-en-langue-francaise\/","og_site_name":"Lyc\u00e9e International Barcelona \u00b7 Bon Soleil","article_publisher":"https:\/\/www.facebook.com\/libBonSoleil\/","article_published_time":"2022-11-11T11:50:13+00:00","og_image":[{"width":1600,"height":1195,"url":"https:\/\/bonsoleil.es\/web\/wp-content\/uploads\/2022\/11\/horiz-1.jpg","type":"image\/jpeg"}],"author":"libbs","twitter_card":"summary_large_image","twitter_creator":"@lib_bonsoleil","twitter_site":"@lib_bonsoleil","twitter_misc":{"Escrito por":"libbs","Tiempo de lectura":"2 minutos"},"schema":{"@context":"https:\/\/schema.org","@graph":[{"@type":"Article","@id":"https:\/\/bonsoleil.es\/es\/remise-des-diplomes-detudes-en-langue-francaise\/#article","isPartOf":{"@id":"https:\/\/bonsoleil.es\/es\/remise-des-diplomes-detudes-en-langue-francaise\/"},"author":{"name":"libbs","@id":"https:\/\/bonsoleil.es\/es\/#\/schema\/person\/f90f9175af4fad9c626fd2873bc546ec"},"headline":"Remise des dipl\u00f4mes d&#8217;\u00e9tudes en langue fran\u00e7aise","datePublished":"2022-11-11T11:50:13+00:00","mainEntityOfPage":{"@id":"https:\/\/bonsoleil.es\/es\/remise-des-diplomes-detudes-en-langue-francaise\/"},"wordCount":58,"image":{"@id":"https:\/\/bonsoleil.es\/es\/remise-des-diplomes-detudes-en-langue-francaise\/#primaryimage"},"thumbnailUrl":"https:\/\/bonsoleil.es\/web\/wp-content\/uploads\/2022\/11\/horiz-1.jpg","articleSection":["2n Bachibac","Secondaire"],"inLanguage":"es"},{"@type":"WebPage","@id":"https:\/\/bonsoleil.es\/es\/remise-des-diplomes-detudes-en-langue-francaise\/","url":"https:\/\/bonsoleil.es\/es\/remise-des-diplomes-detudes-en-langue-francaise\/","name":"Remise des dipl\u00f4mes d'\u00e9tudes en langue fran\u00e7aise - Lyc\u00e9e International Barcelona \u00b7 Bon Soleil","isPartOf":{"@id":"https:\/\/bonsoleil.es\/es\/#website"},"primaryImageOfPage":{"@id":"https:\/\/bonsoleil.es\/es\/remise-des-diplomes-detudes-en-langue-francaise\/#primaryimage"},"image":{"@id":"https:\/\/bonsoleil.es\/es\/remise-des-diplomes-detudes-en-langue-francaise\/#primaryimage"},"thumbnailUrl":"https:\/\/bonsoleil.es\/web\/wp-content\/uploads\/2022\/11\/horiz-1.jpg","datePublished":"2022-11-11T11:50:13+00:00","author":{"@id":"https:\/\/bonsoleil.es\/es\/#\/schema\/person\/f90f9175af4fad9c626fd2873bc546ec"},"breadcrumb":{"@id":"https:\/\/bonsoleil.es\/es\/remise-des-diplomes-detudes-en-langue-francaise\/#breadcrumb"},"inLanguage":"es","potentialAction":[{"@type":"ReadAction","target":["https:\/\/bonsoleil.es\/es\/remise-des-diplomes-detudes-en-langue-francaise\/"]}]},{"@type":"ImageObject","inLanguage":"es","@id":"https:\/\/bonsoleil.es\/es\/remise-des-diplomes-detudes-en-langue-francaise\/#primaryimage","url":"https:\/\/bonsoleil.es\/web\/wp-content\/uploads\/2022\/11\/horiz-1.jpg","contentUrl":"https:\/\/bonsoleil.es\/web\/wp-content\/uploads\/2022\/11\/horiz-1.jpg","width":1600,"height":1195},{"@type":"BreadcrumbList","@id":"https:\/\/bonsoleil.es\/es\/remise-des-diplomes-detudes-en-langue-francaise\/#breadcrumb","itemListElement":[{"@type":"ListItem","position":1,"name":"Portada","item":"https:\/\/bonsoleil.es\/es\/"},{"@type":"ListItem","position":2,"name":"Remise des dipl\u00f4mes d&rsquo;\u00e9tudes en langue fran\u00e7aise"}]},{"@type":"WebSite","@id":"https:\/\/bonsoleil.es\/es\/#website","url":"https:\/\/bonsoleil.es\/es\/","name":"Lyc\u00e9e International Barcelona \u00b7 Bon Soleil","description":"Lyc\u00e9e International Barcelona","potentialAction":[{"@type":"SearchAction","target":{"@type":"EntryPoint","urlTemplate":"https:\/\/bonsoleil.es\/es\/?s={search_term_string}"},"query-input":{"@type":"PropertyValueSpecification","valueRequired":true,"valueName":"search_term_string"}}],"inLanguage":"es"},{"@type":"Person","@id":"https:\/\/bonsoleil.es\/es\/#\/schema\/person\/f90f9175af4fad9c626fd2873bc546ec","name":"libbs","image":{"@type":"ImageObject","inLanguage":"es","@id":"https:\/\/bonsoleil.es\/web\/wp-content\/litespeed\/avatar\/6719caedb5831fa7538835120a8121f8.jpg?ver=1777037754","url":"https:\/\/bonsoleil.es\/web\/wp-content\/litespeed\/avatar\/6719caedb5831fa7538835120a8121f8.jpg?ver=1777037754","contentUrl":"https:\/\/bonsoleil.es\/web\/wp-content\/litespeed\/avatar\/6719caedb5831fa7538835120a8121f8.jpg?ver=1777037754","caption":"libbs"},"sameAs":["http:\/\/localhost\/bonsoleil\/new_web"],"url":"https:\/\/bonsoleil.es\/es\/author\/libbs\/"}]}},"_links":{"self":[{"href":"https:\/\/bonsoleil.es\/es\/wp-json\/wp\/v2\/posts\/64620","targetHints":{"allow":["GET"]}}],"collection":[{"href":"https:\/\/bonsoleil.es\/es\/wp-json\/wp\/v2\/posts"}],"about":[{"href":"https:\/\/bonsoleil.es\/es\/wp-json\/wp\/v2\/types\/post"}],"author":[{"embeddable":true,"href":"https:\/\/bonsoleil.es\/es\/wp-json\/wp\/v2\/users\/1"}],"replies":[{"embeddable":true,"href":"https:\/\/bonsoleil.es\/es\/wp-json\/wp\/v2\/comments?post=64620"}],"version-history":[{"count":0,"href":"https:\/\/bonsoleil.es\/es\/wp-json\/wp\/v2\/posts\/64620\/revisions"}],"wp:featuredmedia":[{"embeddable":true,"href":"https:\/\/bonsoleil.es\/es\/wp-json\/wp\/v2\/media\/64628"}],"wp:attachment":[{"href":"https:\/\/bonsoleil.es\/es\/wp-json\/wp\/v2\/media?parent=64620"}],"wp:term":[{"taxonomy":"category","embeddable":true,"href":"https:\/\/bonsoleil.es\/es\/wp-json\/wp\/v2\/categories?post=64620"},{"taxonomy":"post_tag","embeddable":true,"href":"https:\/\/bonsoleil.es\/es\/wp-json\/wp\/v2\/tags?post=64620"}],"curies":[{"name":"wp","href":"https:\/\/api.w.org\/{rel}","templated":true}]}}