{"id":64690,"date":"2022-11-14T10:56:33","date_gmt":"2022-11-14T09:56:33","guid":{"rendered":"https:\/\/www.bonsoleil.es\/?p=64690"},"modified":"2022-11-14T10:56:33","modified_gmt":"2022-11-14T09:56:33","slug":"commemoration-de-larmistice-de-1918","status":"publish","type":"post","link":"https:\/\/bonsoleil.es\/es\/commemoration-de-larmistice-de-1918\/","title":{"rendered":"Comm\u00e9moration de l\u2019Armistice\u00a0de\u00a01918"},"content":{"rendered":"\n<p>11 novembre, Comm\u00e9moration de l\u2019Armistice&nbsp;de&nbsp;1918 : nos \u00e9l\u00e8ves de 3\u00e8me lisent des lettres de poilus en hommage aux soldats morts&nbsp;pour&nbsp;la&nbsp;France.<\/p>\n\n\n\n<figure class=\"wp-block-gallery has-nested-images columns-default is-cropped wp-block-gallery-1 is-layout-flex wp-block-gallery-is-layout-flex\">\n<figure class=\"wp-block-image size-full\"><a href=\"https:\/\/www.bonsoleil.es\/bonsoleil\/wp-content\/uploads\/2022\/11\/c.jpg\"><img decoding=\"async\" data-id=\"64691\" src=\"https:\/\/www.bonsoleil.es\/bonsoleil\/wp-content\/uploads\/2022\/11\/c.jpg\" alt=\"\" class=\"wp-image-64691\"\/><\/a><\/figure>\n\n\n\n<figure class=\"wp-block-image size-full\"><a href=\"https:\/\/www.bonsoleil.es\/bonsoleil\/wp-content\/uploads\/2022\/11\/x.jpg\"><img decoding=\"async\" data-id=\"64692\" src=\"https:\/\/www.bonsoleil.es\/bonsoleil\/wp-content\/uploads\/2022\/11\/x.jpg\" alt=\"\" class=\"wp-image-64692\"\/><\/a><\/figure>\n\n\n\n<figure class=\"wp-block-image size-full\"><a href=\"https:\/\/www.bonsoleil.es\/bonsoleil\/wp-content\/uploads\/2022\/11\/z.jpg\"><img decoding=\"async\" data-id=\"64693\" src=\"https:\/\/www.bonsoleil.es\/bonsoleil\/wp-content\/uploads\/2022\/11\/z.jpg\" alt=\"\" class=\"wp-image-64693\"\/><\/a><\/figure>\n<\/figure>\n","protected":false},"excerpt":{"rendered":"11 novembre, Comm\u00e9moration de l\u2019Armistice\u00a0de\u00a01918 : nos \u00e9l\u00e8ves de 3\u00e8me lisent des lettres de poilus en hommage aux soldats morts\u00a0pour\u00a0la\u00a0France.","protected":false},"author":1,"featured_media":64694,"comment_status":"closed","ping_status":"closed","sticky":false,"template":"","format":"standard","meta":{"_acf_changed":false,"rs_blank_template":"","rs_page_bg_color":"","slide_template_v7":"","footnotes":"","_links_to":"","_links_to_target":""},"categories":[10],"tags":[],"class_list":["post-64690","post","type-post","status-publish","format-standard","has-post-thumbnail","hentry","category-generales"],"acf":[],"yoast_head":"<!-- This site is optimized with the Yoast SEO plugin v27.4 - https:\/\/yoast.com\/product\/yoast-seo-wordpress\/ -->\n<title>Comm\u00e9moration de l\u2019Armistice\u00a0de\u00a01918 - Lyc\u00e9e International Barcelona \u00b7 Bon Soleil<\/title>\n<meta name=\"robots\" content=\"index, follow, max-snippet:-1, max-image-preview:large, max-video-preview:-1\" \/>\n<link rel=\"canonical\" href=\"https:\/\/bonsoleil.es\/es\/commemoration-de-larmistice-de-1918\/\" \/>\n<meta property=\"og:locale\" content=\"es_ES\" \/>\n<meta property=\"og:type\" content=\"article\" \/>\n<meta property=\"og:title\" content=\"Comm\u00e9moration de l\u2019Armistice\u00a0de\u00a01918 - Lyc\u00e9e International Barcelona \u00b7 Bon Soleil\" \/>\n<meta property=\"og:description\" content=\"11 novembre, Comm\u00e9moration de l\u2019Armistice\u00a0de\u00a01918 : nos \u00e9l\u00e8ves de 3\u00e8me lisent des lettres de poilus en hommage aux soldats morts\u00a0pour\u00a0la\u00a0France.\" \/>\n<meta property=\"og:url\" content=\"https:\/\/bonsoleil.es\/es\/commemoration-de-larmistice-de-1918\/\" \/>\n<meta property=\"og:site_name\" content=\"Lyc\u00e9e International Barcelona \u00b7 Bon Soleil\" \/>\n<meta property=\"article:publisher\" content=\"https:\/\/www.facebook.com\/libBonSoleil\/\" \/>\n<meta property=\"article:published_time\" content=\"2022-11-14T09:56:33+00:00\" \/>\n<meta property=\"og:image\" content=\"https:\/\/bonsoleil.es\/web\/wp-content\/uploads\/2022\/11\/commm-1.jpg\" \/>\n\t<meta property=\"og:image:width\" content=\"1087\" \/>\n\t<meta property=\"og:image:height\" content=\"676\" \/>\n\t<meta property=\"og:image:type\" content=\"image\/jpeg\" \/>\n<meta name=\"author\" content=\"libbs\" \/>\n<meta name=\"twitter:card\" content=\"summary_large_image\" \/>\n<meta name=\"twitter:creator\" content=\"@lib_bonsoleil\" \/>\n<meta name=\"twitter:site\" content=\"@lib_bonsoleil\" \/>\n<meta name=\"twitter:label1\" content=\"Escrito por\" \/>\n\t<meta name=\"twitter:data1\" content=\"libbs\" \/>\n\t<meta name=\"twitter:label2\" content=\"Tiempo de lectura\" \/>\n\t<meta name=\"twitter:data2\" content=\"1 minuto\" \/>\n<script type=\"application\/ld+json\" class=\"yoast-schema-graph\">{\"@context\":\"https:\\\/\\\/schema.org\",\"@graph\":[{\"@type\":\"Article\",\"@id\":\"https:\\\/\\\/bonsoleil.es\\\/es\\\/commemoration-de-larmistice-de-1918\\\/#article\",\"isPartOf\":{\"@id\":\"https:\\\/\\\/bonsoleil.es\\\/es\\\/commemoration-de-larmistice-de-1918\\\/\"},\"author\":{\"name\":\"libbs\",\"@id\":\"https:\\\/\\\/bonsoleil.es\\\/es\\\/#\\\/schema\\\/person\\\/f90f9175af4fad9c626fd2873bc546ec\"},\"headline\":\"Comm\u00e9moration de l\u2019Armistice\u00a0de\u00a01918\",\"datePublished\":\"2022-11-14T09:56:33+00:00\",\"mainEntityOfPage\":{\"@id\":\"https:\\\/\\\/bonsoleil.es\\\/es\\\/commemoration-de-larmistice-de-1918\\\/\"},\"wordCount\":36,\"image\":{\"@id\":\"https:\\\/\\\/bonsoleil.es\\\/es\\\/commemoration-de-larmistice-de-1918\\\/#primaryimage\"},\"thumbnailUrl\":\"https:\\\/\\\/bonsoleil.es\\\/web\\\/wp-content\\\/uploads\\\/2022\\\/11\\\/commm-1.jpg\",\"articleSection\":[\"G\u00e9n\u00e9rales\"],\"inLanguage\":\"es\"},{\"@type\":\"WebPage\",\"@id\":\"https:\\\/\\\/bonsoleil.es\\\/es\\\/commemoration-de-larmistice-de-1918\\\/\",\"url\":\"https:\\\/\\\/bonsoleil.es\\\/es\\\/commemoration-de-larmistice-de-1918\\\/\",\"name\":\"Comm\u00e9moration de l\u2019Armistice\u00a0de\u00a01918 - Lyc\u00e9e International Barcelona \u00b7 Bon Soleil\",\"isPartOf\":{\"@id\":\"https:\\\/\\\/bonsoleil.es\\\/es\\\/#website\"},\"primaryImageOfPage\":{\"@id\":\"https:\\\/\\\/bonsoleil.es\\\/es\\\/commemoration-de-larmistice-de-1918\\\/#primaryimage\"},\"image\":{\"@id\":\"https:\\\/\\\/bonsoleil.es\\\/es\\\/commemoration-de-larmistice-de-1918\\\/#primaryimage\"},\"thumbnailUrl\":\"https:\\\/\\\/bonsoleil.es\\\/web\\\/wp-content\\\/uploads\\\/2022\\\/11\\\/commm-1.jpg\",\"datePublished\":\"2022-11-14T09:56:33+00:00\",\"author\":{\"@id\":\"https:\\\/\\\/bonsoleil.es\\\/es\\\/#\\\/schema\\\/person\\\/f90f9175af4fad9c626fd2873bc546ec\"},\"breadcrumb\":{\"@id\":\"https:\\\/\\\/bonsoleil.es\\\/es\\\/commemoration-de-larmistice-de-1918\\\/#breadcrumb\"},\"inLanguage\":\"es\",\"potentialAction\":[{\"@type\":\"ReadAction\",\"target\":[\"https:\\\/\\\/bonsoleil.es\\\/es\\\/commemoration-de-larmistice-de-1918\\\/\"]}]},{\"@type\":\"ImageObject\",\"inLanguage\":\"es\",\"@id\":\"https:\\\/\\\/bonsoleil.es\\\/es\\\/commemoration-de-larmistice-de-1918\\\/#primaryimage\",\"url\":\"https:\\\/\\\/bonsoleil.es\\\/web\\\/wp-content\\\/uploads\\\/2022\\\/11\\\/commm-1.jpg\",\"contentUrl\":\"https:\\\/\\\/bonsoleil.es\\\/web\\\/wp-content\\\/uploads\\\/2022\\\/11\\\/commm-1.jpg\",\"width\":1087,\"height\":676},{\"@type\":\"BreadcrumbList\",\"@id\":\"https:\\\/\\\/bonsoleil.es\\\/es\\\/commemoration-de-larmistice-de-1918\\\/#breadcrumb\",\"itemListElement\":[{\"@type\":\"ListItem\",\"position\":1,\"name\":\"Portada\",\"item\":\"https:\\\/\\\/bonsoleil.es\\\/es\\\/\"},{\"@type\":\"ListItem\",\"position\":2,\"name\":\"Comm\u00e9moration de l\u2019Armistice\u00a0de\u00a01918\"}]},{\"@type\":\"WebSite\",\"@id\":\"https:\\\/\\\/bonsoleil.es\\\/es\\\/#website\",\"url\":\"https:\\\/\\\/bonsoleil.es\\\/es\\\/\",\"name\":\"Lyc\u00e9e International Barcelona \u00b7 Bon Soleil\",\"description\":\"Lyc\u00e9e International Barcelona\",\"potentialAction\":[{\"@type\":\"SearchAction\",\"target\":{\"@type\":\"EntryPoint\",\"urlTemplate\":\"https:\\\/\\\/bonsoleil.es\\\/es\\\/?s={search_term_string}\"},\"query-input\":{\"@type\":\"PropertyValueSpecification\",\"valueRequired\":true,\"valueName\":\"search_term_string\"}}],\"inLanguage\":\"es\"},{\"@type\":\"Person\",\"@id\":\"https:\\\/\\\/bonsoleil.es\\\/es\\\/#\\\/schema\\\/person\\\/f90f9175af4fad9c626fd2873bc546ec\",\"name\":\"libbs\",\"image\":{\"@type\":\"ImageObject\",\"inLanguage\":\"es\",\"@id\":\"https:\\\/\\\/bonsoleil.es\\\/web\\\/wp-content\\\/litespeed\\\/avatar\\\/6719caedb5831fa7538835120a8121f8.jpg?ver=1777037754\",\"url\":\"https:\\\/\\\/bonsoleil.es\\\/web\\\/wp-content\\\/litespeed\\\/avatar\\\/6719caedb5831fa7538835120a8121f8.jpg?ver=1777037754\",\"contentUrl\":\"https:\\\/\\\/bonsoleil.es\\\/web\\\/wp-content\\\/litespeed\\\/avatar\\\/6719caedb5831fa7538835120a8121f8.jpg?ver=1777037754\",\"caption\":\"libbs\"},\"sameAs\":[\"http:\\\/\\\/localhost\\\/bonsoleil\\\/new_web\"],\"url\":\"https:\\\/\\\/bonsoleil.es\\\/es\\\/author\\\/libbs\\\/\"}]}<\/script>\n<!-- \/ Yoast SEO plugin. -->","yoast_head_json":{"title":"Comm\u00e9moration de l\u2019Armistice\u00a0de\u00a01918 - Lyc\u00e9e International Barcelona \u00b7 Bon Soleil","robots":{"index":"index","follow":"follow","max-snippet":"max-snippet:-1","max-image-preview":"max-image-preview:large","max-video-preview":"max-video-preview:-1"},"canonical":"https:\/\/bonsoleil.es\/es\/commemoration-de-larmistice-de-1918\/","og_locale":"es_ES","og_type":"article","og_title":"Comm\u00e9moration de l\u2019Armistice\u00a0de\u00a01918 - Lyc\u00e9e International Barcelona \u00b7 Bon Soleil","og_description":"11 novembre, Comm\u00e9moration de l\u2019Armistice\u00a0de\u00a01918 : nos \u00e9l\u00e8ves de 3\u00e8me lisent des lettres de poilus en hommage aux soldats morts\u00a0pour\u00a0la\u00a0France.","og_url":"https:\/\/bonsoleil.es\/es\/commemoration-de-larmistice-de-1918\/","og_site_name":"Lyc\u00e9e International Barcelona \u00b7 Bon Soleil","article_publisher":"https:\/\/www.facebook.com\/libBonSoleil\/","article_published_time":"2022-11-14T09:56:33+00:00","og_image":[{"width":1087,"height":676,"url":"https:\/\/bonsoleil.es\/web\/wp-content\/uploads\/2022\/11\/commm-1.jpg","type":"image\/jpeg"}],"author":"libbs","twitter_card":"summary_large_image","twitter_creator":"@lib_bonsoleil","twitter_site":"@lib_bonsoleil","twitter_misc":{"Escrito por":"libbs","Tiempo de lectura":"1 minuto"},"schema":{"@context":"https:\/\/schema.org","@graph":[{"@type":"Article","@id":"https:\/\/bonsoleil.es\/es\/commemoration-de-larmistice-de-1918\/#article","isPartOf":{"@id":"https:\/\/bonsoleil.es\/es\/commemoration-de-larmistice-de-1918\/"},"author":{"name":"libbs","@id":"https:\/\/bonsoleil.es\/es\/#\/schema\/person\/f90f9175af4fad9c626fd2873bc546ec"},"headline":"Comm\u00e9moration de l\u2019Armistice\u00a0de\u00a01918","datePublished":"2022-11-14T09:56:33+00:00","mainEntityOfPage":{"@id":"https:\/\/bonsoleil.es\/es\/commemoration-de-larmistice-de-1918\/"},"wordCount":36,"image":{"@id":"https:\/\/bonsoleil.es\/es\/commemoration-de-larmistice-de-1918\/#primaryimage"},"thumbnailUrl":"https:\/\/bonsoleil.es\/web\/wp-content\/uploads\/2022\/11\/commm-1.jpg","articleSection":["G\u00e9n\u00e9rales"],"inLanguage":"es"},{"@type":"WebPage","@id":"https:\/\/bonsoleil.es\/es\/commemoration-de-larmistice-de-1918\/","url":"https:\/\/bonsoleil.es\/es\/commemoration-de-larmistice-de-1918\/","name":"Comm\u00e9moration de l\u2019Armistice\u00a0de\u00a01918 - Lyc\u00e9e International Barcelona \u00b7 Bon Soleil","isPartOf":{"@id":"https:\/\/bonsoleil.es\/es\/#website"},"primaryImageOfPage":{"@id":"https:\/\/bonsoleil.es\/es\/commemoration-de-larmistice-de-1918\/#primaryimage"},"image":{"@id":"https:\/\/bonsoleil.es\/es\/commemoration-de-larmistice-de-1918\/#primaryimage"},"thumbnailUrl":"https:\/\/bonsoleil.es\/web\/wp-content\/uploads\/2022\/11\/commm-1.jpg","datePublished":"2022-11-14T09:56:33+00:00","author":{"@id":"https:\/\/bonsoleil.es\/es\/#\/schema\/person\/f90f9175af4fad9c626fd2873bc546ec"},"breadcrumb":{"@id":"https:\/\/bonsoleil.es\/es\/commemoration-de-larmistice-de-1918\/#breadcrumb"},"inLanguage":"es","potentialAction":[{"@type":"ReadAction","target":["https:\/\/bonsoleil.es\/es\/commemoration-de-larmistice-de-1918\/"]}]},{"@type":"ImageObject","inLanguage":"es","@id":"https:\/\/bonsoleil.es\/es\/commemoration-de-larmistice-de-1918\/#primaryimage","url":"https:\/\/bonsoleil.es\/web\/wp-content\/uploads\/2022\/11\/commm-1.jpg","contentUrl":"https:\/\/bonsoleil.es\/web\/wp-content\/uploads\/2022\/11\/commm-1.jpg","width":1087,"height":676},{"@type":"BreadcrumbList","@id":"https:\/\/bonsoleil.es\/es\/commemoration-de-larmistice-de-1918\/#breadcrumb","itemListElement":[{"@type":"ListItem","position":1,"name":"Portada","item":"https:\/\/bonsoleil.es\/es\/"},{"@type":"ListItem","position":2,"name":"Comm\u00e9moration de l\u2019Armistice\u00a0de\u00a01918"}]},{"@type":"WebSite","@id":"https:\/\/bonsoleil.es\/es\/#website","url":"https:\/\/bonsoleil.es\/es\/","name":"Lyc\u00e9e International Barcelona \u00b7 Bon Soleil","description":"Lyc\u00e9e International Barcelona","potentialAction":[{"@type":"SearchAction","target":{"@type":"EntryPoint","urlTemplate":"https:\/\/bonsoleil.es\/es\/?s={search_term_string}"},"query-input":{"@type":"PropertyValueSpecification","valueRequired":true,"valueName":"search_term_string"}}],"inLanguage":"es"},{"@type":"Person","@id":"https:\/\/bonsoleil.es\/es\/#\/schema\/person\/f90f9175af4fad9c626fd2873bc546ec","name":"libbs","image":{"@type":"ImageObject","inLanguage":"es","@id":"https:\/\/bonsoleil.es\/web\/wp-content\/litespeed\/avatar\/6719caedb5831fa7538835120a8121f8.jpg?ver=1777037754","url":"https:\/\/bonsoleil.es\/web\/wp-content\/litespeed\/avatar\/6719caedb5831fa7538835120a8121f8.jpg?ver=1777037754","contentUrl":"https:\/\/bonsoleil.es\/web\/wp-content\/litespeed\/avatar\/6719caedb5831fa7538835120a8121f8.jpg?ver=1777037754","caption":"libbs"},"sameAs":["http:\/\/localhost\/bonsoleil\/new_web"],"url":"https:\/\/bonsoleil.es\/es\/author\/libbs\/"}]}},"_links":{"self":[{"href":"https:\/\/bonsoleil.es\/es\/wp-json\/wp\/v2\/posts\/64690","targetHints":{"allow":["GET"]}}],"collection":[{"href":"https:\/\/bonsoleil.es\/es\/wp-json\/wp\/v2\/posts"}],"about":[{"href":"https:\/\/bonsoleil.es\/es\/wp-json\/wp\/v2\/types\/post"}],"author":[{"embeddable":true,"href":"https:\/\/bonsoleil.es\/es\/wp-json\/wp\/v2\/users\/1"}],"replies":[{"embeddable":true,"href":"https:\/\/bonsoleil.es\/es\/wp-json\/wp\/v2\/comments?post=64690"}],"version-history":[{"count":0,"href":"https:\/\/bonsoleil.es\/es\/wp-json\/wp\/v2\/posts\/64690\/revisions"}],"wp:featuredmedia":[{"embeddable":true,"href":"https:\/\/bonsoleil.es\/es\/wp-json\/wp\/v2\/media\/64694"}],"wp:attachment":[{"href":"https:\/\/bonsoleil.es\/es\/wp-json\/wp\/v2\/media?parent=64690"}],"wp:term":[{"taxonomy":"category","embeddable":true,"href":"https:\/\/bonsoleil.es\/es\/wp-json\/wp\/v2\/categories?post=64690"},{"taxonomy":"post_tag","embeddable":true,"href":"https:\/\/bonsoleil.es\/es\/wp-json\/wp\/v2\/tags?post=64690"}],"curies":[{"name":"wp","href":"https:\/\/api.w.org\/{rel}","templated":true}]}}