{"id":65069,"date":"2022-11-17T10:21:36","date_gmt":"2022-11-17T09:21:36","guid":{"rendered":"https:\/\/www.bonsoleil.es\/?p=65069"},"modified":"2022-11-17T10:21:36","modified_gmt":"2022-11-17T09:21:36","slug":"world-press-photo","status":"publish","type":"post","link":"https:\/\/bonsoleil.es\/es\/world-press-photo\/","title":{"rendered":"World Press Photo"},"content":{"rendered":"\n<p>Nos \u00e9l\u00e8ves de Seconde se sont rendus \u00e0 l\u2019exposition World Press Photo, au CCCB o\u00f9 ils ont pu lire, savourer et comprendre des photographies internationales d\u2019actualit\u00e9. Une sortie o\u00f9 le photojournalisme dans le monde a \u00e9t\u00e9 \u00e0 l\u2019honneur !<\/p>\n\n\n\n<p><\/p>\n\n\n\n<figure class=\"wp-block-gallery has-nested-images columns-default is-cropped wp-block-gallery-1 is-layout-flex wp-block-gallery-is-layout-flex\">\n<figure class=\"wp-block-image size-large\"><a href=\"https:\/\/www.bonsoleil.es\/bonsoleil\/wp-content\/uploads\/2022\/11\/2-10.jpg\"><img decoding=\"async\" data-id=\"65071\" src=\"https:\/\/www.bonsoleil.es\/bonsoleil\/wp-content\/uploads\/2022\/11\/2-10-700x700.jpg\" alt=\"\" class=\"wp-image-65071\"\/><\/a><\/figure>\n\n\n\n<figure class=\"wp-block-image size-large\"><a href=\"https:\/\/www.bonsoleil.es\/bonsoleil\/wp-content\/uploads\/2022\/11\/1-11.jpg\"><img decoding=\"async\" data-id=\"65070\" src=\"https:\/\/www.bonsoleil.es\/bonsoleil\/wp-content\/uploads\/2022\/11\/1-11-700x700.jpg\" alt=\"\" class=\"wp-image-65070\"\/><\/a><\/figure>\n\n\n\n<figure class=\"wp-block-image size-large\"><a href=\"https:\/\/www.bonsoleil.es\/bonsoleil\/wp-content\/uploads\/2022\/11\/5-8.jpg\"><img decoding=\"async\" data-id=\"65074\" src=\"https:\/\/www.bonsoleil.es\/bonsoleil\/wp-content\/uploads\/2022\/11\/5-8-700x700.jpg\" alt=\"\" class=\"wp-image-65074\"\/><\/a><\/figure>\n\n\n\n<figure class=\"wp-block-image size-large\"><a href=\"https:\/\/www.bonsoleil.es\/bonsoleil\/wp-content\/uploads\/2022\/11\/3-10.jpg\"><img decoding=\"async\" data-id=\"65072\" src=\"https:\/\/www.bonsoleil.es\/bonsoleil\/wp-content\/uploads\/2022\/11\/3-10-700x700.jpg\" alt=\"\" class=\"wp-image-65072\"\/><\/a><\/figure>\n\n\n\n<figure class=\"wp-block-image size-large\"><a href=\"https:\/\/www.bonsoleil.es\/bonsoleil\/wp-content\/uploads\/2022\/11\/4-8.jpg\"><img decoding=\"async\" data-id=\"65073\" src=\"https:\/\/www.bonsoleil.es\/bonsoleil\/wp-content\/uploads\/2022\/11\/4-8-700x700.jpg\" alt=\"\" class=\"wp-image-65073\"\/><\/a><\/figure>\n\n\n\n<figure class=\"wp-block-image size-large\"><a href=\"https:\/\/www.bonsoleil.es\/bonsoleil\/wp-content\/uploads\/2022\/11\/6-5.jpg\"><img decoding=\"async\" data-id=\"65075\" src=\"https:\/\/www.bonsoleil.es\/bonsoleil\/wp-content\/uploads\/2022\/11\/6-5-700x700.jpg\" alt=\"\" class=\"wp-image-65075\"\/><\/a><\/figure>\n<\/figure>\n","protected":false},"excerpt":{"rendered":"Nos \u00e9l\u00e8ves de Seconde se sont rendus \u00e0 l\u2019exposition World Press Photo, au CCCB o\u00f9 ils ont pu lire, savourer et comprendre des photographies internationales d\u2019actualit\u00e9. ","protected":false},"author":1,"featured_media":65071,"comment_status":"closed","ping_status":"closed","sticky":false,"template":"","format":"standard","meta":{"_acf_changed":false,"rs_blank_template":"","rs_page_bg_color":"","slide_template_v7":"","footnotes":"","_links_to":"","_links_to_target":""},"categories":[11,9],"tags":[],"class_list":["post-65069","post","type-post","status-publish","format-standard","has-post-thumbnail","hentry","category-2nde","category-secondaire"],"acf":[],"yoast_head":"<!-- This site is optimized with the Yoast SEO plugin v27.4 - https:\/\/yoast.com\/product\/yoast-seo-wordpress\/ -->\n<title>World Press Photo - Lyc\u00e9e International Barcelona \u00b7 Bon Soleil<\/title>\n<meta name=\"robots\" content=\"index, follow, max-snippet:-1, max-image-preview:large, max-video-preview:-1\" \/>\n<link rel=\"canonical\" href=\"https:\/\/bonsoleil.es\/es\/world-press-photo\/\" \/>\n<meta property=\"og:locale\" content=\"es_ES\" \/>\n<meta property=\"og:type\" content=\"article\" \/>\n<meta property=\"og:title\" content=\"World Press Photo - Lyc\u00e9e International Barcelona \u00b7 Bon Soleil\" \/>\n<meta property=\"og:description\" content=\"Nos \u00e9l\u00e8ves de Seconde se sont rendus \u00e0 l\u2019exposition World Press Photo, au CCCB o\u00f9 ils ont pu lire, savourer et comprendre des photographies internationales d\u2019actualit\u00e9.\" \/>\n<meta property=\"og:url\" content=\"https:\/\/bonsoleil.es\/es\/world-press-photo\/\" \/>\n<meta property=\"og:site_name\" content=\"Lyc\u00e9e International Barcelona \u00b7 Bon Soleil\" \/>\n<meta property=\"article:publisher\" content=\"https:\/\/www.facebook.com\/libBonSoleil\/\" \/>\n<meta property=\"article:published_time\" content=\"2022-11-17T09:21:36+00:00\" \/>\n<meta property=\"og:image\" content=\"https:\/\/bonsoleil.es\/web\/wp-content\/uploads\/2022\/11\/2-10-1.jpg\" \/>\n\t<meta property=\"og:image:width\" content=\"1080\" \/>\n\t<meta property=\"og:image:height\" content=\"1080\" \/>\n\t<meta property=\"og:image:type\" content=\"image\/jpeg\" \/>\n<meta name=\"author\" content=\"libbs\" \/>\n<meta name=\"twitter:card\" content=\"summary_large_image\" \/>\n<meta name=\"twitter:creator\" content=\"@lib_bonsoleil\" \/>\n<meta name=\"twitter:site\" content=\"@lib_bonsoleil\" \/>\n<meta name=\"twitter:label1\" content=\"Escrito por\" \/>\n\t<meta name=\"twitter:data1\" content=\"libbs\" \/>\n\t<meta name=\"twitter:label2\" content=\"Tiempo de lectura\" \/>\n\t<meta name=\"twitter:data2\" content=\"2 minutos\" \/>\n<script type=\"application\/ld+json\" class=\"yoast-schema-graph\">{\"@context\":\"https:\\\/\\\/schema.org\",\"@graph\":[{\"@type\":\"Article\",\"@id\":\"https:\\\/\\\/bonsoleil.es\\\/es\\\/world-press-photo\\\/#article\",\"isPartOf\":{\"@id\":\"https:\\\/\\\/bonsoleil.es\\\/es\\\/world-press-photo\\\/\"},\"author\":{\"name\":\"libbs\",\"@id\":\"https:\\\/\\\/bonsoleil.es\\\/es\\\/#\\\/schema\\\/person\\\/f90f9175af4fad9c626fd2873bc546ec\"},\"headline\":\"World Press Photo\",\"datePublished\":\"2022-11-17T09:21:36+00:00\",\"mainEntityOfPage\":{\"@id\":\"https:\\\/\\\/bonsoleil.es\\\/es\\\/world-press-photo\\\/\"},\"wordCount\":43,\"image\":{\"@id\":\"https:\\\/\\\/bonsoleil.es\\\/es\\\/world-press-photo\\\/#primaryimage\"},\"thumbnailUrl\":\"https:\\\/\\\/bonsoleil.es\\\/web\\\/wp-content\\\/uploads\\\/2022\\\/11\\\/2-10-1.jpg\",\"articleSection\":[\"2nde\",\"Secondaire\"],\"inLanguage\":\"es\"},{\"@type\":\"WebPage\",\"@id\":\"https:\\\/\\\/bonsoleil.es\\\/es\\\/world-press-photo\\\/\",\"url\":\"https:\\\/\\\/bonsoleil.es\\\/es\\\/world-press-photo\\\/\",\"name\":\"World Press Photo - Lyc\u00e9e International Barcelona \u00b7 Bon Soleil\",\"isPartOf\":{\"@id\":\"https:\\\/\\\/bonsoleil.es\\\/es\\\/#website\"},\"primaryImageOfPage\":{\"@id\":\"https:\\\/\\\/bonsoleil.es\\\/es\\\/world-press-photo\\\/#primaryimage\"},\"image\":{\"@id\":\"https:\\\/\\\/bonsoleil.es\\\/es\\\/world-press-photo\\\/#primaryimage\"},\"thumbnailUrl\":\"https:\\\/\\\/bonsoleil.es\\\/web\\\/wp-content\\\/uploads\\\/2022\\\/11\\\/2-10-1.jpg\",\"datePublished\":\"2022-11-17T09:21:36+00:00\",\"author\":{\"@id\":\"https:\\\/\\\/bonsoleil.es\\\/es\\\/#\\\/schema\\\/person\\\/f90f9175af4fad9c626fd2873bc546ec\"},\"breadcrumb\":{\"@id\":\"https:\\\/\\\/bonsoleil.es\\\/es\\\/world-press-photo\\\/#breadcrumb\"},\"inLanguage\":\"es\",\"potentialAction\":[{\"@type\":\"ReadAction\",\"target\":[\"https:\\\/\\\/bonsoleil.es\\\/es\\\/world-press-photo\\\/\"]}]},{\"@type\":\"ImageObject\",\"inLanguage\":\"es\",\"@id\":\"https:\\\/\\\/bonsoleil.es\\\/es\\\/world-press-photo\\\/#primaryimage\",\"url\":\"https:\\\/\\\/bonsoleil.es\\\/web\\\/wp-content\\\/uploads\\\/2022\\\/11\\\/2-10-1.jpg\",\"contentUrl\":\"https:\\\/\\\/bonsoleil.es\\\/web\\\/wp-content\\\/uploads\\\/2022\\\/11\\\/2-10-1.jpg\",\"width\":1080,\"height\":1080},{\"@type\":\"BreadcrumbList\",\"@id\":\"https:\\\/\\\/bonsoleil.es\\\/es\\\/world-press-photo\\\/#breadcrumb\",\"itemListElement\":[{\"@type\":\"ListItem\",\"position\":1,\"name\":\"Portada\",\"item\":\"https:\\\/\\\/bonsoleil.es\\\/es\\\/\"},{\"@type\":\"ListItem\",\"position\":2,\"name\":\"World Press Photo\"}]},{\"@type\":\"WebSite\",\"@id\":\"https:\\\/\\\/bonsoleil.es\\\/es\\\/#website\",\"url\":\"https:\\\/\\\/bonsoleil.es\\\/es\\\/\",\"name\":\"Lyc\u00e9e International Barcelona \u00b7 Bon Soleil\",\"description\":\"Lyc\u00e9e International Barcelona\",\"potentialAction\":[{\"@type\":\"SearchAction\",\"target\":{\"@type\":\"EntryPoint\",\"urlTemplate\":\"https:\\\/\\\/bonsoleil.es\\\/es\\\/?s={search_term_string}\"},\"query-input\":{\"@type\":\"PropertyValueSpecification\",\"valueRequired\":true,\"valueName\":\"search_term_string\"}}],\"inLanguage\":\"es\"},{\"@type\":\"Person\",\"@id\":\"https:\\\/\\\/bonsoleil.es\\\/es\\\/#\\\/schema\\\/person\\\/f90f9175af4fad9c626fd2873bc546ec\",\"name\":\"libbs\",\"image\":{\"@type\":\"ImageObject\",\"inLanguage\":\"es\",\"@id\":\"https:\\\/\\\/bonsoleil.es\\\/web\\\/wp-content\\\/litespeed\\\/avatar\\\/6719caedb5831fa7538835120a8121f8.jpg?ver=1777037754\",\"url\":\"https:\\\/\\\/bonsoleil.es\\\/web\\\/wp-content\\\/litespeed\\\/avatar\\\/6719caedb5831fa7538835120a8121f8.jpg?ver=1777037754\",\"contentUrl\":\"https:\\\/\\\/bonsoleil.es\\\/web\\\/wp-content\\\/litespeed\\\/avatar\\\/6719caedb5831fa7538835120a8121f8.jpg?ver=1777037754\",\"caption\":\"libbs\"},\"sameAs\":[\"http:\\\/\\\/localhost\\\/bonsoleil\\\/new_web\"],\"url\":\"https:\\\/\\\/bonsoleil.es\\\/es\\\/author\\\/libbs\\\/\"}]}<\/script>\n<!-- \/ Yoast SEO plugin. -->","yoast_head_json":{"title":"World Press Photo - Lyc\u00e9e International Barcelona \u00b7 Bon Soleil","robots":{"index":"index","follow":"follow","max-snippet":"max-snippet:-1","max-image-preview":"max-image-preview:large","max-video-preview":"max-video-preview:-1"},"canonical":"https:\/\/bonsoleil.es\/es\/world-press-photo\/","og_locale":"es_ES","og_type":"article","og_title":"World Press Photo - Lyc\u00e9e International Barcelona \u00b7 Bon Soleil","og_description":"Nos \u00e9l\u00e8ves de Seconde se sont rendus \u00e0 l\u2019exposition World Press Photo, au CCCB o\u00f9 ils ont pu lire, savourer et comprendre des photographies internationales d\u2019actualit\u00e9.","og_url":"https:\/\/bonsoleil.es\/es\/world-press-photo\/","og_site_name":"Lyc\u00e9e International Barcelona \u00b7 Bon Soleil","article_publisher":"https:\/\/www.facebook.com\/libBonSoleil\/","article_published_time":"2022-11-17T09:21:36+00:00","og_image":[{"width":1080,"height":1080,"url":"https:\/\/bonsoleil.es\/web\/wp-content\/uploads\/2022\/11\/2-10-1.jpg","type":"image\/jpeg"}],"author":"libbs","twitter_card":"summary_large_image","twitter_creator":"@lib_bonsoleil","twitter_site":"@lib_bonsoleil","twitter_misc":{"Escrito por":"libbs","Tiempo de lectura":"2 minutos"},"schema":{"@context":"https:\/\/schema.org","@graph":[{"@type":"Article","@id":"https:\/\/bonsoleil.es\/es\/world-press-photo\/#article","isPartOf":{"@id":"https:\/\/bonsoleil.es\/es\/world-press-photo\/"},"author":{"name":"libbs","@id":"https:\/\/bonsoleil.es\/es\/#\/schema\/person\/f90f9175af4fad9c626fd2873bc546ec"},"headline":"World Press Photo","datePublished":"2022-11-17T09:21:36+00:00","mainEntityOfPage":{"@id":"https:\/\/bonsoleil.es\/es\/world-press-photo\/"},"wordCount":43,"image":{"@id":"https:\/\/bonsoleil.es\/es\/world-press-photo\/#primaryimage"},"thumbnailUrl":"https:\/\/bonsoleil.es\/web\/wp-content\/uploads\/2022\/11\/2-10-1.jpg","articleSection":["2nde","Secondaire"],"inLanguage":"es"},{"@type":"WebPage","@id":"https:\/\/bonsoleil.es\/es\/world-press-photo\/","url":"https:\/\/bonsoleil.es\/es\/world-press-photo\/","name":"World Press Photo - Lyc\u00e9e International Barcelona \u00b7 Bon Soleil","isPartOf":{"@id":"https:\/\/bonsoleil.es\/es\/#website"},"primaryImageOfPage":{"@id":"https:\/\/bonsoleil.es\/es\/world-press-photo\/#primaryimage"},"image":{"@id":"https:\/\/bonsoleil.es\/es\/world-press-photo\/#primaryimage"},"thumbnailUrl":"https:\/\/bonsoleil.es\/web\/wp-content\/uploads\/2022\/11\/2-10-1.jpg","datePublished":"2022-11-17T09:21:36+00:00","author":{"@id":"https:\/\/bonsoleil.es\/es\/#\/schema\/person\/f90f9175af4fad9c626fd2873bc546ec"},"breadcrumb":{"@id":"https:\/\/bonsoleil.es\/es\/world-press-photo\/#breadcrumb"},"inLanguage":"es","potentialAction":[{"@type":"ReadAction","target":["https:\/\/bonsoleil.es\/es\/world-press-photo\/"]}]},{"@type":"ImageObject","inLanguage":"es","@id":"https:\/\/bonsoleil.es\/es\/world-press-photo\/#primaryimage","url":"https:\/\/bonsoleil.es\/web\/wp-content\/uploads\/2022\/11\/2-10-1.jpg","contentUrl":"https:\/\/bonsoleil.es\/web\/wp-content\/uploads\/2022\/11\/2-10-1.jpg","width":1080,"height":1080},{"@type":"BreadcrumbList","@id":"https:\/\/bonsoleil.es\/es\/world-press-photo\/#breadcrumb","itemListElement":[{"@type":"ListItem","position":1,"name":"Portada","item":"https:\/\/bonsoleil.es\/es\/"},{"@type":"ListItem","position":2,"name":"World Press Photo"}]},{"@type":"WebSite","@id":"https:\/\/bonsoleil.es\/es\/#website","url":"https:\/\/bonsoleil.es\/es\/","name":"Lyc\u00e9e International Barcelona \u00b7 Bon Soleil","description":"Lyc\u00e9e International Barcelona","potentialAction":[{"@type":"SearchAction","target":{"@type":"EntryPoint","urlTemplate":"https:\/\/bonsoleil.es\/es\/?s={search_term_string}"},"query-input":{"@type":"PropertyValueSpecification","valueRequired":true,"valueName":"search_term_string"}}],"inLanguage":"es"},{"@type":"Person","@id":"https:\/\/bonsoleil.es\/es\/#\/schema\/person\/f90f9175af4fad9c626fd2873bc546ec","name":"libbs","image":{"@type":"ImageObject","inLanguage":"es","@id":"https:\/\/bonsoleil.es\/web\/wp-content\/litespeed\/avatar\/6719caedb5831fa7538835120a8121f8.jpg?ver=1777037754","url":"https:\/\/bonsoleil.es\/web\/wp-content\/litespeed\/avatar\/6719caedb5831fa7538835120a8121f8.jpg?ver=1777037754","contentUrl":"https:\/\/bonsoleil.es\/web\/wp-content\/litespeed\/avatar\/6719caedb5831fa7538835120a8121f8.jpg?ver=1777037754","caption":"libbs"},"sameAs":["http:\/\/localhost\/bonsoleil\/new_web"],"url":"https:\/\/bonsoleil.es\/es\/author\/libbs\/"}]}},"_links":{"self":[{"href":"https:\/\/bonsoleil.es\/es\/wp-json\/wp\/v2\/posts\/65069","targetHints":{"allow":["GET"]}}],"collection":[{"href":"https:\/\/bonsoleil.es\/es\/wp-json\/wp\/v2\/posts"}],"about":[{"href":"https:\/\/bonsoleil.es\/es\/wp-json\/wp\/v2\/types\/post"}],"author":[{"embeddable":true,"href":"https:\/\/bonsoleil.es\/es\/wp-json\/wp\/v2\/users\/1"}],"replies":[{"embeddable":true,"href":"https:\/\/bonsoleil.es\/es\/wp-json\/wp\/v2\/comments?post=65069"}],"version-history":[{"count":0,"href":"https:\/\/bonsoleil.es\/es\/wp-json\/wp\/v2\/posts\/65069\/revisions"}],"wp:featuredmedia":[{"embeddable":true,"href":"https:\/\/bonsoleil.es\/es\/wp-json\/wp\/v2\/media\/65071"}],"wp:attachment":[{"href":"https:\/\/bonsoleil.es\/es\/wp-json\/wp\/v2\/media?parent=65069"}],"wp:term":[{"taxonomy":"category","embeddable":true,"href":"https:\/\/bonsoleil.es\/es\/wp-json\/wp\/v2\/categories?post=65069"},{"taxonomy":"post_tag","embeddable":true,"href":"https:\/\/bonsoleil.es\/es\/wp-json\/wp\/v2\/tags?post=65069"}],"curies":[{"name":"wp","href":"https:\/\/api.w.org\/{rel}","templated":true}]}}